{"id":14070,"date":"2025-11-01T06:03:16","date_gmt":"2025-11-01T05:03:16","guid":{"rendered":"https:\/\/woorons.com\/?p=14070"},"modified":"2025-11-01T08:49:46","modified_gmt":"2025-11-01T07:49:46","slug":"que-es-para-que-sirve-el-arte-conceptual","status":"publish","type":"post","link":"https:\/\/woorons.com\/zh\/2025\/11\/01\/que-es-para-que-sirve-el-arte-conceptual\/","title":{"rendered":"\u00bfQu\u00e9 es ? \u00bfPara qu\u00e9 sirve? El Arte Conceptual?"},"content":{"rendered":"<p class=\"has-text-align-justify wp-block-paragraph\">ACLARACI\u00d3N: Esta es una de las notas que (medio en broma y medio en serio) har\u00e9 sobre el mundo del arte, los cr\u00edticos de arte, los galeristas y sobre la econom\u00eda en el arte. A las desgracias hay que verlas con gracia, que esto es intragable.<\/p>\n\n\n\n<p class=\"has-text-align-justify wp-block-paragraph\">Al final de este post: Receta WO Orons, para convertirse en artista conceptual, en un minuto (Y es muy efectiva)<\/p>\n\n\n\n<h2 class=\"wp-block-heading\">\u00bfQu\u00e9 es y para qu\u00e9 sirve el arte conceptual?<\/h2>\n\n\n\n<p class=\"has-large-font-size wp-block-paragraph\">Esnobismo cultureta y vende humos:<\/p>\n\n\n\n<p class=\"has-text-align-justify wp-block-paragraph\">Me despert\u00e9 una ma\u00f1ana, hace ya alg\u00fan tempo, y me encontr\u00e9 con esto del \u00abArte Conceptual\u00bb<\/p>\n\n\n\n<p class=\"has-text-align-justify wp-block-paragraph\">No me refiero al Concept Art, que es esto de dise\u00f1ar personaje, naves y paisajes para comics o videojuegos. <\/p>\n\n\n\n<p class=\"has-text-align-justify wp-block-paragraph\">Hablo de pegar una banana con cinta americana en una pared, esculturas invisibles, vasos con agua, y basura esparcida por el suelo de galer\u00edas y museos.<\/p>\n\n\n\n<p class=\"wp-block-paragraph\"><strong>-Me dar\u00e1n el premio al imb\u00e9cil del siglo-<\/strong> Fue lo que al instante pens\u00e9 <strong>&#8211; Una vida estudiando dibujo y pintura y para qu\u00e9?<\/strong><\/p>\n\n\n\n<p class=\"has-text-align-justify wp-block-paragraph\">As\u00ed que ese mismo d\u00eda, decid\u00ed convertirme en Artista Conceptual. <\/p>\n\n\n\n<p class=\"has-text-align-justify wp-block-paragraph\">Despu\u00e9s de comerme el \u00faltimo chorizo de una barbacoa que hab\u00edamos hecho en navidades, le hice una fotograf\u00eda al hilo medio chamuscado del chorizo que en uno de sus extremos a\u00fan conservaba, como un cent\u00edmetro del alabado manjar.<\/p>\n\n\n\n<p class=\"has-text-align-justify wp-block-paragraph\">Le puse un nombre rimbombante (como aconsejaba el gran Salvador Dal\u00ed) y lo publiqu\u00e9 en redes, si mal no recuerdo, pidiendo por \u00e9l cincuenta mil euros, una ganga.<\/p>\n\n\n\n<p class=\"has-text-align-justify wp-block-paragraph\">Ese hilo hab\u00eda sido testigo de como me hab\u00eda comido un chorizo exquisito, de sabores perfectamente equilibrados, con su toque justo de picante y su perfecto punto de sal.<\/p>\n\n\n\n<p class=\"has-text-align-justify wp-block-paragraph\">Pero como siempre, dentro de mi mala suerte, mi obra de 50.000 \u20ac, con el tiempo fue a parar a la basura, gracias a la incomprensi\u00f3n art\u00edstica, porque mi obra, ol\u00eda a chorizo en mal estado, va, a chorizo podrido.<\/p>\n\n\n\n<p class=\"has-text-align-justify wp-block-paragraph\"><\/p>\n\n\n\n<div class=\"wp-block-media-text is-stacked-on-mobile\"><figure class=\"wp-block-media-text__media\"><img data-recalc-dims=\"1\" loading=\"lazy\" decoding=\"async\" width=\"613\" height=\"409\" data-attachment-id=\"14076\" data-permalink=\"https:\/\/woorons.com\/zh\/2025\/11\/01\/que-es-para-que-sirve-el-arte-conceptual\/banana-arte-conceptual\/\" data-orig-file=\"https:\/\/i0.wp.com\/woorons.com\/wp-content\/uploads\/2025\/10\/banana-arte-conceptual.webp?fit=613%2C409&amp;ssl=1\" data-orig-size=\"613,409\" data-comments-opened=\"1\" data-image-meta=\"{&quot;aperture&quot;:&quot;0&quot;,&quot;credit&quot;:&quot;&quot;,&quot;camera&quot;:&quot;&quot;,&quot;caption&quot;:&quot;&quot;,&quot;created_timestamp&quot;:&quot;0&quot;,&quot;copyright&quot;:&quot;&quot;,&quot;focal_length&quot;:&quot;0&quot;,&quot;iso&quot;:&quot;0&quot;,&quot;shutter_speed&quot;:&quot;0&quot;,&quot;title&quot;:&quot;&quot;,&quot;orientation&quot;:&quot;0&quot;}\" data-image-title=\"banana-arte-conceptual\" data-image-description=\"&lt;p&gt;Banana pegada con una cinta a una pared&lt;\/p&gt;\" data-image-caption=\"\" data-large-file=\"https:\/\/i0.wp.com\/woorons.com\/wp-content\/uploads\/2025\/10\/banana-arte-conceptual.webp?fit=613%2C409&amp;ssl=1\" src=\"https:\/\/i0.wp.com\/woorons.com\/wp-content\/uploads\/2025\/10\/banana-arte-conceptual.webp?resize=613%2C409&#038;ssl=1\" alt=\"&quot;Banana pegada con una cinta a una pared&quot;\" class=\"wp-image-14076 size-full\" \/><\/figure><div class=\"wp-block-media-text__content\">\n<p class=\"has-large-font-size wp-block-paragraph\"><em><strong>Comedian<\/strong><\/em><\/p>\n\n\n\n<p class=\"has-text-align-justify wp-block-paragraph\">La&nbsp;<strong>banana pegada a la pared&nbsp;<\/strong>que en 2019, presentada por el artista conceptual&nbsp;<strong>Maurizio Cattelan&nbsp;<\/strong>en la feria Art Basel de Miami, fue subastada por 6,2 millones de d\u00f3lares (unos 5,8 millones de euros) en la casa Sotheby&#8217;s de Nueva York.<\/p>\n<\/div><\/div>\n\n\n\n<div style=\"height:20px\" aria-hidden=\"true\" class=\"wp-block-spacer\"><\/div>\n\n\n\n<h2 class=\"wp-block-heading\">Pero: \u00bfQu\u00e9 es el Arte Conceptual?<\/h2>\n\n\n\n<p class=\"has-text-align-justify wp-block-paragraph\">El <strong>arte conceptual<\/strong> es una corriente art\u00edstica en la que <strong>la idea o el concepto detr\u00e1s de la obra<\/strong> es m\u00e1s importante que su aspecto f\u00edsico o est\u00e9tico. En otras palabras, <strong>lo que se quiere comunicar o provocar en el espectador tiene m\u00e1s peso que la ejecuci\u00f3n material de la pieza<\/strong>.<\/p>\n\n\n\n<p class=\"has-text-align-justify wp-block-paragraph\">El arte conceptual surgi\u00f3 en los <strong>a\u00f1os 60 y 70<\/strong>, principalmente en Estados Unidos y Europa, como una reacci\u00f3n contra el arte tradicional y comercial. Artistas como <strong>Marcel Duchamp<\/strong> (precursor), <strong>Sol LeWitt<\/strong>, <strong>Joseph Kosuth<\/strong>, <strong>Yoko Ono<\/strong> o <strong>Bruce Nauman<\/strong> exploraron la noci\u00f3n de que <strong>\u201cla idea es el arte\u201d<\/strong>.<\/p>\n\n\n\n<p class=\"has-text-align-justify wp-block-paragraph\">Dicen que: <strong>La idea prima sobre la forma:<\/strong> El valor de la obra est\u00e1 en el pensamiento que propone, no necesariamente en su t\u00e9cnica o belleza visual.<\/p>\n\n\n\n<p class=\"has-text-align-justify wp-block-paragraph\"><strong>Desmaterializaci\u00f3n del arte:<\/strong> Muchas obras son textos, instrucciones, performances o simples objetos cotidianos con un nuevo significado.<\/p>\n\n\n\n<p class=\"has-text-align-justify wp-block-paragraph\"><strong>Cr\u00edtica al sistema del arte:<\/strong> Cuestiona la noci\u00f3n de autor\u00eda, el mercado del arte y la obsesi\u00f3n por el objeto art\u00edstico como producto. (Aun que el \u00abarte conceptual\u00bb se vende como tal)<\/p>\n\n\n\n<p class=\"wp-block-paragraph\"><strong>Participaci\u00f3n del espectador:<\/strong> A menudo requiere que el p\u00fablico reflexione, interprete o complete el sentido de la obra. (Asi no se molestan en explicar chorradas)<\/p>\n\n\n\n<div style=\"height:20px\" aria-hidden=\"true\" class=\"wp-block-spacer\"><\/div>\n\n\n\n<div class=\"wp-block-media-text is-stacked-on-mobile\"><figure class=\"wp-block-media-text__media\"><img data-recalc-dims=\"1\" loading=\"lazy\" decoding=\"async\" width=\"671\" height=\"484\" data-attachment-id=\"14083\" data-permalink=\"https:\/\/woorons.com\/zh\/2025\/11\/01\/que-es-para-que-sirve-el-arte-conceptual\/duchamp-rueda-bicileta\/\" data-orig-file=\"https:\/\/i0.wp.com\/woorons.com\/wp-content\/uploads\/2025\/10\/duchamp-rueda-bicileta.webp?fit=671%2C484&amp;ssl=1\" data-orig-size=\"671,484\" data-comments-opened=\"1\" data-image-meta=\"{&quot;aperture&quot;:&quot;0&quot;,&quot;credit&quot;:&quot;&quot;,&quot;camera&quot;:&quot;&quot;,&quot;caption&quot;:&quot;&quot;,&quot;created_timestamp&quot;:&quot;0&quot;,&quot;copyright&quot;:&quot;&quot;,&quot;focal_length&quot;:&quot;0&quot;,&quot;iso&quot;:&quot;0&quot;,&quot;shutter_speed&quot;:&quot;0&quot;,&quot;title&quot;:&quot;&quot;,&quot;orientation&quot;:&quot;0&quot;}\" data-image-title=\"duchamp-rueda-bicileta\" data-image-description=\"&lt;p&gt;Duchamp junto a su rueda de bicicleta&lt;\/p&gt;\" data-image-caption=\"\" data-large-file=\"https:\/\/i0.wp.com\/woorons.com\/wp-content\/uploads\/2025\/10\/duchamp-rueda-bicileta.webp?fit=671%2C484&amp;ssl=1\" src=\"https:\/\/i0.wp.com\/woorons.com\/wp-content\/uploads\/2025\/10\/duchamp-rueda-bicileta.webp?resize=671%2C484&#038;ssl=1\" alt=\"&quot;Duchamp junto a su rueda de bicicleta&quot;\" class=\"wp-image-14083 size-full\" \/><\/figure><div class=\"wp-block-media-text__content\">\n<p class=\"has-large-font-size wp-block-paragraph\"><em>Rueda de bicicleta<\/em>&nbsp;(1913)<\/p>\n\n\n\n<p class=\"has-text-align-justify wp-block-paragraph\">En 1913, Marcel Duchamp decidi\u00f3 colocar una rueda de bicicleta fijada a un banco de madera en su estudio de Par\u00eds. <em>La primera versi\u00f3n de la obra se perdi\u00f3, al igual que la de 1916. El artista la recre\u00f3 posteriormente en 1951.<\/em><\/p>\n\n\n\n<p class=\"wp-block-paragraph\">(Con lo de \u00abreconstruy\u00f3\u00bb quiere decir que arruin\u00f3 otro banco y otra bicicleta)<\/p>\n<\/div><\/div>\n\n\n\n<div style=\"height:20px\" aria-hidden=\"true\" class=\"wp-block-spacer\"><\/div>\n\n\n\n<div class=\"wp-block-media-text is-stacked-on-mobile\" style=\"grid-template-columns:31% auto\"><figure class=\"wp-block-media-text__media\"><img data-recalc-dims=\"1\" loading=\"lazy\" decoding=\"async\" width=\"505\" height=\"650\" data-attachment-id=\"14087\" data-permalink=\"https:\/\/woorons.com\/zh\/2025\/11\/01\/que-es-para-que-sirve-el-arte-conceptual\/manzana\/\" data-orig-file=\"https:\/\/i0.wp.com\/woorons.com\/wp-content\/uploads\/2025\/10\/manzana.jpg?fit=505%2C650&amp;ssl=1\" data-orig-size=\"505,650\" data-comments-opened=\"1\" data-image-meta=\"{&quot;aperture&quot;:&quot;0&quot;,&quot;credit&quot;:&quot;&quot;,&quot;camera&quot;:&quot;&quot;,&quot;caption&quot;:&quot;&quot;,&quot;created_timestamp&quot;:&quot;0&quot;,&quot;copyright&quot;:&quot;&quot;,&quot;focal_length&quot;:&quot;0&quot;,&quot;iso&quot;:&quot;0&quot;,&quot;shutter_speed&quot;:&quot;0&quot;,&quot;title&quot;:&quot;&quot;,&quot;orientation&quot;:&quot;0&quot;}\" data-image-title=\"manzana\" data-image-description=\"&lt;p&gt;Una manzana&lt;\/p&gt;\" data-image-caption=\"\" data-large-file=\"https:\/\/i0.wp.com\/woorons.com\/wp-content\/uploads\/2025\/10\/manzana.jpg?fit=505%2C650&amp;ssl=1\" src=\"https:\/\/i0.wp.com\/woorons.com\/wp-content\/uploads\/2025\/10\/manzana.jpg?resize=505%2C650&#038;ssl=1\" alt=\"&quot;Una manzana&quot;\" class=\"wp-image-14087 size-full\" \/><\/figure><div class=\"wp-block-media-text__content\">\n<p class=\"has-large-font-size wp-block-paragraph\">Yoko Ono. <\/p>\n\n\n\n<p class=\"has-text-align-justify wp-block-paragraph\">(La herencia maldita que nos dej\u00f3 John Lennon)<\/p>\n\n\n\n<blockquote class=\"wp-block-quote is-layout-flow wp-block-quote-is-layout-flow\">\n<p class=\"has-text-align-justify wp-block-paragraph\"><strong>Seg\u00fan los expertos:<\/strong> \u00abSin mayores pretensiones expositivas, la pieza est\u00e1 conformada por una manzana verde colocada sobre un pedestal de acr\u00edlico con la palabra&nbsp;<em>Apple<\/em>&nbsp;grabada en una placa de oro; sin embargo, podr\u00eda decirse que \u00e9sta no est\u00e1 terminada, ya que la fruta, al no tener ning\u00fan tipo de tratamiento para detener su eminente putrefacci\u00f3n, con el tiempo empezar\u00e1 a deteriorarse, hasta el punto de que su materialidad y forma no coincidan con la imagen que viene a nuestra mente cuando pensamos en una manzana.\u00bb<\/p>\n<\/blockquote>\n<\/div><\/div>\n\n\n\n<div style=\"height:20px\" aria-hidden=\"true\" class=\"wp-block-spacer\"><\/div>\n\n\n\n<p class=\"has-text-align-justify wp-block-paragraph\">El arte conceptual no busca impresionar visualmente, sino <strong>hacer pensar<\/strong>. Es una forma de arte que <strong>pone la mente del artista y del espectador en el centro de la experiencia est\u00e9tica<\/strong>.<\/p>\n\n\n\n<h2 class=\"wp-block-heading\">\u00bfCualquiera puede ser Artista Conceptual?<\/h2>\n\n\n\n<p class=\"has-large-font-size wp-block-paragraph\">Primero, dar\u00e9 la explicaci\u00f3n \u00abadecuada, oficial, pol\u00edticamente correcta\u00bb sobre esto de ser artista conceptual, y luego un ejemplo a mi estilo.<\/p>\n\n\n\n<h2 class=\"wp-block-heading\">\u00bfQu\u00e9 se necesita para ser Artista Conceptual?<\/h2>\n\n\n\n<p class=\"has-text-align-justify wp-block-paragraph\">Ser <strong>artista conceptual<\/strong> no significa solo dominar una t\u00e9cnica, sino <strong>aprender a pensar como un creador de ideas<\/strong>. A continuaci\u00f3n te detallo lo que se necesita, tanto en el sentido <strong>mental<\/strong> como <strong>pr\u00e1ctico<\/strong>, seg\u00fan el enfoque del arte conceptual:<\/p>\n\n\n\n<h3 class=\"wp-block-heading has-large-font-size\">Mentalidad e intenci\u00f3n art\u00edstica<\/h3>\n\n\n\n<div class=\"wp-block-group has-global-padding is-layout-constrained wp-block-group-is-layout-constrained\">\n<ul class=\"wp-block-list\">\n<li><strong>Prioriza las ideas sobre la forma:<\/strong> lo esencial es <em>qu\u00e9 quieres comunicar<\/em> y <em>por qu\u00e9<\/em>.<\/li>\n\n\n\n<li><strong>Capacidad de cuestionar:<\/strong> el artista conceptual observa el mundo y se pregunta cosas como \u201c\u00bfqu\u00e9 es el arte?\u201d, \u201c\u00bfqu\u00e9 significa representar?\u201d, \u201c\u00bfpor qu\u00e9 algo vale m\u00e1s que otra cosa?\u201d.<\/li>\n\n\n\n<li><strong>Pensamiento cr\u00edtico y filos\u00f3fico:<\/strong> reflexionar sobre temas como el lenguaje, la identidad, el poder, la religi\u00f3n, el consumo, la percepci\u00f3n o el tiempo. (Y el precio de los pl\u00e1tanos)<\/li>\n\n\n\n<li><strong>Originalidad conceptual:<\/strong> no se trata de hacer algo que \u201cse vea distinto\u201d, sino de proponer una idea que obligue a mirar la realidad desde otro \u00e1ngulo.<\/li>\n<\/ul>\n<\/div>\n\n\n\n<h3 class=\"wp-block-heading has-large-font-size\">Formaci\u00f3n y habilidades<\/h3>\n\n\n\n<ul class=\"wp-block-list\">\n<li>Aunque el arte conceptual puede parecer \u201cantit\u00e9cnico\u201d, <strong>conocer los fundamentos art\u00edsticos es muy \u00fatil<\/strong>:<\/li>\n\n\n\n<li>Conocimientos de <strong>historia del arte contempor\u00e1neo<\/strong> y movimientos vanguardistas (Duchamp, Fluxus, Minimalismo, Arte Povera, etc.)<\/li>\n\n\n\n<li>Habilidad para <strong>elegir el medio adecuado<\/strong>: puede ser pintura, fotograf\u00eda, instalaci\u00f3n, performance, texto, sonido, v\u00eddeo, objetos cotidianos, etc.<\/li>\n\n\n\n<li>Capacidad de <strong>documentar y presentar tus ideas<\/strong> (texto, manifiestos, guiones, diagramas, etc.)<\/li>\n<\/ul>\n\n\n\n<div style=\"height:20px\" aria-hidden=\"true\" class=\"wp-block-spacer\"><\/div>\n\n\n\n<div class=\"wp-block-media-text is-stacked-on-mobile\"><figure class=\"wp-block-media-text__media\"><img data-recalc-dims=\"1\" loading=\"lazy\" decoding=\"async\" width=\"720\" height=\"405\" data-attachment-id=\"14125\" data-permalink=\"https:\/\/woorons.com\/zh\/2025\/11\/01\/que-es-para-que-sirve-el-arte-conceptual\/escultura-invisible-2\/\" data-orig-file=\"https:\/\/i0.wp.com\/woorons.com\/wp-content\/uploads\/2025\/11\/escultura-invisible.webp?fit=720%2C405&amp;ssl=1\" data-orig-size=\"720,405\" data-comments-opened=\"1\" data-image-meta=\"{&quot;aperture&quot;:&quot;0&quot;,&quot;credit&quot;:&quot;&quot;,&quot;camera&quot;:&quot;&quot;,&quot;caption&quot;:&quot;&quot;,&quot;created_timestamp&quot;:&quot;0&quot;,&quot;copyright&quot;:&quot;&quot;,&quot;focal_length&quot;:&quot;0&quot;,&quot;iso&quot;:&quot;0&quot;,&quot;shutter_speed&quot;:&quot;0&quot;,&quot;title&quot;:&quot;&quot;,&quot;orientation&quot;:&quot;0&quot;}\" data-image-title=\"escultura-invisible\" data-image-description=\"&lt;p&gt;El artista Salvatore Garau posando junto a su Escultura Invisible&lt;\/p&gt;\" data-image-caption=\"&lt;p&gt;El \u00abartista\u00bb Salvatore Garau posando junto a su \u00abEscultura Invisible\u00bb&lt;\/p&gt;\" data-large-file=\"https:\/\/i0.wp.com\/woorons.com\/wp-content\/uploads\/2025\/11\/escultura-invisible.webp?fit=720%2C405&amp;ssl=1\" src=\"https:\/\/i0.wp.com\/woorons.com\/wp-content\/uploads\/2025\/11\/escultura-invisible.webp?resize=720%2C405&#038;ssl=1\" alt=\"&quot;El artista Salvatore Garau posando junto a su Escultura Invisible&quot;\" class=\"wp-image-14125 size-full\" \/><\/figure><div class=\"wp-block-media-text__content\">\n<p class=\"has-text-align-justify wp-block-paragraph\">El artista italiano Salvatore Garau&nbsp;<strong>vendi\u00f3 una escultura invisible por 17.000 d\u00f3lares<\/strong>. A la que llam\u00f3 \u00abIo Sono\u00bb (Yo soy),&nbsp;<strong>no tiene forma f\u00edsica<\/strong>&nbsp;y fue expuesta en un espacio vac\u00edo de 1,5 m x 1,5 m. El feliz comprador<strong>&nbsp;recibi\u00f3  un certificado,<\/strong>que dec\u00eda que all\u00ed hab\u00eda una escultura.<\/p>\n\n\n\n<p class=\"wp-block-paragraph\">En la foto, \u00abel artista posando junto a su escultura\u00bb<\/p>\n<\/div><\/div>\n\n\n\n<h2 class=\"wp-block-heading\">Influencia del contexto<\/h2>\n\n\n\n<p class=\"has-text-align-justify wp-block-paragraph\">El arte conceptual tambi\u00e9n se nutre de:<\/p>\n\n\n\n<ul class=\"wp-block-list\">\n<li>Lecturas de filosof\u00eda, semi\u00f3tica, est\u00e9tica, sociolog\u00eda o pol\u00edtica.<\/li>\n\n\n\n<li><strong>Conexi\u00f3n con el pensamiento contempor\u00e1neo<\/strong>, m\u00e1s que con la moda visual.<\/li>\n\n\n\n<li><strong>Curiosidad constante<\/strong> por c\u00f3mo funcionan los s\u00edmbolos, el lenguaje y la cultura.<\/li>\n<\/ul>\n\n\n\n<p class=\"has-text-align-justify wp-block-paragraph\">El arte conceptual <strong>abre la puerta a cualquiera<\/strong> porque <strong>no exige dominar t\u00e9cnicas tradicionales<\/strong> (como pintar, esculpir o dibujar bien). Lo esencial es <strong>tener una idea s\u00f3lida, una intenci\u00f3n clara y la capacidad de comunicarla<\/strong>.<\/p>\n\n\n\n<h3 class=\"wp-block-heading has-text-align-justify has-large-font-size\">Cualquiera <em>puede intentarlo<\/em>, pero no cualquiera <em>lo logra<\/em><\/h3>\n\n\n\n<ul class=\"wp-block-list\">\n<li><strong>Pensar cr\u00edticamente<\/strong>, no solo \u201ctener ocurrencias\u201d.<\/li>\n\n\n\n<li><strong>Saber justificar la obra<\/strong>, explicar su sentido y su relaci\u00f3n con el contexto cultural.<\/li>\n\n\n\n<li><strong>Conocer el arte contempor\u00e1neo<\/strong>, para no repetir ideas ya exploradas.<\/li>\n\n\n\n<li><strong>Coherencia:<\/strong> tus obras deben mantener una l\u00ednea de pensamiento, un discurso. (Que si el discurso no es bueno no se la cuelas a nadie)<\/li>\n<\/ul>\n\n\n\n<h2 class=\"wp-block-heading has-x-large-font-size\">Ahora os dar\u00e9 la explicaci\u00f3n a mi estilo:<\/h2>\n\n\n\n<p class=\"has-text-align-justify wp-block-paragraph\">Temprano por la ma\u00f1ana, 5:30 (hora de dibujar) despu\u00e9s de tomar un caf\u00e9 con tostadas, pens\u00e9: &#8211; Podr\u00eda hacer alguna obra de Arte Conceptual, pero algo rapidito, que hoy debo terminar una caricatura que me encargaron.<\/p>\n\n\n\n<p class=\"has-text-align-justify wp-block-paragraph\">Pero no pens\u00e9 en absoluto, ni esp\u00edritu cr\u00edtico, ni filos\u00f3fico, ni nada.<\/p>\n\n\n\n<div style=\"height:20px\" aria-hidden=\"true\" class=\"wp-block-spacer\"><\/div>\n\n\n\n<figure class=\"wp-block-image size-full\"><img data-recalc-dims=\"1\" loading=\"lazy\" decoding=\"async\" width=\"842\" height=\"595\" data-attachment-id=\"14130\" data-permalink=\"https:\/\/woorons.com\/zh\/2025\/11\/01\/que-es-para-que-sirve-el-arte-conceptual\/arte-conceptual\/\" data-orig-file=\"https:\/\/i0.wp.com\/woorons.com\/wp-content\/uploads\/2025\/11\/arte-conceptual.webp?fit=842%2C595&amp;ssl=1\" data-orig-size=\"842,595\" data-comments-opened=\"1\" data-image-meta=\"{&quot;aperture&quot;:&quot;0&quot;,&quot;credit&quot;:&quot;&quot;,&quot;camera&quot;:&quot;&quot;,&quot;caption&quot;:&quot;&quot;,&quot;created_timestamp&quot;:&quot;0&quot;,&quot;copyright&quot;:&quot;&quot;,&quot;focal_length&quot;:&quot;0&quot;,&quot;iso&quot;:&quot;0&quot;,&quot;shutter_speed&quot;:&quot;0&quot;,&quot;title&quot;:&quot;&quot;,&quot;orientation&quot;:&quot;0&quot;}\" data-image-title=\"arte-conceptual\" data-image-description=\"&lt;p&gt;Pintor frente a un rollo de papel higi\u00e9nico donde explica su obra de Arte Conceptual&lt;\/p&gt;\" data-image-caption=\"\" data-large-file=\"https:\/\/i0.wp.com\/woorons.com\/wp-content\/uploads\/2025\/11\/arte-conceptual.webp?fit=842%2C595&amp;ssl=1\" src=\"https:\/\/i0.wp.com\/woorons.com\/wp-content\/uploads\/2025\/11\/arte-conceptual.webp?resize=842%2C595&#038;ssl=1\" alt=\"&quot;Pintor frente a un rollo de papel higi\u00e9nico donde explica su obra de Arte Conceptual&quot;\" class=\"wp-image-14130\" \/><\/figure>\n\n\n\n<h2 class=\"wp-block-heading has-xx-large-font-size\">Receta WO Orons para convertirse en Artista Conceptual <\/h2>\n\n\n\n<h3 class=\"wp-block-heading has-large-font-size\">Recetas f\u00e1ciles, r\u00e1pidas, y en un minuto para poder auto proclamarse \u00abARTISTA\u00bb<\/h3>\n\n\n\n<p class=\"wp-block-paragraph\"><em>-\u00bfQu\u00e9 hacer?- Pens\u00e9.<\/em><\/p>\n\n\n\n<p class=\"has-text-align-justify wp-block-paragraph\">Fue al encender un cigarrillo, que el divino arte vino a m\u00ed me envolvi\u00f3 y me meci\u00f3 en sus brazos, mientras cantaba a mi oido la dulce melod\u00eda de la oda a la inspiraci\u00f3n art\u00edstica.<\/p>\n\n\n\n<p class=\"has-large-font-size wp-block-paragraph\"><em>-El mechero!<\/em><\/p>\n\n\n\n<p class=\"wp-block-paragraph\">(Por aquello de que: \u00ablo esencial es invisible a los ojos\u00bb)<\/p>\n\n\n\n<p class=\"has-large-font-size wp-block-paragraph\"><strong>La receta de un minuto<\/strong> <strong>que te convierte en Artista Conceptual<\/strong><\/p>\n\n\n\n<p class=\"wp-block-paragraph\">Que ni lecturas de filosof\u00eda, semi\u00f3tica, est\u00e9tica, sociolog\u00eda o pol\u00edtica.<\/p>\n\n\n\n<p class=\"wp-block-paragraph\">As\u00ed que fu\u00ed al Chat PTG o GTP o como se diga y le pregunt\u00e9:<\/p>\n\n\n\n<p class=\"has-background wp-block-paragraph\" style=\"background-color:#def1ff\">&#8211;<em>Voy a hacer una exposici\u00f3n en una galer\u00eda de arte, y expondr\u00e9 un mechero. Es mi obra de arte conceptual. Necesito un t\u00edtulo para mi obra y una explicaci\u00f3n altisonante de mi obra . Puedes hacerme una?<\/em><\/p>\n\n\n\n<p class=\"wp-block-paragraph\">Y me respodi\u00f3: Lo quieres con tono <strong>solemne y filos\u00f3fico (como texto de cat\u00e1logo)<\/strong><\/p>\n\n\n\n<p class=\"wp-block-paragraph\"><em>-Vale<\/em><\/p>\n\n\n\n<p class=\"has-large-font-size wp-block-paragraph\">Y esto fue lo que me hizo:<\/p>\n\n\n\n<blockquote class=\"wp-block-quote is-layout-flow wp-block-quote-is-layout-flow\">\n<p class=\"has-background has-large-font-size wp-block-paragraph\" style=\"background-color:#d6e6fb\"><strong>T\u00edtulo:<\/strong> <strong>\u201cOntolog\u00eda del Fuego  Cotidiano\u201d<\/strong><\/p>\n<\/blockquote>\n\n\n\n<blockquote class=\"wp-block-quote is-layout-flow wp-block-quote-is-layout-flow\">\n<p class=\"has-text-align-justify has-background wp-block-paragraph\" style=\"background-color:#d7eaff\">\u00abEl mechero, presentado aqu\u00ed en su desnuda presencia, invita a una reflexi\u00f3n sobre la condici\u00f3n esencial del fuego y su v\u00ednculo con la experiencia humana. Objeto m\u00ednimo, casi invisible en la rutina, deviene s\u00edmbolo de una tensi\u00f3n ancestral: la del dominio sobre la energ\u00eda y la fragilidad de ese poder.<\/p>\n\n\n\n<p class=\"has-text-align-justify has-background wp-block-paragraph\" style=\"background-color:#d7eaff\">En esta obra, el fuego ya no se manifiesta como elemento natural, sino como concepto contenido, potencial, a la espera del gesto humano que lo despierte. La pieza propone una mirada sobre la relaci\u00f3n entre tecnolog\u00eda y mito, entre necesidad y deseo. El mechero \u2014contenedor del fuego domesticado\u2014 se convierte en met\u00e1fora de la voluntad de creaci\u00f3n, pero tambi\u00e9n de la inminencia de la desaparici\u00f3n: un fuego que s\u00f3lo existe si alguien decide encenderlo.<\/p>\n\n\n\n<p class=\"has-text-align-justify has-background wp-block-paragraph\" style=\"background-color:#d7eaff\">\u201cOntolog\u00eda del Fuego Cotidiano\u201d no busca glorificar el objeto, sino revelar su dimensi\u00f3n simb\u00f3lica: el instante en que lo funcional se transmuta en trascendencia. En la quietud de su forma industrial, el mechero se transforma en una meditaci\u00f3n sobre el origen, la destrucci\u00f3n y la persistente b\u00fasqueda de sentido en lo m\u00e1s banal de la existencia\u00bb<\/p>\n<\/blockquote>\n\n\n\n<p class=\"wp-block-paragraph\">No est\u00e1 de m\u00e1s comunicarles, que \u00abMi Obra\u00bb  se encuentra disponible por 25.ooo\u20ac. Entrego un certificado, el mechero no,<\/p>\n\n\n\n<p class=\"wp-block-paragraph\"><\/p>\n\n\n\n<p class=\"wp-block-paragraph\">En una pr\u00f3xima nota les contar\u00e9:<strong> \u00bfQui\u00e9n compra tanta basura?<\/strong><\/p>","protected":false},"excerpt":{"rendered":"<p>\u00bfPara qu\u00e9 sirve el arte conceptual? Esnobismos culturetas y vende humos al servicio de la ignorancia.<\/p>","protected":false},"author":21194217,"featured_media":14136,"comment_status":"open","ping_status":"closed","sticky":false,"template":"","format":"standard","meta":{"_coblocks_attr":"","_coblocks_dimensions":"","_coblocks_responsive_height":"","_coblocks_accordion_ie_support":"","_jetpack_newsletter_access":"","_jetpack_dont_email_post_to_subs":false,"_jetpack_newsletter_tier_id":0,"_jetpack_memberships_contains_paywalled_content":false,"_wpcom_ai_launchpad_first_post":false,"_jetpack_feature_clip_id":0,"_jetpack_memberships_contains_paid_content":false,"footnotes":"","jetpack_publicize_message":"","jetpack_publicize_feature_enabled":true,"jetpack_social_post_already_shared":false,"jetpack_social_options":{"image_generator_settings":{"template":"highway","default_image_id":0,"font":"","enabled":false},"version":2},"jetpack_post_was_ever_published":false},"categories":[3468,579437,366310],"tags":[789851929,323893,19619404,706501,719502942,489580,350431,1892051,16981389,4549],"class_list":["post-14070","post","type-post","status-publish","format-standard","has-post-thumbnail","hentry","category-arte","category-arte-moderno","category-historia-del-arte","tag-arte","tag-arte-conceptual","tag-comercio-del-arte","tag-duchamp","tag-escultura-invisible","tag-galeria-de-arte","tag-manzana","tag-para-que-sirve","tag-salvatore-garau","tag-yoko-ono"],"yoast_head":"<!-- This site is optimized with the Yoast SEO plugin v28.4 - https:\/\/yoast.com\/product\/yoast-seo-wordpress\/ -->\n<title>\u00bfQu\u00e9 es ? \u00bfPara qu\u00e9 sirve? El Arte Conceptual? - WO Orons Art<\/title>\n<meta name=\"robots\" content=\"index, follow, max-snippet:-1, max-image-preview:large, max-video-preview:-1\" \/>\n<link rel=\"canonical\" href=\"https:\/\/woorons.com\/zh\/2025\/11\/01\/que-es-para-que-sirve-el-arte-conceptual\/\" \/>\n<meta property=\"og:locale\" content=\"zh_CN\" \/>\n<meta property=\"og:type\" content=\"article\" \/>\n<meta property=\"og:title\" content=\"\u00bfQu\u00e9 es ? \u00bfPara qu\u00e9 sirve? El Arte Conceptual? - WO Orons Art\" \/>\n<meta property=\"og:description\" content=\"\u00bfPara qu\u00e9 sirve el arte conceptual? Esnobismos culturetas y vende humos al servicio de la ignorancia.\" \/>\n<meta property=\"og:url\" content=\"https:\/\/woorons.com\/zh\/2025\/11\/01\/que-es-para-que-sirve-el-arte-conceptual\/\" \/>\n<meta property=\"og:site_name\" content=\"WO Orons Art\" \/>\n<meta property=\"article:published_time\" content=\"2025-11-01T05:03:16+00:00\" \/>\n<meta property=\"article:modified_time\" content=\"2025-11-01T07:49:46+00:00\" \/>\n<meta property=\"og:image\" content=\"https:\/\/i0.wp.com\/woorons.com\/wp-content\/uploads\/2025\/11\/arte-conceptual-toko-ono.webp?fit=842%2C474&ssl=1\" \/>\n\t<meta property=\"og:image:width\" content=\"842\" \/>\n\t<meta property=\"og:image:height\" content=\"474\" \/>\n\t<meta property=\"og:image:type\" content=\"image\/webp\" \/>\n<meta name=\"author\" content=\"Wo Orons\" \/>\n<meta name=\"twitter:card\" content=\"summary_large_image\" \/>\n<meta name=\"twitter:label1\" content=\"\u4f5c\u8005\" \/>\n\t<meta name=\"twitter:data1\" content=\"Wo Orons\" \/>\n\t<meta name=\"twitter:label2\" content=\"\u9884\u8ba1\u9605\u8bfb\u65f6\u95f4\" \/>\n\t<meta name=\"twitter:data2\" content=\"9 \u5206\" \/>\n<script type=\"application\/ld+json\" class=\"yoast-schema-graph\">{\"@context\":\"https:\\\/\\\/schema.org\",\"@graph\":[{\"@type\":\"Article\",\"@id\":\"https:\\\/\\\/woorons.com\\\/2025\\\/11\\\/01\\\/que-es-para-que-sirve-el-arte-conceptual\\\/#article\",\"isPartOf\":{\"@id\":\"https:\\\/\\\/woorons.com\\\/2025\\\/11\\\/01\\\/que-es-para-que-sirve-el-arte-conceptual\\\/\"},\"author\":{\"name\":\"Wo Orons\",\"@id\":\"https:\\\/\\\/woorons.com\\\/#\\\/schema\\\/person\\\/85b4229ce0694a31b5f128dc047161e8\"},\"headline\":\"\u00bfQu\u00e9 es ? \u00bfPara qu\u00e9 sirve? El Arte Conceptual?\",\"datePublished\":\"2025-11-01T05:03:16+00:00\",\"dateModified\":\"2025-11-01T07:49:46+00:00\",\"mainEntityOfPage\":{\"@id\":\"https:\\\/\\\/woorons.com\\\/2025\\\/11\\\/01\\\/que-es-para-que-sirve-el-arte-conceptual\\\/\"},\"wordCount\":1764,\"commentCount\":0,\"publisher\":{\"@id\":\"https:\\\/\\\/woorons.com\\\/#\\\/schema\\\/person\\\/85b4229ce0694a31b5f128dc047161e8\"},\"image\":{\"@id\":\"https:\\\/\\\/woorons.com\\\/2025\\\/11\\\/01\\\/que-es-para-que-sirve-el-arte-conceptual\\\/#primaryimage\"},\"thumbnailUrl\":\"https:\\\/\\\/i0.wp.com\\\/woorons.com\\\/wp-content\\\/uploads\\\/2025\\\/11\\\/arte-conceptual-toko-ono.webp?fit=842%2C474&ssl=1\",\"keywords\":[\"Arte\",\"arte conceptual\",\"comercio del arte\",\"Duchamp\",\"escultura invisible\",\"galeria de arte\",\"manzana\",\"para qu\u00e9 sirve\",\"salvatore garau\",\"yoko ono\"],\"articleSection\":[\"Arte\",\"Arte Moderno\",\"Historia del Arte\"],\"inLanguage\":\"zh-Hans\",\"potentialAction\":[{\"@type\":\"CommentAction\",\"name\":\"Comment\",\"target\":[\"https:\\\/\\\/woorons.com\\\/2025\\\/11\\\/01\\\/que-es-para-que-sirve-el-arte-conceptual\\\/#respond\"]}]},{\"@type\":\"WebPage\",\"@id\":\"https:\\\/\\\/woorons.com\\\/2025\\\/11\\\/01\\\/que-es-para-que-sirve-el-arte-conceptual\\\/\",\"url\":\"https:\\\/\\\/woorons.com\\\/2025\\\/11\\\/01\\\/que-es-para-que-sirve-el-arte-conceptual\\\/\",\"name\":\"\u00bfQu\u00e9 es ? \u00bfPara qu\u00e9 sirve? El Arte Conceptual? - WO Orons Art\",\"isPartOf\":{\"@id\":\"https:\\\/\\\/woorons.com\\\/#website\"},\"primaryImageOfPage\":{\"@id\":\"https:\\\/\\\/woorons.com\\\/2025\\\/11\\\/01\\\/que-es-para-que-sirve-el-arte-conceptual\\\/#primaryimage\"},\"image\":{\"@id\":\"https:\\\/\\\/woorons.com\\\/2025\\\/11\\\/01\\\/que-es-para-que-sirve-el-arte-conceptual\\\/#primaryimage\"},\"thumbnailUrl\":\"https:\\\/\\\/i0.wp.com\\\/woorons.com\\\/wp-content\\\/uploads\\\/2025\\\/11\\\/arte-conceptual-toko-ono.webp?fit=842%2C474&ssl=1\",\"datePublished\":\"2025-11-01T05:03:16+00:00\",\"dateModified\":\"2025-11-01T07:49:46+00:00\",\"breadcrumb\":{\"@id\":\"https:\\\/\\\/woorons.com\\\/2025\\\/11\\\/01\\\/que-es-para-que-sirve-el-arte-conceptual\\\/#breadcrumb\"},\"inLanguage\":\"zh-Hans\",\"potentialAction\":[{\"@type\":\"ReadAction\",\"target\":[\"https:\\\/\\\/woorons.com\\\/2025\\\/11\\\/01\\\/que-es-para-que-sirve-el-arte-conceptual\\\/\"]}]},{\"@type\":\"ImageObject\",\"inLanguage\":\"zh-Hans\",\"@id\":\"https:\\\/\\\/woorons.com\\\/2025\\\/11\\\/01\\\/que-es-para-que-sirve-el-arte-conceptual\\\/#primaryimage\",\"url\":\"https:\\\/\\\/i0.wp.com\\\/woorons.com\\\/wp-content\\\/uploads\\\/2025\\\/11\\\/arte-conceptual-toko-ono.webp?fit=842%2C474&ssl=1\",\"contentUrl\":\"https:\\\/\\\/i0.wp.com\\\/woorons.com\\\/wp-content\\\/uploads\\\/2025\\\/11\\\/arte-conceptual-toko-ono.webp?fit=842%2C474&ssl=1\",\"width\":842,\"height\":474,\"caption\":\"\\\"Yoko Ono junto a una de sus obras\\\"\"},{\"@type\":\"BreadcrumbList\",\"@id\":\"https:\\\/\\\/woorons.com\\\/2025\\\/11\\\/01\\\/que-es-para-que-sirve-el-arte-conceptual\\\/#breadcrumb\",\"itemListElement\":[{\"@type\":\"ListItem\",\"position\":1,\"name\":\"Portada\",\"item\":\"https:\\\/\\\/woorons.com\\\/\"},{\"@type\":\"ListItem\",\"position\":2,\"name\":\"\u00bfQu\u00e9 es ? \u00bfPara qu\u00e9 sirve? El Arte Conceptual?\"}]},{\"@type\":\"WebSite\",\"@id\":\"https:\\\/\\\/woorons.com\\\/#website\",\"url\":\"https:\\\/\\\/woorons.com\\\/\",\"name\":\"WO Orons Art\",\"description\":\"&quot;Caricaturas, Retratos, Fan Art, Ilustraci\u00f3n&quot;\",\"publisher\":{\"@id\":\"https:\\\/\\\/woorons.com\\\/#\\\/schema\\\/person\\\/85b4229ce0694a31b5f128dc047161e8\"},\"potentialAction\":[{\"@type\":\"SearchAction\",\"target\":{\"@type\":\"EntryPoint\",\"urlTemplate\":\"https:\\\/\\\/woorons.com\\\/?s={search_term_string}\"},\"query-input\":{\"@type\":\"PropertyValueSpecification\",\"valueRequired\":true,\"valueName\":\"search_term_string\"}}],\"inLanguage\":\"zh-Hans\"},{\"@type\":[\"Person\",\"Organization\"],\"@id\":\"https:\\\/\\\/woorons.com\\\/#\\\/schema\\\/person\\\/85b4229ce0694a31b5f128dc047161e8\",\"name\":\"Wo Orons\",\"image\":{\"@type\":\"ImageObject\",\"inLanguage\":\"zh-Hans\",\"@id\":\"https:\\\/\\\/i0.wp.com\\\/woorons.com\\\/wp-content\\\/uploads\\\/2025\\\/03\\\/logotipo-woorons.jpg?fit=595%2C516&ssl=1\",\"url\":\"https:\\\/\\\/i0.wp.com\\\/woorons.com\\\/wp-content\\\/uploads\\\/2025\\\/03\\\/logotipo-woorons.jpg?fit=595%2C516&ssl=1\",\"contentUrl\":\"https:\\\/\\\/i0.wp.com\\\/woorons.com\\\/wp-content\\\/uploads\\\/2025\\\/03\\\/logotipo-woorons.jpg?fit=595%2C516&ssl=1\",\"width\":595,\"height\":516,\"caption\":\"Wo Orons\"},\"logo\":{\"@id\":\"https:\\\/\\\/i0.wp.com\\\/woorons.com\\\/wp-content\\\/uploads\\\/2025\\\/03\\\/logotipo-woorons.jpg?fit=595%2C516&ssl=1\"},\"sameAs\":[\"http:\\\/\\\/orons-art.wordpress.com\"],\"url\":\"https:\\\/\\\/woorons.com\\\/zh\\\/author\\\/orons\\\/\"}]}<\/script>\n<!-- \/ Yoast SEO plugin. -->","yoast_head_json":{"title":"\u00bfQu\u00e9 es ? \u00bfPara qu\u00e9 sirve? El Arte Conceptual? - WO Orons Art","robots":{"index":"index","follow":"follow","max-snippet":"max-snippet:-1","max-image-preview":"max-image-preview:large","max-video-preview":"max-video-preview:-1"},"canonical":"https:\/\/woorons.com\/zh\/2025\/11\/01\/que-es-para-que-sirve-el-arte-conceptual\/","og_locale":"zh_CN","og_type":"article","og_title":"\u00bfQu\u00e9 es ? \u00bfPara qu\u00e9 sirve? El Arte Conceptual? - WO Orons Art","og_description":"\u00bfPara qu\u00e9 sirve el arte conceptual? Esnobismos culturetas y vende humos al servicio de la ignorancia.","og_url":"https:\/\/woorons.com\/zh\/2025\/11\/01\/que-es-para-que-sirve-el-arte-conceptual\/","og_site_name":"WO Orons Art","article_published_time":"2025-11-01T05:03:16+00:00","article_modified_time":"2025-11-01T07:49:46+00:00","og_image":[{"width":842,"height":474,"url":"https:\/\/i0.wp.com\/woorons.com\/wp-content\/uploads\/2025\/11\/arte-conceptual-toko-ono.webp?fit=842%2C474&ssl=1","type":"image\/webp"}],"author":"Wo Orons","twitter_card":"summary_large_image","twitter_misc":{"\u4f5c\u8005":"Wo Orons","\u9884\u8ba1\u9605\u8bfb\u65f6\u95f4":"9 \u5206"},"schema":{"@context":"https:\/\/schema.org","@graph":[{"@type":"Article","@id":"https:\/\/woorons.com\/2025\/11\/01\/que-es-para-que-sirve-el-arte-conceptual\/#article","isPartOf":{"@id":"https:\/\/woorons.com\/2025\/11\/01\/que-es-para-que-sirve-el-arte-conceptual\/"},"author":{"name":"Wo Orons","@id":"https:\/\/woorons.com\/#\/schema\/person\/85b4229ce0694a31b5f128dc047161e8"},"headline":"\u00bfQu\u00e9 es ? \u00bfPara qu\u00e9 sirve? El Arte Conceptual?","datePublished":"2025-11-01T05:03:16+00:00","dateModified":"2025-11-01T07:49:46+00:00","mainEntityOfPage":{"@id":"https:\/\/woorons.com\/2025\/11\/01\/que-es-para-que-sirve-el-arte-conceptual\/"},"wordCount":1764,"commentCount":0,"publisher":{"@id":"https:\/\/woorons.com\/#\/schema\/person\/85b4229ce0694a31b5f128dc047161e8"},"image":{"@id":"https:\/\/woorons.com\/2025\/11\/01\/que-es-para-que-sirve-el-arte-conceptual\/#primaryimage"},"thumbnailUrl":"https:\/\/i0.wp.com\/woorons.com\/wp-content\/uploads\/2025\/11\/arte-conceptual-toko-ono.webp?fit=842%2C474&ssl=1","keywords":["Arte","arte conceptual","comercio del arte","Duchamp","escultura invisible","galeria de arte","manzana","para qu\u00e9 sirve","salvatore garau","yoko ono"],"articleSection":["Arte","Arte Moderno","Historia del Arte"],"inLanguage":"zh-Hans","potentialAction":[{"@type":"CommentAction","name":"Comment","target":["https:\/\/woorons.com\/2025\/11\/01\/que-es-para-que-sirve-el-arte-conceptual\/#respond"]}]},{"@type":"WebPage","@id":"https:\/\/woorons.com\/2025\/11\/01\/que-es-para-que-sirve-el-arte-conceptual\/","url":"https:\/\/woorons.com\/2025\/11\/01\/que-es-para-que-sirve-el-arte-conceptual\/","name":"\u00bfQu\u00e9 es ? \u00bfPara qu\u00e9 sirve? El Arte Conceptual? - WO Orons Art","isPartOf":{"@id":"https:\/\/woorons.com\/#website"},"primaryImageOfPage":{"@id":"https:\/\/woorons.com\/2025\/11\/01\/que-es-para-que-sirve-el-arte-conceptual\/#primaryimage"},"image":{"@id":"https:\/\/woorons.com\/2025\/11\/01\/que-es-para-que-sirve-el-arte-conceptual\/#primaryimage"},"thumbnailUrl":"https:\/\/i0.wp.com\/woorons.com\/wp-content\/uploads\/2025\/11\/arte-conceptual-toko-ono.webp?fit=842%2C474&ssl=1","datePublished":"2025-11-01T05:03:16+00:00","dateModified":"2025-11-01T07:49:46+00:00","breadcrumb":{"@id":"https:\/\/woorons.com\/2025\/11\/01\/que-es-para-que-sirve-el-arte-conceptual\/#breadcrumb"},"inLanguage":"zh-Hans","potentialAction":[{"@type":"ReadAction","target":["https:\/\/woorons.com\/2025\/11\/01\/que-es-para-que-sirve-el-arte-conceptual\/"]}]},{"@type":"ImageObject","inLanguage":"zh-Hans","@id":"https:\/\/woorons.com\/2025\/11\/01\/que-es-para-que-sirve-el-arte-conceptual\/#primaryimage","url":"https:\/\/i0.wp.com\/woorons.com\/wp-content\/uploads\/2025\/11\/arte-conceptual-toko-ono.webp?fit=842%2C474&ssl=1","contentUrl":"https:\/\/i0.wp.com\/woorons.com\/wp-content\/uploads\/2025\/11\/arte-conceptual-toko-ono.webp?fit=842%2C474&ssl=1","width":842,"height":474,"caption":"\"Yoko Ono junto a una de sus obras\""},{"@type":"BreadcrumbList","@id":"https:\/\/woorons.com\/2025\/11\/01\/que-es-para-que-sirve-el-arte-conceptual\/#breadcrumb","itemListElement":[{"@type":"ListItem","position":1,"name":"Portada","item":"https:\/\/woorons.com\/"},{"@type":"ListItem","position":2,"name":"\u00bfQu\u00e9 es ? \u00bfPara qu\u00e9 sirve? El Arte Conceptual?"}]},{"@type":"WebSite","@id":"https:\/\/woorons.com\/#website","url":"https:\/\/woorons.com\/","name":"WO Orons Art","description":"&quot;Caricaturas, Retratos, Fan Art, Ilustraci\u00f3n&quot;","publisher":{"@id":"https:\/\/woorons.com\/#\/schema\/person\/85b4229ce0694a31b5f128dc047161e8"},"potentialAction":[{"@type":"SearchAction","target":{"@type":"EntryPoint","urlTemplate":"https:\/\/woorons.com\/?s={search_term_string}"},"query-input":{"@type":"PropertyValueSpecification","valueRequired":true,"valueName":"search_term_string"}}],"inLanguage":"zh-Hans"},{"@type":["Person","Organization"],"@id":"https:\/\/woorons.com\/#\/schema\/person\/85b4229ce0694a31b5f128dc047161e8","name":"Wo Orons","image":{"@type":"ImageObject","inLanguage":"zh-Hans","@id":"https:\/\/i0.wp.com\/woorons.com\/wp-content\/uploads\/2025\/03\/logotipo-woorons.jpg?fit=595%2C516&ssl=1","url":"https:\/\/i0.wp.com\/woorons.com\/wp-content\/uploads\/2025\/03\/logotipo-woorons.jpg?fit=595%2C516&ssl=1","contentUrl":"https:\/\/i0.wp.com\/woorons.com\/wp-content\/uploads\/2025\/03\/logotipo-woorons.jpg?fit=595%2C516&ssl=1","width":595,"height":516,"caption":"Wo Orons"},"logo":{"@id":"https:\/\/i0.wp.com\/woorons.com\/wp-content\/uploads\/2025\/03\/logotipo-woorons.jpg?fit=595%2C516&ssl=1"},"sameAs":["http:\/\/orons-art.wordpress.com"],"url":"https:\/\/woorons.com\/zh\/author\/orons\/"}]}},"jetpack_publicize_connections":[],"jetpack_likes_enabled":true,"jetpack_sharing_enabled":true,"jetpack_shortlink":"https:\/\/wp.me\/p43FXj-3EW","jetpack-related-posts":[],"jetpack_featured_media_url":"https:\/\/i0.wp.com\/woorons.com\/wp-content\/uploads\/2025\/11\/arte-conceptual-toko-ono.webp?fit=842%2C474&ssl=1","_links":{"self":[{"href":"https:\/\/woorons.com\/zh\/wp-json\/wp\/v2\/posts\/14070","targetHints":{"allow":["GET"]}}],"collection":[{"href":"https:\/\/woorons.com\/zh\/wp-json\/wp\/v2\/posts"}],"about":[{"href":"https:\/\/woorons.com\/zh\/wp-json\/wp\/v2\/types\/post"}],"author":[{"embeddable":true,"href":"https:\/\/woorons.com\/zh\/wp-json\/wp\/v2\/users\/21194217"}],"replies":[{"embeddable":true,"href":"https:\/\/woorons.com\/zh\/wp-json\/wp\/v2\/comments?post=14070"}],"version-history":[{"count":24,"href":"https:\/\/woorons.com\/zh\/wp-json\/wp\/v2\/posts\/14070\/revisions"}],"predecessor-version":[{"id":14145,"href":"https:\/\/woorons.com\/zh\/wp-json\/wp\/v2\/posts\/14070\/revisions\/14145"}],"wp:featuredmedia":[{"embeddable":true,"href":"https:\/\/woorons.com\/zh\/wp-json\/wp\/v2\/media\/14136"}],"wp:attachment":[{"href":"https:\/\/woorons.com\/zh\/wp-json\/wp\/v2\/media?parent=14070"}],"wp:term":[{"taxonomy":"category","embeddable":true,"href":"https:\/\/woorons.com\/zh\/wp-json\/wp\/v2\/categories?post=14070"},{"taxonomy":"post_tag","embeddable":true,"href":"https:\/\/woorons.com\/zh\/wp-json\/wp\/v2\/tags?post=14070"}],"curies":[{"name":"wp","href":"https:\/\/api.w.org\/{rel}","templated":true}]}}