{"id":8262,"date":"2024-06-04T12:49:29","date_gmt":"2024-06-04T10:49:29","guid":{"rendered":"https:\/\/woorons.com\/?p=8262"},"modified":"2024-06-07T06:44:17","modified_gmt":"2024-06-07T04:44:17","slug":"caricaturas-de-famosos-serie-vikingos-dibujo","status":"publish","type":"post","link":"https:\/\/woorons.com\/sv\/2024\/06\/04\/caricaturas-de-famosos-serie-vikingos-dibujo\/","title":{"rendered":"La caricatura del Or\u00e1culo en Vikingos: misticismo y mitolog\u00eda n\u00f3rdica"},"content":{"rendered":"<p class=\"has-text-align-justify wp-block-paragraph\">Una caricatura de este misterioso personaje, de la serie  hecha con bol\u00edgrafos de colores.<\/p>\n\n\n\n<p class=\"has-text-align-justify wp-block-paragraph\">Descubre el papel crucial del Or\u00e1culo en la serie \u00abVikingos\u00bb. Explora su impacto en la trama, su conexi\u00f3n con la mitolog\u00eda n\u00f3rdica y su influencia en los personajes principales.<\/p>\n\n\n\n<h2 class=\"wp-block-heading has-text-align-center\">\u00bfQui\u00e9n es El Or\u00e1culo en \u00abVikingos\u00bb?<\/h2>\n\n\n\n<p class=\"has-text-align-justify wp-block-paragraph\">El Or\u00e1culo es uno de los personajes m\u00e1s intrigantes y enigm\u00e1ticos de la serie \u00abVikingos\u00bb. Este m\u00edstico personaje desempe\u00f1a un papel crucial en la narrativa, actuando como el v\u00ednculo entre los dioses y los humanos. En este art\u00edculo, exploramos qui\u00e9n es El Or\u00e1culo, su importancia en la serie y c\u00f3mo su presencia influye en la vida de los vikingos.<\/p>\n\n\n\n<p class=\"has-text-align-justify wp-block-paragraph\">Es un vidente misterioso que reside en Kattegat, el hogar de <em>Ragnar Lothbrok<\/em> y su familia. Con su apariencia inquietante y su conocimiento profundo, El Or\u00e1culo es consultado por los l\u00edderes vikingos en momentos de incertidumbre. Su rostro est\u00e1 cubierto de tatuajes y lleva una t\u00fanica oscura, lo que a\u00f1ade a su aire de misticismo y autoridad sobrenatural.<\/p>\n\n\n\n<h2 class=\"wp-block-heading has-text-align-center\">La Importancia del Or\u00e1culo en la Trama<\/h2>\n\n\n\n<p class=\"has-text-align-justify wp-block-paragraph\">El Or\u00e1culo no es solo un personaje, sino una representaci\u00f3n del v\u00ednculo espiritual y cultural que los vikingos ten\u00edan con sus dioses. Los consejos y las profec\u00edas del Or\u00e1culo son esenciales para la toma de decisiones de los protagonistas. <em>Ragnar Lothbrok<\/em>, <em>Lagertha,<\/em> y otros personajes principales buscan su gu\u00eda antes de embarcarse en expediciones importantes o tomar decisiones cruciales.<\/p>\n\n\n\n<h2 class=\"wp-block-heading has-text-align-center\">Profec\u00edas y Consecuencias<\/h2>\n\n\n\n<p class=\"has-text-align-justify wp-block-paragraph\">Las profec\u00edas del Or\u00e1culo a menudo son cr\u00edpticas y sujetas a interpretaci\u00f3n, lo que refleja la naturaleza incierta del futuro. Estas profec\u00edas juegan un papel importante en el desarrollo de la trama, creando tensi\u00f3n y expectativa. Por ejemplo, las visiones del Or\u00e1culo han influido en decisiones estrat\u00e9gicas en batallas y en la elecci\u00f3n de alianzas.<\/p>\n\n\n\n<h2 class=\"wp-block-heading has-text-align-center\">El Or\u00e1culo y la Mitolog\u00eda N\u00f3rdica<\/h2>\n\n\n\n<p class=\"has-text-align-justify wp-block-paragraph\">El personaje del Or\u00e1culo est\u00e1 inspirado en la figura hist\u00f3rica del \u00abv\u00f6lva\u00bb, una vidente o sacerdotisa en la mitolog\u00eda n\u00f3rdica. Estas videntes eran respetadas por su capacidad para comunicarse con los dioses y prever el futuro. La serie captura este aspecto hist\u00f3rico, dotando al Or\u00e1culo de una autenticidad que resuena con las creencias y tradiciones vikingas.<\/p>\n\n\n\n<h2 class=\"wp-block-heading has-text-align-center\">La Representaci\u00f3n Visual del Or\u00e1culo<\/h2>\n\n\n\n<p class=\"has-text-align-justify wp-block-paragraph\">La apariencia visual del Or\u00e1culo en \u00abVikingos\u00bb es cuidadosamente dise\u00f1ada para reflejar su conexi\u00f3n con el mundo espiritual. Los tatuajes, el maquillaje y el vestuario contribuyen a crear una imagen inolvidable que subraya su papel como intermediario entre los mortales y los dioses.<\/p>\n\n\n\n<p class=\"has-text-align-justify wp-block-paragraph\">El Or\u00e1culo es un personaje fascinante que aporta una dimensi\u00f3n espiritual y m\u00edstica a la serie \u00abVikingos\u00bb. Su presencia destaca la profunda conexi\u00f3n de los vikingos con lo sobrenatural y su dependencia en las profec\u00edas para guiar sus vidas. A trav\u00e9s de su papel, los espectadores obtienen una visi\u00f3n m\u00e1s rica y compleja de la cultura y las creencias vikingas.<\/p>\n\n\n\n<figure class=\"wp-block-image aligncenter size-large\"><img data-recalc-dims=\"1\" loading=\"lazy\" decoding=\"async\" width=\"595\" height=\"842\" data-attachment-id=\"8270\" data-permalink=\"https:\/\/woorons.com\/sv\/2024\/06\/04\/caricaturas-de-famosos-serie-vikingos-dibujo\/vikingos-the-seer-el-oraculo-john-kavanagh-orons-art-caricature\/\" data-orig-file=\"https:\/\/i0.wp.com\/woorons.com\/wp-content\/uploads\/2024\/06\/vikingos-the-seer-el-oraculo-john-kavanagh-orons-art-caricature.jpg?fit=595%2C842&amp;ssl=1\" data-orig-size=\"595,842\" data-comments-opened=\"1\" data-image-meta=\"{&quot;aperture&quot;:&quot;0&quot;,&quot;credit&quot;:&quot;&quot;,&quot;camera&quot;:&quot;&quot;,&quot;caption&quot;:&quot;&quot;,&quot;created_timestamp&quot;:&quot;0&quot;,&quot;copyright&quot;:&quot;&quot;,&quot;focal_length&quot;:&quot;0&quot;,&quot;iso&quot;:&quot;0&quot;,&quot;shutter_speed&quot;:&quot;0&quot;,&quot;title&quot;:&quot;&quot;,&quot;orientation&quot;:&quot;1&quot;}\" data-image-title=\"Vikingos-The-Seer-El-Or\u00e1culo-John-Kavanagh-orons-art-caricature\" data-image-description=\"&lt;p&gt; Caricatura de el personaje \u00abEl Or\u00e1culo\u00bb en la serie \u00abVikingos\u00bb&lt;\/p&gt;\" data-image-caption=\"\" data-large-file=\"https:\/\/i0.wp.com\/woorons.com\/wp-content\/uploads\/2024\/06\/vikingos-the-seer-el-oraculo-john-kavanagh-orons-art-caricature.jpg?fit=595%2C842&amp;ssl=1\" src=\"https:\/\/i0.wp.com\/woorons.com\/wp-content\/uploads\/2024\/06\/vikingos-the-seer-el-oraculo-john-kavanagh-orons-art-caricature.jpg?resize=595%2C842&#038;ssl=1\" alt=\"Caricaturas de famosos. Caricatura de el personaje &quot;El Or\u00e1culo&quot; en la serie &quot;Vikingos&quot;\" class=\"wp-image-8270\" \/><\/figure>\n\n\n\n<h2 class=\"wp-block-heading has-text-align-center\"><strong><br \/>Biograf\u00eda y Filmograf\u00eda del Actor John Kavanagh<\/strong> \u00abEl Or\u00e1culo\u00bb<\/h2>\n\n\n\n<p class=\"has-text-align-justify wp-block-paragraph\">Descubre la biograf\u00eda y filmograf\u00eda del actor irland\u00e9s <strong>John Kavanagh<\/strong>, conocido por su papel como El Or\u00e1culo en \u00abVikingos\u00bb. Explora su carrera y sus actuaciones m\u00e1s destacadas en cine y televisi\u00f3n.<\/p>\n\n\n\n<p class=\"has-text-align-justify wp-block-paragraph\">John Kavanagh es un actor irland\u00e9s reconocido por su versatilidad y talento en el mundo del cine y la televisi\u00f3n. Nacido el 18 de octubre de 1946 en Dubl\u00edn, Irlanda, Kavanagh ha construido una impresionante carrera que abarca m\u00e1s de cinco d\u00e9cadas, destac\u00e1ndose en una variedad de roles tanto en el escenario como en la pantalla.<\/p>\n\n\n\n<p class=\"has-text-align-justify wp-block-paragraph\">Kavanagh comenz\u00f3 su carrera en el teatro, donde r\u00e1pidamente se gan\u00f3 una reputaci\u00f3n por su habilidad para interpretar personajes complejos. Su transici\u00f3n al cine y la televisi\u00f3n le permiti\u00f3 alcanzar una audiencia m\u00e1s amplia, consolid\u00e1ndose como un actor de renombre en la industria del entretenimiento.<\/p>\n\n\n\n<h2 class=\"wp-block-heading has-text-align-center\">Filmograf\u00eda Destacada de John Kavanagh<\/h2>\n\n\n\n<p class=\"has-text-align-justify wp-block-paragraph\"><strong>Vikingos (2013-2020)<\/strong> Uno de los roles m\u00e1s ic\u00f3nicos de<em> John Kavanagh es el de El Or\u00e1culo (The Seer) <\/em>en la exitosa serie \u00abVikingos\u00bb. Su interpretaci\u00f3n del vidente m\u00edstico de Kattegat le ha valido el reconocimiento y el aprecio de fan\u00e1ticos alrededor del mundo. El Or\u00e1culo es un personaje crucial en la serie, conocido por sus profec\u00edas y su conexi\u00f3n con los dioses n\u00f3rdicos, a\u00f1adiendo una capa de misticismo y profundidad a la narrativa.<\/p>\n\n\n\n<p class=\"has-text-align-justify wp-block-paragraph\"><strong>Braveheart (1995)<\/strong> Kavanagh tambi\u00e9n particip\u00f3 en la \u00e9pica pel\u00edcula <strong>\u00abBraveheart\u00bb,<\/strong> dirigida por Mel Gibson. Interpret\u00f3 a Craig, un papel que, aunque secundario, contribuy\u00f3 al \u00e9xito de este aclamado filme hist\u00f3rico.<\/p>\n\n\n\n<p class=\"has-text-align-justify wp-block-paragraph\"><strong>Alexander (2004)<\/strong> En la pel\u00edcula <strong>\u00abAlexander\u00bb<\/strong>, dirigida por <em>Oliver Stone<\/em>, Kavanagh interpret\u00f3 a Parmenion, uno de los generales m\u00e1s leales de Alejandro Magno. Esta producci\u00f3n \u00e9pica sobre la vida del famoso conquistador permiti\u00f3 a Kavanagh demostrar su talento en un contexto hist\u00f3rico grandioso.<\/p>\n\n\n\n<p class=\"has-text-align-justify wp-block-paragraph\"><strong>The Tudors (2007-2010)<\/strong> John Kavanagh tambi\u00e9n apareci\u00f3 en la popular serie<strong> \u00abThe Tudors\u00bb,<\/strong> donde interpret\u00f3 al cardenal Campeggio. Su actuaci\u00f3n en esta serie hist\u00f3rica sobre el reinado de Enrique VIII subray\u00f3 su habilidad para encarnar figuras hist\u00f3ricas con autenticidad y profundidad.<\/p>\n\n\n\n<p class=\"has-text-align-justify wp-block-paragraph\"><strong>The Butcher Boy (1997)<\/strong> En<strong> \u00abThe Butcher Boy\u00bb<\/strong>, una pel\u00edcula dirigida por <em>Neil Jordan<\/em>, Kavanagh interpret\u00f3 a Philip Nugent. Este papel en el drama oscuro y c\u00f3mico basado en la novela de <em>Patrick McCabe<\/em> le permiti\u00f3 explorar un personaje complejo en un entorno irland\u00e9s contempor\u00e1neo.<\/p>\n\n\n\n<h2 class=\"wp-block-heading has-text-align-center\">La Versatilidad de John Kavanagh<\/h2>\n\n\n\n<p class=\"has-text-align-justify wp-block-paragraph\">La carrera de John Kavanagh es testimonio de su versatilidad como actor. Desde el teatro hasta el cine y la televisi\u00f3n, ha demostrado una capacidad \u00fanica para adaptarse a una amplia gama de personajes y g\u00e9neros. Su trabajo en \u00abVikingos\u00bb como El Or\u00e1culo es particularmente memorable, capturando la imaginaci\u00f3n del p\u00fablico con su interpretaci\u00f3n m\u00edstica y enigm\u00e1tica.<\/p>\n\n\n\n<p class=\"has-text-align-justify wp-block-paragraph\">John Kavanagh es un actor cuya carrera ha dejado una marca indeleble en el mundo del entretenimiento. Su habilidad para interpretar una variedad de roles con autenticidad y profundidad lo ha convertido en una figura respetada y admirada. Con una filmograf\u00eda que incluye t\u00edtulos ic\u00f3nicos y una actuaci\u00f3n destacada en \u00abVikingos\u00bb, Kavanagh contin\u00faa siendo una fuerza influyente en la industria.<\/p>\n\n\n\n<div style=\"height:100px\" aria-hidden=\"true\" class=\"wp-block-spacer\"><\/div>","protected":false},"excerpt":{"rendered":"<p>Descubre el papel crucial del Or\u00e1culo en la serie \u00abVikingos\u00bb. Explora su impacto en la trama, su conexi\u00f3n con la mitolog\u00eda n\u00f3rdica y su influencia en los personajes principales.<\/p>","protected":false},"author":21194217,"featured_media":8272,"comment_status":"open","ping_status":"closed","sticky":false,"template":"","format":"standard","meta":{"_coblocks_attr":"","_coblocks_dimensions":"","_coblocks_responsive_height":"","_coblocks_accordion_ie_support":"","_jetpack_newsletter_access":"","_jetpack_dont_email_post_to_subs":false,"_jetpack_newsletter_tier_id":0,"_jetpack_memberships_contains_paywalled_content":false,"_wpcom_ai_launchpad_first_post":false,"_jetpack_feature_clip_id":0,"_jetpack_memberships_contains_paid_content":false,"footnotes":"","jetpack_publicize_message":"","jetpack_publicize_feature_enabled":true,"jetpack_social_post_already_shared":false,"jetpack_social_options":{"image_generator_settings":{"template":"highway","default_image_id":0,"font":"","enabled":false},"version":2},"jetpack_post_was_ever_published":false},"categories":[6405756,115775951],"tags":[2246421,789851988,789851998,53382,789851949,789851933,789851977],"class_list":["post-8262","post","type-post","status-publish","format-standard","has-post-thumbnail","hentry","category-caricaturas-de-famosos","category-caricaturas-por-encargo","tag-art-drawing","tag-caricaturas-de-famosos","tag-caricaturas-por-encargo","tag-caricatures","tag-dibujos","tag-drawing","tag-tradicional"],"yoast_head":"<!-- This site is optimized with the Yoast SEO plugin v28.4 - https:\/\/yoast.com\/product\/yoast-seo-wordpress\/ -->\n<title>La caricatura del Or\u00e1culo en Vikingos: misticismo y mitolog\u00eda n\u00f3rdica - WO Orons Art<\/title>\n<meta name=\"robots\" content=\"index, follow, max-snippet:-1, max-image-preview:large, max-video-preview:-1\" \/>\n<link rel=\"canonical\" href=\"https:\/\/woorons.com\/sv\/2024\/06\/04\/caricaturas-de-famosos-serie-vikingos-dibujo\/\" \/>\n<meta property=\"og:locale\" content=\"sv_SE\" \/>\n<meta property=\"og:type\" content=\"article\" \/>\n<meta property=\"og:title\" content=\"La caricatura del Or\u00e1culo en Vikingos: misticismo y mitolog\u00eda n\u00f3rdica - WO Orons Art\" \/>\n<meta property=\"og:description\" content=\"Descubre el papel crucial del Or\u00e1culo en la serie &quot;Vikingos&quot;. Explora su impacto en la trama, su conexi\u00f3n con la mitolog\u00eda n\u00f3rdica y su influencia en los personajes principales.\" \/>\n<meta property=\"og:url\" content=\"https:\/\/woorons.com\/sv\/2024\/06\/04\/caricaturas-de-famosos-serie-vikingos-dibujo\/\" \/>\n<meta property=\"og:site_name\" content=\"WO Orons Art\" \/>\n<meta property=\"article:published_time\" content=\"2024-06-04T10:49:29+00:00\" \/>\n<meta property=\"article:modified_time\" content=\"2024-06-07T04:44:17+00:00\" \/>\n<meta property=\"og:image\" content=\"https:\/\/i0.wp.com\/woorons.com\/wp-content\/uploads\/2024\/06\/caricaturas-de-famosos-el-oraculo-de-la-serie-vikingos-por-woorons.jpg?fit=1200%2C675&ssl=1\" \/>\n\t<meta property=\"og:image:width\" content=\"1200\" \/>\n\t<meta property=\"og:image:height\" content=\"675\" \/>\n\t<meta property=\"og:image:type\" content=\"image\/jpeg\" \/>\n<meta name=\"author\" content=\"Wo Orons\" \/>\n<meta name=\"twitter:card\" content=\"summary_large_image\" \/>\n<meta name=\"twitter:label1\" content=\"Skriven av\" \/>\n\t<meta name=\"twitter:data1\" content=\"Wo Orons\" \/>\n\t<meta name=\"twitter:label2\" content=\"Ber\u00e4knad l\u00e4stid\" \/>\n\t<meta name=\"twitter:data2\" content=\"5 minuter\" \/>\n<script type=\"application\/ld+json\" class=\"yoast-schema-graph\">{\"@context\":\"https:\\\/\\\/schema.org\",\"@graph\":[{\"@type\":\"Article\",\"@id\":\"https:\\\/\\\/woorons.com\\\/2024\\\/06\\\/04\\\/caricaturas-de-famosos-serie-vikingos-dibujo\\\/#article\",\"isPartOf\":{\"@id\":\"https:\\\/\\\/woorons.com\\\/2024\\\/06\\\/04\\\/caricaturas-de-famosos-serie-vikingos-dibujo\\\/\"},\"author\":{\"name\":\"Wo Orons\",\"@id\":\"https:\\\/\\\/woorons.com\\\/#\\\/schema\\\/person\\\/85b4229ce0694a31b5f128dc047161e8\"},\"headline\":\"La caricatura del Or\u00e1culo en Vikingos: misticismo y mitolog\u00eda n\u00f3rdica\",\"datePublished\":\"2024-06-04T10:49:29+00:00\",\"dateModified\":\"2024-06-07T04:44:17+00:00\",\"mainEntityOfPage\":{\"@id\":\"https:\\\/\\\/woorons.com\\\/2024\\\/06\\\/04\\\/caricaturas-de-famosos-serie-vikingos-dibujo\\\/\"},\"wordCount\":1091,\"commentCount\":0,\"publisher\":{\"@id\":\"https:\\\/\\\/woorons.com\\\/#\\\/schema\\\/person\\\/85b4229ce0694a31b5f128dc047161e8\"},\"image\":{\"@id\":\"https:\\\/\\\/woorons.com\\\/2024\\\/06\\\/04\\\/caricaturas-de-famosos-serie-vikingos-dibujo\\\/#primaryimage\"},\"thumbnailUrl\":\"https:\\\/\\\/i0.wp.com\\\/woorons.com\\\/wp-content\\\/uploads\\\/2024\\\/06\\\/caricaturas-de-famosos-el-oraculo-de-la-serie-vikingos-por-woorons.jpg?fit=1200%2C675&ssl=1\",\"keywords\":[\"Art drawing\",\"Caricaturas de famosos\",\"Caricaturas por encargo\",\"Caricatures\",\"Dibujos\",\"Drawing\",\"Tradicional\"],\"articleSection\":[\"Caricaturas de famosos\",\"Caricaturas por encargo\"],\"inLanguage\":\"sv-SE\",\"potentialAction\":[{\"@type\":\"CommentAction\",\"name\":\"Comment\",\"target\":[\"https:\\\/\\\/woorons.com\\\/2024\\\/06\\\/04\\\/caricaturas-de-famosos-serie-vikingos-dibujo\\\/#respond\"]}]},{\"@type\":\"WebPage\",\"@id\":\"https:\\\/\\\/woorons.com\\\/2024\\\/06\\\/04\\\/caricaturas-de-famosos-serie-vikingos-dibujo\\\/\",\"url\":\"https:\\\/\\\/woorons.com\\\/2024\\\/06\\\/04\\\/caricaturas-de-famosos-serie-vikingos-dibujo\\\/\",\"name\":\"La caricatura del Or\u00e1culo en Vikingos: misticismo y mitolog\u00eda n\u00f3rdica - WO Orons Art\",\"isPartOf\":{\"@id\":\"https:\\\/\\\/woorons.com\\\/#website\"},\"primaryImageOfPage\":{\"@id\":\"https:\\\/\\\/woorons.com\\\/2024\\\/06\\\/04\\\/caricaturas-de-famosos-serie-vikingos-dibujo\\\/#primaryimage\"},\"image\":{\"@id\":\"https:\\\/\\\/woorons.com\\\/2024\\\/06\\\/04\\\/caricaturas-de-famosos-serie-vikingos-dibujo\\\/#primaryimage\"},\"thumbnailUrl\":\"https:\\\/\\\/i0.wp.com\\\/woorons.com\\\/wp-content\\\/uploads\\\/2024\\\/06\\\/caricaturas-de-famosos-el-oraculo-de-la-serie-vikingos-por-woorons.jpg?fit=1200%2C675&ssl=1\",\"datePublished\":\"2024-06-04T10:49:29+00:00\",\"dateModified\":\"2024-06-07T04:44:17+00:00\",\"breadcrumb\":{\"@id\":\"https:\\\/\\\/woorons.com\\\/2024\\\/06\\\/04\\\/caricaturas-de-famosos-serie-vikingos-dibujo\\\/#breadcrumb\"},\"inLanguage\":\"sv-SE\",\"potentialAction\":[{\"@type\":\"ReadAction\",\"target\":[\"https:\\\/\\\/woorons.com\\\/2024\\\/06\\\/04\\\/caricaturas-de-famosos-serie-vikingos-dibujo\\\/\"]}]},{\"@type\":\"ImageObject\",\"inLanguage\":\"sv-SE\",\"@id\":\"https:\\\/\\\/woorons.com\\\/2024\\\/06\\\/04\\\/caricaturas-de-famosos-serie-vikingos-dibujo\\\/#primaryimage\",\"url\":\"https:\\\/\\\/i0.wp.com\\\/woorons.com\\\/wp-content\\\/uploads\\\/2024\\\/06\\\/caricaturas-de-famosos-el-oraculo-de-la-serie-vikingos-por-woorons.jpg?fit=1200%2C675&ssl=1\",\"contentUrl\":\"https:\\\/\\\/i0.wp.com\\\/woorons.com\\\/wp-content\\\/uploads\\\/2024\\\/06\\\/caricaturas-de-famosos-el-oraculo-de-la-serie-vikingos-por-woorons.jpg?fit=1200%2C675&ssl=1\",\"width\":1200,\"height\":675,\"caption\":\"Caricaturas de famosos. Caricatura de EL Or\u00e1culo de la serie Vikingos\"},{\"@type\":\"BreadcrumbList\",\"@id\":\"https:\\\/\\\/woorons.com\\\/2024\\\/06\\\/04\\\/caricaturas-de-famosos-serie-vikingos-dibujo\\\/#breadcrumb\",\"itemListElement\":[{\"@type\":\"ListItem\",\"position\":1,\"name\":\"Portada\",\"item\":\"https:\\\/\\\/woorons.com\\\/\"},{\"@type\":\"ListItem\",\"position\":2,\"name\":\"La caricatura del Or\u00e1culo en Vikingos: misticismo y mitolog\u00eda n\u00f3rdica\"}]},{\"@type\":\"WebSite\",\"@id\":\"https:\\\/\\\/woorons.com\\\/#website\",\"url\":\"https:\\\/\\\/woorons.com\\\/\",\"name\":\"WO Orons Art\",\"description\":\"&quot;Caricaturas, Retratos, Fan Art, Ilustraci\u00f3n&quot;\",\"publisher\":{\"@id\":\"https:\\\/\\\/woorons.com\\\/#\\\/schema\\\/person\\\/85b4229ce0694a31b5f128dc047161e8\"},\"potentialAction\":[{\"@type\":\"SearchAction\",\"target\":{\"@type\":\"EntryPoint\",\"urlTemplate\":\"https:\\\/\\\/woorons.com\\\/?s={search_term_string}\"},\"query-input\":{\"@type\":\"PropertyValueSpecification\",\"valueRequired\":true,\"valueName\":\"search_term_string\"}}],\"inLanguage\":\"sv-SE\"},{\"@type\":[\"Person\",\"Organization\"],\"@id\":\"https:\\\/\\\/woorons.com\\\/#\\\/schema\\\/person\\\/85b4229ce0694a31b5f128dc047161e8\",\"name\":\"Wo Orons\",\"image\":{\"@type\":\"ImageObject\",\"inLanguage\":\"sv-SE\",\"@id\":\"https:\\\/\\\/i0.wp.com\\\/woorons.com\\\/wp-content\\\/uploads\\\/2025\\\/03\\\/logotipo-woorons.jpg?fit=595%2C516&ssl=1\",\"url\":\"https:\\\/\\\/i0.wp.com\\\/woorons.com\\\/wp-content\\\/uploads\\\/2025\\\/03\\\/logotipo-woorons.jpg?fit=595%2C516&ssl=1\",\"contentUrl\":\"https:\\\/\\\/i0.wp.com\\\/woorons.com\\\/wp-content\\\/uploads\\\/2025\\\/03\\\/logotipo-woorons.jpg?fit=595%2C516&ssl=1\",\"width\":595,\"height\":516,\"caption\":\"Wo Orons\"},\"logo\":{\"@id\":\"https:\\\/\\\/i0.wp.com\\\/woorons.com\\\/wp-content\\\/uploads\\\/2025\\\/03\\\/logotipo-woorons.jpg?fit=595%2C516&ssl=1\"},\"sameAs\":[\"http:\\\/\\\/orons-art.wordpress.com\"],\"url\":\"https:\\\/\\\/woorons.com\\\/sv\\\/author\\\/orons\\\/\"}]}<\/script>\n<!-- \/ Yoast SEO plugin. -->","yoast_head_json":{"title":"La caricatura del Or\u00e1culo en Vikingos: misticismo y mitolog\u00eda n\u00f3rdica - WO Orons Art","robots":{"index":"index","follow":"follow","max-snippet":"max-snippet:-1","max-image-preview":"max-image-preview:large","max-video-preview":"max-video-preview:-1"},"canonical":"https:\/\/woorons.com\/sv\/2024\/06\/04\/caricaturas-de-famosos-serie-vikingos-dibujo\/","og_locale":"sv_SE","og_type":"article","og_title":"La caricatura del Or\u00e1culo en Vikingos: misticismo y mitolog\u00eda n\u00f3rdica - WO Orons Art","og_description":"Descubre el papel crucial del Or\u00e1culo en la serie \"Vikingos\". Explora su impacto en la trama, su conexi\u00f3n con la mitolog\u00eda n\u00f3rdica y su influencia en los personajes principales.","og_url":"https:\/\/woorons.com\/sv\/2024\/06\/04\/caricaturas-de-famosos-serie-vikingos-dibujo\/","og_site_name":"WO Orons Art","article_published_time":"2024-06-04T10:49:29+00:00","article_modified_time":"2024-06-07T04:44:17+00:00","og_image":[{"width":1200,"height":675,"url":"https:\/\/i0.wp.com\/woorons.com\/wp-content\/uploads\/2024\/06\/caricaturas-de-famosos-el-oraculo-de-la-serie-vikingos-por-woorons.jpg?fit=1200%2C675&ssl=1","type":"image\/jpeg"}],"author":"Wo Orons","twitter_card":"summary_large_image","twitter_misc":{"Skriven av":"Wo Orons","Ber\u00e4knad l\u00e4stid":"5 minuter"},"schema":{"@context":"https:\/\/schema.org","@graph":[{"@type":"Article","@id":"https:\/\/woorons.com\/2024\/06\/04\/caricaturas-de-famosos-serie-vikingos-dibujo\/#article","isPartOf":{"@id":"https:\/\/woorons.com\/2024\/06\/04\/caricaturas-de-famosos-serie-vikingos-dibujo\/"},"author":{"name":"Wo Orons","@id":"https:\/\/woorons.com\/#\/schema\/person\/85b4229ce0694a31b5f128dc047161e8"},"headline":"La caricatura del Or\u00e1culo en Vikingos: misticismo y mitolog\u00eda n\u00f3rdica","datePublished":"2024-06-04T10:49:29+00:00","dateModified":"2024-06-07T04:44:17+00:00","mainEntityOfPage":{"@id":"https:\/\/woorons.com\/2024\/06\/04\/caricaturas-de-famosos-serie-vikingos-dibujo\/"},"wordCount":1091,"commentCount":0,"publisher":{"@id":"https:\/\/woorons.com\/#\/schema\/person\/85b4229ce0694a31b5f128dc047161e8"},"image":{"@id":"https:\/\/woorons.com\/2024\/06\/04\/caricaturas-de-famosos-serie-vikingos-dibujo\/#primaryimage"},"thumbnailUrl":"https:\/\/i0.wp.com\/woorons.com\/wp-content\/uploads\/2024\/06\/caricaturas-de-famosos-el-oraculo-de-la-serie-vikingos-por-woorons.jpg?fit=1200%2C675&ssl=1","keywords":["Art drawing","Caricaturas de famosos","Caricaturas por encargo","Caricatures","Dibujos","Drawing","Tradicional"],"articleSection":["Caricaturas de famosos","Caricaturas por encargo"],"inLanguage":"sv-SE","potentialAction":[{"@type":"CommentAction","name":"Comment","target":["https:\/\/woorons.com\/2024\/06\/04\/caricaturas-de-famosos-serie-vikingos-dibujo\/#respond"]}]},{"@type":"WebPage","@id":"https:\/\/woorons.com\/2024\/06\/04\/caricaturas-de-famosos-serie-vikingos-dibujo\/","url":"https:\/\/woorons.com\/2024\/06\/04\/caricaturas-de-famosos-serie-vikingos-dibujo\/","name":"La caricatura del Or\u00e1culo en Vikingos: misticismo y mitolog\u00eda n\u00f3rdica - WO Orons Art","isPartOf":{"@id":"https:\/\/woorons.com\/#website"},"primaryImageOfPage":{"@id":"https:\/\/woorons.com\/2024\/06\/04\/caricaturas-de-famosos-serie-vikingos-dibujo\/#primaryimage"},"image":{"@id":"https:\/\/woorons.com\/2024\/06\/04\/caricaturas-de-famosos-serie-vikingos-dibujo\/#primaryimage"},"thumbnailUrl":"https:\/\/i0.wp.com\/woorons.com\/wp-content\/uploads\/2024\/06\/caricaturas-de-famosos-el-oraculo-de-la-serie-vikingos-por-woorons.jpg?fit=1200%2C675&ssl=1","datePublished":"2024-06-04T10:49:29+00:00","dateModified":"2024-06-07T04:44:17+00:00","breadcrumb":{"@id":"https:\/\/woorons.com\/2024\/06\/04\/caricaturas-de-famosos-serie-vikingos-dibujo\/#breadcrumb"},"inLanguage":"sv-SE","potentialAction":[{"@type":"ReadAction","target":["https:\/\/woorons.com\/2024\/06\/04\/caricaturas-de-famosos-serie-vikingos-dibujo\/"]}]},{"@type":"ImageObject","inLanguage":"sv-SE","@id":"https:\/\/woorons.com\/2024\/06\/04\/caricaturas-de-famosos-serie-vikingos-dibujo\/#primaryimage","url":"https:\/\/i0.wp.com\/woorons.com\/wp-content\/uploads\/2024\/06\/caricaturas-de-famosos-el-oraculo-de-la-serie-vikingos-por-woorons.jpg?fit=1200%2C675&ssl=1","contentUrl":"https:\/\/i0.wp.com\/woorons.com\/wp-content\/uploads\/2024\/06\/caricaturas-de-famosos-el-oraculo-de-la-serie-vikingos-por-woorons.jpg?fit=1200%2C675&ssl=1","width":1200,"height":675,"caption":"Caricaturas de famosos. Caricatura de EL Or\u00e1culo de la serie Vikingos"},{"@type":"BreadcrumbList","@id":"https:\/\/woorons.com\/2024\/06\/04\/caricaturas-de-famosos-serie-vikingos-dibujo\/#breadcrumb","itemListElement":[{"@type":"ListItem","position":1,"name":"Portada","item":"https:\/\/woorons.com\/"},{"@type":"ListItem","position":2,"name":"La caricatura del Or\u00e1culo en Vikingos: misticismo y mitolog\u00eda n\u00f3rdica"}]},{"@type":"WebSite","@id":"https:\/\/woorons.com\/#website","url":"https:\/\/woorons.com\/","name":"WO Orons Art","description":"&quot;Caricaturas, Retratos, Fan Art, Ilustraci\u00f3n&quot;","publisher":{"@id":"https:\/\/woorons.com\/#\/schema\/person\/85b4229ce0694a31b5f128dc047161e8"},"potentialAction":[{"@type":"SearchAction","target":{"@type":"EntryPoint","urlTemplate":"https:\/\/woorons.com\/?s={search_term_string}"},"query-input":{"@type":"PropertyValueSpecification","valueRequired":true,"valueName":"search_term_string"}}],"inLanguage":"sv-SE"},{"@type":["Person","Organization"],"@id":"https:\/\/woorons.com\/#\/schema\/person\/85b4229ce0694a31b5f128dc047161e8","name":"Wo Orons","image":{"@type":"ImageObject","inLanguage":"sv-SE","@id":"https:\/\/i0.wp.com\/woorons.com\/wp-content\/uploads\/2025\/03\/logotipo-woorons.jpg?fit=595%2C516&ssl=1","url":"https:\/\/i0.wp.com\/woorons.com\/wp-content\/uploads\/2025\/03\/logotipo-woorons.jpg?fit=595%2C516&ssl=1","contentUrl":"https:\/\/i0.wp.com\/woorons.com\/wp-content\/uploads\/2025\/03\/logotipo-woorons.jpg?fit=595%2C516&ssl=1","width":595,"height":516,"caption":"Wo Orons"},"logo":{"@id":"https:\/\/i0.wp.com\/woorons.com\/wp-content\/uploads\/2025\/03\/logotipo-woorons.jpg?fit=595%2C516&ssl=1"},"sameAs":["http:\/\/orons-art.wordpress.com"],"url":"https:\/\/woorons.com\/sv\/author\/orons\/"}]}},"jetpack_publicize_connections":[],"jetpack_likes_enabled":true,"jetpack_sharing_enabled":true,"jetpack_shortlink":"https:\/\/wp.me\/p43FXj-29g","jetpack-related-posts":[],"jetpack_featured_media_url":"https:\/\/i0.wp.com\/woorons.com\/wp-content\/uploads\/2024\/06\/caricaturas-de-famosos-el-oraculo-de-la-serie-vikingos-por-woorons.jpg?fit=1200%2C675&ssl=1","_links":{"self":[{"href":"https:\/\/woorons.com\/sv\/wp-json\/wp\/v2\/posts\/8262","targetHints":{"allow":["GET"]}}],"collection":[{"href":"https:\/\/woorons.com\/sv\/wp-json\/wp\/v2\/posts"}],"about":[{"href":"https:\/\/woorons.com\/sv\/wp-json\/wp\/v2\/types\/post"}],"author":[{"embeddable":true,"href":"https:\/\/woorons.com\/sv\/wp-json\/wp\/v2\/users\/21194217"}],"replies":[{"embeddable":true,"href":"https:\/\/woorons.com\/sv\/wp-json\/wp\/v2\/comments?post=8262"}],"version-history":[{"count":11,"href":"https:\/\/woorons.com\/sv\/wp-json\/wp\/v2\/posts\/8262\/revisions"}],"predecessor-version":[{"id":8279,"href":"https:\/\/woorons.com\/sv\/wp-json\/wp\/v2\/posts\/8262\/revisions\/8279"}],"wp:featuredmedia":[{"embeddable":true,"href":"https:\/\/woorons.com\/sv\/wp-json\/wp\/v2\/media\/8272"}],"wp:attachment":[{"href":"https:\/\/woorons.com\/sv\/wp-json\/wp\/v2\/media?parent=8262"}],"wp:term":[{"taxonomy":"category","embeddable":true,"href":"https:\/\/woorons.com\/sv\/wp-json\/wp\/v2\/categories?post=8262"},{"taxonomy":"post_tag","embeddable":true,"href":"https:\/\/woorons.com\/sv\/wp-json\/wp\/v2\/tags?post=8262"}],"curies":[{"name":"wp","href":"https:\/\/api.w.org\/{rel}","templated":true}]}}