{"id":5551,"date":"2023-11-14T10:32:44","date_gmt":"2023-11-14T09:32:44","guid":{"rendered":"https:\/\/woorons.com\/?p=5551"},"modified":"2024-11-13T13:58:36","modified_gmt":"2024-11-13T12:58:36","slug":"que-son-los-colores-complementarios","status":"publish","type":"post","link":"https:\/\/woorons.com\/sv\/2023\/11\/14\/que-son-los-colores-complementarios\/","title":{"rendered":"Qu\u00e9 son los colores complementarios?"},"content":{"rendered":"<div class=\"wp-block-columns jetpack-paywall-simple is-layout-flex wp-container-core-columns-is-layout-9ba6dbca wp-block-columns-is-layout-flex\" style=\"display: inline-block; width: 90%\">\n    \n    <div class=\"wp-block-column is-layout-flow wp-block-column-is-layout-flow\" style=\"background-color: #F6F7F7; padding: 32px; 24px;\">\n        \n        <h2 class=\"has-text-align-center wp-block-heading\" style=\"margin: 0 0 12px; font-weight: 600;\">Prenumerera f\u00f6r att forts\u00e4tta l\u00e4sa<\/h2>\n        \n        \n        <p class=\"has-text-align-center wp-block-paragraph\"\n           style=\"text-align: center;                  color: #50575E;                  font-weight: 400;                  font-size: 16px;                  font-family: 'SF Pro Text', sans-serif;                  line-height: 28.8px;\">\n        Det \u00e4r ett prenumerantexklusivt inl\u00e4gg. Prenumerera f\u00f6r att f\u00e5 tillg\u00e5ng till resten av det h\u00e4r inl\u00e4gget och annat prenumerantexklusivt inneh\u00e5ll.\n        <\/p>\n        \n        \n        <div class=\"wp-block-buttons is-layout-flex wp-block-buttons-is-layout-flex\" style=\"text-align: center;\">\n            \n            <div class=\"wp-block-button\" style=\"display: inline-block; margin: 10px 0; border-style: none; padding: 0;\">\n                <a href=\"https:\/\/woorons.com\/sv\/?post_type=post&#038;p=5551\" class=\"wp-block-button__link wp-element-button\"\n                   data-wpcom-track data-tracks-link-desc=\"paywall-email-click\"\n                   style=\"display: inline-block;                          padding: 12px 15px;                          background-color: #3858e9;                          color: #FFFFFF;                          text-decoration: none;                          border-radius: 5px;                          font-family: 'SF Pro Display', sans-serif;                          font-weight: 500;                          font-size: 16px;                          text-align: center;\">Prenumerera<\/a>\n            <\/div>\n            \n        <\/div>\n        \n    <\/div>\n    \n<\/div>","protected":false},"excerpt":{"rendered":"<p>Los colores complementarios, se encuentran opuestos en el c\u00edrculo crom\u00e1tico y al combinarse generan un contraste visual muy atractivo y armonioso.<\/p>","protected":false},"author":21194217,"featured_media":5559,"comment_status":"open","ping_status":"closed","sticky":false,"template":"","format":"standard","meta":{"_coblocks_attr":"","_coblocks_dimensions":"","_coblocks_responsive_height":"","_coblocks_accordion_ie_support":"","_jetpack_newsletter_access":"subscribers","_jetpack_dont_email_post_to_subs":false,"_jetpack_newsletter_tier_id":0,"_jetpack_memberships_contains_paywalled_content":true,"_wpcom_ai_launchpad_first_post":false,"_jetpack_feature_clip_id":0,"_jetpack_memberships_contains_paid_content":false,"footnotes":"","jetpack_publicize_message":"","jetpack_publicize_feature_enabled":true,"jetpack_social_post_already_shared":false,"jetpack_social_options":{"image_generator_settings":{"template":"highway","enabled":false},"version":2},"jetpack_post_was_ever_published":false},"categories":[6942],"tags":[789851949,789851938,789851953,789851945],"class_list":["post-5551","post","type-post","status-publish","format-standard","has-post-thumbnail","hentry","category-academia","tag-dibujos","tag-ilustracion","tag-pintura","tag-tecnica"],"yoast_head":"<!-- This site is optimized with the Yoast SEO plugin v28.4 - https:\/\/yoast.com\/product\/yoast-seo-wordpress\/ -->\n<title>Qu\u00e9 son los colores complementarios? - WO Orons Art<\/title>\n<meta name=\"robots\" content=\"index, follow, max-snippet:-1, max-image-preview:large, max-video-preview:-1\" \/>\n<link rel=\"canonical\" href=\"https:\/\/woorons.com\/sv\/2023\/11\/14\/que-son-los-colores-complementarios\/\" \/>\n<meta property=\"og:locale\" content=\"sv_SE\" \/>\n<meta property=\"og:type\" content=\"article\" \/>\n<meta property=\"og:title\" content=\"Qu\u00e9 son los colores complementarios? - WO Orons Art\" \/>\n<meta property=\"og:description\" content=\"Los colores complementarios, se encuentran opuestos en el c\u00edrculo crom\u00e1tico y al combinarse generan un contraste visual muy atractivo y armonioso.\" \/>\n<meta property=\"og:url\" content=\"https:\/\/woorons.com\/sv\/2023\/11\/14\/que-son-los-colores-complementarios\/\" \/>\n<meta property=\"og:site_name\" content=\"WO Orons Art\" \/>\n<meta property=\"article:published_time\" content=\"2023-11-14T09:32:44+00:00\" \/>\n<meta property=\"article:modified_time\" content=\"2024-11-13T12:58:36+00:00\" \/>\n<meta property=\"og:image\" content=\"https:\/\/i0.wp.com\/woorons.com\/wp-content\/uploads\/2023\/11\/colore-complementarios-sorolla.jpg?fit=1200%2C675&ssl=1\" \/>\n\t<meta property=\"og:image:width\" content=\"1200\" \/>\n\t<meta property=\"og:image:height\" content=\"675\" \/>\n\t<meta property=\"og:image:type\" content=\"image\/jpeg\" \/>\n<meta name=\"author\" content=\"Wo Orons\" \/>\n<meta name=\"twitter:card\" content=\"summary_large_image\" \/>\n<meta name=\"twitter:label1\" content=\"Skriven av\" \/>\n\t<meta name=\"twitter:data1\" content=\"Wo Orons\" \/>\n\t<meta name=\"twitter:label2\" content=\"Ber\u00e4knad l\u00e4stid\" \/>\n\t<meta name=\"twitter:data2\" content=\"2 minuter\" \/>\n<script type=\"application\/ld+json\" class=\"yoast-schema-graph\">{\"@context\":\"https:\\\/\\\/schema.org\",\"@graph\":[{\"@type\":\"Article\",\"@id\":\"https:\\\/\\\/woorons.com\\\/2023\\\/11\\\/14\\\/que-son-los-colores-complementarios\\\/#article\",\"isPartOf\":{\"@id\":\"https:\\\/\\\/woorons.com\\\/2023\\\/11\\\/14\\\/que-son-los-colores-complementarios\\\/\"},\"author\":{\"name\":\"Wo Orons\",\"@id\":\"https:\\\/\\\/woorons.com\\\/#\\\/schema\\\/person\\\/85b4229ce0694a31b5f128dc047161e8\"},\"headline\":\"Qu\u00e9 son los colores complementarios?\",\"datePublished\":\"2023-11-14T09:32:44+00:00\",\"dateModified\":\"2024-11-13T12:58:36+00:00\",\"mainEntityOfPage\":{\"@id\":\"https:\\\/\\\/woorons.com\\\/2023\\\/11\\\/14\\\/que-son-los-colores-complementarios\\\/\"},\"wordCount\":491,\"commentCount\":0,\"publisher\":{\"@id\":\"https:\\\/\\\/woorons.com\\\/#\\\/schema\\\/person\\\/85b4229ce0694a31b5f128dc047161e8\"},\"image\":{\"@id\":\"https:\\\/\\\/woorons.com\\\/2023\\\/11\\\/14\\\/que-son-los-colores-complementarios\\\/#primaryimage\"},\"thumbnailUrl\":\"https:\\\/\\\/i0.wp.com\\\/woorons.com\\\/wp-content\\\/uploads\\\/2023\\\/11\\\/colore-complementarios-sorolla.jpg?fit=1200%2C675&ssl=1\",\"keywords\":[\"Dibujos\",\"Ilustraci\u00f3n\",\"Pintura\",\"T\u00e9cnica\"],\"articleSection\":[\"Academia\"],\"inLanguage\":\"sv-SE\",\"potentialAction\":[{\"@type\":\"CommentAction\",\"name\":\"Comment\",\"target\":[\"https:\\\/\\\/woorons.com\\\/2023\\\/11\\\/14\\\/que-son-los-colores-complementarios\\\/#respond\"]}]},{\"@type\":\"WebPage\",\"@id\":\"https:\\\/\\\/woorons.com\\\/2023\\\/11\\\/14\\\/que-son-los-colores-complementarios\\\/\",\"url\":\"https:\\\/\\\/woorons.com\\\/2023\\\/11\\\/14\\\/que-son-los-colores-complementarios\\\/\",\"name\":\"Qu\u00e9 son los colores complementarios? - WO Orons Art\",\"isPartOf\":{\"@id\":\"https:\\\/\\\/woorons.com\\\/#website\"},\"primaryImageOfPage\":{\"@id\":\"https:\\\/\\\/woorons.com\\\/2023\\\/11\\\/14\\\/que-son-los-colores-complementarios\\\/#primaryimage\"},\"image\":{\"@id\":\"https:\\\/\\\/woorons.com\\\/2023\\\/11\\\/14\\\/que-son-los-colores-complementarios\\\/#primaryimage\"},\"thumbnailUrl\":\"https:\\\/\\\/i0.wp.com\\\/woorons.com\\\/wp-content\\\/uploads\\\/2023\\\/11\\\/colore-complementarios-sorolla.jpg?fit=1200%2C675&ssl=1\",\"datePublished\":\"2023-11-14T09:32:44+00:00\",\"dateModified\":\"2024-11-13T12:58:36+00:00\",\"breadcrumb\":{\"@id\":\"https:\\\/\\\/woorons.com\\\/2023\\\/11\\\/14\\\/que-son-los-colores-complementarios\\\/#breadcrumb\"},\"inLanguage\":\"sv-SE\",\"potentialAction\":[{\"@type\":\"ReadAction\",\"target\":[\"https:\\\/\\\/woorons.com\\\/2023\\\/11\\\/14\\\/que-son-los-colores-complementarios\\\/\"]}]},{\"@type\":\"ImageObject\",\"inLanguage\":\"sv-SE\",\"@id\":\"https:\\\/\\\/woorons.com\\\/2023\\\/11\\\/14\\\/que-son-los-colores-complementarios\\\/#primaryimage\",\"url\":\"https:\\\/\\\/i0.wp.com\\\/woorons.com\\\/wp-content\\\/uploads\\\/2023\\\/11\\\/colore-complementarios-sorolla.jpg?fit=1200%2C675&ssl=1\",\"contentUrl\":\"https:\\\/\\\/i0.wp.com\\\/woorons.com\\\/wp-content\\\/uploads\\\/2023\\\/11\\\/colore-complementarios-sorolla.jpg?fit=1200%2C675&ssl=1\",\"width\":1200,\"height\":675,\"caption\":\"\\\"Imagen ilustrativa para una nota del blog con un cuadro de Joaqu\u00edn Sorolla\\\"\"},{\"@type\":\"BreadcrumbList\",\"@id\":\"https:\\\/\\\/woorons.com\\\/2023\\\/11\\\/14\\\/que-son-los-colores-complementarios\\\/#breadcrumb\",\"itemListElement\":[{\"@type\":\"ListItem\",\"position\":1,\"name\":\"Portada\",\"item\":\"https:\\\/\\\/woorons.com\\\/\"},{\"@type\":\"ListItem\",\"position\":2,\"name\":\"Qu\u00e9 son los colores complementarios?\"}]},{\"@type\":\"WebSite\",\"@id\":\"https:\\\/\\\/woorons.com\\\/#website\",\"url\":\"https:\\\/\\\/woorons.com\\\/\",\"name\":\"WO Orons Art\",\"description\":\"&quot;Caricaturas, Retratos, Fan Art, Ilustraci\u00f3n&quot;\",\"publisher\":{\"@id\":\"https:\\\/\\\/woorons.com\\\/#\\\/schema\\\/person\\\/85b4229ce0694a31b5f128dc047161e8\"},\"potentialAction\":[{\"@type\":\"SearchAction\",\"target\":{\"@type\":\"EntryPoint\",\"urlTemplate\":\"https:\\\/\\\/woorons.com\\\/?s={search_term_string}\"},\"query-input\":{\"@type\":\"PropertyValueSpecification\",\"valueRequired\":true,\"valueName\":\"search_term_string\"}}],\"inLanguage\":\"sv-SE\"},{\"@type\":[\"Person\",\"Organization\"],\"@id\":\"https:\\\/\\\/woorons.com\\\/#\\\/schema\\\/person\\\/85b4229ce0694a31b5f128dc047161e8\",\"name\":\"Wo Orons\",\"image\":{\"@type\":\"ImageObject\",\"inLanguage\":\"sv-SE\",\"@id\":\"https:\\\/\\\/i0.wp.com\\\/woorons.com\\\/wp-content\\\/uploads\\\/2025\\\/03\\\/logotipo-woorons.jpg?fit=595%2C516&ssl=1\",\"url\":\"https:\\\/\\\/i0.wp.com\\\/woorons.com\\\/wp-content\\\/uploads\\\/2025\\\/03\\\/logotipo-woorons.jpg?fit=595%2C516&ssl=1\",\"contentUrl\":\"https:\\\/\\\/i0.wp.com\\\/woorons.com\\\/wp-content\\\/uploads\\\/2025\\\/03\\\/logotipo-woorons.jpg?fit=595%2C516&ssl=1\",\"width\":595,\"height\":516,\"caption\":\"Wo Orons\"},\"logo\":{\"@id\":\"https:\\\/\\\/i0.wp.com\\\/woorons.com\\\/wp-content\\\/uploads\\\/2025\\\/03\\\/logotipo-woorons.jpg?fit=595%2C516&ssl=1\"},\"sameAs\":[\"http:\\\/\\\/orons-art.wordpress.com\"],\"url\":\"https:\\\/\\\/woorons.com\\\/sv\\\/author\\\/orons\\\/\"}]}<\/script>\n<!-- \/ Yoast SEO plugin. -->","yoast_head_json":{"title":"Qu\u00e9 son los colores complementarios? - WO Orons Art","robots":{"index":"index","follow":"follow","max-snippet":"max-snippet:-1","max-image-preview":"max-image-preview:large","max-video-preview":"max-video-preview:-1"},"canonical":"https:\/\/woorons.com\/sv\/2023\/11\/14\/que-son-los-colores-complementarios\/","og_locale":"sv_SE","og_type":"article","og_title":"Qu\u00e9 son los colores complementarios? - WO Orons Art","og_description":"Los colores complementarios, se encuentran opuestos en el c\u00edrculo crom\u00e1tico y al combinarse generan un contraste visual muy atractivo y armonioso.","og_url":"https:\/\/woorons.com\/sv\/2023\/11\/14\/que-son-los-colores-complementarios\/","og_site_name":"WO Orons Art","article_published_time":"2023-11-14T09:32:44+00:00","article_modified_time":"2024-11-13T12:58:36+00:00","og_image":[{"width":1200,"height":675,"url":"https:\/\/i0.wp.com\/woorons.com\/wp-content\/uploads\/2023\/11\/colore-complementarios-sorolla.jpg?fit=1200%2C675&ssl=1","type":"image\/jpeg"}],"author":"Wo Orons","twitter_card":"summary_large_image","twitter_misc":{"Skriven av":"Wo Orons","Ber\u00e4knad l\u00e4stid":"2 minuter"},"schema":{"@context":"https:\/\/schema.org","@graph":[{"@type":"Article","@id":"https:\/\/woorons.com\/2023\/11\/14\/que-son-los-colores-complementarios\/#article","isPartOf":{"@id":"https:\/\/woorons.com\/2023\/11\/14\/que-son-los-colores-complementarios\/"},"author":{"name":"Wo Orons","@id":"https:\/\/woorons.com\/#\/schema\/person\/85b4229ce0694a31b5f128dc047161e8"},"headline":"Qu\u00e9 son los colores complementarios?","datePublished":"2023-11-14T09:32:44+00:00","dateModified":"2024-11-13T12:58:36+00:00","mainEntityOfPage":{"@id":"https:\/\/woorons.com\/2023\/11\/14\/que-son-los-colores-complementarios\/"},"wordCount":491,"commentCount":0,"publisher":{"@id":"https:\/\/woorons.com\/#\/schema\/person\/85b4229ce0694a31b5f128dc047161e8"},"image":{"@id":"https:\/\/woorons.com\/2023\/11\/14\/que-son-los-colores-complementarios\/#primaryimage"},"thumbnailUrl":"https:\/\/i0.wp.com\/woorons.com\/wp-content\/uploads\/2023\/11\/colore-complementarios-sorolla.jpg?fit=1200%2C675&ssl=1","keywords":["Dibujos","Ilustraci\u00f3n","Pintura","T\u00e9cnica"],"articleSection":["Academia"],"inLanguage":"sv-SE","potentialAction":[{"@type":"CommentAction","name":"Comment","target":["https:\/\/woorons.com\/2023\/11\/14\/que-son-los-colores-complementarios\/#respond"]}]},{"@type":"WebPage","@id":"https:\/\/woorons.com\/2023\/11\/14\/que-son-los-colores-complementarios\/","url":"https:\/\/woorons.com\/2023\/11\/14\/que-son-los-colores-complementarios\/","name":"Qu\u00e9 son los colores complementarios? - WO Orons Art","isPartOf":{"@id":"https:\/\/woorons.com\/#website"},"primaryImageOfPage":{"@id":"https:\/\/woorons.com\/2023\/11\/14\/que-son-los-colores-complementarios\/#primaryimage"},"image":{"@id":"https:\/\/woorons.com\/2023\/11\/14\/que-son-los-colores-complementarios\/#primaryimage"},"thumbnailUrl":"https:\/\/i0.wp.com\/woorons.com\/wp-content\/uploads\/2023\/11\/colore-complementarios-sorolla.jpg?fit=1200%2C675&ssl=1","datePublished":"2023-11-14T09:32:44+00:00","dateModified":"2024-11-13T12:58:36+00:00","breadcrumb":{"@id":"https:\/\/woorons.com\/2023\/11\/14\/que-son-los-colores-complementarios\/#breadcrumb"},"inLanguage":"sv-SE","potentialAction":[{"@type":"ReadAction","target":["https:\/\/woorons.com\/2023\/11\/14\/que-son-los-colores-complementarios\/"]}]},{"@type":"ImageObject","inLanguage":"sv-SE","@id":"https:\/\/woorons.com\/2023\/11\/14\/que-son-los-colores-complementarios\/#primaryimage","url":"https:\/\/i0.wp.com\/woorons.com\/wp-content\/uploads\/2023\/11\/colore-complementarios-sorolla.jpg?fit=1200%2C675&ssl=1","contentUrl":"https:\/\/i0.wp.com\/woorons.com\/wp-content\/uploads\/2023\/11\/colore-complementarios-sorolla.jpg?fit=1200%2C675&ssl=1","width":1200,"height":675,"caption":"\"Imagen ilustrativa para una nota del blog con un cuadro de Joaqu\u00edn Sorolla\""},{"@type":"BreadcrumbList","@id":"https:\/\/woorons.com\/2023\/11\/14\/que-son-los-colores-complementarios\/#breadcrumb","itemListElement":[{"@type":"ListItem","position":1,"name":"Portada","item":"https:\/\/woorons.com\/"},{"@type":"ListItem","position":2,"name":"Qu\u00e9 son los colores complementarios?"}]},{"@type":"WebSite","@id":"https:\/\/woorons.com\/#website","url":"https:\/\/woorons.com\/","name":"WO Orons Art","description":"&quot;Caricaturas, Retratos, Fan Art, Ilustraci\u00f3n&quot;","publisher":{"@id":"https:\/\/woorons.com\/#\/schema\/person\/85b4229ce0694a31b5f128dc047161e8"},"potentialAction":[{"@type":"SearchAction","target":{"@type":"EntryPoint","urlTemplate":"https:\/\/woorons.com\/?s={search_term_string}"},"query-input":{"@type":"PropertyValueSpecification","valueRequired":true,"valueName":"search_term_string"}}],"inLanguage":"sv-SE"},{"@type":["Person","Organization"],"@id":"https:\/\/woorons.com\/#\/schema\/person\/85b4229ce0694a31b5f128dc047161e8","name":"Wo Orons","image":{"@type":"ImageObject","inLanguage":"sv-SE","@id":"https:\/\/i0.wp.com\/woorons.com\/wp-content\/uploads\/2025\/03\/logotipo-woorons.jpg?fit=595%2C516&ssl=1","url":"https:\/\/i0.wp.com\/woorons.com\/wp-content\/uploads\/2025\/03\/logotipo-woorons.jpg?fit=595%2C516&ssl=1","contentUrl":"https:\/\/i0.wp.com\/woorons.com\/wp-content\/uploads\/2025\/03\/logotipo-woorons.jpg?fit=595%2C516&ssl=1","width":595,"height":516,"caption":"Wo Orons"},"logo":{"@id":"https:\/\/i0.wp.com\/woorons.com\/wp-content\/uploads\/2025\/03\/logotipo-woorons.jpg?fit=595%2C516&ssl=1"},"sameAs":["http:\/\/orons-art.wordpress.com"],"url":"https:\/\/woorons.com\/sv\/author\/orons\/"}]}},"jetpack_publicize_connections":[],"jetpack_likes_enabled":true,"jetpack_sharing_enabled":true,"jetpack_shortlink":"https:\/\/wp.me\/p43FXj-1rx","jetpack-related-posts":[],"jetpack_featured_media_url":"https:\/\/i0.wp.com\/woorons.com\/wp-content\/uploads\/2023\/11\/colore-complementarios-sorolla.jpg?fit=1200%2C675&ssl=1","_links":{"self":[{"href":"https:\/\/woorons.com\/sv\/wp-json\/wp\/v2\/posts\/5551","targetHints":{"allow":["GET"]}}],"collection":[{"href":"https:\/\/woorons.com\/sv\/wp-json\/wp\/v2\/posts"}],"about":[{"href":"https:\/\/woorons.com\/sv\/wp-json\/wp\/v2\/types\/post"}],"author":[{"embeddable":true,"href":"https:\/\/woorons.com\/sv\/wp-json\/wp\/v2\/users\/21194217"}],"replies":[{"embeddable":true,"href":"https:\/\/woorons.com\/sv\/wp-json\/wp\/v2\/comments?post=5551"}],"version-history":[{"count":7,"href":"https:\/\/woorons.com\/sv\/wp-json\/wp\/v2\/posts\/5551\/revisions"}],"predecessor-version":[{"id":9259,"href":"https:\/\/woorons.com\/sv\/wp-json\/wp\/v2\/posts\/5551\/revisions\/9259"}],"wp:featuredmedia":[{"embeddable":true,"href":"https:\/\/woorons.com\/sv\/wp-json\/wp\/v2\/media\/5559"}],"wp:attachment":[{"href":"https:\/\/woorons.com\/sv\/wp-json\/wp\/v2\/media?parent=5551"}],"wp:term":[{"taxonomy":"category","embeddable":true,"href":"https:\/\/woorons.com\/sv\/wp-json\/wp\/v2\/categories?post=5551"},{"taxonomy":"post_tag","embeddable":true,"href":"https:\/\/woorons.com\/sv\/wp-json\/wp\/v2\/tags?post=5551"}],"curies":[{"name":"wp","href":"https:\/\/api.w.org\/{rel}","templated":true}]}}