{"id":12223,"date":"2025-04-24T19:43:09","date_gmt":"2025-04-24T17:43:09","guid":{"rendered":"https:\/\/woorons.com\/?p=12223"},"modified":"2025-04-24T20:10:04","modified_gmt":"2025-04-24T18:10:04","slug":"el-dia-que-dibuje-al-papa-francisco","status":"publish","type":"post","link":"https:\/\/woorons.com\/sv\/2025\/04\/24\/el-dia-que-dibuje-al-papa-francisco\/","title":{"rendered":"El d\u00eda que dibuj\u00e9 al Papa Francisco"},"content":{"rendered":"<p class=\"has-text-align-justify wp-block-paragraph\">Aunque de ni\u00f1o fui a una escuela cat\u00f3lica, no soy creyente. Fue decisi\u00f3n de mis padres y abuelos que el Santa Mar\u00eda de la Ayuda, fuese mi colegio. As\u00ed que muy lejos de la iglesia siempre he permanecido.<\/p>\n\n\n\n<p class=\"has-text-align-justify wp-block-paragraph\"> Pero cuando asumi\u00f3 el Papa Francisco, la curiosidad por el personaje, tan diferente a otros papas, me llev\u00f3 a hacer un par de retratos de \u00e9l.<\/p>\n\n\n\n<p class=\"has-text-align-justify wp-block-paragraph\">De estos dos trabajos vendimos algunas copias, no sin pol\u00e9mica, ya que nos encontramos con gente que lo adoraba y otros que lo detestaban, y nos dec\u00edan que, por qu\u00e9, lo hab\u00edamos dibujado.<\/p>\n\n\n\n<p class=\"wp-block-paragraph\">Quienes odiaban al nuevo Papa, intentaban boicotear la compra de su retrato.<\/p>\n\n\n\n<p class=\"has-text-align-justify wp-block-paragraph\">Claro est\u00e1, que el perfil y pensamiento de Francisco poco o nada se parec\u00eda al anterior Papa Benedicto XVI.<\/p>\n\n\n\n<p class=\"has-text-align-justify wp-block-paragraph\">En fin, fuimos testigos de discusiones m\u00e1s o menos \u00abelegantes y elocuentes\u00bb entre quienes se acercaban a comprar una copia de nuestro dibujo de Francisco Bergoglio.<\/p>\n\n\n\n<p class=\"wp-block-paragraph\">Podr\u00edamos decir que los enfrentamientos se suced\u00edan de a ratos, con el n\u00famero de contendientes igualado. <\/p>\n\n\n\n<p class=\"wp-block-paragraph\"> Que si era un comunista volchevique, que si no, que si era un enviado del diablo o que era un gran hombre, que revolucionar\u00eda el Vaticano y conseguir\u00eda una apertura de la sede papal.<\/p>\n\n\n\n<p class=\"wp-block-paragraph\">As\u00ed que, fuera de tales conflictos, aqu\u00ed les muestro los dos retratos, que despertaron la furia de unos y el amor y la pasi\u00f3n de otros, adem\u00e1s de un resumen de su biograf\u00eda.<\/p>\n\n\n\n<figure class=\"wp-block-image aligncenter size-large\"><img data-recalc-dims=\"1\" decoding=\"async\" data-attachment-id=\"605\" data-permalink=\"https:\/\/woorons.com\/sv\/retrato-portrait-papa-francisco-orons-ilustration\/\" data-orig-file=\"https:\/\/i0.wp.com\/woorons.com\/wp-content\/uploads\/2013\/10\/retrato-portrait-papa-francisco-orons-ilustration-e1745518238703.jpg?fit=356%2C500&amp;ssl=1\" data-orig-size=\"356,500\" data-comments-opened=\"1\" data-image-meta=\"{&quot;aperture&quot;:&quot;0&quot;,&quot;credit&quot;:&quot;&quot;,&quot;camera&quot;:&quot;&quot;,&quot;caption&quot;:&quot;&quot;,&quot;created_timestamp&quot;:&quot;0&quot;,&quot;copyright&quot;:&quot;&quot;,&quot;focal_length&quot;:&quot;0&quot;,&quot;iso&quot;:&quot;0&quot;,&quot;shutter_speed&quot;:&quot;0&quot;,&quot;title&quot;:&quot;&quot;,&quot;orientation&quot;:&quot;1&quot;}\" data-image-title=\"Retrato del Papa Francisco\" data-image-description=\"&lt;p&gt;Retrato del Papa Francisco&lt;\/p&gt;\" data-image-caption=\"&lt;p&gt;Retrato del Papa Francisco&lt;\/p&gt;\" data-large-file=\"https:\/\/i0.wp.com\/woorons.com\/wp-content\/uploads\/2013\/10\/retrato-portrait-papa-francisco-orons-ilustration-e1745518238703.jpg?fit=356%2C500&amp;ssl=1\" src=\"https:\/\/i0.wp.com\/woorons.com\/wp-content\/uploads\/2013\/10\/retrato-portrait-papa-francisco-orons-ilustration.jpg?ssl=1\" alt=\"Retrato del Papa Francisco\" class=\"wp-image-605\" \/><figcaption class=\"wp-element-caption\">Retrato del Papa Francisco<\/figcaption><\/figure>\n\n\n\n<h2 class=\"wp-block-heading\"><strong>Biograf\u00eda del Papa Francisco: Vida, Obra y Legado<\/strong><\/h2>\n\n\n\n<p class=\"wp-block-paragraph\">El <strong>Papa Francisco<\/strong>, nacido como <strong>Jorge Mario Bergoglio<\/strong>, es el <strong>266\u00ba pont\u00edfice de la Iglesia Cat\u00f3lica<\/strong> y el primer papa de origen <strong>latinoamericano<\/strong>. Su pontificado se ha caracterizado por su <strong>humildad, compromiso con los pobres y llamado a la misericordia<\/strong>. En esta biograf\u00eda detallada, exploraremos su vida, su camino hacia el papado y su impacto en la Iglesia y el mundo.<\/p>\n\n\n\n<h2 class=\"wp-block-heading\"><strong>Infancia y Juventud de Jorge Mario Bergoglio<\/strong><\/h2>\n\n\n\n<h3 class=\"wp-block-heading\"><strong>Nacimiento y Familia<\/strong><\/h3>\n\n\n\n<p class=\"wp-block-paragraph\">Jorge Mario Bergoglio naci\u00f3 el <strong>17 de diciembre de 1936<\/strong> en <strong>Buenos Aires, Argentina<\/strong>. Fue el mayor de cinco hijos de <strong>Mario Bergoglio<\/strong> (contador e inmigrante italiano) y <strong>Regina Mar\u00eda S\u00edvori<\/strong> (ama de casa). Su familia era de clase media y de profundas ra\u00edces cat\u00f3licas.<\/p>\n\n\n\n<h3 class=\"wp-block-heading\"><strong>Educaci\u00f3n y Primeros A\u00f1os<\/strong><\/h3>\n\n\n\n<p class=\"wp-block-paragraph\">Estudi\u00f3 en la <strong>Escuela T\u00e9cnica N\u00b027 Hip\u00f3lito Yrigoyen<\/strong>, donde se gradu\u00f3 como <strong>t\u00e9cnico qu\u00edmico<\/strong>. Sin embargo, desde joven sinti\u00f3 el llamado religioso. A los <strong>21 a\u00f1os<\/strong>, tras recuperarse de una grave neumon\u00eda, decidi\u00f3 entrar al <strong>seminario diocesano de Villa Devoto<\/strong>.<\/p>\n\n\n\n<h2 class=\"wp-block-heading\"><strong>Vida Religiosa y Sacerdocio<\/strong><\/h2>\n\n\n\n<h3 class=\"wp-block-heading\"><strong>Ingreso a la Compa\u00f1\u00eda de Jes\u00fas<\/strong><\/h3>\n\n\n\n<p class=\"wp-block-paragraph\">En <strong>1958<\/strong>, Bergoglio ingres\u00f3 al <strong>noviciado de la Compa\u00f1\u00eda de Jes\u00fas (jesuitas)<\/strong>. Estudi\u00f3 humanidades en Chile y luego filosof\u00eda y teolog\u00eda en el <strong>Colegio M\u00e1ximo de San Jos\u00e9<\/strong>, en Argentina.<\/p>\n\n\n\n<h3 class=\"wp-block-heading\"><strong>Ordenaci\u00f3n Sacerdotal<\/strong><\/h3>\n\n\n\n<p class=\"wp-block-paragraph\">Fue ordenado <strong>sacerdote<\/strong> el <strong>13 de diciembre de 1969<\/strong>. Durante sus primeros a\u00f1os como religioso, se desempe\u00f1\u00f3 como:<\/p>\n\n\n\n<ul class=\"wp-block-list\">\n<li><strong>Maestro de novicios<\/strong><\/li>\n\n\n\n<li><strong>Profesor de teolog\u00eda<\/strong><\/li>\n\n\n\n<li><strong>Superior provincial de los jesuitas en Argentina (1973-1979)<\/strong><\/li>\n<\/ul>\n\n\n\n<p class=\"wp-block-paragraph\">Su liderazgo durante la <strong>dictadura militar argentina (1976-1983)<\/strong> fue controvertido, ya que algunos lo acusaron de no oponerse con suficiente firmeza al r\u00e9gimen, mientras que otros destacaron sus esfuerzos por proteger a perseguidos.<\/p>\n\n\n\n<h2 class=\"wp-block-heading\"><strong>Episcopado y Cardenalato<\/strong><\/h2>\n\n\n\n<h3 class=\"wp-block-heading\"><strong>Obispo y Arzobispo de Buenos Aires<\/strong><\/h3>\n\n\n\n<p class=\"wp-block-paragraph\">En <strong>1992<\/strong>, el <strong>Papa Juan Pablo II<\/strong> lo nombr\u00f3 <strong>obispo auxiliar de Buenos Aires<\/strong>. Luego, en <strong>1998<\/strong>, asumi\u00f3 como <strong>arzobispo de la arquidi\u00f3cesis<\/strong>, donde se destac\u00f3 por:<\/p>\n\n\n\n<ul class=\"wp-block-list\">\n<li><strong>Promover la pastoral social<\/strong><\/li>\n\n\n\n<li><strong>Visitar villas miserias (barrios pobres)<\/strong><\/li>\n\n\n\n<li><strong>Impulsar el di\u00e1logo interreligioso<\/strong><\/li>\n<\/ul>\n\n\n\n<h3 class=\"wp-block-heading\"><strong>Elevaci\u00f3n a Cardenal<\/strong><\/h3>\n\n\n\n<p class=\"wp-block-paragraph\">En <strong>2001<\/strong>, Juan Pablo II lo cre\u00f3 <strong>cardenal<\/strong>, asign\u00e1ndole el t\u00edtulo de <strong>San Roberto Belarmino<\/strong>. Durante el c\u00f3nclave de <strong>2005<\/strong>, fue uno de los principales candidatos al papado, pero finalmente fue elegido <strong>Joseph Ratzinger (Benedicto XVI)<\/strong>.<\/p>\n\n\n\n<h2 class=\"wp-block-heading\"><strong>Elecci\u00f3n como Papa (2013)<\/strong><\/h2>\n\n\n\n<h3 class=\"wp-block-heading\"><strong>Renuncia de Benedicto XVI y C\u00f3nclave<\/strong><\/h3>\n\n\n\n<p class=\"wp-block-paragraph\">El <strong>11 de febrero de 2013<\/strong>, Benedicto XVI anunci\u00f3 su renuncia, un hecho hist\u00f3rico en la Iglesia moderna. El <strong>13 de marzo de 2013<\/strong>, tras dos d\u00edas de c\u00f3nclave, Bergoglio fue elegido <strong>Papa<\/strong>, tomando el nombre de <strong>Francisco<\/strong> en honor a <strong>San Francisco de As\u00eds<\/strong>, s\u00edmbolo de pobreza y humildad.<\/p>\n\n\n\n<h3 class=\"wp-block-heading\"><strong>Primeras Acciones como Pont\u00edfice<\/strong><\/h3>\n\n\n\n<p class=\"wp-block-paragraph\">Desde el inicio, el Papa Francisco marc\u00f3 un estilo diferente:<\/p>\n\n\n\n<ul class=\"wp-block-list\">\n<li><strong>Vivi\u00f3 en la Casa de Santa Marta<\/strong> en lugar del Palacio Apost\u00f3lico.<\/li>\n\n\n\n<li><strong>Opt\u00f3 por gestos de sencillez<\/strong>, como pagar su propia habitaci\u00f3n y usar un auto modesto.<\/li>\n\n\n\n<li><strong>Enfatiz\u00f3 la misericordia<\/strong>, reformas en la Curia Romana y la lucha contra los abusos clericales.<\/li>\n<\/ul>\n\n\n\n<h2 class=\"wp-block-heading\"><strong>Pontificado: Ense\u00f1anzas y Reformas<\/strong><\/h2>\n\n\n\n<h3 class=\"wp-block-heading\"><strong>Enc\u00edclicas y Documentos Importantes<\/strong><\/h3>\n\n\n\n<p class=\"wp-block-paragraph\">El Papa Francisco ha publicado varias enc\u00edclicas clave:<\/p>\n\n\n\n<ol class=\"wp-block-list\">\n<li><strong>\u00abLumen Fidei\u00bb (2013)<\/strong> \u2013 Sobre la fe.<\/li>\n\n\n\n<li><strong>\u00abLaudato Si\u2019\u00bb (2015)<\/strong> \u2013 Sobre el cuidado de la Casa Com\u00fan (ecolog\u00eda integral).<\/li>\n\n\n\n<li><strong>\u00abFratelli Tutti\u00bb (2020)<\/strong> \u2013 Sobre la fraternidad humana.<\/li>\n<\/ol>\n\n\n\n<h3 class=\"wp-block-heading\"><strong>Reforma de la Curia Romana<\/strong><\/h3>\n\n\n\n<p class=\"wp-block-paragraph\">En <strong>2022<\/strong>, promulg\u00f3 la <strong>Constituci\u00f3n Apost\u00f3lica \u00abPraedicate Evangelium\u00bb<\/strong>, reorganizando la estructura del Vaticano para hacerla m\u00e1s misionera y transparente.<\/p>\n\n\n\n<h3 class=\"wp-block-heading\"><strong>Di\u00e1logo Interreligioso y Ecumenismo<\/strong><\/h3>\n\n\n\n<ul class=\"wp-block-list\">\n<li><strong>Primer Papa en visitar Arabia Saudita (2019)<\/strong>.<\/li>\n\n\n\n<li><strong>Encuentros con l\u00edderes ortodoxos<\/strong>, como el Patriarca Bartolom\u00e9 I.<\/li>\n\n\n\n<li><strong>Visita hist\u00f3rica a Irak (2021)<\/strong>, promoviendo la paz entre cristianos y musulmanes.<\/li>\n<\/ul>\n\n\n\n<h3 class=\"wp-block-heading\"><strong>Postura sobre Temas Sociales<\/strong><\/h3>\n\n\n\n<ul class=\"wp-block-list\">\n<li><strong>Defensa de los migrantes y refugiados<\/strong>.<\/li>\n\n\n\n<li><strong>Cr\u00edtica al capitalismo salvaje y la desigualdad<\/strong>.<\/li>\n\n\n\n<li><strong>Llamado a proteger el medioambiente<\/strong>.<\/li>\n<\/ul>\n\n\n\n<h2 class=\"wp-block-heading\"><strong>Salud y Viajes Apost\u00f3licos<\/strong><\/h2>\n\n\n\n<h3 class=\"wp-block-heading\"><strong>Problemas de Salud<\/strong><\/h3>\n\n\n\n<p class=\"wp-block-paragraph\">El Papa Francisco ha enfrentado varios problemas de salud, incluyendo:<\/p>\n\n\n\n<ul class=\"wp-block-list\">\n<li><strong>Cirug\u00eda de colon (2021)<\/strong>.<\/li>\n\n\n\n<li><strong>Problemas en la rodilla (2022-2023)<\/strong>, que lo obligaron a usar silla de ruedas.<\/li>\n<\/ul>\n\n\n\n<p class=\"wp-block-paragraph\">A pesar de ello, ha mantenido una agenda activa.<\/p>\n\n\n\n<h3 class=\"wp-block-heading\"><strong>Viajes Internacionales<\/strong><\/h3>\n\n\n\n<p class=\"wp-block-paragraph\">Ha visitado m\u00e1s de <strong>50 pa\u00edses<\/strong>, destac\u00e1ndose sus viajes a:<\/p>\n\n\n\n<ul class=\"wp-block-list\">\n<li><strong>Tierra Santa (2014)<\/strong> \u2013 Encuentro con el Patriarca Ortodoxo.<\/li>\n\n\n\n<li><strong>Cuba y EE.UU. (2015)<\/strong> \u2013 Mediaci\u00f3n en el deshielo diplom\u00e1tico.<\/li>\n\n\n\n<li><strong>M\u00e9xico (2016)<\/strong> \u2013 Visita a la frontera con EE.UU.<\/li>\n\n\n\n<li><strong>Canad\u00e1 (2022)<\/strong> \u2013 Disculpas a pueblos ind\u00edgenas por abusos en internados.<\/li>\n<\/ul>\n\n\n\n<h2 class=\"wp-block-heading\"><strong>Legado y Controversias<\/strong><\/h2>\n\n\n\n<h3 class=\"wp-block-heading\"><strong>Aportes a la Iglesia<\/strong><\/h3>\n\n\n\n<ul class=\"wp-block-list\">\n<li><strong>Enfoque en los marginados<\/strong>.<\/li>\n\n\n\n<li><strong>Mayor apertura a divorciados vueltos a casar<\/strong>.<\/li>\n\n\n\n<li><strong>Lucha contra los abusos sexuales en la Iglesia<\/strong>.<\/li>\n<\/ul>\n\n\n\n<h3 class=\"wp-block-heading\"><strong>Cr\u00edticas y Desaf\u00edos<\/strong><\/h3>\n\n\n\n<ul class=\"wp-block-list\">\n<li><strong>Oposici\u00f3n de sectores conservadores<\/strong> por sus posturas progresistas.<\/li>\n\n\n\n<li><strong>Manejo de casos de abusos<\/strong> (aunque ha impulsado medidas m\u00e1s estrictas).<\/li>\n<\/ul>\n\n\n\n<h2 class=\"wp-block-heading\"><strong>Un Papa Reformador<\/strong><\/h2>\n\n\n\n<p class=\"wp-block-paragraph\">El <strong>Papa Francisco<\/strong> ha marcado un antes y despu\u00e9s en la Iglesia Cat\u00f3lica con su estilo cercano y su llamado a una <strong>\u00abIglesia pobre para los pobres\u00bb<\/strong>. Su legado ser\u00e1 recordado por su <strong>compromiso con la justicia social, la ecolog\u00eda y la misericordia<\/strong>.<\/p>\n\n\n\n<div style=\"height:20px\" aria-hidden=\"true\" class=\"wp-block-spacer\"><\/div>\n\n\n\n<figure class=\"wp-block-image aligncenter size-large\"><img data-recalc-dims=\"1\" decoding=\"async\" data-attachment-id=\"603\" data-permalink=\"https:\/\/woorons.com\/sv\/papa-francisco-retrato-orons\/\" data-orig-file=\"https:\/\/i0.wp.com\/woorons.com\/wp-content\/uploads\/2013\/10\/papa-francisco-retrato-orons-e1745518194568.jpg?fit=349%2C500&amp;ssl=1\" data-orig-size=\"349,500\" data-comments-opened=\"1\" data-image-meta=\"{&quot;aperture&quot;:&quot;0&quot;,&quot;credit&quot;:&quot;&quot;,&quot;camera&quot;:&quot;&quot;,&quot;caption&quot;:&quot;&quot;,&quot;created_timestamp&quot;:&quot;0&quot;,&quot;copyright&quot;:&quot;&quot;,&quot;focal_length&quot;:&quot;0&quot;,&quot;iso&quot;:&quot;0&quot;,&quot;shutter_speed&quot;:&quot;0&quot;,&quot;title&quot;:&quot;&quot;,&quot;orientation&quot;:&quot;1&quot;}\" data-image-title=\"Retrato del Papa Francisco\" data-image-description=\"&lt;p&gt;Retrato del Papa Francisco&lt;\/p&gt;\" data-image-caption=\"&lt;p&gt;Retrato del Papa Francisco&lt;\/p&gt;\" data-large-file=\"https:\/\/i0.wp.com\/woorons.com\/wp-content\/uploads\/2013\/10\/papa-francisco-retrato-orons-e1745518194568.jpg?fit=349%2C500&amp;ssl=1\" src=\"https:\/\/i0.wp.com\/woorons.com\/wp-content\/uploads\/2013\/10\/papa-francisco-retrato-orons.jpg?ssl=1\" alt=\"Retrato del Papa Francisco\" class=\"wp-image-603\" \/><figcaption class=\"wp-element-caption\">Retrato del Papa Francisco<\/figcaption><\/figure>\n\n\n\n\n\n<div style=\"height:100px\" aria-hidden=\"true\" class=\"wp-block-spacer\"><\/div>","protected":false},"excerpt":{"rendered":"<p>Los retratos de Fancisco Bergoglio, que en su d\u00eda despertaron la pol\u00e9mica y su biograf\u00eda.<\/p>","protected":false},"author":21194217,"featured_media":12241,"comment_status":"open","ping_status":"closed","sticky":false,"template":"","format":"standard","meta":{"_coblocks_attr":"","_coblocks_dimensions":"","_coblocks_responsive_height":"","_coblocks_accordion_ie_support":"","_jetpack_newsletter_access":"","_jetpack_dont_email_post_to_subs":false,"_jetpack_newsletter_tier_id":0,"_jetpack_memberships_contains_paywalled_content":false,"_wpcom_ai_launchpad_first_post":false,"_jetpack_feature_clip_id":0,"_jetpack_memberships_contains_paid_content":false,"footnotes":"","jetpack_publicize_message":"","jetpack_publicize_feature_enabled":true,"jetpack_social_post_already_shared":false,"jetpack_social_options":{"image_generator_settings":{"template":"highway","default_image_id":0,"font":"","enabled":false},"version":2},"jetpack_post_was_ever_published":false},"categories":[780473158],"tags":[789851913,2246421,789851929,789851949,789851933,154615653,1808665,154615233,789851946,789851934,789851964,20958169],"class_list":["post-12223","post","type-post","status-publish","format-standard","has-post-thumbnail","hentry","category-retratos-pottaits","tag-art","tag-art-drawing","tag-arte","tag-dibujos","tag-drawing","tag-francisco-bergoglio","tag-hand-drawing","tag-papa-francisco","tag-pencil","tag-portraits","tag-retratos","tag-traditional-drawing"],"yoast_head":"<!-- This site is optimized with the Yoast SEO plugin v28.4 - https:\/\/yoast.com\/product\/yoast-seo-wordpress\/ -->\n<title>El d\u00eda que dibuj\u00e9 al Papa Francisco - WO Orons Art<\/title>\n<meta name=\"robots\" content=\"index, follow, max-snippet:-1, max-image-preview:large, max-video-preview:-1\" \/>\n<link rel=\"canonical\" href=\"https:\/\/woorons.com\/sv\/2025\/04\/24\/el-dia-que-dibuje-al-papa-francisco\/\" \/>\n<meta property=\"og:locale\" content=\"sv_SE\" \/>\n<meta property=\"og:type\" content=\"article\" \/>\n<meta property=\"og:title\" content=\"El d\u00eda que dibuj\u00e9 al Papa Francisco - WO Orons Art\" \/>\n<meta property=\"og:description\" content=\"Los retratos de Fancisco Bergoglio, que en su d\u00eda despertaron la pol\u00e9mica y su biograf\u00eda.\" \/>\n<meta property=\"og:url\" content=\"https:\/\/woorons.com\/sv\/2025\/04\/24\/el-dia-que-dibuje-al-papa-francisco\/\" \/>\n<meta property=\"og:site_name\" content=\"WO Orons Art\" \/>\n<meta property=\"article:published_time\" content=\"2025-04-24T17:43:09+00:00\" \/>\n<meta property=\"article:modified_time\" content=\"2025-04-24T18:10:04+00:00\" \/>\n<meta property=\"og:image\" content=\"https:\/\/i0.wp.com\/woorons.com\/wp-content\/uploads\/2025\/04\/papa-francisco-bergoglio-retrato-portrait-woorons.jpg?fit=842%2C474&ssl=1\" \/>\n\t<meta property=\"og:image:width\" content=\"842\" \/>\n\t<meta property=\"og:image:height\" content=\"474\" \/>\n\t<meta property=\"og:image:type\" content=\"image\/jpeg\" \/>\n<meta name=\"author\" content=\"Wo Orons\" \/>\n<meta name=\"twitter:card\" content=\"summary_large_image\" \/>\n<meta name=\"twitter:label1\" content=\"Skriven av\" \/>\n\t<meta name=\"twitter:data1\" content=\"Wo Orons\" \/>\n\t<meta name=\"twitter:label2\" content=\"Ber\u00e4knad l\u00e4stid\" \/>\n\t<meta name=\"twitter:data2\" content=\"5 minuter\" \/>\n<script type=\"application\/ld+json\" class=\"yoast-schema-graph\">{\"@context\":\"https:\\\/\\\/schema.org\",\"@graph\":[{\"@type\":\"Article\",\"@id\":\"https:\\\/\\\/woorons.com\\\/2025\\\/04\\\/24\\\/el-dia-que-dibuje-al-papa-francisco\\\/#article\",\"isPartOf\":{\"@id\":\"https:\\\/\\\/woorons.com\\\/2025\\\/04\\\/24\\\/el-dia-que-dibuje-al-papa-francisco\\\/\"},\"author\":{\"name\":\"Wo Orons\",\"@id\":\"https:\\\/\\\/woorons.com\\\/#\\\/schema\\\/person\\\/85b4229ce0694a31b5f128dc047161e8\"},\"headline\":\"El d\u00eda que dibuj\u00e9 al Papa Francisco\",\"datePublished\":\"2025-04-24T17:43:09+00:00\",\"dateModified\":\"2025-04-24T18:10:04+00:00\",\"mainEntityOfPage\":{\"@id\":\"https:\\\/\\\/woorons.com\\\/2025\\\/04\\\/24\\\/el-dia-que-dibuje-al-papa-francisco\\\/\"},\"wordCount\":1097,\"commentCount\":0,\"publisher\":{\"@id\":\"https:\\\/\\\/woorons.com\\\/#\\\/schema\\\/person\\\/85b4229ce0694a31b5f128dc047161e8\"},\"image\":{\"@id\":\"https:\\\/\\\/woorons.com\\\/2025\\\/04\\\/24\\\/el-dia-que-dibuje-al-papa-francisco\\\/#primaryimage\"},\"thumbnailUrl\":\"https:\\\/\\\/i0.wp.com\\\/woorons.com\\\/wp-content\\\/uploads\\\/2025\\\/04\\\/papa-francisco-bergoglio-retrato-portrait-woorons.jpg?fit=842%2C474&ssl=1\",\"keywords\":[\"Art\",\"Art drawing\",\"Arte\",\"Dibujos\",\"Drawing\",\"Francisco Bergoglio\",\"Hand drawing\",\"Papa Francisco\",\"Pencil\",\"portraits\",\"Retratos\",\"traditional drawing\"],\"articleSection\":[\"Retratos-Pottaits\"],\"inLanguage\":\"sv-SE\",\"potentialAction\":[{\"@type\":\"CommentAction\",\"name\":\"Comment\",\"target\":[\"https:\\\/\\\/woorons.com\\\/2025\\\/04\\\/24\\\/el-dia-que-dibuje-al-papa-francisco\\\/#respond\"]}]},{\"@type\":\"WebPage\",\"@id\":\"https:\\\/\\\/woorons.com\\\/2025\\\/04\\\/24\\\/el-dia-que-dibuje-al-papa-francisco\\\/\",\"url\":\"https:\\\/\\\/woorons.com\\\/2025\\\/04\\\/24\\\/el-dia-que-dibuje-al-papa-francisco\\\/\",\"name\":\"El d\u00eda que dibuj\u00e9 al Papa Francisco - WO Orons Art\",\"isPartOf\":{\"@id\":\"https:\\\/\\\/woorons.com\\\/#website\"},\"primaryImageOfPage\":{\"@id\":\"https:\\\/\\\/woorons.com\\\/2025\\\/04\\\/24\\\/el-dia-que-dibuje-al-papa-francisco\\\/#primaryimage\"},\"image\":{\"@id\":\"https:\\\/\\\/woorons.com\\\/2025\\\/04\\\/24\\\/el-dia-que-dibuje-al-papa-francisco\\\/#primaryimage\"},\"thumbnailUrl\":\"https:\\\/\\\/i0.wp.com\\\/woorons.com\\\/wp-content\\\/uploads\\\/2025\\\/04\\\/papa-francisco-bergoglio-retrato-portrait-woorons.jpg?fit=842%2C474&ssl=1\",\"datePublished\":\"2025-04-24T17:43:09+00:00\",\"dateModified\":\"2025-04-24T18:10:04+00:00\",\"breadcrumb\":{\"@id\":\"https:\\\/\\\/woorons.com\\\/2025\\\/04\\\/24\\\/el-dia-que-dibuje-al-papa-francisco\\\/#breadcrumb\"},\"inLanguage\":\"sv-SE\",\"potentialAction\":[{\"@type\":\"ReadAction\",\"target\":[\"https:\\\/\\\/woorons.com\\\/2025\\\/04\\\/24\\\/el-dia-que-dibuje-al-papa-francisco\\\/\"]}]},{\"@type\":\"ImageObject\",\"inLanguage\":\"sv-SE\",\"@id\":\"https:\\\/\\\/woorons.com\\\/2025\\\/04\\\/24\\\/el-dia-que-dibuje-al-papa-francisco\\\/#primaryimage\",\"url\":\"https:\\\/\\\/i0.wp.com\\\/woorons.com\\\/wp-content\\\/uploads\\\/2025\\\/04\\\/papa-francisco-bergoglio-retrato-portrait-woorons.jpg?fit=842%2C474&ssl=1\",\"contentUrl\":\"https:\\\/\\\/i0.wp.com\\\/woorons.com\\\/wp-content\\\/uploads\\\/2025\\\/04\\\/papa-francisco-bergoglio-retrato-portrait-woorons.jpg?fit=842%2C474&ssl=1\",\"width\":842,\"height\":474,\"caption\":\"Retrato del Papa Francisco Bergoglio.\"},{\"@type\":\"BreadcrumbList\",\"@id\":\"https:\\\/\\\/woorons.com\\\/2025\\\/04\\\/24\\\/el-dia-que-dibuje-al-papa-francisco\\\/#breadcrumb\",\"itemListElement\":[{\"@type\":\"ListItem\",\"position\":1,\"name\":\"Portada\",\"item\":\"https:\\\/\\\/woorons.com\\\/\"},{\"@type\":\"ListItem\",\"position\":2,\"name\":\"El d\u00eda que dibuj\u00e9 al Papa Francisco\"}]},{\"@type\":\"WebSite\",\"@id\":\"https:\\\/\\\/woorons.com\\\/#website\",\"url\":\"https:\\\/\\\/woorons.com\\\/\",\"name\":\"WO Orons Art\",\"description\":\"&quot;Caricaturas, Retratos, Fan Art, Ilustraci\u00f3n&quot;\",\"publisher\":{\"@id\":\"https:\\\/\\\/woorons.com\\\/#\\\/schema\\\/person\\\/85b4229ce0694a31b5f128dc047161e8\"},\"potentialAction\":[{\"@type\":\"SearchAction\",\"target\":{\"@type\":\"EntryPoint\",\"urlTemplate\":\"https:\\\/\\\/woorons.com\\\/?s={search_term_string}\"},\"query-input\":{\"@type\":\"PropertyValueSpecification\",\"valueRequired\":true,\"valueName\":\"search_term_string\"}}],\"inLanguage\":\"sv-SE\"},{\"@type\":[\"Person\",\"Organization\"],\"@id\":\"https:\\\/\\\/woorons.com\\\/#\\\/schema\\\/person\\\/85b4229ce0694a31b5f128dc047161e8\",\"name\":\"Wo Orons\",\"image\":{\"@type\":\"ImageObject\",\"inLanguage\":\"sv-SE\",\"@id\":\"https:\\\/\\\/i0.wp.com\\\/woorons.com\\\/wp-content\\\/uploads\\\/2025\\\/03\\\/logotipo-woorons.jpg?fit=595%2C516&ssl=1\",\"url\":\"https:\\\/\\\/i0.wp.com\\\/woorons.com\\\/wp-content\\\/uploads\\\/2025\\\/03\\\/logotipo-woorons.jpg?fit=595%2C516&ssl=1\",\"contentUrl\":\"https:\\\/\\\/i0.wp.com\\\/woorons.com\\\/wp-content\\\/uploads\\\/2025\\\/03\\\/logotipo-woorons.jpg?fit=595%2C516&ssl=1\",\"width\":595,\"height\":516,\"caption\":\"Wo Orons\"},\"logo\":{\"@id\":\"https:\\\/\\\/i0.wp.com\\\/woorons.com\\\/wp-content\\\/uploads\\\/2025\\\/03\\\/logotipo-woorons.jpg?fit=595%2C516&ssl=1\"},\"sameAs\":[\"http:\\\/\\\/orons-art.wordpress.com\"],\"url\":\"https:\\\/\\\/woorons.com\\\/sv\\\/author\\\/orons\\\/\"}]}<\/script>\n<!-- \/ Yoast SEO plugin. -->","yoast_head_json":{"title":"El d\u00eda que dibuj\u00e9 al Papa Francisco - WO Orons Art","robots":{"index":"index","follow":"follow","max-snippet":"max-snippet:-1","max-image-preview":"max-image-preview:large","max-video-preview":"max-video-preview:-1"},"canonical":"https:\/\/woorons.com\/sv\/2025\/04\/24\/el-dia-que-dibuje-al-papa-francisco\/","og_locale":"sv_SE","og_type":"article","og_title":"El d\u00eda que dibuj\u00e9 al Papa Francisco - WO Orons Art","og_description":"Los retratos de Fancisco Bergoglio, que en su d\u00eda despertaron la pol\u00e9mica y su biograf\u00eda.","og_url":"https:\/\/woorons.com\/sv\/2025\/04\/24\/el-dia-que-dibuje-al-papa-francisco\/","og_site_name":"WO Orons Art","article_published_time":"2025-04-24T17:43:09+00:00","article_modified_time":"2025-04-24T18:10:04+00:00","og_image":[{"width":842,"height":474,"url":"https:\/\/i0.wp.com\/woorons.com\/wp-content\/uploads\/2025\/04\/papa-francisco-bergoglio-retrato-portrait-woorons.jpg?fit=842%2C474&ssl=1","type":"image\/jpeg"}],"author":"Wo Orons","twitter_card":"summary_large_image","twitter_misc":{"Skriven av":"Wo Orons","Ber\u00e4knad l\u00e4stid":"5 minuter"},"schema":{"@context":"https:\/\/schema.org","@graph":[{"@type":"Article","@id":"https:\/\/woorons.com\/2025\/04\/24\/el-dia-que-dibuje-al-papa-francisco\/#article","isPartOf":{"@id":"https:\/\/woorons.com\/2025\/04\/24\/el-dia-que-dibuje-al-papa-francisco\/"},"author":{"name":"Wo Orons","@id":"https:\/\/woorons.com\/#\/schema\/person\/85b4229ce0694a31b5f128dc047161e8"},"headline":"El d\u00eda que dibuj\u00e9 al Papa Francisco","datePublished":"2025-04-24T17:43:09+00:00","dateModified":"2025-04-24T18:10:04+00:00","mainEntityOfPage":{"@id":"https:\/\/woorons.com\/2025\/04\/24\/el-dia-que-dibuje-al-papa-francisco\/"},"wordCount":1097,"commentCount":0,"publisher":{"@id":"https:\/\/woorons.com\/#\/schema\/person\/85b4229ce0694a31b5f128dc047161e8"},"image":{"@id":"https:\/\/woorons.com\/2025\/04\/24\/el-dia-que-dibuje-al-papa-francisco\/#primaryimage"},"thumbnailUrl":"https:\/\/i0.wp.com\/woorons.com\/wp-content\/uploads\/2025\/04\/papa-francisco-bergoglio-retrato-portrait-woorons.jpg?fit=842%2C474&ssl=1","keywords":["Art","Art drawing","Arte","Dibujos","Drawing","Francisco Bergoglio","Hand drawing","Papa Francisco","Pencil","portraits","Retratos","traditional drawing"],"articleSection":["Retratos-Pottaits"],"inLanguage":"sv-SE","potentialAction":[{"@type":"CommentAction","name":"Comment","target":["https:\/\/woorons.com\/2025\/04\/24\/el-dia-que-dibuje-al-papa-francisco\/#respond"]}]},{"@type":"WebPage","@id":"https:\/\/woorons.com\/2025\/04\/24\/el-dia-que-dibuje-al-papa-francisco\/","url":"https:\/\/woorons.com\/2025\/04\/24\/el-dia-que-dibuje-al-papa-francisco\/","name":"El d\u00eda que dibuj\u00e9 al Papa Francisco - WO Orons Art","isPartOf":{"@id":"https:\/\/woorons.com\/#website"},"primaryImageOfPage":{"@id":"https:\/\/woorons.com\/2025\/04\/24\/el-dia-que-dibuje-al-papa-francisco\/#primaryimage"},"image":{"@id":"https:\/\/woorons.com\/2025\/04\/24\/el-dia-que-dibuje-al-papa-francisco\/#primaryimage"},"thumbnailUrl":"https:\/\/i0.wp.com\/woorons.com\/wp-content\/uploads\/2025\/04\/papa-francisco-bergoglio-retrato-portrait-woorons.jpg?fit=842%2C474&ssl=1","datePublished":"2025-04-24T17:43:09+00:00","dateModified":"2025-04-24T18:10:04+00:00","breadcrumb":{"@id":"https:\/\/woorons.com\/2025\/04\/24\/el-dia-que-dibuje-al-papa-francisco\/#breadcrumb"},"inLanguage":"sv-SE","potentialAction":[{"@type":"ReadAction","target":["https:\/\/woorons.com\/2025\/04\/24\/el-dia-que-dibuje-al-papa-francisco\/"]}]},{"@type":"ImageObject","inLanguage":"sv-SE","@id":"https:\/\/woorons.com\/2025\/04\/24\/el-dia-que-dibuje-al-papa-francisco\/#primaryimage","url":"https:\/\/i0.wp.com\/woorons.com\/wp-content\/uploads\/2025\/04\/papa-francisco-bergoglio-retrato-portrait-woorons.jpg?fit=842%2C474&ssl=1","contentUrl":"https:\/\/i0.wp.com\/woorons.com\/wp-content\/uploads\/2025\/04\/papa-francisco-bergoglio-retrato-portrait-woorons.jpg?fit=842%2C474&ssl=1","width":842,"height":474,"caption":"Retrato del Papa Francisco Bergoglio."},{"@type":"BreadcrumbList","@id":"https:\/\/woorons.com\/2025\/04\/24\/el-dia-que-dibuje-al-papa-francisco\/#breadcrumb","itemListElement":[{"@type":"ListItem","position":1,"name":"Portada","item":"https:\/\/woorons.com\/"},{"@type":"ListItem","position":2,"name":"El d\u00eda que dibuj\u00e9 al Papa Francisco"}]},{"@type":"WebSite","@id":"https:\/\/woorons.com\/#website","url":"https:\/\/woorons.com\/","name":"WO Orons Art","description":"&quot;Caricaturas, Retratos, Fan Art, Ilustraci\u00f3n&quot;","publisher":{"@id":"https:\/\/woorons.com\/#\/schema\/person\/85b4229ce0694a31b5f128dc047161e8"},"potentialAction":[{"@type":"SearchAction","target":{"@type":"EntryPoint","urlTemplate":"https:\/\/woorons.com\/?s={search_term_string}"},"query-input":{"@type":"PropertyValueSpecification","valueRequired":true,"valueName":"search_term_string"}}],"inLanguage":"sv-SE"},{"@type":["Person","Organization"],"@id":"https:\/\/woorons.com\/#\/schema\/person\/85b4229ce0694a31b5f128dc047161e8","name":"Wo Orons","image":{"@type":"ImageObject","inLanguage":"sv-SE","@id":"https:\/\/i0.wp.com\/woorons.com\/wp-content\/uploads\/2025\/03\/logotipo-woorons.jpg?fit=595%2C516&ssl=1","url":"https:\/\/i0.wp.com\/woorons.com\/wp-content\/uploads\/2025\/03\/logotipo-woorons.jpg?fit=595%2C516&ssl=1","contentUrl":"https:\/\/i0.wp.com\/woorons.com\/wp-content\/uploads\/2025\/03\/logotipo-woorons.jpg?fit=595%2C516&ssl=1","width":595,"height":516,"caption":"Wo Orons"},"logo":{"@id":"https:\/\/i0.wp.com\/woorons.com\/wp-content\/uploads\/2025\/03\/logotipo-woorons.jpg?fit=595%2C516&ssl=1"},"sameAs":["http:\/\/orons-art.wordpress.com"],"url":"https:\/\/woorons.com\/sv\/author\/orons\/"}]}},"jetpack_publicize_connections":[],"jetpack_likes_enabled":true,"jetpack_sharing_enabled":true,"jetpack_shortlink":"https:\/\/wp.me\/p43FXj-3b9","jetpack-related-posts":[],"jetpack_featured_media_url":"https:\/\/i0.wp.com\/woorons.com\/wp-content\/uploads\/2025\/04\/papa-francisco-bergoglio-retrato-portrait-woorons.jpg?fit=842%2C474&ssl=1","_links":{"self":[{"href":"https:\/\/woorons.com\/sv\/wp-json\/wp\/v2\/posts\/12223","targetHints":{"allow":["GET"]}}],"collection":[{"href":"https:\/\/woorons.com\/sv\/wp-json\/wp\/v2\/posts"}],"about":[{"href":"https:\/\/woorons.com\/sv\/wp-json\/wp\/v2\/types\/post"}],"author":[{"embeddable":true,"href":"https:\/\/woorons.com\/sv\/wp-json\/wp\/v2\/users\/21194217"}],"replies":[{"embeddable":true,"href":"https:\/\/woorons.com\/sv\/wp-json\/wp\/v2\/comments?post=12223"}],"version-history":[{"count":17,"href":"https:\/\/woorons.com\/sv\/wp-json\/wp\/v2\/posts\/12223\/revisions"}],"predecessor-version":[{"id":12246,"href":"https:\/\/woorons.com\/sv\/wp-json\/wp\/v2\/posts\/12223\/revisions\/12246"}],"wp:featuredmedia":[{"embeddable":true,"href":"https:\/\/woorons.com\/sv\/wp-json\/wp\/v2\/media\/12241"}],"wp:attachment":[{"href":"https:\/\/woorons.com\/sv\/wp-json\/wp\/v2\/media?parent=12223"}],"wp:term":[{"taxonomy":"category","embeddable":true,"href":"https:\/\/woorons.com\/sv\/wp-json\/wp\/v2\/categories?post=12223"},{"taxonomy":"post_tag","embeddable":true,"href":"https:\/\/woorons.com\/sv\/wp-json\/wp\/v2\/tags?post=12223"}],"curies":[{"name":"wp","href":"https:\/\/api.w.org\/{rel}","templated":true}]}}