{"id":9323,"date":"2024-11-15T05:56:35","date_gmt":"2024-11-15T04:56:35","guid":{"rendered":"https:\/\/woorons.com\/?p=9323"},"modified":"2024-11-15T06:20:19","modified_gmt":"2024-11-15T05:20:19","slug":"caricaturas-de-famosos-norman-reedus-en-the-walking-dead","status":"publish","type":"post","link":"https:\/\/woorons.com\/pt\/2024\/11\/15\/caricaturas-de-famosos-norman-reedus-en-the-walking-dead\/","title":{"rendered":"Caricaturas de famosos. Norman Reedus en \u00abThe Walking Dead\u00bb"},"content":{"rendered":"<h2 class=\"wp-block-heading has-text-align-center\">Analizando Los Personajes M\u00e1s Memorables de: The Walking Dead<\/h2>\n\n\n\n<figure class=\"wp-block-image aligncenter size-full\"><img data-recalc-dims=\"1\" loading=\"lazy\" decoding=\"async\" width=\"780\" height=\"439\" data-attachment-id=\"9326\" data-permalink=\"https:\/\/woorons.com\/pt\/2024\/11\/15\/caricaturas-de-famosos-norman-reedus-en-the-walking-dead\/portada-the-walking-dead\/\" data-orig-file=\"https:\/\/i0.wp.com\/woorons.com\/wp-content\/uploads\/2024\/11\/portada-the-walking-dead.jpg?fit=780%2C439&amp;ssl=1\" data-orig-size=\"780,439\" data-comments-opened=\"1\" data-image-meta=\"{&quot;aperture&quot;:&quot;0&quot;,&quot;credit&quot;:&quot;&quot;,&quot;camera&quot;:&quot;&quot;,&quot;caption&quot;:&quot;&quot;,&quot;created_timestamp&quot;:&quot;0&quot;,&quot;copyright&quot;:&quot;&quot;,&quot;focal_length&quot;:&quot;0&quot;,&quot;iso&quot;:&quot;0&quot;,&quot;shutter_speed&quot;:&quot;0&quot;,&quot;title&quot;:&quot;&quot;,&quot;orientation&quot;:&quot;0&quot;}\" data-image-title=\"portada-the-walking-dead\" data-image-description=\"\" data-image-caption=\"\" data-large-file=\"https:\/\/i0.wp.com\/woorons.com\/wp-content\/uploads\/2024\/11\/portada-the-walking-dead.jpg?fit=780%2C439&amp;ssl=1\" src=\"https:\/\/i0.wp.com\/woorons.com\/wp-content\/uploads\/2024\/11\/portada-the-walking-dead.jpg?resize=780%2C439&#038;ssl=1\" alt=\"Portada de la serie The Walking Dead\" class=\"wp-image-9326\" \/><\/figure>\n\n\n\n<h2 class=\"wp-block-heading has-text-align-center\">Biograf\u00eda de Norman Reedus: Un Icono de la Cultura Popular<\/h2>\n\n\n\n<p class=\"has-text-align-justify wp-block-paragraph\"><strong><em>Norman Mark Reedus<\/em><\/strong>, nacido el 6 de enero de 1969 en <em>Hollywood, Florida<\/em>, es un actor, modelo y artista estadounidense de gran renombre.<\/p>\n\n\n\n<p class=\"has-text-align-justify wp-block-paragraph\">Es especialmente conocido por su papel como <strong>Daryl Dixon<\/strong> en la serie de televisi\u00f3n <em><strong>The Walking Dead<\/strong><\/em>, donde se ha convertido en un \u00edcono dentro de la cultura pop. <\/p>\n\n\n\n<p class=\"has-text-align-justify wp-block-paragraph\">Con una carrera que abarca m\u00e1s de dos d\u00e9cadas, Reedus ha dejado huella no solo en la industria del entretenimiento, sino tambi\u00e9n en la moda y el arte. <\/p>\n\n\n\n<p class=\"has-text-align-justify wp-block-paragraph\">Su estilo rebelde y su carism\u00e1tica interpretaci\u00f3n de personajes intensos y complejos lo han convertido en un favorito de los fan\u00e1ticos.<\/p>\n\n\n\n<figure class=\"wp-block-image aligncenter size-large\"><img data-recalc-dims=\"1\" loading=\"lazy\" decoding=\"async\" width=\"842\" height=\"145\" data-attachment-id=\"9339\" data-permalink=\"https:\/\/woorons.com\/pt\/2024\/11\/15\/caricaturas-de-famosos-norman-reedus-en-the-walking-dead\/caricatura-norman-reedus-daryl-dixon\/\" data-orig-file=\"https:\/\/i0.wp.com\/woorons.com\/wp-content\/uploads\/2024\/11\/caricatura-norman-reedus-daryl-dixon.jpg?fit=842%2C145&amp;ssl=1\" data-orig-size=\"842,145\" data-comments-opened=\"1\" data-image-meta=\"{&quot;aperture&quot;:&quot;0&quot;,&quot;credit&quot;:&quot;&quot;,&quot;camera&quot;:&quot;&quot;,&quot;caption&quot;:&quot;&quot;,&quot;created_timestamp&quot;:&quot;0&quot;,&quot;copyright&quot;:&quot;&quot;,&quot;focal_length&quot;:&quot;0&quot;,&quot;iso&quot;:&quot;0&quot;,&quot;shutter_speed&quot;:&quot;0&quot;,&quot;title&quot;:&quot;&quot;,&quot;orientation&quot;:&quot;1&quot;}\" data-image-title=\"caricatura-norman-reedus-daryl-dixon\" data-image-description=\"&lt;p&gt;Caricaturas de famosos: Detalle de la caricatura de Norman Reedus como Daryl Dixon en la serie: The Walking Dead&lt;\/p&gt;\" data-image-caption=\"&lt;p&gt;Detalle de la caricatura de Norman Reedus como Daryl Dixon en la serie: The Walking Dead&lt;\/p&gt;\" data-large-file=\"https:\/\/i0.wp.com\/woorons.com\/wp-content\/uploads\/2024\/11\/caricatura-norman-reedus-daryl-dixon.jpg?fit=842%2C145&amp;ssl=1\" src=\"https:\/\/i0.wp.com\/woorons.com\/wp-content\/uploads\/2024\/11\/caricatura-norman-reedus-daryl-dixon.jpg?resize=842%2C145&#038;ssl=1\" alt=\"Caricaturas de famosos: Detalle de la caricatura de Norman Reedus como Daryl Dixon en la serie: The Walking Dead\" class=\"wp-image-9339\" \/><figcaption class=\"wp-element-caption\">Detalle de la caricatura de Norman Reedus como Daryl Dixon en la serie: The Walking Dead<\/figcaption><\/figure>\n\n\n\n<h2 class=\"wp-block-heading\">Primeros A\u00f1os y Comienzo de su Carrera<\/h2>\n\n\n\n<p class=\"has-text-align-justify wp-block-paragraph\">Norman Reedus pas\u00f3 gran parte de su infancia en <em>Los \u00c1ngeles, California<\/em>. Su madre, <strong>Marianne<\/strong>, trabajaba como profesora, y \u00e9l tambi\u00e9n vivi\u00f3 temporalmente en lugares como<em> Jap\u00f3n, Espa\u00f1a y el Reino Unido.<\/em><\/p>\n\n\n\n<p class=\"has-text-align-justify wp-block-paragraph\">Desde temprana edad, Reedus mostr\u00f3 inter\u00e9s por las artes visuales y la actuaci\u00f3n. Sin embargo, su salto a la fama fue casi accidental. Tras mudarse a Los \u00c1ngeles en sus veinte a\u00f1os, Reedus comenz\u00f3 a trabajar en una tienda de <em>Harley-Davidson.<\/em><\/p>\n\n\n\n<p class=\"has-text-align-justify wp-block-paragraph\">Un d\u00eda, durante una fiesta, un amigo lo invit\u00f3 a actuar en una obra de teatro llamada <em><strong>Maps for Drowners<\/strong><\/em>, lo que encendi\u00f3 en \u00e9l una pasi\u00f3n por la actuaci\u00f3n.<\/p>\n\n\n\n<p class=\"has-text-align-justify wp-block-paragraph\">Poco despu\u00e9s, Reedus comenz\u00f3 a incursionar en el modelaje, trabajando para marcas de moda reconocidas como Prada, Levi&#8217;s, Lexus y H&amp;M. Su estilo rudo y su personalidad enigm\u00e1tica captaron r\u00e1pidamente la atenci\u00f3n de la industria, llev\u00e1ndolo a aparecer en varias campa\u00f1as publicitarias de alto perfil.<\/p>\n\n\n\n<h2 class=\"wp-block-heading\">Primeros Roles en el Cine y \u00abThe Boondock Saints\u00bb<\/h2>\n\n\n\n<p class=\"has-text-align-justify has-link-color wp-elements-1 wp-block-paragraph\">El debut de Reedus en el cine lleg\u00f3 en 1997 con la pel\u00edcula <strong><em><a href=\"https:\/\/es.wikipedia.org\/wiki\/Mimic\" target=\"_blank\" rel=\"noreferrer noopener\">Mimic<\/a><\/em><\/strong>, dirigida por Guillermo del Toro. <\/p>\n\n\n\n<p class=\"has-text-align-justify wp-block-paragraph\">En esta producci\u00f3n de ciencia ficci\u00f3n y terror, Reedus tuvo la oportunidad de demostrar sus habilidades actorales en un g\u00e9nero que r\u00e1pidamente se convertir\u00eda en uno de sus favoritos. <\/p>\n\n\n\n<p class=\"has-text-align-justify has-link-color wp-elements-2 wp-block-paragraph\">A partir de ah\u00ed, comenz\u00f3 a recibir papeles en diversas pel\u00edculas, pero fue en 1999 cuando protagoniz\u00f3 el thriller de culto<strong><em><a href=\"https:\/\/es.wikipedia.org\/wiki\/The_Boondock_Saints\" target=\"_blank\" rel=\"noreferrer noopener\"> The Boondock Saints<\/a><\/em><\/strong>, en el que interpret\u00f3 a Murphy MacManus, uno de los hermanos irlandeses que busca justicia de manera violenta.<\/p>\n\n\n\n<p class=\"has-text-align-justify has-link-color wp-elements-3 wp-block-paragraph\"><a href=\"https:\/\/www.netflix.com\/es\/title\/70117291\" target=\"_blank\" rel=\"noreferrer noopener\"><em>The Boondock Saints<\/em> <\/a>se convirti\u00f3 en una pel\u00edcula de culto y le dio a Reedus una base de fan\u00e1ticos leales que lo acompa\u00f1ar\u00edan a lo largo de su carrera. Su actuaci\u00f3n como Murphy, junto a <a href=\"https:\/\/es.wikipedia.org\/wiki\/Sean_Patrick_Flanery\" target=\"_blank\" rel=\"noreferrer noopener\"><strong><em>Sean Patrick Flanery<\/em><\/strong>, <\/a>fue aclamada por la cr\u00edtica y el p\u00fablico, y ciment\u00f3 su reputaci\u00f3n como un actor vers\u00e1til capaz de encarnar a personajes intensos y complejos.<\/p>\n\n\n\n<h2 class=\"wp-block-heading\">\u00abThe Walking Dead\u00bb: Daryl Dixon y el \u00c9xito Mundial<\/h2>\n\n\n\n<p class=\"has-link-color wp-elements-4 wp-block-paragraph\">El verdadero salto a la fama de Norman Reedus lleg\u00f3 en 2010, cuando fue seleccionado para interpretar a Daryl Dixon en <em>The Walking Dead<\/em>, la serie de televisi\u00f3n basada en los c\u00f3mics de<strong><em><a href=\"https:\/\/es.wikipedia.org\/wiki\/Robert_Kirkman\"> <\/a><a href=\"https:\/\/es.wikipedia.org\/wiki\/Robert_Kirkman\" target=\"_blank\" rel=\"noreferrer noopener\">Robert Kirkman. <\/a><\/em><\/strong><\/p>\n\n\n\n<p class=\"wp-block-paragraph\">Daryl Dixon fue un personaje creado espec\u00edficamente para la serie y no aparece en los c\u00f3mics originales, lo que le dio a Reedus la libertad de darle su propio estilo y personalidad.<\/p>\n\n\n\n<p class=\"wp-block-paragraph\">Daryl Dixon, un superviviente rudo y con un pasado complejo, r\u00e1pidamente se convirti\u00f3 en uno de los personajes m\u00e1s queridos de la serie.<\/p>\n\n\n\n<p class=\"wp-block-paragraph\"> Su habilidad para sobrevivir en un mundo postapocal\u00edptico y su lealtad a sus amigos hicieron de \u00e9l un personaje \u00fanico que reson\u00f3 con la audiencia. <\/p>\n\n\n\n<p class=\"wp-block-paragraph\">Reedus ha interpretado a Daryl desde la primera temporada y ha sido uno de los pocos actores que ha permanecido en la serie durante todas sus temporadas.<\/p>\n\n\n\n<p class=\"wp-block-paragraph\">El \u00e9xito de <em>The Walking Dead<\/em> llev\u00f3 a Reedus al estrellato internacional, y su interpretaci\u00f3n de Daryl le ha valido varios premios y nominaciones. <\/p>\n\n\n\n<p class=\"wp-block-paragraph\">La serie se convirti\u00f3 en un fen\u00f3meno cultural, y Reedus consolid\u00f3 su estatus como uno de los actores m\u00e1s reconocidos y queridos de la televisi\u00f3n.<\/p>\n\n\n\n<h2 class=\"wp-block-heading has-text-align-center\">Otros Proyectos y Exploraci\u00f3n Art\u00edstica<\/h2>\n\n\n\n<p class=\"has-text-align-justify wp-block-paragraph\">Adem\u00e1s de su carrera como actor, Norman Reedus es un apasionado del arte. <\/p>\n\n\n\n<p class=\"has-text-align-justify wp-block-paragraph\">Ha trabajado como fot\u00f3grafo, y sus obras se han exhibido en galer\u00edas de<em> Nueva York, Berl\u00edn, Barcelona y Par\u00eds.<\/em> Reedus tambi\u00e9n ha publicado un libro de fotograf\u00edas llamado <em><strong>The Sun&#8217;s Coming Up\u2026 Like a Big Bald Head<\/strong><\/em>, una colecci\u00f3n de im\u00e1genes inquietantes y emotivas que exploran temas de la vida y la muerte.<\/p>\n\n\n\n<figure class=\"wp-block-image aligncenter size-large\"><img data-recalc-dims=\"1\" loading=\"lazy\" decoding=\"async\" width=\"615\" height=\"689\" data-attachment-id=\"9341\" data-permalink=\"https:\/\/woorons.com\/pt\/2024\/11\/15\/caricaturas-de-famosos-norman-reedus-en-the-walking-dead\/caricatura-norman-reedus-daryl-dixon-4\/\" data-orig-file=\"https:\/\/i0.wp.com\/woorons.com\/wp-content\/uploads\/2024\/11\/caricatura-norman-reedus-daryl-dixon-4.jpg?fit=615%2C689&amp;ssl=1\" data-orig-size=\"615,689\" data-comments-opened=\"1\" data-image-meta=\"{&quot;aperture&quot;:&quot;0&quot;,&quot;credit&quot;:&quot;&quot;,&quot;camera&quot;:&quot;&quot;,&quot;caption&quot;:&quot;&quot;,&quot;created_timestamp&quot;:&quot;0&quot;,&quot;copyright&quot;:&quot;&quot;,&quot;focal_length&quot;:&quot;0&quot;,&quot;iso&quot;:&quot;0&quot;,&quot;shutter_speed&quot;:&quot;0&quot;,&quot;title&quot;:&quot;&quot;,&quot;orientation&quot;:&quot;0&quot;}\" data-image-title=\"caricatura-norman-reedus-daryl-dixon-4\" data-image-description=\"&lt;p&gt;Portada del libro de fotograf\u00edas de Norman Reedus, The Sun&amp;#8217;s Coming Up\u2026 Like a Big Bald Head&lt;\/p&gt;\" data-image-caption=\"&lt;p&gt;The Sun&amp;#8217;s Coming Up\u2026 Like a Big Bald Head&lt;\/p&gt;\" data-large-file=\"https:\/\/i0.wp.com\/woorons.com\/wp-content\/uploads\/2024\/11\/caricatura-norman-reedus-daryl-dixon-4.jpg?fit=615%2C689&amp;ssl=1\" src=\"https:\/\/i0.wp.com\/woorons.com\/wp-content\/uploads\/2024\/11\/caricatura-norman-reedus-daryl-dixon-4.jpg?resize=615%2C689&#038;ssl=1\" alt=\"Portada del libro de fotograf\u00edas de Norman Reedus, The Sun's Coming Up\u2026 Like a Big Bald Head\" class=\"wp-image-9341\" \/><figcaption class=\"wp-element-caption\">The Sun&#8217;s Coming Up\u2026 Like a Big Bald Head<\/figcaption><\/figure>\n\n\n\n<p class=\"has-text-align-justify has-link-color wp-elements-5 wp-block-paragraph\">En el mundo de los videojuegos, Reedus tuvo un papel destacado en el juego <a href=\"https:\/\/es.wikipedia.org\/wiki\/Death_Stranding\" target=\"_blank\" rel=\"noreferrer noopener\"><em><strong>Death Stranding<\/strong><\/em>, <\/a>desarrollado por <em><a href=\"https:\/\/es.wikipedia.org\/wiki\/Hideo_Kojima\" target=\"_blank\" rel=\"noreferrer noopener\">Hideo Kojima<\/a><\/em>, uno de los creadores m\u00e1s influyentes de la industria. En este juego, Reedus interpreta a Sam Porter Bridges, el protagonista que debe conectar un mundo fracturado en una narrativa rica y emocional. La colaboraci\u00f3n entre Reedus y Kojima fue bien recibida, y el juego obtuvo elogios tanto de cr\u00edticos como de jugadores, consolidando la popularidad de Reedus en el \u00e1mbito de los videojuegos.<\/p>\n\n\n\n<p class=\"has-text-align-justify has-link-color wp-elements-6 wp-block-paragraph\">Adem\u00e1s, Reedus protagoniza y produce su propio programa de televisi\u00f3n, <a href=\"https:\/\/en.wikipedia.org\/wiki\/Ride_with_Norman_Reedus\" target=\"_blank\" rel=\"noreferrer noopener\"><em><strong>Ride with Norman Reedus<\/strong><\/em>,<\/a> en el que explora diferentes lugares y culturas mientras viaja en motocicleta. Este proyecto combina su amor por las motos y su pasi\u00f3n por conocer nuevas personas y experiencias, y le ha permitido conectar con su audiencia de una manera m\u00e1s personal.<\/p>\n\n\n\n<div style=\"height:20px\" aria-hidden=\"true\" class=\"wp-block-spacer\"><\/div>\n\n\n\n<figure class=\"wp-block-image aligncenter size-large\"><img data-recalc-dims=\"1\" loading=\"lazy\" decoding=\"async\" width=\"595\" height=\"159\" data-attachment-id=\"9364\" data-permalink=\"https:\/\/woorons.com\/pt\/2024\/11\/15\/caricaturas-de-famosos-norman-reedus-en-the-walking-dead\/mensaje-breve-gif-animado\/\" data-orig-file=\"https:\/\/i0.wp.com\/woorons.com\/wp-content\/uploads\/2024\/11\/mensaje-breve-gif-animado.gif?fit=595%2C159&amp;ssl=1\" data-orig-size=\"595,159\" data-comments-opened=\"1\" data-image-meta=\"{&quot;aperture&quot;:&quot;0&quot;,&quot;credit&quot;:&quot;&quot;,&quot;camera&quot;:&quot;&quot;,&quot;caption&quot;:&quot;&quot;,&quot;created_timestamp&quot;:&quot;0&quot;,&quot;copyright&quot;:&quot;&quot;,&quot;focal_length&quot;:&quot;0&quot;,&quot;iso&quot;:&quot;0&quot;,&quot;shutter_speed&quot;:&quot;0&quot;,&quot;title&quot;:&quot;&quot;,&quot;orientation&quot;:&quot;0&quot;}\" data-image-title=\"MENSAJE-BREVE-GIF-ANIMADO\" data-image-description=\"&lt;p&gt;Mensaje de caricaturas personalizadas online, para clientes&lt;\/p&gt;\" data-image-caption=\"\" data-large-file=\"https:\/\/i0.wp.com\/woorons.com\/wp-content\/uploads\/2024\/11\/mensaje-breve-gif-animado.gif?fit=595%2C159&amp;ssl=1\" src=\"https:\/\/i0.wp.com\/woorons.com\/wp-content\/uploads\/2024\/11\/mensaje-breve-gif-animado.gif?resize=595%2C159&#038;ssl=1\" alt=\"Mensaje de caricaturas personalizadas online, para clientes\" class=\"wp-image-9364\" \/><\/figure>\n\n\n\n<h2 class=\"wp-block-heading\">Estilo de Vida y Popularidad en Redes Sociales<\/h2>\n\n\n\n<p class=\"wp-block-paragraph\">Norman Reedus es conocido por su estilo de vida relajado y su afinidad por el arte, la moda y las motocicletas.<\/p>\n\n\n\n<p class=\"wp-block-paragraph\"> Su estilo y actitud rebelde han sido un factor clave en su atractivo, y su popularidad se extiende a sus redes sociales, donde cuenta con millones de seguidores. <\/p>\n\n\n\n<p class=\"wp-block-paragraph\">En Instagram y Twitter, Reedus comparte su vida detr\u00e1s de c\u00e1maras, momentos personales y su arte, lo cual lo ha ayudado a mantener una conexi\u00f3n cercana con sus fan\u00e1ticos.<\/p>\n\n\n\n<p class=\"has-link-color wp-elements-7 wp-block-paragraph\">Su relaci\u00f3n sentimental con la actriz alemana <strong><em><a href=\"https:\/\/www.filmaffinity.com\/es\/name.php?name-id=384564682\" target=\"_blank\" rel=\"noreferrer noopener\">Diane Kruger<\/a><\/em><\/strong> tambi\u00e9n ha sido un foco de atenci\u00f3n medi\u00e1tica. <\/p>\n\n\n\n<p class=\"has-link-color wp-elements-8 wp-block-paragraph\">La pareja se conoci\u00f3 en 2015 y, desde entonces, han mantenido una relaci\u00f3n s\u00f3lida y han tenido una hija juntos en 2018. <\/p>\n\n\n\n<p class=\"has-link-color wp-elements-9 wp-block-paragraph\">Reedus tambi\u00e9n tiene un hijo llamado Mingus, nacido en 1999, de su relaci\u00f3n previa con la supermodelo<a href=\"https:\/\/es.wikipedia.org\/wiki\/Helena_Christensen\" target=\"_blank\" rel=\"noreferrer noopener\"> <strong><em>Helena Christensen.<\/em><\/strong><\/a><\/p>\n\n\n\n<figure class=\"wp-block-image aligncenter size-large\"><img data-recalc-dims=\"1\" loading=\"lazy\" decoding=\"async\" width=\"842\" height=\"258\" data-attachment-id=\"9343\" data-permalink=\"https:\/\/woorons.com\/pt\/2024\/11\/15\/caricaturas-de-famosos-norman-reedus-en-the-walking-dead\/caricatura-norman-reedus-daryl-dixon-1\/\" data-orig-file=\"https:\/\/i0.wp.com\/woorons.com\/wp-content\/uploads\/2024\/11\/caricatura-norman-reedus-daryl-dixon-1.jpg?fit=842%2C258&amp;ssl=1\" data-orig-size=\"842,258\" data-comments-opened=\"1\" data-image-meta=\"{&quot;aperture&quot;:&quot;0&quot;,&quot;credit&quot;:&quot;&quot;,&quot;camera&quot;:&quot;&quot;,&quot;caption&quot;:&quot;&quot;,&quot;created_timestamp&quot;:&quot;0&quot;,&quot;copyright&quot;:&quot;&quot;,&quot;focal_length&quot;:&quot;0&quot;,&quot;iso&quot;:&quot;0&quot;,&quot;shutter_speed&quot;:&quot;0&quot;,&quot;title&quot;:&quot;&quot;,&quot;orientation&quot;:&quot;1&quot;}\" data-image-title=\"caricatura-norman-reedus-daryl-dixon-1\" data-image-description=\"&lt;p&gt;Caricaturas de famosos: Detalle de la caricatura de norman reedus como Daril Dixon en la serie:The Walking Dead&lt;\/p&gt;\" data-image-caption=\"\" data-large-file=\"https:\/\/i0.wp.com\/woorons.com\/wp-content\/uploads\/2024\/11\/caricatura-norman-reedus-daryl-dixon-1.jpg?fit=842%2C258&amp;ssl=1\" src=\"https:\/\/i0.wp.com\/woorons.com\/wp-content\/uploads\/2024\/11\/caricatura-norman-reedus-daryl-dixon-1.jpg?resize=842%2C258&#038;ssl=1\" alt=\"Caricaturas de famosos: Detalle de la caricatura de norman reedus como Daril Dixon en la serie:The Walking Dead\" class=\"wp-image-9343\" \/><\/figure>\n\n\n\n<h2 class=\"wp-block-heading\">Norman Reedus y su Legado<\/h2>\n\n\n\n<p class=\"wp-block-paragraph\">Norman Reedus ha logrado trascender m\u00e1s all\u00e1 de la actuaci\u00f3n. <\/p>\n\n\n\n<p class=\"wp-block-paragraph\">Su habilidad para conectar con la audiencia, tanto a trav\u00e9s de sus personajes como en la vida real, lo ha consolidado como una figura ic\u00f3nica de la cultura pop. <\/p>\n\n\n\n<p class=\"wp-block-paragraph\">Con proyectos que abarcan desde la televisi\u00f3n hasta los videojuegos, y una pasi\u00f3n por las artes visuales, Reedus sigue siendo una figura influyente y vers\u00e1til en la industria.<\/p>\n\n\n\n<p class=\"wp-block-paragraph\">Su interpretaci\u00f3n de Daryl Dixon en <em>The Walking Dead<\/em> no solo lo llev\u00f3 a la fama, sino que tambi\u00e9n redefini\u00f3 la manera en que un personaje puede evolucionar en una serie de larga duraci\u00f3n.<\/p>\n\n\n\n<p class=\"wp-block-paragraph\"> Gracias a su compromiso con sus personajes y su disposici\u00f3n a explorar nuevas formas de arte, Norman Reedus se ha convertido en un referente para generaciones de fan\u00e1ticos y aspirantes a actores.<\/p>\n\n\n\n<figure class=\"wp-block-image aligncenter size-large\"><img data-recalc-dims=\"1\" loading=\"lazy\" decoding=\"async\" width=\"595\" height=\"842\" data-attachment-id=\"9344\" data-permalink=\"https:\/\/woorons.com\/pt\/2024\/11\/15\/caricaturas-de-famosos-norman-reedus-en-the-walking-dead\/caricatura-norman-reedus-daryl-dixon-2\/\" data-orig-file=\"https:\/\/i0.wp.com\/woorons.com\/wp-content\/uploads\/2024\/11\/caricatura-norman-reedus-daryl-dixon-2.jpg?fit=595%2C842&amp;ssl=1\" data-orig-size=\"595,842\" data-comments-opened=\"1\" data-image-meta=\"{&quot;aperture&quot;:&quot;0&quot;,&quot;credit&quot;:&quot;&quot;,&quot;camera&quot;:&quot;&quot;,&quot;caption&quot;:&quot;&quot;,&quot;created_timestamp&quot;:&quot;0&quot;,&quot;copyright&quot;:&quot;&quot;,&quot;focal_length&quot;:&quot;0&quot;,&quot;iso&quot;:&quot;0&quot;,&quot;shutter_speed&quot;:&quot;0&quot;,&quot;title&quot;:&quot;&quot;,&quot;orientation&quot;:&quot;1&quot;}\" data-image-title=\"caricatura-norman-reedus-daryl-dixon-2\" data-image-description=\"&lt;p&gt; Caricatura de Norman Reedus como Daril Dixon en la serie:The Walking Dead, por WO Orons&lt;\/p&gt;\" data-image-caption=\"&lt;p&gt; Caricatura de Norman Reedus como Daril Dixon en la serie:The Walking Dead&lt;\/p&gt;\" data-large-file=\"https:\/\/i0.wp.com\/woorons.com\/wp-content\/uploads\/2024\/11\/caricatura-norman-reedus-daryl-dixon-2.jpg?fit=595%2C842&amp;ssl=1\" src=\"https:\/\/i0.wp.com\/woorons.com\/wp-content\/uploads\/2024\/11\/caricatura-norman-reedus-daryl-dixon-2.jpg?resize=595%2C842&#038;ssl=1\" alt=\"Caricatura de Norman Reedus como Daril Dixon en la serie:The Walking Dead, por WO Orons\" class=\"wp-image-9344\" \/><figcaption class=\"wp-element-caption\"> Caricatura de Norman Reedus como Daril Dixon en la serie:The Walking Dead<\/figcaption><\/figure>\n\n\n\n<p class=\"has-text-align-justify wp-block-paragraph\">La biograf\u00eda de Norman Reedus es un testimonio de c\u00f3mo la autenticidad y la perseverancia pueden llevar a alguien a la cima. <\/p>\n\n\n\n<p class=\"has-text-align-justify wp-block-paragraph\">Desde sus primeros d\u00edas en Los \u00c1ngeles hasta su estrellato internacional en <em>The Walking Dead<\/em>, Reedus ha demostrado ser una figura \u00fanica en la cultura popular. <\/p>\n\n\n\n<p class=\"has-text-align-justify wp-block-paragraph\">Su legado, tanto en la pantalla como en el arte, sigue creciendo, y su influencia es innegable en el mundo del entretenimiento.<\/p>\n\n\n\n\n\n<div style=\"height:100px\" aria-hidden=\"true\" class=\"wp-block-spacer\"><\/div>\n\n\n<div class=\"wp-block-jetpack-contact-form is-layout-flex wp-container-jetpack-contact-form-is-layout-3a5c7fc0 wp-block-jetpack-contact-form-is-layout-flex\"><a href=\"https:\/\/woorons.com\/pt\/2024\/11\/15\/caricaturas-de-famosos-norman-reedus-en-the-walking-dead\/\" target=\"_blank\" rel=\"noopener noreferrer\">Submit a form.<\/a><\/div>\n\n\n<p class=\"has-text-align-center wp-block-paragraph\">Encarga tu caricatura:<\/p>\n\n\n\n<div class=\"wp-block-jetpack-send-a-message\">\n<div class=\"wp-block-jetpack-whatsapp-button aligncenter is-color-dark\"><a class=\"whatsapp-block__button\" href=\"https:\/\/api.whatsapp.com\/send?phone=34646119455&amp;text=Hola%2C%20tengo%20tu%20informaci%C3%B3n%20de%20WhatsApp%20de%20tu%20web.\" style=\"background-color:#25D366;color:#fff\" target=\"_blank\" rel=\"noopener noreferrer\">Chat en WhatsApp<\/a><\/div>\n<\/div>","protected":false},"excerpt":{"rendered":"<p>Caricatura de Norman Reedus en The Walking Dead. Analizando Los Personajes M\u00e1s Memorables de: The Walking Dead<\/p>","protected":false},"author":21194217,"featured_media":9360,"comment_status":"open","ping_status":"closed","sticky":false,"template":"","format":"standard","meta":{"_coblocks_attr":"","_coblocks_dimensions":"","_coblocks_responsive_height":"","_coblocks_accordion_ie_support":"","_jetpack_newsletter_access":"","_jetpack_dont_email_post_to_subs":false,"_jetpack_newsletter_tier_id":0,"_jetpack_memberships_contains_paywalled_content":false,"_wpcom_ai_launchpad_first_post":false,"_jetpack_feature_clip_id":0,"_jetpack_memberships_contains_paid_content":false,"footnotes":"","jetpack_publicize_message":"","jetpack_publicize_feature_enabled":true,"jetpack_social_post_already_shared":false,"jetpack_social_options":{"image_generator_settings":{"template":"highway","default_image_id":0,"font":"","enabled":false},"version":2},"jetpack_post_was_ever_published":false},"categories":[115775951],"tags":[789851930,789851972,517622,789851988,789851998,789851955,53382,789851944,789851916,778956,16861055,789851949,252823,789851938,859,1419750,789851927,868675,789851918,1637842],"class_list":["post-9323","post","type-post","status-publish","format-standard","has-post-thumbnail","hentry","category-caricaturas-por-encargo","tag-actores","tag-actrices","tag-caricatura","tag-caricaturas-de-famosos","tag-caricaturas-por-encargo","tag-caricature","tag-caricatures","tag-cartoon","tag-cine","tag-daryl","tag-daryl-dixon","tag-dibujos","tag-dixon","tag-ilustracion","tag-movie","tag-norman-reedus","tag-series","tag-the-walking-dead","tag-tv","tag-twd"],"yoast_head":"<!-- This site is optimized with the Yoast SEO plugin v28.4 - https:\/\/yoast.com\/product\/yoast-seo-wordpress\/ -->\n<title>Caricaturas de famosos. Norman Reedus en &quot;The Walking Dead&quot; - WO Orons Art<\/title>\n<meta name=\"robots\" content=\"index, follow, max-snippet:-1, max-image-preview:large, max-video-preview:-1\" \/>\n<link rel=\"canonical\" href=\"https:\/\/woorons.com\/pt\/2024\/11\/15\/caricaturas-de-famosos-norman-reedus-en-the-walking-dead\/\" \/>\n<meta property=\"og:locale\" content=\"pt_PT\" \/>\n<meta property=\"og:type\" content=\"article\" \/>\n<meta property=\"og:title\" content=\"Caricaturas de famosos. Norman Reedus en &quot;The Walking Dead&quot; - WO Orons Art\" \/>\n<meta property=\"og:description\" content=\"Caricatura de Norman Reedus en The Walking Dead. Analizando Los Personajes M\u00e1s Memorables de: The Walking Dead\" \/>\n<meta property=\"og:url\" content=\"https:\/\/woorons.com\/pt\/2024\/11\/15\/caricaturas-de-famosos-norman-reedus-en-the-walking-dead\/\" \/>\n<meta property=\"og:site_name\" content=\"WO Orons Art\" \/>\n<meta property=\"article:published_time\" content=\"2024-11-15T04:56:35+00:00\" \/>\n<meta property=\"article:modified_time\" content=\"2024-11-15T05:20:19+00:00\" \/>\n<meta property=\"og:image\" content=\"https:\/\/i0.wp.com\/woorons.com\/wp-content\/uploads\/2024\/11\/wordpress-tamano-de-imagen-destacada-para-entradas-2.jpg?fit=1200%2C675&ssl=1\" \/>\n\t<meta property=\"og:image:width\" content=\"1200\" \/>\n\t<meta property=\"og:image:height\" content=\"675\" \/>\n\t<meta property=\"og:image:type\" content=\"image\/jpeg\" \/>\n<meta name=\"author\" content=\"Wo Orons\" \/>\n<meta name=\"twitter:card\" content=\"summary_large_image\" \/>\n<meta name=\"twitter:label1\" content=\"Escrito por\" \/>\n\t<meta name=\"twitter:data1\" content=\"Wo Orons\" \/>\n\t<meta name=\"twitter:label2\" content=\"Tempo estimado de leitura\" \/>\n\t<meta name=\"twitter:data2\" content=\"7 minutos\" \/>\n<script type=\"application\/ld+json\" class=\"yoast-schema-graph\">{\"@context\":\"https:\\\/\\\/schema.org\",\"@graph\":[{\"@type\":\"Article\",\"@id\":\"https:\\\/\\\/woorons.com\\\/2024\\\/11\\\/15\\\/caricaturas-de-famosos-norman-reedus-en-the-walking-dead\\\/#article\",\"isPartOf\":{\"@id\":\"https:\\\/\\\/woorons.com\\\/2024\\\/11\\\/15\\\/caricaturas-de-famosos-norman-reedus-en-the-walking-dead\\\/\"},\"author\":{\"name\":\"Wo Orons\",\"@id\":\"https:\\\/\\\/woorons.com\\\/#\\\/schema\\\/person\\\/85b4229ce0694a31b5f128dc047161e8\"},\"headline\":\"Caricaturas de famosos. Norman Reedus en \u00abThe Walking Dead\u00bb\",\"datePublished\":\"2024-11-15T04:56:35+00:00\",\"dateModified\":\"2024-11-15T05:20:19+00:00\",\"mainEntityOfPage\":{\"@id\":\"https:\\\/\\\/woorons.com\\\/2024\\\/11\\\/15\\\/caricaturas-de-famosos-norman-reedus-en-the-walking-dead\\\/\"},\"wordCount\":1345,\"commentCount\":0,\"publisher\":{\"@id\":\"https:\\\/\\\/woorons.com\\\/#\\\/schema\\\/person\\\/85b4229ce0694a31b5f128dc047161e8\"},\"image\":{\"@id\":\"https:\\\/\\\/woorons.com\\\/2024\\\/11\\\/15\\\/caricaturas-de-famosos-norman-reedus-en-the-walking-dead\\\/#primaryimage\"},\"thumbnailUrl\":\"https:\\\/\\\/i0.wp.com\\\/woorons.com\\\/wp-content\\\/uploads\\\/2024\\\/11\\\/wordpress-tamano-de-imagen-destacada-para-entradas-2.jpg?fit=1200%2C675&ssl=1\",\"keywords\":[\"Actores\",\"Actrices\",\"Caricatura\",\"Caricaturas de famosos\",\"Caricaturas por encargo\",\"Caricature\",\"Caricatures\",\"Cartoon\",\"Cine\",\"Daryl\",\"daryl Dixon\",\"Dibujos\",\"Dixon\",\"Ilustraci\u00f3n\",\"Movie\",\"Norman Reedus\",\"Series\",\"The WAlking Dead\",\"TV\",\"TWD\"],\"articleSection\":[\"Caricaturas por encargo\"],\"inLanguage\":\"pt-PT\",\"potentialAction\":[{\"@type\":\"CommentAction\",\"name\":\"Comment\",\"target\":[\"https:\\\/\\\/woorons.com\\\/2024\\\/11\\\/15\\\/caricaturas-de-famosos-norman-reedus-en-the-walking-dead\\\/#respond\"]}]},{\"@type\":\"WebPage\",\"@id\":\"https:\\\/\\\/woorons.com\\\/2024\\\/11\\\/15\\\/caricaturas-de-famosos-norman-reedus-en-the-walking-dead\\\/\",\"url\":\"https:\\\/\\\/woorons.com\\\/2024\\\/11\\\/15\\\/caricaturas-de-famosos-norman-reedus-en-the-walking-dead\\\/\",\"name\":\"Caricaturas de famosos. Norman Reedus en \\\"The Walking Dead\\\" - WO Orons Art\",\"isPartOf\":{\"@id\":\"https:\\\/\\\/woorons.com\\\/#website\"},\"primaryImageOfPage\":{\"@id\":\"https:\\\/\\\/woorons.com\\\/2024\\\/11\\\/15\\\/caricaturas-de-famosos-norman-reedus-en-the-walking-dead\\\/#primaryimage\"},\"image\":{\"@id\":\"https:\\\/\\\/woorons.com\\\/2024\\\/11\\\/15\\\/caricaturas-de-famosos-norman-reedus-en-the-walking-dead\\\/#primaryimage\"},\"thumbnailUrl\":\"https:\\\/\\\/i0.wp.com\\\/woorons.com\\\/wp-content\\\/uploads\\\/2024\\\/11\\\/wordpress-tamano-de-imagen-destacada-para-entradas-2.jpg?fit=1200%2C675&ssl=1\",\"datePublished\":\"2024-11-15T04:56:35+00:00\",\"dateModified\":\"2024-11-15T05:20:19+00:00\",\"breadcrumb\":{\"@id\":\"https:\\\/\\\/woorons.com\\\/2024\\\/11\\\/15\\\/caricaturas-de-famosos-norman-reedus-en-the-walking-dead\\\/#breadcrumb\"},\"inLanguage\":\"pt-PT\",\"potentialAction\":[{\"@type\":\"ReadAction\",\"target\":[\"https:\\\/\\\/woorons.com\\\/2024\\\/11\\\/15\\\/caricaturas-de-famosos-norman-reedus-en-the-walking-dead\\\/\"]}]},{\"@type\":\"ImageObject\",\"inLanguage\":\"pt-PT\",\"@id\":\"https:\\\/\\\/woorons.com\\\/2024\\\/11\\\/15\\\/caricaturas-de-famosos-norman-reedus-en-the-walking-dead\\\/#primaryimage\",\"url\":\"https:\\\/\\\/i0.wp.com\\\/woorons.com\\\/wp-content\\\/uploads\\\/2024\\\/11\\\/wordpress-tamano-de-imagen-destacada-para-entradas-2.jpg?fit=1200%2C675&ssl=1\",\"contentUrl\":\"https:\\\/\\\/i0.wp.com\\\/woorons.com\\\/wp-content\\\/uploads\\\/2024\\\/11\\\/wordpress-tamano-de-imagen-destacada-para-entradas-2.jpg?fit=1200%2C675&ssl=1\",\"width\":1200,\"height\":675,\"caption\":\"Imagen para la caricatura de Norman reedus en The Walking Dead\"},{\"@type\":\"BreadcrumbList\",\"@id\":\"https:\\\/\\\/woorons.com\\\/2024\\\/11\\\/15\\\/caricaturas-de-famosos-norman-reedus-en-the-walking-dead\\\/#breadcrumb\",\"itemListElement\":[{\"@type\":\"ListItem\",\"position\":1,\"name\":\"Portada\",\"item\":\"https:\\\/\\\/woorons.com\\\/\"},{\"@type\":\"ListItem\",\"position\":2,\"name\":\"Caricaturas de famosos. Norman Reedus en \u00abThe Walking Dead\u00bb\"}]},{\"@type\":\"WebSite\",\"@id\":\"https:\\\/\\\/woorons.com\\\/#website\",\"url\":\"https:\\\/\\\/woorons.com\\\/\",\"name\":\"WO Orons Art\",\"description\":\"&quot;Caricaturas, Retratos, Fan Art, Ilustraci\u00f3n&quot;\",\"publisher\":{\"@id\":\"https:\\\/\\\/woorons.com\\\/#\\\/schema\\\/person\\\/85b4229ce0694a31b5f128dc047161e8\"},\"potentialAction\":[{\"@type\":\"SearchAction\",\"target\":{\"@type\":\"EntryPoint\",\"urlTemplate\":\"https:\\\/\\\/woorons.com\\\/?s={search_term_string}\"},\"query-input\":{\"@type\":\"PropertyValueSpecification\",\"valueRequired\":true,\"valueName\":\"search_term_string\"}}],\"inLanguage\":\"pt-PT\"},{\"@type\":[\"Person\",\"Organization\"],\"@id\":\"https:\\\/\\\/woorons.com\\\/#\\\/schema\\\/person\\\/85b4229ce0694a31b5f128dc047161e8\",\"name\":\"Wo Orons\",\"image\":{\"@type\":\"ImageObject\",\"inLanguage\":\"pt-PT\",\"@id\":\"https:\\\/\\\/i0.wp.com\\\/woorons.com\\\/wp-content\\\/uploads\\\/2025\\\/03\\\/logotipo-woorons.jpg?fit=595%2C516&ssl=1\",\"url\":\"https:\\\/\\\/i0.wp.com\\\/woorons.com\\\/wp-content\\\/uploads\\\/2025\\\/03\\\/logotipo-woorons.jpg?fit=595%2C516&ssl=1\",\"contentUrl\":\"https:\\\/\\\/i0.wp.com\\\/woorons.com\\\/wp-content\\\/uploads\\\/2025\\\/03\\\/logotipo-woorons.jpg?fit=595%2C516&ssl=1\",\"width\":595,\"height\":516,\"caption\":\"Wo Orons\"},\"logo\":{\"@id\":\"https:\\\/\\\/i0.wp.com\\\/woorons.com\\\/wp-content\\\/uploads\\\/2025\\\/03\\\/logotipo-woorons.jpg?fit=595%2C516&ssl=1\"},\"sameAs\":[\"http:\\\/\\\/orons-art.wordpress.com\"],\"url\":\"https:\\\/\\\/woorons.com\\\/pt\\\/author\\\/orons\\\/\"}]}<\/script>\n<!-- \/ Yoast SEO plugin. -->","yoast_head_json":{"title":"Caricaturas de famosos. Norman Reedus en \"The Walking Dead\" - WO Orons Art","robots":{"index":"index","follow":"follow","max-snippet":"max-snippet:-1","max-image-preview":"max-image-preview:large","max-video-preview":"max-video-preview:-1"},"canonical":"https:\/\/woorons.com\/pt\/2024\/11\/15\/caricaturas-de-famosos-norman-reedus-en-the-walking-dead\/","og_locale":"pt_PT","og_type":"article","og_title":"Caricaturas de famosos. Norman Reedus en \"The Walking Dead\" - WO Orons Art","og_description":"Caricatura de Norman Reedus en The Walking Dead. Analizando Los Personajes M\u00e1s Memorables de: The Walking Dead","og_url":"https:\/\/woorons.com\/pt\/2024\/11\/15\/caricaturas-de-famosos-norman-reedus-en-the-walking-dead\/","og_site_name":"WO Orons Art","article_published_time":"2024-11-15T04:56:35+00:00","article_modified_time":"2024-11-15T05:20:19+00:00","og_image":[{"width":1200,"height":675,"url":"https:\/\/i0.wp.com\/woorons.com\/wp-content\/uploads\/2024\/11\/wordpress-tamano-de-imagen-destacada-para-entradas-2.jpg?fit=1200%2C675&ssl=1","type":"image\/jpeg"}],"author":"Wo Orons","twitter_card":"summary_large_image","twitter_misc":{"Escrito por":"Wo Orons","Tempo estimado de leitura":"7 minutos"},"schema":{"@context":"https:\/\/schema.org","@graph":[{"@type":"Article","@id":"https:\/\/woorons.com\/2024\/11\/15\/caricaturas-de-famosos-norman-reedus-en-the-walking-dead\/#article","isPartOf":{"@id":"https:\/\/woorons.com\/2024\/11\/15\/caricaturas-de-famosos-norman-reedus-en-the-walking-dead\/"},"author":{"name":"Wo Orons","@id":"https:\/\/woorons.com\/#\/schema\/person\/85b4229ce0694a31b5f128dc047161e8"},"headline":"Caricaturas de famosos. Norman Reedus en \u00abThe Walking Dead\u00bb","datePublished":"2024-11-15T04:56:35+00:00","dateModified":"2024-11-15T05:20:19+00:00","mainEntityOfPage":{"@id":"https:\/\/woorons.com\/2024\/11\/15\/caricaturas-de-famosos-norman-reedus-en-the-walking-dead\/"},"wordCount":1345,"commentCount":0,"publisher":{"@id":"https:\/\/woorons.com\/#\/schema\/person\/85b4229ce0694a31b5f128dc047161e8"},"image":{"@id":"https:\/\/woorons.com\/2024\/11\/15\/caricaturas-de-famosos-norman-reedus-en-the-walking-dead\/#primaryimage"},"thumbnailUrl":"https:\/\/i0.wp.com\/woorons.com\/wp-content\/uploads\/2024\/11\/wordpress-tamano-de-imagen-destacada-para-entradas-2.jpg?fit=1200%2C675&ssl=1","keywords":["Actores","Actrices","Caricatura","Caricaturas de famosos","Caricaturas por encargo","Caricature","Caricatures","Cartoon","Cine","Daryl","daryl Dixon","Dibujos","Dixon","Ilustraci\u00f3n","Movie","Norman Reedus","Series","The WAlking Dead","TV","TWD"],"articleSection":["Caricaturas por encargo"],"inLanguage":"pt-PT","potentialAction":[{"@type":"CommentAction","name":"Comment","target":["https:\/\/woorons.com\/2024\/11\/15\/caricaturas-de-famosos-norman-reedus-en-the-walking-dead\/#respond"]}]},{"@type":"WebPage","@id":"https:\/\/woorons.com\/2024\/11\/15\/caricaturas-de-famosos-norman-reedus-en-the-walking-dead\/","url":"https:\/\/woorons.com\/2024\/11\/15\/caricaturas-de-famosos-norman-reedus-en-the-walking-dead\/","name":"Caricaturas de famosos. Norman Reedus en \"The Walking Dead\" - WO Orons Art","isPartOf":{"@id":"https:\/\/woorons.com\/#website"},"primaryImageOfPage":{"@id":"https:\/\/woorons.com\/2024\/11\/15\/caricaturas-de-famosos-norman-reedus-en-the-walking-dead\/#primaryimage"},"image":{"@id":"https:\/\/woorons.com\/2024\/11\/15\/caricaturas-de-famosos-norman-reedus-en-the-walking-dead\/#primaryimage"},"thumbnailUrl":"https:\/\/i0.wp.com\/woorons.com\/wp-content\/uploads\/2024\/11\/wordpress-tamano-de-imagen-destacada-para-entradas-2.jpg?fit=1200%2C675&ssl=1","datePublished":"2024-11-15T04:56:35+00:00","dateModified":"2024-11-15T05:20:19+00:00","breadcrumb":{"@id":"https:\/\/woorons.com\/2024\/11\/15\/caricaturas-de-famosos-norman-reedus-en-the-walking-dead\/#breadcrumb"},"inLanguage":"pt-PT","potentialAction":[{"@type":"ReadAction","target":["https:\/\/woorons.com\/2024\/11\/15\/caricaturas-de-famosos-norman-reedus-en-the-walking-dead\/"]}]},{"@type":"ImageObject","inLanguage":"pt-PT","@id":"https:\/\/woorons.com\/2024\/11\/15\/caricaturas-de-famosos-norman-reedus-en-the-walking-dead\/#primaryimage","url":"https:\/\/i0.wp.com\/woorons.com\/wp-content\/uploads\/2024\/11\/wordpress-tamano-de-imagen-destacada-para-entradas-2.jpg?fit=1200%2C675&ssl=1","contentUrl":"https:\/\/i0.wp.com\/woorons.com\/wp-content\/uploads\/2024\/11\/wordpress-tamano-de-imagen-destacada-para-entradas-2.jpg?fit=1200%2C675&ssl=1","width":1200,"height":675,"caption":"Imagen para la caricatura de Norman reedus en The Walking Dead"},{"@type":"BreadcrumbList","@id":"https:\/\/woorons.com\/2024\/11\/15\/caricaturas-de-famosos-norman-reedus-en-the-walking-dead\/#breadcrumb","itemListElement":[{"@type":"ListItem","position":1,"name":"Portada","item":"https:\/\/woorons.com\/"},{"@type":"ListItem","position":2,"name":"Caricaturas de famosos. Norman Reedus en \u00abThe Walking Dead\u00bb"}]},{"@type":"WebSite","@id":"https:\/\/woorons.com\/#website","url":"https:\/\/woorons.com\/","name":"WO Orons Art","description":"&quot;Caricaturas, Retratos, Fan Art, Ilustraci\u00f3n&quot;","publisher":{"@id":"https:\/\/woorons.com\/#\/schema\/person\/85b4229ce0694a31b5f128dc047161e8"},"potentialAction":[{"@type":"SearchAction","target":{"@type":"EntryPoint","urlTemplate":"https:\/\/woorons.com\/?s={search_term_string}"},"query-input":{"@type":"PropertyValueSpecification","valueRequired":true,"valueName":"search_term_string"}}],"inLanguage":"pt-PT"},{"@type":["Person","Organization"],"@id":"https:\/\/woorons.com\/#\/schema\/person\/85b4229ce0694a31b5f128dc047161e8","name":"Wo Orons","image":{"@type":"ImageObject","inLanguage":"pt-PT","@id":"https:\/\/i0.wp.com\/woorons.com\/wp-content\/uploads\/2025\/03\/logotipo-woorons.jpg?fit=595%2C516&ssl=1","url":"https:\/\/i0.wp.com\/woorons.com\/wp-content\/uploads\/2025\/03\/logotipo-woorons.jpg?fit=595%2C516&ssl=1","contentUrl":"https:\/\/i0.wp.com\/woorons.com\/wp-content\/uploads\/2025\/03\/logotipo-woorons.jpg?fit=595%2C516&ssl=1","width":595,"height":516,"caption":"Wo Orons"},"logo":{"@id":"https:\/\/i0.wp.com\/woorons.com\/wp-content\/uploads\/2025\/03\/logotipo-woorons.jpg?fit=595%2C516&ssl=1"},"sameAs":["http:\/\/orons-art.wordpress.com"],"url":"https:\/\/woorons.com\/pt\/author\/orons\/"}]}},"jetpack_publicize_connections":[],"jetpack_likes_enabled":true,"jetpack_sharing_enabled":true,"jetpack_shortlink":"https:\/\/wp.me\/p43FXj-2qn","jetpack-related-posts":[],"jetpack_featured_media_url":"https:\/\/i0.wp.com\/woorons.com\/wp-content\/uploads\/2024\/11\/wordpress-tamano-de-imagen-destacada-para-entradas-2.jpg?fit=1200%2C675&ssl=1","_links":{"self":[{"href":"https:\/\/woorons.com\/pt\/wp-json\/wp\/v2\/posts\/9323","targetHints":{"allow":["GET"]}}],"collection":[{"href":"https:\/\/woorons.com\/pt\/wp-json\/wp\/v2\/posts"}],"about":[{"href":"https:\/\/woorons.com\/pt\/wp-json\/wp\/v2\/types\/post"}],"author":[{"embeddable":true,"href":"https:\/\/woorons.com\/pt\/wp-json\/wp\/v2\/users\/21194217"}],"replies":[{"embeddable":true,"href":"https:\/\/woorons.com\/pt\/wp-json\/wp\/v2\/comments?post=9323"}],"version-history":[{"count":25,"href":"https:\/\/woorons.com\/pt\/wp-json\/wp\/v2\/posts\/9323\/revisions"}],"predecessor-version":[{"id":9370,"href":"https:\/\/woorons.com\/pt\/wp-json\/wp\/v2\/posts\/9323\/revisions\/9370"}],"wp:featuredmedia":[{"embeddable":true,"href":"https:\/\/woorons.com\/pt\/wp-json\/wp\/v2\/media\/9360"}],"wp:attachment":[{"href":"https:\/\/woorons.com\/pt\/wp-json\/wp\/v2\/media?parent=9323"}],"wp:term":[{"taxonomy":"category","embeddable":true,"href":"https:\/\/woorons.com\/pt\/wp-json\/wp\/v2\/categories?post=9323"},{"taxonomy":"post_tag","embeddable":true,"href":"https:\/\/woorons.com\/pt\/wp-json\/wp\/v2\/tags?post=9323"}],"curies":[{"name":"wp","href":"https:\/\/api.w.org\/{rel}","templated":true}]}}