{"id":7264,"date":"2025-10-03T06:30:20","date_gmt":"2025-10-03T04:30:20","guid":{"rendered":"https:\/\/woorons.com\/?p=7264"},"modified":"2025-10-03T06:47:37","modified_gmt":"2025-10-03T04:47:37","slug":"giuseppe-arcimboldo-surrealismo-renacimiento","status":"publish","type":"post","link":"https:\/\/woorons.com\/pt\/2025\/10\/03\/giuseppe-arcimboldo-surrealismo-renacimiento\/","title":{"rendered":"Giuseppe arcimboldo: el surrealista del renacimiento"},"content":{"rendered":"<div style=\"height:20px\" aria-hidden=\"true\" class=\"wp-block-spacer\"><\/div>\n\n\n\n<h2 class=\"wp-block-heading\"> Giuseppe Arcimboldo:Vida, Obra y Legado del Pintor de las \u00abCabezas Compuestas\u00bb<\/h2>\n\n\n\n<div class=\"wp-block-media-text is-stacked-on-mobile\" style=\"grid-template-columns:35% auto\"><figure class=\"wp-block-media-text__media\"><img data-recalc-dims=\"1\" loading=\"lazy\" decoding=\"async\" width=\"588\" height=\"842\" data-attachment-id=\"13927\" data-permalink=\"https:\/\/woorons.com\/pt\/2025\/10\/03\/giuseppe-arcimboldo-surrealismo-renacimiento\/giuseppe-arcimboldo\/\" data-orig-file=\"https:\/\/i0.wp.com\/woorons.com\/wp-content\/uploads\/2025\/10\/giuseppe-arcimboldo.webp?fit=588%2C842&amp;ssl=1\" data-orig-size=\"588,842\" data-comments-opened=\"1\" data-image-meta=\"{&quot;aperture&quot;:&quot;0&quot;,&quot;credit&quot;:&quot;&quot;,&quot;camera&quot;:&quot;&quot;,&quot;caption&quot;:&quot;&quot;,&quot;created_timestamp&quot;:&quot;0&quot;,&quot;copyright&quot;:&quot;&quot;,&quot;focal_length&quot;:&quot;0&quot;,&quot;iso&quot;:&quot;0&quot;,&quot;shutter_speed&quot;:&quot;0&quot;,&quot;title&quot;:&quot;&quot;,&quot;orientation&quot;:&quot;0&quot;}\" data-image-title=\"\u00abAutorretrato de Giuseppe Arcimboldo\u00bb\" data-image-description=\"&lt;p&gt;\u00abAutorretrato de Giuseppe Arcimboldo\u00bb&lt;\/p&gt;\" data-image-caption=\"&lt;p&gt;Autorretrato de Giuseppe Arcimboldo&lt;\/p&gt;\" data-large-file=\"https:\/\/i0.wp.com\/woorons.com\/wp-content\/uploads\/2025\/10\/giuseppe-arcimboldo.webp?fit=588%2C842&amp;ssl=1\" src=\"https:\/\/i0.wp.com\/woorons.com\/wp-content\/uploads\/2025\/10\/giuseppe-arcimboldo.webp?resize=588%2C842&#038;ssl=1\" alt=\"&quot;Autorretrato de Giuseppe Arcimboldo&quot;\" class=\"wp-image-13927 size-full\" \/><\/figure><div class=\"wp-block-media-text__content\">\n<p class=\"has-x-large-font-size wp-block-paragraph\">Genio, loco, creador, delirante, visionario, profeta&#8230;<\/p>\n\n\n\n<p class=\"has-text-align-justify wp-block-paragraph\">Arcimboldo fue un gran pintor, incomparable sobre todo por sus creaciones. Es uno de los pintores que admiro y si Giuseppe viviera en estos tiempos \u00bfQue podr\u00eda cear, con la tecnolog\u00eda actual? Esa pregunta me hace volar la imaginaci\u00f3n, porque el alcance de este genio, lo que consigui\u00f3, vio y creo en su \u00e9poca, es incomparable y escapa a nuestro simple entendimiento.<\/p>\n<\/div><\/div>\n\n\n\n<h3 class=\"wp-block-heading\"><strong>Un Genio M\u00edtico del Renacimiento<\/strong><\/h3>\n\n\n\n<p class=\"has-text-align-justify wp-block-paragraph\">Giuseppe Arcimboldo (1527-1593) es, sin duda, uno de los artistas m\u00e1s originales y enigm\u00e1ticos del Renacimiento. <\/p>\n\n\n\n<p class=\"has-text-align-justify wp-block-paragraph\">Lejos de ser un simple pintor de curiosidades, fue un intelectual profundamente arraigado en su tiempo cuya obra, siglos despu\u00e9s, ser\u00eda reivindicada por las vanguardias del siglo XX como un precedente fundamental del <strong>Surrealismo<\/strong> y el <strong>Cubismo<\/strong>. Esta biograf\u00eda completa recorre su vida, su evoluci\u00f3n art\u00edstica y el legado de un creador \u00fanico.<\/p>\n\n\n\n<h3 class=\"wp-block-heading\"><strong>Infancia y Formaci\u00f3n en la Mil\u00e1n Renacentista (1527-1549)<\/strong><\/h3>\n\n\n\n<p class=\"has-text-align-justify wp-block-paragraph\"><strong>Nacimiento y Origen Familiar:<\/strong> Giuseppe Arcimboldo naci\u00f3 en <strong>Mil\u00e1n en 1527<\/strong>, en el seno de una familia de artistas. <\/p>\n\n\n\n<p class=\"has-text-align-justify wp-block-paragraph\">Su padre, <strong>Biagio Arcimboldo<\/strong>, era un pintor y vidriero de cierto prestigio local, conocido por sus trabajos para la catedral y las iglesias milanesas. Un t\u00edo suyo tambi\u00e9n era pintor. <\/p>\n\n\n\n<p class=\"has-text-align-justify wp-block-paragraph\">Este entorno fue crucial, ya que ambos familiares trabajaban en un estilo influenciado por <strong>Leonardo da Vinci<\/strong>, quien hab\u00eda vivido en Mil\u00e1n unas d\u00e9cadas antes y dejado un profundo legado.<\/p>\n\n\n\n<p class=\"has-text-align-justify wp-block-paragraph\"><strong>Aprendizaje Riguroso:<\/strong> Como era habitual en la \u00e9poca, Arcimboldo no recibi\u00f3 una formaci\u00f3n acad\u00e9mica liberal, sino que se form\u00f3 como artesano en el taller familiar.<\/p>\n\n\n\n<p class=\"has-text-align-justify wp-block-paragraph\"> Este aprendizaje era largo y exhaustivo: inclu\u00eda desde la preparaci\u00f3n de lienzos, tablas y paredes, hasta la molienda manual de minerales para crear pigmentos y la mezcla de aglutinantes. Esta base t\u00e9cnica le proporcion\u00f3 un dominio excepcional de los materiales y una minuciosidad que luego aplicar\u00eda en sus obras m\u00e1s famosas.<\/p>\n\n\n\n<p class=\"has-text-align-justify wp-block-paragraph\"><strong>Primeros Encargos:<\/strong> Sus primeras obras documentadas, realizadas junto a su padre, fueron dise\u00f1os para <strong>vidrieras y frescos<\/strong> en la Catedral de Mil\u00e1n (como los vitrales de San Catalina de Alejandr\u00eda) y en la de Monza. Tambi\u00e9n realiz\u00f3 tapices y frescos, demostrando ya una versatilidad y un inter\u00e9s por la narrativa visual.<\/p>\n\n\n\n<h3 class=\"wp-block-heading\"><strong>El Cambio de Rumbo: Pintor de Corte en Viena y Praga (1562-1587)<\/strong><\/h3>\n\n\n\n<p class=\"has-text-align-justify wp-block-paragraph\"><strong>El Llamado Imperial:<\/strong> En <strong>1562<\/strong>, un hecho crucial marc\u00f3 su carrera: fue invitado a la corte de <strong>Fernando I<\/strong> en Viena. Tras la muerte de \u00e9ste, sirvi\u00f3 a su hijo, <strong>Maximiliano II<\/strong>, y posteriormente a su nieto, <strong>Rodolfo II<\/strong>, traslad\u00e1ndose con la corte a <strong>Praga<\/strong>. Este puesto no era el de un simple pintor; ostentaba el t\u00edtulo de <strong>\u00abRetratista de la Corte\u00bb<\/strong>, pero sus funciones eran mucho m\u00e1s amplias.<\/p>\n\n\n\n<p class=\"has-text-align-justify wp-block-paragraph\"><strong>Vida en la Corte de los Habsburgo:<\/strong> Su mecenas, el emperador <strong>Rodolfo II<\/strong>, era un personaje complejo: melanc\u00f3lico, exc\u00e9ntrico, gran mecenas de las artes y las ciencias, y obsesionado con la alquimia, la astrolog\u00eda y los \u00abgabinetes de curiosidades\u00bb (<em>Wunderkammern<\/em>). Este entorno de fascinaci\u00f3n por lo extra\u00f1o, lo maravilloso y lo simb\u00f3lico fue el caldo de cultivo perfecto para la imaginaci\u00f3n de Arcimboldo.<\/p>\n\n\n\n<ul class=\"wp-block-list\">\n<li><strong>Funciones Multifac\u00e9ticas:<\/strong>\n<ul class=\"wp-block-list\">\n<li><strong>Dise\u00f1ador de Espect\u00e1culos:<\/strong> Organiz\u00f3 torneos, bodas, festividades y obras de teatro, dise\u00f1ando vestuarios, carrozas aleg\u00f3ricas y decoraciones ef\u00edmeras. De esta labor quedan unos 150 dibujos que muestran su ingenio.<\/li>\n\n\n\n<li><strong>Arquitecto e Ingeniero:<\/strong> Trabaj\u00f3 en proyectos hidr\u00e1ulicos y se encarg\u00f3 de la gesti\u00f3n de la colecci\u00f3n imperial de arte y curiosidades.<\/li>\n\n\n\n<li><strong>Retratista Convencional:<\/strong> Pint\u00f3 retratos tradicionales de la familia imperial, aunque la mayor\u00eda se han perdido.<\/li>\n<\/ul>\n<\/li>\n<\/ul>\n\n\n\n<h2 class=\"wp-block-heading\"><strong>La Obra Maestra: Las \u00abCabezas Compuestas\u00bb y su Simbolog\u00eda<\/strong><\/h2>\n\n\n\n<p class=\"wp-block-paragraph\">Fue en este contexto donde Arcimboldo cre\u00f3 sus obras m\u00e1s c\u00e9lebres: las \u00abcabezas compuestas\u00bb o \u00abcabezas reversibles\u00bb. Lejos de ser meros juegos visuales, son complejas alegor\u00edas que reflejan el pensamiento humanista y la fascinaci\u00f3n por la naturaleza de la \u00e9poca.<\/p>\n\n\n\n<p class=\"wp-block-paragraph\"><strong>Las Cuatro Estaciones (1563, 1572, 1573):<\/strong> Representan el ciclo de la vida y el gobierno prudente. Cada rostro (Primavera, Verano, Oto\u00f1o, Invierno) est\u00e1 formado por elementos propios de esa estaci\u00f3n (flores, frutos, ramas secas). Son un comentario sobre la armon\u00eda entre el hombre, la naturaleza y el imperio.<\/p>\n\n\n\n<div style=\"height:20px\" aria-hidden=\"true\" class=\"wp-block-spacer\"><\/div>\n\n\n\n<div class=\"wp-block-columns is-layout-flex wp-container-core-columns-is-layout-9ba6dbca wp-block-columns-is-layout-flex\">\n<div class=\"wp-block-column is-layout-flow wp-block-column-is-layout-flow\">\n<figure class=\"wp-block-image size-full\"><a href=\"https:\/\/i0.wp.com\/woorons.com\/wp-content\/uploads\/2025\/10\/primavera-giuseppe-arcomboldo.webp?ssl=1\" target=\"_blank\" rel=\" noreferrer noopener\"><img data-recalc-dims=\"1\" loading=\"lazy\" decoding=\"async\" width=\"561\" height=\"842\" data-attachment-id=\"13885\" data-permalink=\"https:\/\/woorons.com\/pt\/2025\/10\/03\/giuseppe-arcimboldo-surrealismo-renacimiento\/primavera-giuseppe-arcomboldo\/\" data-orig-file=\"https:\/\/i0.wp.com\/woorons.com\/wp-content\/uploads\/2025\/10\/primavera-giuseppe-arcomboldo.webp?fit=561%2C842&amp;ssl=1\" data-orig-size=\"561,842\" data-comments-opened=\"1\" data-image-meta=\"{&quot;aperture&quot;:&quot;0&quot;,&quot;credit&quot;:&quot;&quot;,&quot;camera&quot;:&quot;&quot;,&quot;caption&quot;:&quot;&quot;,&quot;created_timestamp&quot;:&quot;0&quot;,&quot;copyright&quot;:&quot;&quot;,&quot;focal_length&quot;:&quot;0&quot;,&quot;iso&quot;:&quot;0&quot;,&quot;shutter_speed&quot;:&quot;0&quot;,&quot;title&quot;:&quot;&quot;,&quot;orientation&quot;:&quot;0&quot;}\" data-image-title=\"\u00abPrimavera Giuseppe Arcimboldo\" data-image-description=\"&lt;p&gt;Cabeza pintada donde con frutas y verduras hace el retrato de La Primavera obra de Giuseppe Arcimboldo&lt;\/p&gt;\" data-image-caption=\"\" data-large-file=\"https:\/\/i0.wp.com\/woorons.com\/wp-content\/uploads\/2025\/10\/primavera-giuseppe-arcomboldo.webp?fit=561%2C842&amp;ssl=1\" src=\"https:\/\/i0.wp.com\/woorons.com\/wp-content\/uploads\/2025\/10\/primavera-giuseppe-arcomboldo.webp?resize=561%2C842&#038;ssl=1\" alt=\"&quot;Cabeza pintada donde con frutas y verduras hace el retrato de La Primavera obra de Giuseppe Arcimboldo&quot;\" class=\"wp-image-13885\" \/><\/a><figcaption class=\"wp-element-caption\">Primavera<\/figcaption><\/figure>\n<\/div>\n\n\n\n<div class=\"wp-block-column is-layout-flow wp-block-column-is-layout-flow\">\n<figure class=\"wp-block-image size-full\"><a href=\"https:\/\/i0.wp.com\/woorons.com\/wp-content\/uploads\/2025\/10\/verano-giuseppe-archimboldo-1.webp?ssl=1\" target=\"_blank\" rel=\" noreferrer noopener\"><img data-recalc-dims=\"1\" loading=\"lazy\" decoding=\"async\" width=\"661\" height=\"842\" data-attachment-id=\"13893\" data-permalink=\"https:\/\/woorons.com\/pt\/2025\/10\/03\/giuseppe-arcimboldo-surrealismo-renacimiento\/verano-giuseppe-archimboldo\/\" data-orig-file=\"https:\/\/i0.wp.com\/woorons.com\/wp-content\/uploads\/2025\/10\/verano-giuseppe-archimboldo-1.webp?fit=661%2C842&amp;ssl=1\" data-orig-size=\"661,842\" data-comments-opened=\"1\" data-image-meta=\"{&quot;aperture&quot;:&quot;0&quot;,&quot;credit&quot;:&quot;&quot;,&quot;camera&quot;:&quot;&quot;,&quot;caption&quot;:&quot;&quot;,&quot;created_timestamp&quot;:&quot;0&quot;,&quot;copyright&quot;:&quot;&quot;,&quot;focal_length&quot;:&quot;0&quot;,&quot;iso&quot;:&quot;0&quot;,&quot;shutter_speed&quot;:&quot;0&quot;,&quot;title&quot;:&quot;&quot;,&quot;orientation&quot;:&quot;0&quot;}\" data-image-title=\"\u00abVerano Giuseppe Arcimboldo\u00bbverano-giuseppe-archimboldo\" data-image-description=\"&lt;p&gt;Cabeza pintada donde con frutas y verduras hace el retrato de Verano obra de Giuseppe Arcimboldo&lt;\/p&gt;\" data-image-caption=\"\" data-large-file=\"https:\/\/i0.wp.com\/woorons.com\/wp-content\/uploads\/2025\/10\/verano-giuseppe-archimboldo-1.webp?fit=661%2C842&amp;ssl=1\" src=\"https:\/\/i0.wp.com\/woorons.com\/wp-content\/uploads\/2025\/10\/verano-giuseppe-archimboldo-1.webp?resize=661%2C842&#038;ssl=1\" alt=\"&quot;Cabeza pintada donde con frutas y verduras hace el retrato de Verano obra de Giuseppe Arcimboldo&quot;\" class=\"wp-image-13893\" style=\"aspect-ratio:2\/3;object-fit:cover\" \/><\/a><figcaption class=\"wp-element-caption\">Verano<\/figcaption><\/figure>\n<\/div>\n\n\n\n<div class=\"wp-block-column is-layout-flow wp-block-column-is-layout-flow\">\n<figure class=\"wp-block-image size-full\"><a href=\"https:\/\/i0.wp.com\/woorons.com\/wp-content\/uploads\/2025\/10\/otono-giuseppe-archimboldo-1.webp?ssl=1\" target=\"_blank\" rel=\" noreferrer noopener\"><img data-recalc-dims=\"1\" loading=\"lazy\" decoding=\"async\" width=\"568\" height=\"842\" data-attachment-id=\"13894\" data-permalink=\"https:\/\/woorons.com\/pt\/2025\/10\/03\/giuseppe-arcimboldo-surrealismo-renacimiento\/otono-giuseppe-archimboldo\/\" data-orig-file=\"https:\/\/i0.wp.com\/woorons.com\/wp-content\/uploads\/2025\/10\/otono-giuseppe-archimboldo-1.webp?fit=568%2C842&amp;ssl=1\" data-orig-size=\"568,842\" data-comments-opened=\"1\" data-image-meta=\"{&quot;aperture&quot;:&quot;0&quot;,&quot;credit&quot;:&quot;&quot;,&quot;camera&quot;:&quot;&quot;,&quot;caption&quot;:&quot;&quot;,&quot;created_timestamp&quot;:&quot;0&quot;,&quot;copyright&quot;:&quot;&quot;,&quot;focal_length&quot;:&quot;0&quot;,&quot;iso&quot;:&quot;0&quot;,&quot;shutter_speed&quot;:&quot;0&quot;,&quot;title&quot;:&quot;&quot;,&quot;orientation&quot;:&quot;0&quot;}\" data-image-title=\"\u00abOto\u00f1o Giuseppe Arcimboldo\u00bb\" data-image-description=\"&lt;p&gt;Cabeza pintada donde con frutas y verduras hace el retrato de El Oto\u00f1o obra de Giuseppe Arcimboldo&lt;\/p&gt;\" data-image-caption=\"\" data-large-file=\"https:\/\/i0.wp.com\/woorons.com\/wp-content\/uploads\/2025\/10\/otono-giuseppe-archimboldo-1.webp?fit=568%2C842&amp;ssl=1\" src=\"https:\/\/i0.wp.com\/woorons.com\/wp-content\/uploads\/2025\/10\/otono-giuseppe-archimboldo-1.webp?resize=568%2C842&#038;ssl=1\" alt=\"&quot;Cabeza pintada donde con frutas y verduras hace el retrato de El Oto\u00f1o obra de Giuseppe Arcimboldo&quot;\" class=\"wp-image-13894\" style=\"aspect-ratio:2\/3;object-fit:cover\" \/><\/a><figcaption class=\"wp-element-caption\">Oto\u00f1o<\/figcaption><\/figure>\n<\/div>\n\n\n\n<div class=\"wp-block-column is-layout-flow wp-block-column-is-layout-flow\">\n<figure class=\"wp-block-image size-full\"><a href=\"https:\/\/i0.wp.com\/woorons.com\/wp-content\/uploads\/2025\/10\/invierno-giuseppe-archimboldo.webp?ssl=1\" target=\"_blank\" rel=\" noreferrer noopener\"><img data-recalc-dims=\"1\" loading=\"lazy\" decoding=\"async\" width=\"605\" height=\"842\" data-attachment-id=\"13888\" data-permalink=\"https:\/\/woorons.com\/pt\/2025\/10\/03\/giuseppe-arcimboldo-surrealismo-renacimiento\/invierno-giuseppe-archimboldo\/\" data-orig-file=\"https:\/\/i0.wp.com\/woorons.com\/wp-content\/uploads\/2025\/10\/invierno-giuseppe-archimboldo.webp?fit=605%2C842&amp;ssl=1\" data-orig-size=\"605,842\" data-comments-opened=\"1\" data-image-meta=\"{&quot;aperture&quot;:&quot;0&quot;,&quot;credit&quot;:&quot;&quot;,&quot;camera&quot;:&quot;&quot;,&quot;caption&quot;:&quot;&quot;,&quot;created_timestamp&quot;:&quot;0&quot;,&quot;copyright&quot;:&quot;&quot;,&quot;focal_length&quot;:&quot;0&quot;,&quot;iso&quot;:&quot;0&quot;,&quot;shutter_speed&quot;:&quot;0&quot;,&quot;title&quot;:&quot;&quot;,&quot;orientation&quot;:&quot;0&quot;}\" data-image-title=\"\u00abEl invierno de Giuseppe Archimboldo\u00bb\" data-image-description=\"&lt;p&gt;Cabeza pintada donde con frutas y verduras hace el retrato de El Invierno obra de Giuseppe Arcimboldo&lt;\/p&gt;\" data-image-caption=\"\" data-large-file=\"https:\/\/i0.wp.com\/woorons.com\/wp-content\/uploads\/2025\/10\/invierno-giuseppe-archimboldo.webp?fit=605%2C842&amp;ssl=1\" src=\"https:\/\/i0.wp.com\/woorons.com\/wp-content\/uploads\/2025\/10\/invierno-giuseppe-archimboldo.webp?resize=605%2C842&#038;ssl=1\" alt=\"&quot;Cabeza pintada donde con frutas y verduras hace el retrato de El Invierno obra de Giuseppe Arcimboldo&quot;\" class=\"wp-image-13888\" style=\"aspect-ratio:2\/3;object-fit:cover\" \/><\/a><figcaption class=\"wp-element-caption\">Invierno<\/figcaption><\/figure>\n<\/div>\n<\/div>\n\n\n\n<p class=\"wp-block-paragraph\"><strong>Los Cuatro Elementos (1566):<\/strong> Aire, Fuego, Agua y Tierra. Arcimboldo asoci\u00f3 cada elemento con un tipo de animal u objeto, y a su vez, los vincul\u00f3 con los territorios y el poder de los Habsburgo. Por ejemplo, \u00abEl Aire\u00bb est\u00e1 compuesto por aves, incluyendo un \u00e1guila y un pavo real, s\u00edmbolos imperiales.<\/p>\n\n\n\n<div class=\"wp-block-columns is-layout-flex wp-container-core-columns-is-layout-9ba6dbca wp-block-columns-is-layout-flex\">\n<div class=\"wp-block-column is-layout-flow wp-block-column-is-layout-flow\">\n<figure class=\"wp-block-image size-full\"><a href=\"https:\/\/i0.wp.com\/woorons.com\/wp-content\/uploads\/2025\/10\/air-giuseppe-arcimboldo.webp?ssl=1\" target=\"_blank\" rel=\" noreferrer noopener\"><img data-recalc-dims=\"1\" loading=\"lazy\" decoding=\"async\" width=\"633\" height=\"842\" data-attachment-id=\"13909\" data-permalink=\"https:\/\/woorons.com\/pt\/2025\/10\/03\/giuseppe-arcimboldo-surrealismo-renacimiento\/air-giuseppe-arcimboldo\/\" data-orig-file=\"https:\/\/i0.wp.com\/woorons.com\/wp-content\/uploads\/2025\/10\/air-giuseppe-arcimboldo.webp?fit=633%2C842&amp;ssl=1\" data-orig-size=\"633,842\" data-comments-opened=\"1\" data-image-meta=\"{&quot;aperture&quot;:&quot;0&quot;,&quot;credit&quot;:&quot;&quot;,&quot;camera&quot;:&quot;&quot;,&quot;caption&quot;:&quot;&quot;,&quot;created_timestamp&quot;:&quot;0&quot;,&quot;copyright&quot;:&quot;&quot;,&quot;focal_length&quot;:&quot;0&quot;,&quot;iso&quot;:&quot;0&quot;,&quot;shutter_speed&quot;:&quot;0&quot;,&quot;title&quot;:&quot;&quot;,&quot;orientation&quot;:&quot;0&quot;}\" data-image-title=\"\u00abAire de Giuseppe Arcimboldo\u00bb\" data-image-description=\"&lt;p&gt;Aire de Giuseppe Arcimboldo&lt;\/p&gt;\" data-image-caption=\"\" data-large-file=\"https:\/\/i0.wp.com\/woorons.com\/wp-content\/uploads\/2025\/10\/air-giuseppe-arcimboldo.webp?fit=633%2C842&amp;ssl=1\" src=\"https:\/\/i0.wp.com\/woorons.com\/wp-content\/uploads\/2025\/10\/air-giuseppe-arcimboldo.webp?resize=633%2C842&#038;ssl=1\" alt=\"&quot;Aire de Giuseppe Arcimboldo&quot;\" class=\"wp-image-13909\" style=\"aspect-ratio:2\/3;object-fit:cover\" \/><\/a><figcaption class=\"wp-element-caption\">Aire<\/figcaption><\/figure>\n<\/div>\n\n\n\n<div class=\"wp-block-column is-layout-flow wp-block-column-is-layout-flow\">\n<figure class=\"wp-block-image size-full\"><a href=\"https:\/\/i0.wp.com\/woorons.com\/wp-content\/uploads\/2025\/10\/fire-giuseppe-arcimboldo.webp?ssl=1\" target=\"_blank\" rel=\" noreferrer noopener\"><img data-recalc-dims=\"1\" loading=\"lazy\" decoding=\"async\" width=\"626\" height=\"842\" data-attachment-id=\"13907\" data-permalink=\"https:\/\/woorons.com\/pt\/2025\/10\/03\/giuseppe-arcimboldo-surrealismo-renacimiento\/fire-giuseppe-arcimboldo\/\" data-orig-file=\"https:\/\/i0.wp.com\/woorons.com\/wp-content\/uploads\/2025\/10\/fire-giuseppe-arcimboldo.webp?fit=626%2C842&amp;ssl=1\" data-orig-size=\"626,842\" data-comments-opened=\"1\" data-image-meta=\"{&quot;aperture&quot;:&quot;0&quot;,&quot;credit&quot;:&quot;&quot;,&quot;camera&quot;:&quot;&quot;,&quot;caption&quot;:&quot;&quot;,&quot;created_timestamp&quot;:&quot;0&quot;,&quot;copyright&quot;:&quot;&quot;,&quot;focal_length&quot;:&quot;0&quot;,&quot;iso&quot;:&quot;0&quot;,&quot;shutter_speed&quot;:&quot;0&quot;,&quot;title&quot;:&quot;&quot;,&quot;orientation&quot;:&quot;0&quot;}\" data-image-title=\"\u00abFuego de Giuseppe Arcimboldo\u00bb\" data-image-description=\"&lt;p&gt;Fuego de Giuseppe Arcimboldo&lt;\/p&gt;\" data-image-caption=\"\" data-large-file=\"https:\/\/i0.wp.com\/woorons.com\/wp-content\/uploads\/2025\/10\/fire-giuseppe-arcimboldo.webp?fit=626%2C842&amp;ssl=1\" src=\"https:\/\/i0.wp.com\/woorons.com\/wp-content\/uploads\/2025\/10\/fire-giuseppe-arcimboldo.webp?resize=626%2C842&#038;ssl=1\" alt=\"&quot;Fuego de Giuseppe Arcimboldo&quot;\" class=\"wp-image-13907\" style=\"aspect-ratio:2\/3;object-fit:cover\" \/><\/a><figcaption class=\"wp-element-caption\">Fuego<\/figcaption><\/figure>\n<\/div>\n\n\n\n<div class=\"wp-block-column is-layout-flow wp-block-column-is-layout-flow\">\n<figure class=\"wp-block-image size-full\"><a href=\"https:\/\/i0.wp.com\/woorons.com\/wp-content\/uploads\/2025\/10\/agua-giuseppe-arcimboldo.webp?ssl=1\" target=\"_blank\" rel=\" noreferrer noopener\"><img data-recalc-dims=\"1\" loading=\"lazy\" decoding=\"async\" width=\"632\" height=\"842\" data-attachment-id=\"13910\" data-permalink=\"https:\/\/woorons.com\/pt\/2025\/10\/03\/giuseppe-arcimboldo-surrealismo-renacimiento\/agua-giuseppe-arcimboldo\/\" data-orig-file=\"https:\/\/i0.wp.com\/woorons.com\/wp-content\/uploads\/2025\/10\/agua-giuseppe-arcimboldo.webp?fit=632%2C842&amp;ssl=1\" data-orig-size=\"632,842\" data-comments-opened=\"1\" data-image-meta=\"{&quot;aperture&quot;:&quot;0&quot;,&quot;credit&quot;:&quot;&quot;,&quot;camera&quot;:&quot;&quot;,&quot;caption&quot;:&quot;&quot;,&quot;created_timestamp&quot;:&quot;0&quot;,&quot;copyright&quot;:&quot;&quot;,&quot;focal_length&quot;:&quot;0&quot;,&quot;iso&quot;:&quot;0&quot;,&quot;shutter_speed&quot;:&quot;0&quot;,&quot;title&quot;:&quot;&quot;,&quot;orientation&quot;:&quot;0&quot;}\" data-image-title=\"\u00abAgua de Giuseppe Arcimboldo\u00bb\" data-image-description=\"&lt;p&gt;Agua de Giuseppe Arcimboldo&lt;\/p&gt;\" data-image-caption=\"\" data-large-file=\"https:\/\/i0.wp.com\/woorons.com\/wp-content\/uploads\/2025\/10\/agua-giuseppe-arcimboldo.webp?fit=632%2C842&amp;ssl=1\" src=\"https:\/\/i0.wp.com\/woorons.com\/wp-content\/uploads\/2025\/10\/agua-giuseppe-arcimboldo.webp?resize=632%2C842&#038;ssl=1\" alt=\"&quot;Agua de Giuseppe Arcimboldo&quot;\" class=\"wp-image-13910\" style=\"aspect-ratio:2\/3;object-fit:cover\" \/><\/a><figcaption class=\"wp-element-caption\">Agua<\/figcaption><\/figure>\n<\/div>\n\n\n\n<div class=\"wp-block-column is-layout-flow wp-block-column-is-layout-flow\">\n<figure class=\"wp-block-image size-full\"><a href=\"https:\/\/i0.wp.com\/woorons.com\/wp-content\/uploads\/2025\/10\/earth-giuseppe-arcimboldo.webp?ssl=1\" target=\"_blank\" rel=\" noreferrer noopener\"><img data-recalc-dims=\"1\" loading=\"lazy\" decoding=\"async\" width=\"576\" height=\"842\" data-attachment-id=\"13908\" data-permalink=\"https:\/\/woorons.com\/pt\/2025\/10\/03\/giuseppe-arcimboldo-surrealismo-renacimiento\/earth-giuseppe-arcimboldo\/\" data-orig-file=\"https:\/\/i0.wp.com\/woorons.com\/wp-content\/uploads\/2025\/10\/earth-giuseppe-arcimboldo.webp?fit=576%2C842&amp;ssl=1\" data-orig-size=\"576,842\" data-comments-opened=\"1\" data-image-meta=\"{&quot;aperture&quot;:&quot;0&quot;,&quot;credit&quot;:&quot;&quot;,&quot;camera&quot;:&quot;&quot;,&quot;caption&quot;:&quot;&quot;,&quot;created_timestamp&quot;:&quot;0&quot;,&quot;copyright&quot;:&quot;&quot;,&quot;focal_length&quot;:&quot;0&quot;,&quot;iso&quot;:&quot;0&quot;,&quot;shutter_speed&quot;:&quot;0&quot;,&quot;title&quot;:&quot;&quot;,&quot;orientation&quot;:&quot;0&quot;}\" data-image-title=\"Tierra de Giuseppe Arcimboldo\" data-image-description=\"&lt;p&gt;Tierra de Giuseppe Arcimboldo&lt;\/p&gt;\" data-image-caption=\"\" data-large-file=\"https:\/\/i0.wp.com\/woorons.com\/wp-content\/uploads\/2025\/10\/earth-giuseppe-arcimboldo.webp?fit=576%2C842&amp;ssl=1\" src=\"https:\/\/i0.wp.com\/woorons.com\/wp-content\/uploads\/2025\/10\/earth-giuseppe-arcimboldo.webp?resize=576%2C842&#038;ssl=1\" alt=\"&quot;Tierra de Giuseppe Arcimboldo&quot;\" class=\"wp-image-13908\" style=\"aspect-ratio:2\/3;object-fit:cover\" \/><\/a><figcaption class=\"wp-element-caption\">Tierra<\/figcaption><\/figure>\n<\/div>\n<\/div>\n\n\n\n<div style=\"height:20px\" aria-hidden=\"true\" class=\"wp-block-spacer\"><\/div>\n\n\n\n<p class=\"wp-block-paragraph\"><strong>Obras Emblem\u00e1ticas:<\/strong><\/p>\n\n\n\n<p class=\"has-text-align-justify wp-block-paragraph\"><strong>El Bibliotecario (c. 1566):<\/strong> Una s\u00e1tira ingeniosa y elegante formada por libros, considerada una obra pionera del <strong>Cubismo<\/strong> por su descomposici\u00f3n geom\u00e9trica.<\/p>\n\n\n\n<figure class=\"wp-block-image aligncenter size-full\"><img data-recalc-dims=\"1\" loading=\"lazy\" decoding=\"async\" width=\"609\" height=\"842\" data-attachment-id=\"13919\" data-permalink=\"https:\/\/woorons.com\/pt\/2025\/10\/03\/giuseppe-arcimboldo-surrealismo-renacimiento\/arcimboldo-o-bibliotecario\/\" data-orig-file=\"https:\/\/i0.wp.com\/woorons.com\/wp-content\/uploads\/2025\/10\/arcimboldo-o-bibliotecario.webp?fit=609%2C842&amp;ssl=1\" data-orig-size=\"609,842\" data-comments-opened=\"1\" data-image-meta=\"{&quot;aperture&quot;:&quot;0&quot;,&quot;credit&quot;:&quot;&quot;,&quot;camera&quot;:&quot;&quot;,&quot;caption&quot;:&quot;&quot;,&quot;created_timestamp&quot;:&quot;0&quot;,&quot;copyright&quot;:&quot;&quot;,&quot;focal_length&quot;:&quot;0&quot;,&quot;iso&quot;:&quot;0&quot;,&quot;shutter_speed&quot;:&quot;0&quot;,&quot;title&quot;:&quot;&quot;,&quot;orientation&quot;:&quot;0&quot;}\" data-image-title=\"\u00abEl Bibliotecario Giuseppe Arcimboldo\u00bb\" data-image-description=\"&lt;p&gt;El Bibliotecario Giuseppe Arcimboldo&lt;\/p&gt;\" data-image-caption=\"\" data-large-file=\"https:\/\/i0.wp.com\/woorons.com\/wp-content\/uploads\/2025\/10\/arcimboldo-o-bibliotecario.webp?fit=609%2C842&amp;ssl=1\" src=\"https:\/\/i0.wp.com\/woorons.com\/wp-content\/uploads\/2025\/10\/arcimboldo-o-bibliotecario.webp?resize=609%2C842&#038;ssl=1\" alt=\"&quot;El Bibliotecario Giuseppe Arcimboldo&quot;\" class=\"wp-image-13919\" \/><figcaption class=\"wp-element-caption\">El Bibliotecario<\/figcaption><\/figure>\n\n\n\n<p class=\"has-text-align-justify wp-block-paragraph\"><strong>El Jurista (1566):<\/strong> Un mordaz retrato sat\u00edrico de un abogado, creado con un pescado y un pollo asado.<\/p>\n\n\n\n<figure class=\"wp-block-image aligncenter size-full\"><img data-recalc-dims=\"1\" loading=\"lazy\" decoding=\"async\" width=\"669\" height=\"842\" data-attachment-id=\"13921\" data-permalink=\"https:\/\/woorons.com\/pt\/2025\/10\/03\/giuseppe-arcimboldo-surrealismo-renacimiento\/jurista-giuseppe-arcimboldo\/\" data-orig-file=\"https:\/\/i0.wp.com\/woorons.com\/wp-content\/uploads\/2025\/10\/jurista-giuseppe-arcimboldo.webp?fit=669%2C842&amp;ssl=1\" data-orig-size=\"669,842\" data-comments-opened=\"1\" data-image-meta=\"{&quot;aperture&quot;:&quot;0&quot;,&quot;credit&quot;:&quot;&quot;,&quot;camera&quot;:&quot;&quot;,&quot;caption&quot;:&quot;&quot;,&quot;created_timestamp&quot;:&quot;0&quot;,&quot;copyright&quot;:&quot;&quot;,&quot;focal_length&quot;:&quot;0&quot;,&quot;iso&quot;:&quot;0&quot;,&quot;shutter_speed&quot;:&quot;0&quot;,&quot;title&quot;:&quot;&quot;,&quot;orientation&quot;:&quot;0&quot;}\" data-image-title=\"\u00abEl Jurista de Giuseppe Arcimboldo\u00bb\" data-image-description=\"&lt;p&gt;El Jurista de Giuseppe Arcimboldo&lt;\/p&gt;\" data-image-caption=\"&lt;p&gt;El Jurista&lt;\/p&gt;\" data-large-file=\"https:\/\/i0.wp.com\/woorons.com\/wp-content\/uploads\/2025\/10\/jurista-giuseppe-arcimboldo.webp?fit=669%2C842&amp;ssl=1\" src=\"https:\/\/i0.wp.com\/woorons.com\/wp-content\/uploads\/2025\/10\/jurista-giuseppe-arcimboldo.webp?resize=669%2C842&#038;ssl=1\" alt=\"&quot;El Jurista de Giuseppe Arcimboldo&quot;\" class=\"wp-image-13921\" \/><figcaption class=\"wp-element-caption\">El Jurista<\/figcaption><\/figure>\n\n\n\n<p class=\"has-text-align-justify wp-block-paragraph\"><strong>El Hortelano (c. 1590):<\/strong> Una \u00abcabeza reversible\u00bb donde un bodeg\u00f3n de verduras se transforma, al girarlo, en un retrato.<\/p>\n\n\n\n<p class=\"wp-block-paragraph\">hortelano<\/p>\n\n\n\n<figure class=\"wp-block-image aligncenter size-full\"><img data-recalc-dims=\"1\" loading=\"lazy\" decoding=\"async\" width=\"842\" height=\"544\" data-attachment-id=\"13924\" data-permalink=\"https:\/\/woorons.com\/pt\/2025\/10\/03\/giuseppe-arcimboldo-surrealismo-renacimiento\/hortelano-giuseppe-arcimboldo\/\" data-orig-file=\"https:\/\/i0.wp.com\/woorons.com\/wp-content\/uploads\/2025\/10\/hortelano-giuseppe-arcimboldo.jpg?fit=842%2C544&amp;ssl=1\" data-orig-size=\"842,544\" data-comments-opened=\"1\" data-image-meta=\"{&quot;aperture&quot;:&quot;0&quot;,&quot;credit&quot;:&quot;&quot;,&quot;camera&quot;:&quot;&quot;,&quot;caption&quot;:&quot;&quot;,&quot;created_timestamp&quot;:&quot;0&quot;,&quot;copyright&quot;:&quot;&quot;,&quot;focal_length&quot;:&quot;0&quot;,&quot;iso&quot;:&quot;0&quot;,&quot;shutter_speed&quot;:&quot;0&quot;,&quot;title&quot;:&quot;&quot;,&quot;orientation&quot;:&quot;0&quot;}\" data-image-title=\"\u00abEl hortelano Giuseppe Arcimboldo\u00bb\" data-image-description=\"&lt;p&gt;El hortelano Giuseppe Arcimboldo&lt;\/p&gt;\" data-image-caption=\"&lt;p&gt;El hortelano&lt;\/p&gt;\" data-large-file=\"https:\/\/i0.wp.com\/woorons.com\/wp-content\/uploads\/2025\/10\/hortelano-giuseppe-arcimboldo.jpg?fit=842%2C544&amp;ssl=1\" src=\"https:\/\/i0.wp.com\/woorons.com\/wp-content\/uploads\/2025\/10\/hortelano-giuseppe-arcimboldo.jpg?resize=842%2C544&#038;ssl=1\" alt=\"&quot;El hortelano Giuseppe Arcimboldo&quot;\" class=\"wp-image-13924\" \/><figcaption class=\"wp-element-caption\">El hortelano<\/figcaption><\/figure>\n\n\n\n<h3 class=\"wp-block-heading\"><strong>El Regreso a Mil\u00e1n y los \u00daltimos A\u00f1os (1587-1593)<\/strong><\/h3>\n\n\n\n<p class=\"has-text-align-justify wp-block-paragraph\">En <strong>1587<\/strong>, tras 25 a\u00f1os de servicio, Arcimboldo regres\u00f3 a Mil\u00e1n con el permiso de Rodolfo II, quien, en agradecimiento, le otorg\u00f3 un t\u00edtulo nobiliario y una sustanciosa pensi\u00f3n. En sus \u00faltimos a\u00f1os, continu\u00f3 pintando y mantuvo correspondencia con la corte. Intent\u00f3 reescribir su origen humilde, pretendiendo descender de una familia noble del mismo apellido. Muri\u00f3 en Mil\u00e1n el <strong>11 de julio de 1593<\/strong>, a causa de una infecci\u00f3n urinaria y c\u00e1lculos renales.<\/p>\n\n\n\n<h3 class=\"wp-block-heading\"><strong>El Olvido y el Redescubrimiento en el Siglo XX<\/strong><\/h3>\n\n\n\n<p class=\"has-text-align-justify wp-block-paragraph\">Tras su muerte, su fama se eclips\u00f3 r\u00e1pidamente. Durante siglos, fue considerado un pintor exc\u00e9ntrico y menor. Su resurrecci\u00f3n se la debe al historiador <strong>Alfred H. Barr Jr.<\/strong>, primer director del <strong>Museo de Arte Moderno de Nueva York (MoMA)<\/strong>. En 1936, Barr incluy\u00f3 sus obras en la fundacional exposici\u00f3n <strong>\u00abFantastic Art, Dada, Surrealism\u00bb<\/strong>, present\u00e1ndolo como un precursor visionario. <strong>Salvador Dal\u00ed<\/strong> lo proclam\u00f3 abiertamente como un maestro y \u00abpadre del Surrealismo\u00bb. Desde entonces, su figura no ha dejado de crecer, siendo estudiado por semi\u00f3logos como <strong>Roland Barthes<\/strong> y reivindicado por artistas de todo el mundo.<\/p>\n\n\n\n<h3 class=\"wp-block-heading\"><strong>El Legado de un Visionario<\/strong><\/h3>\n\n\n\n<p class=\"has-text-align-justify wp-block-paragraph\">Giuseppe Arcimboldo fue un s\u00edntoma de su \u00e9poca y una profec\u00eda del arte futuro. Su obra sintetiza el esp\u00edritu enciclop\u00e9dico del Renacimiento, el amor por la naturaleza y el gusto por la alegor\u00eda. Al mismo tiempo, su juego con la percepci\u00f3n, su subversi\u00f3n de la realidad y su t\u00e9cnica meticulosa lo convierten en un artista de una modernidad asombrosa, cuyo misterio y genialidad contin\u00faan fascin\u00e1ndonos hoy.<\/p>\n\n\n\n<hr class=\"wp-block-separator has-alpha-channel-opacity\" \/>\n\n\n\n<h2 class=\"wp-block-heading\">Redescubriendo a Arcimboldo<\/h2>\n\n\n\n<p class=\"has-text-align-justify wp-block-paragraph\">&nbsp;El redescubrimiento de Giuseppe Arcimboldo es una historia fascinante que transform\u00f3 a un pintor olvidado en un icono moderno.<\/p>\n\n\n\n<h3 class=\"wp-block-heading\"><strong>El Olvido y el Redescubrimiento de Arcimboldo<\/strong><\/h3>\n\n\n\n<p class=\"has-text-align-justify wp-block-paragraph\">Durante m\u00e1s de&nbsp;<strong>tres siglos<\/strong>, Arcimboldo permaneci\u00f3 en la m\u00e1s absoluta oscuridad. Despu\u00e9s de su muerte en 1593, su fama se desvaneci\u00f3 r\u00e1pidamente. <\/p>\n\n\n\n<p class=\"has-text-align-justify wp-block-paragraph\">En los siglos XVII, XVIII y XIX, era considerado, en el mejor de los casos, un pintor curioso y exc\u00e9ntrico, un \u00abpintor de bromas\u00bb (<em>pittore di bizzarrie<\/em>) cuyas obras eran vistas como meras curiosidades sin la profundidad del arte renacentista serio. Sus pinturas estaban guardadas en almacenes o colgaban en pasillos secundarios de palacios, sin que nadie les prestara mucha atenci\u00f3n.<\/p>\n\n\n\n<p class=\"wp-block-paragraph\">El punto de inflexi\u00f3n crucial ocurri\u00f3 en&nbsp;<strong>el siglo XX<\/strong>, y la persona clave fue&nbsp;<strong>Alfred Hamilton Barr Jr.<\/strong>, el primer director del&nbsp;<strong>Museo de Arte Moderno de Nueva York (MoMA)<\/strong>.<\/p>\n\n\n\n<h2 class=\"wp-block-heading\"><strong>La Historia del Redescubrimiento: Un Momento \u00abEureka\u00bb<\/strong><\/h2>\n\n\n\n<p class=\"wp-block-paragraph\">Como relata su esposa,&nbsp;<strong>Margaret Barr<\/strong>, el redescubrimiento fue casi una casualidad detectivesca. La historia se desarrolla en varios actos:<\/p>\n\n\n\n<p class=\"has-text-align-justify wp-block-paragraph\"><strong>La Inspiraci\u00f3n de Dal\u00ed (1931):<\/strong>&nbsp;Alfred y Margaret estaban en Par\u00eds en 1931 y visitaron la galer\u00eda de Pierre Colle, donde vieron una exposici\u00f3n de un joven&nbsp;<strong>Salvador Dal\u00ed<\/strong>. <\/p>\n\n\n\n<p class=\"has-text-align-justify wp-block-paragraph\">Dal\u00ed, demacrado y exc\u00e9ntrico, les mostr\u00f3 su obra \u00abEl gran masturbador\u00bb. Luego, les ense\u00f1\u00f3 una&nbsp;<strong>postal de una colonia en \u00c1frica<\/strong>: la imagen mostraba a nativos frente a una gran tienda blanca. Cuando Dal\u00ed&nbsp;<strong>gir\u00f3 la postal verticalmente<\/strong>, la escena se transform\u00f3 ante sus ojos: la tienda se convirti\u00f3 en la barbilla de una mujer y las figuras humanas en sus rasgos faciales. Era una&nbsp;<strong>imagen doble<\/strong>. Esta experiencia encendi\u00f3 una chispa en los Barr.<\/p>\n\n\n\n<p class=\"has-text-align-justify wp-block-paragraph\"><strong>El Hallazgo en una Tienda Barata (1931):<\/strong>&nbsp;Poco despu\u00e9s, en un viaje a&nbsp;<strong>Bad Gastein, Austria<\/strong>, los Barr entraron en una tienda de arte barata para turistas, llena de reproducciones horteras. <\/p>\n\n\n\n<p class=\"has-text-align-justify wp-block-paragraph\">En un rinc\u00f3n oscuro, encontraron un cuadro polvoriento. Era un paisaje horizontal que, al girarlo verticalmente, revel\u00f3 la cabeza de un cazador: los \u00e1rboles formaban su gorra, los arbustos su barbilla y una oreja era el blanco de una escopeta. Intrigados por esta t\u00e9cnica de \u00abdoble imagen\u00bb, lo compraron.<\/p>\n\n\n\n<p class=\"has-text-align-justify wp-block-paragraph\"><strong>La Atribuci\u00f3n: \u00abEscuela de Arcimboldo\u00bb:<\/strong>&nbsp;De vuelta en Nueva York, mostraron su misteriosa adquisici\u00f3n al famoso historiador del arte&nbsp;<strong>Erwin Panofsky<\/strong>. Panofsky examin\u00f3 el cuadro y les dio la clave: no era una obra de un artista an\u00f3nimo, sino que pertenec\u00eda a la&nbsp;<strong>\u00abescuela de Arcimboldo\u00bb<\/strong>. Por primera vez, los Barr tuvieron un nombre al que asociar este estilo \u00fanico.<\/p>\n\n\n\n<p class=\"has-text-align-justify wp-block-paragraph\"><strong>La Consagraci\u00f3n: La Exposici\u00f3n del MoMA (1936):<\/strong>&nbsp;Alfred Barr estaba organizando una exposici\u00f3n fundacional para el arte moderno:&nbsp;<strong>\u00abArte Fant\u00e1stico, Dad\u00e1 y Surrealismo\u00bb<\/strong>&nbsp;(1936). <\/p>\n\n\n\n<p class=\"has-text-align-justify wp-block-paragraph\">Su objetivo era trazar un linaje para estos movimientos de vanguardia, mostrando que no hab\u00edan surgido de la nada, sino que eran la culminaci\u00f3n de una tradici\u00f3n de arte fant\u00e1stico y enigm\u00e1tico que se remontaba siglos atr\u00e1s.<\/p>\n\n\n\n<p class=\"has-text-align-justify wp-block-paragraph\">Barr incluy\u00f3 obras de&nbsp;<strong>Arcimboldo<\/strong>&nbsp;(junto a El Bosco, Brueghel y otros) como los&nbsp;<strong>precursores hist\u00f3ricos del Surrealismo<\/strong>. <\/p>\n\n\n\n<p class=\"has-text-align-justify wp-block-paragraph\">Esta fue la consagraci\u00f3n p\u00fablica y cr\u00edtica de Arcimboldo en la era moderna. Al colocar sus \u00abcabezas compuestas\u00bb junto a las obras de Dal\u00ed, Mir\u00f3 y Magritte, Barr les devolvi\u00f3 su significado profundo y los present\u00f3 al mundo como lo que eran: obras de un genio visionario.<\/p>\n\n\n\n<h3 class=\"wp-block-heading\" style=\"font-size:clamp(18.959px, 1.185rem + ((1vw - 3.2px) * 1.046), 30px);\"><strong>Consecuencias del Redescubrimiento<\/strong><\/h3>\n\n\n\n<p class=\"has-text-align-justify wp-block-paragraph\"><strong>S\u00edmbolo Surrealista:<\/strong>&nbsp;A partir de ese momento, Arcimboldo se convirti\u00f3 en un&nbsp;<strong>fetiche para los surrealistas<\/strong>. Salvador Dal\u00ed, en particular, lo nombr\u00f3 expl\u00edcitamente como un <strong>padre art\u00edstico<\/strong> y su influencia es evidente en obras como \u00abEl Gran Paranoico\u00bb (1936).<\/p>\n\n\n\n<p class=\"has-text-align-justify wp-block-paragraph\"><strong>Reivindicaci\u00f3n por los Cubistas:<\/strong>&nbsp;Los artistas cubistas tambi\u00e9n vieron en cuadros como \u00abEl Bibliotecario\u00bb una descomposici\u00f3n geom\u00e9trica de la forma que anticipaba sus propios principios.<\/p>\n\n\n\n<p class=\"has-text-align-justify wp-block-paragraph\"><strong>Revalorizaci\u00f3n Cr\u00edtica:<\/strong>&nbsp;Intelectuales como&nbsp;<strong>Roland Barthes<\/strong>&nbsp;escribieron ensayos analizando su obra desde una perspectiva semiol\u00f3gica, destacando su uso de la met\u00e1fora y la metonimia.<\/p>\n\n\n\n<p class=\"has-text-align-justify wp-block-paragraph\"><strong>Exposiciones y Legado Permanente:<\/strong>&nbsp;La gran exposici\u00f3n&nbsp;<strong>\u00abEl Efecto Arcimboldo\u00bb<\/strong>&nbsp;en Venecia (1987) consolid\u00f3 su estatus como un maestro de talla mundial. Su influencia se extiende hoy a la publicidad, la fotograf\u00eda y el arte contempor\u00e1neo.<\/p>\n\n\n\n<p class=\"has-text-align-justify wp-block-paragraph\">En resumen, Arcimboldo no fue \u00abdescubierto\u00bb en un s\u00f3tano, sino&nbsp;<strong>reinterpretado y reivindicado<\/strong>. Fue el ojo moderno de Alfred Barr, alimentado por el surrealismo, el que supo ver en sus juegos visuales una profundidad y una modernidad que su propia \u00e9poca no hab\u00eda sabido apreciar en su totalidad.<\/p>\n\n\n\n<hr class=\"wp-block-separator has-alpha-channel-opacity\" \/>\n\n\n\n<p class=\"has-primary-color has-text-color has-background has-link-color wp-elements-1 wp-block-paragraph\" style=\"background-color:#e6faed\"><strong>\u00bfTe interesa el arte ?<\/strong><a href=\"https:\/\/woorons.com\/pt\/suscripcion-secretos-taller-dibujo-pintura\/\" target=\"_blank\" rel=\"noreferrer noopener\"> <strong>Suscr\u00edbete a nuestra newsletter<\/strong><\/a> para recibir an\u00e1lisis de obras maestras y biograf\u00edas de artistas directamente en tu correo.<\/p>\n\n\n\n<h2 class=\"wp-block-heading\">\u00bfC\u00f3mo ve\u00eda  la gente a Arcimboldo en su \u00e9poca?<\/h2>\n\n\n\n<p class=\"has-text-align-justify wp-block-paragraph\">La percepci\u00f3n de Arcimboldo en su \u00e9poca fue radicalmente diferente a la de un \u00abartista maldito\u00bb o incomprendido. La documentaci\u00f3n hist\u00f3rica, aunque no es abundante, pinta un cuadro muy claro:&nbsp;<strong>Arcimboldo fue un cortesano exitoso, enormemente valorado y admirado en su tiempo.<\/strong><\/p>\n\n\n\n<h3 class=\"wp-block-heading\" style=\"font-size:clamp(15.747px, 0.984rem + ((1vw - 3.2px) * 0.782), 24px);\">Un Artista Prestigioso y Valorado en la Corte<\/h3>\n\n\n\n<p class=\"wp-block-paragraph\"><strong>Evidencia Documental:<\/strong><\/p>\n\n\n\n<p class=\"has-text-align-justify wp-block-paragraph\"><strong>Cargos y Salarios:<\/strong>&nbsp;Los registros de la corte de los Habsburgo lo nombran como \u00abpintor de c\u00e1mara\u00bb para Fernando I, Maximiliano II y Rodolfo II. Recibi\u00f3 un salario sustancioso y constantes bonificaciones, lo que indica un alto estatus. Rodolfo II no solo le pagaba bien, sino que le concedi\u00f3 regalos personales y, lo m\u00e1s importante, un&nbsp;<strong>t\u00edtulo nobiliario<\/strong>&nbsp;en 1587.<\/p>\n\n\n\n<p class=\"has-text-align-justify wp-block-paragraph\"><strong>Poemas y Alabanzas Publicadas:<\/strong>&nbsp;Cuando Arcimboldo regres\u00f3 a Mil\u00e1n en 1587, se public\u00f3 un volumen de poemas en su honor, titulado <strong>\u00ab<em>Componimenti poetici per le felicissime nozze di Giuseppe Arcimboldo<\/em>\u00ab<\/strong>. Varios poetas e intelectuales de la \u00e9poca escribieron versos elogiando su ingenio y su arte. Esto no se hac\u00eda por un pintor marginal, sino por uno consagrado.<\/p>\n\n\n\n<p class=\"has-text-align-justify wp-block-paragraph\"><strong>\u00bfC\u00f3mo lo ve\u00edan?<\/strong><br>Como un&nbsp;<strong>cortesano ingenioso y erudito<\/strong>. Sus \u00abcabezas compuestas\u00bb no se consideraban rarezas, sino sofisticadas&nbsp;<strong>alegor\u00edas<\/strong>&nbsp;que reflejaban el ideal humanista del conocimiento enciclop\u00e9dico. Eran celebradas como muestras de ingenio (<em>ingegno<\/em>), una cualidad muy apreciada en el Renacimiento tard\u00edo y el Manierismo.<\/p>\n\n\n\n<h3 class=\"wp-block-heading\" style=\"font-size:clamp(15.747px, 0.984rem + ((1vw - 3.2px) * 0.782), 24px);\">Un Creador de M\u00e1quinas de Fiesta y Espect\u00e1culos<\/h3>\n\n\n\n<p class=\"wp-block-paragraph\" style=\"font-size:clamp(14px, 0.875rem + ((1vw - 3.2px) * 0.568), 20px);\"><strong>Evidencia Documental:<\/strong><\/p>\n\n\n\n<ul class=\"wp-block-list\">\n<li><strong>Dibujos de Trajes y Carrozas:<\/strong>&nbsp;Se conservan aproximadamente 150 dibujos suyos de dise\u00f1os para trajes, coreograf\u00edas y decoraciones para festividades de la corte. Estos documentos prueban su rol multifac\u00e9tico.<\/li>\n<\/ul>\n\n\n\n<p class=\"has-text-align-justify wp-block-paragraph\"><strong>\u00bfC\u00f3mo lo ve\u00edan?<\/strong><br>Como un&nbsp;<strong>\u00abdirector creativo\u00bb<\/strong>&nbsp;o un&nbsp;<strong>maestro de espect\u00e1culos<\/strong>. Su labor organizando torneos, bodas y mascaradas era tan importante como su labor pict\u00f3rica. Esto lo situaba en una tradici\u00f3n prestigiosa, comparable a la de&nbsp;<strong>Leonardo da Vinci<\/strong>&nbsp;en la corte de los Sforza.<\/p>\n\n\n\n<h3 class=\"wp-block-heading\" style=\"font-size:clamp(15.747px, 0.984rem + ((1vw - 3.2px) * 0.782), 24px);\">Un Hombre de Ciencia y un Coleccionista<\/h3>\n\n\n\n<p class=\"wp-block-paragraph\"><strong>Evidencia Documental:<\/strong><\/p>\n\n\n\n<p class=\"has-text-align-justify wp-block-paragraph\">Se sabe que Rodolfo II le encarg\u00f3 la adquisici\u00f3n de obras de arte y objetos raros para su&nbsp;<em>Kunstkammer<\/em>&nbsp;(Gabinete de las Maravillas). Esto indica que el emperador confiaba en su criterio y conocimiento. (\u00bfQue es un Kunstkammer? M\u00e1s abajo te lo cuento)<\/p>\n\n\n\n<p class=\"has-text-align-justify wp-block-paragraph\"><strong>\u00bfC\u00f3mo lo ve\u00edan?<\/strong><br>Como un&nbsp;<strong>intelectual y un conocedor<\/strong>. Su trabajo estaba en sinton\u00eda con el esp\u00edritu de la&nbsp;<em>Wunderkammer<\/em>, donde el arte y la ciencia se un\u00edan. Sus pinturas, que catalogaban meticulosamente la flora y la fauna, eran vistas como una extensi\u00f3n de este af\u00e1n coleccionista y clasificatorio.<\/p>\n\n\n\n<h3 class=\"wp-block-heading\" style=\"font-size:clamp(15.747px, 0.984rem + ((1vw - 3.2px) * 0.782), 24px);\">\u00bfProvocaban Extra\u00f1eza sus Cuadros? S\u00ed, pero de la \u00abbuena\u00bb.<\/h3>\n\n\n\n<p class=\"has-text-align-justify wp-block-paragraph\">Es un error pensar que su obra pas\u00f3 desapercibida o fue rechazada. Por el contrario,&nbsp;<strong>causaban asombro y admiraci\u00f3n<\/strong>. El poeta Gregorio Comanini, contempor\u00e1neo de Arcimboldo, escribi\u00f3 un di\u00e1logo (\u00ab<em>Il Figino<\/em>\u00ab) en el que se discute su obra. All\u00ed se describe el proceso de \u00ableer\u00bb sus pinturas: primero se ve la figura humana y luego se descifran los elementos que la componen. Esta \u00abdificultad\u00bb y este juego intelectual eran precisamente lo que las hac\u00eda tan apreciadas en una corte amante de los enigmas y las rarezas.<\/p>\n\n\n\n<h3 class=\"wp-block-heading\" style=\"font-size:clamp(18.959px, 1.185rem + ((1vw - 3.2px) * 1.046), 30px);\">La \u00danica \u00abSombra\u00bb: La S\u00e1tira<\/h3>\n\n\n\n<p class=\"has-text-align-justify wp-block-paragraph\">Algunas de sus obras, como&nbsp;<strong>\u00abEl Jurista\u00bb<\/strong>, son claramente sat\u00edricas. Es probable que este tipo de retratos se entendieran como comentarios mordaces, pero dentro de los l\u00edmites permitidos en la corte. Era una s\u00e1tira ingeniosa, no una cr\u00edtica \u00absubversiva\u00bb<\/p>\n\n\n\n<hr class=\"wp-block-separator has-alpha-channel-opacity\" \/>\n\n\n\n<h3 class=\"wp-block-heading\" style=\"font-size:clamp(18.959px, 1.185rem + ((1vw - 3.2px) * 1.046), 30px);\">Resumen: La Diferencia Clave entre Entonces y Ahora<\/h3>\n\n\n\n<figure class=\"wp-block-table\"><table class=\"has-fixed-layout\"><thead><tr><th>Entonces (Siglo XVI)<\/th><th>Ahora (Siglo XX-XXI)<\/th><\/tr><\/thead><tbody><tr><td><strong>Cortesano exitoso y valorado.<\/strong><\/td><td><strong>Artista \u00abredescubierto\u00bb, visto como un outsider.<\/strong><\/td><\/tr><tr><td><strong>Sus obras eran \u00abalegor\u00edas ingeniosas\u00bb.<\/strong><\/td><td><strong>Sus obras son \u00absurrealistas\u00bb o \u00abpsicod\u00e9licas\u00bb.<\/strong><\/td><\/tr><tr><td><strong>Su valor: el ingenio (<em>ingegno<\/em>) y el conocimiento enciclop\u00e9dico.<\/strong><\/td><td><strong>Su valor: la subversi\u00f3n de la realidad y el precursor de vanguardias.<\/strong><\/td><\/tr><tr><td><strong>Artista integrado en el sistema del mecenazgo.<\/strong><\/td><td><strong>Artista visto como un genio incomprendido en su tiempo (mito).<\/strong><\/td><\/tr><\/tbody><\/table><\/figure>\n\n\n\n<p class=\"has-text-align-justify wp-block-paragraph\">La gente de su \u00e9poca no ve\u00eda a Arcimboldo como un pintor de rarezas, sino como un&nbsp;<strong>hombre de talento universal<\/strong>&nbsp;en la l\u00ednea de Leonardo da Vinci.<\/p>\n\n\n\n<p class=\"has-text-align-justify wp-block-paragraph\">Lo admiraban por su ingenio, su erudici\u00f3n y su capacidad para entretener y asombrar a la corte. <\/p>\n\n\n\n<p class=\"has-text-align-justify wp-block-paragraph\">Su \u00abolvido\u00bb posterior se debi\u00f3 a un cambio en los gustos art\u00edsticos (el Barroco y luego el Neoclasicismo valoraron otras cosas), no a un fracaso o un rechazo durante su vida. La documentaci\u00f3n muestra a un artista triunfador, no a un incomprendido.<\/p>\n\n\n\n<hr class=\"wp-block-separator has-alpha-channel-opacity\" \/>\n\n\n\n<h2 class=\"wp-block-heading\">\u00bfQue es un Kunstkammer?<\/h2>\n\n\n\n<p class=\"has-text-align-justify wp-block-paragraph\">Un&nbsp;<strong>Kunstkammer<\/strong>&nbsp;(en alem\u00e1n, \u00abc\u00e1mara de arte\u00bb) o&nbsp;<strong>Wunderkammer<\/strong>&nbsp;(\u00abc\u00e1mara de las maravillas\u00bb) es el antecesor directo de los museos modernos y fue un elemento fundamental en la corte donde trabaj\u00f3 Arcimboldo.<\/p>\n\n\n\n<p class=\"has-text-align-justify wp-block-paragraph\">Era una colecci\u00f3n enciclop\u00e9dica que pretend\u00eda reunir y representar todo el conocimiento del mundo en un solo lugar, normalmente una habitaci\u00f3n o suite de habitaciones en el palacio de un pr\u00edncipe, noble o erudito.<\/p>\n\n\n\n<figure class=\"wp-block-image aligncenter size-full\"><img data-recalc-dims=\"1\" loading=\"lazy\" decoding=\"async\" width=\"842\" height=\"661\" data-attachment-id=\"13955\" data-permalink=\"https:\/\/woorons.com\/pt\/2025\/10\/03\/giuseppe-arcimboldo-surrealismo-renacimiento\/kunstkammer-camara-arte-maravillas\/\" data-orig-file=\"https:\/\/i0.wp.com\/woorons.com\/wp-content\/uploads\/2025\/10\/kunstkammer-camara-arte-maravillas.webp?fit=842%2C661&amp;ssl=1\" data-orig-size=\"842,661\" data-comments-opened=\"1\" data-image-meta=\"{&quot;aperture&quot;:&quot;0&quot;,&quot;credit&quot;:&quot;&quot;,&quot;camera&quot;:&quot;&quot;,&quot;caption&quot;:&quot;&quot;,&quot;created_timestamp&quot;:&quot;0&quot;,&quot;copyright&quot;:&quot;&quot;,&quot;focal_length&quot;:&quot;0&quot;,&quot;iso&quot;:&quot;0&quot;,&quot;shutter_speed&quot;:&quot;0&quot;,&quot;title&quot;:&quot;&quot;,&quot;orientation&quot;:&quot;0&quot;}\" data-image-title=\"\u00abKunstkammer gabinete de las maravillas\u00bb\" data-image-description=\"&lt;p&gt;Kunstkammer gabinete de las maravillas, los antecesores de los museos modernos&lt;\/p&gt;\" data-image-caption=\"&lt;p&gt;Kunstkammer gabinete de las maravillas, los antecesores de los museos modernos&lt;\/p&gt;\" data-large-file=\"https:\/\/i0.wp.com\/woorons.com\/wp-content\/uploads\/2025\/10\/kunstkammer-camara-arte-maravillas.webp?fit=842%2C661&amp;ssl=1\" src=\"https:\/\/i0.wp.com\/woorons.com\/wp-content\/uploads\/2025\/10\/kunstkammer-camara-arte-maravillas.webp?resize=842%2C661&#038;ssl=1\" alt=\"&quot;Kunstkammer gabinete de las maravillas&quot;\" class=\"wp-image-13955\" \/><figcaption class=\"wp-element-caption\">Kunstkammer gabinete de las maravillas, los antecesores de los museos modernos<\/figcaption><\/figure>\n\n\n\n<h3 class=\"wp-block-heading\"><strong>La Filosof\u00eda: Un Microcosmos del Universo<\/strong><\/h3>\n\n\n\n<p class=\"has-text-align-justify wp-block-paragraph\">La idea central era poseer un \u00abmicrocosmos\u00bb o \u00abteatro del mundo\u00bb dentro de cuatro paredes. No se organizaba como los museos actuales (por disciplinas), sino que todo se mezclaba para mostrar las maravillas de la Creaci\u00f3n, tanto naturales como humanas.<\/p>\n\n\n\n<h3 class=\"wp-block-heading\"><strong>\u00bfQu\u00e9 se Encontraba en una Kunstkammer?<\/strong><\/h3>\n\n\n\n<p class=\"wp-block-paragraph\">Los objetos se clasificaban t\u00edpicamente en cuatro categor\u00edas, conocidas como los&nbsp;<strong>cuatro reinos de la naturaleza<\/strong>:<\/p>\n\n\n\n<ol start=\"1\" class=\"wp-block-list\">\n<li><strong>Naturalia (Objetos Naturales):<\/strong>&nbsp;Las creaciones m\u00e1s asombrosas de la naturaleza.\n<ul class=\"wp-block-list\">\n<li>Cuernos de narval (que se cre\u00edan cuernos de unicornio).<\/li>\n\n\n\n<li>Esqueletos de animales ex\u00f3ticos.<\/li>\n\n\n\n<li>Conchas marinas extra\u00f1as (como el n\u00e1utilus).<\/li>\n\n\n\n<li>F\u00f3siles, corales, plumas de aves del para\u00edso.<\/li>\n\n\n\n<li>Minerales y piedras preciosas.<\/li>\n<\/ul>\n<\/li>\n\n\n\n<li><strong>Artificialia (Objetos Creados por el Hombre):<\/strong>&nbsp;Las obras de arte y artesan\u00eda m\u00e1s exquisitas.\n<ul class=\"wp-block-list\">\n<li>Esculturas de bronce y marfil.<\/li>\n\n\n\n<li>Instrumentos cient\u00edficos (astrolabios, esferas armilares).<\/li>\n\n\n\n<li>Relojes mec\u00e1nicos y aut\u00f3matas (muy apreciados por Rodolfo II).<\/li>\n\n\n\n<li>Vasijas de piedras duras y cristal de roca tallado.<\/li>\n\n\n\n<li>Objetos de oro y plata.<\/li>\n<\/ul>\n<\/li>\n\n\n\n<li><strong>Exotica (Objetos de Tierras Lejanas):<\/strong>&nbsp;Evidencia de culturas y mundos distantes.\n<ul class=\"wp-block-list\">\n<li>Armas y vestimentas de los nativos americanos.<\/li>\n\n\n\n<li>Objetos tra\u00eddos de Oriente (porcelanas chinas, textiles indios).<\/li>\n\n\n\n<li>Productos naturales de las \u00abIndias\u00bb.<\/li>\n<\/ul>\n<\/li>\n\n\n\n<li><strong>Scientifica (Instrumentos Cient\u00edficos):<\/strong>&nbsp;Herramientas para medir y comprender el mundo.\n<ul class=\"wp-block-list\">\n<li>Astrolabios, cuadrantes.<\/li>\n\n\n\n<li>Mapas y globos terr\u00e1queos.<\/li>\n\n\n\n<li>Lentes, telescopios y microscopios primitivos.<\/li>\n<\/ul>\n<\/li>\n<\/ol>\n\n\n\n<h3 class=\"wp-block-heading\"><strong>La Conexi\u00f3n Directa con Giuseppe Arcimboldo<\/strong><\/h3>\n\n\n\n<p class=\"has-text-align-justify wp-block-paragraph\">El emperador&nbsp;<strong>Rodolfo II<\/strong>, mecenas de Arcimboldo, era famoso por poseer una de las&nbsp;<strong>Kunstkammern m\u00e1s espectaculares de Europa<\/strong>&nbsp;en el Castillo de Praga. Su obsesi\u00f3n por coleccionar era bien conocida.<\/p>\n\n\n\n<p class=\"wp-block-paragraph\"><strong>\u00bfC\u00f3mo influy\u00f3 esto en Arcimboldo?<\/strong><\/p>\n\n\n\n<ol start=\"1\" class=\"wp-block-list\">\n<li><strong>Fuente de Inspiraci\u00f3n Directa:<\/strong>&nbsp;Es muy probable que Arcimboldo tuviera acceso libre a estas colecciones. Muchos de los animales, plantas y objetos que pint\u00f3 en sus \u00abcabezas compuestas\u00bb (como en las series de&nbsp;<strong>\u00abLos Cuatro Elementos\u00bb<\/strong>) podr\u00edan ser&nbsp;<strong>estudios directos de los espec\u00edmenes y artefactos de la Kunstkammer<\/strong>.<\/li>\n\n\n\n<li><strong>Mentalidad Enciclop\u00e9dica:<\/strong>&nbsp;El esp\u00edritu de la&nbsp;<em>Kunstkammer<\/em>&nbsp;\u2014reunir y reclasificar el mundo en un nuevo sistema\u2014 es exactamente lo que hace Arcimboldo en sus pinturas. Toma un centenar de peces diferentes y los recombina para crear una nueva entidad: la alegor\u00eda del \u00abAgua\u00bb.<\/li>\n\n\n\n<li><strong>Conexi\u00f3n con la Alquimia y lo Maravilloso:<\/strong>&nbsp;El ambiente de la corte de Rodolfo II, impregnado por la&nbsp;<em>Kunstkammer<\/em>, era de fascinaci\u00f3n por lo oculto, lo raro y lo misterioso. Las pinturas de Arcimboldo encajaban perfectamente en este entorno, ya que eran a la vez un ejercicio cient\u00edfico (estudio detallado de la naturaleza) y m\u00e1gico (transformaci\u00f3n de lo com\u00fan en algo fant\u00e1stico).<\/li>\n<\/ol>\n\n\n\n<hr class=\"wp-block-separator has-alpha-channel-opacity\" \/>\n\n\n\n<h3 class=\"wp-block-heading\"><strong>Un Ejemplo Pr\u00e1ctico: \u00abLa Tierra\u00bb de Arcimboldo<\/strong><\/h3>\n\n\n\n<p class=\"has-text-align-justify wp-block-paragraph\">Imaginemos a Arcimboldo caminando por la&nbsp;<em>Kunstkammer<\/em>&nbsp;de Rodolfo II para crear su obra&nbsp;<strong>\u00abLa Tierra\u00bb<\/strong>:<\/p>\n\n\n\n<ul class=\"wp-block-list\">\n<li>En una vitrina ve la piel de un&nbsp;<strong>leopardo<\/strong>&nbsp;(Naturalia).<\/li>\n\n\n\n<li>En otra, un cuerno de un&nbsp;<strong>rinoceronte<\/strong>&nbsp;disecado (Naturalia).<\/li>\n\n\n\n<li>En un estante, una peque\u00f1a escultura de bronce de un&nbsp;<strong>jabal\u00ed<\/strong>&nbsp;(Artificialia).<\/li>\n\n\n\n<li>Y en otro, un colmillo de&nbsp;<strong>elefante<\/strong>&nbsp;(Naturalia\/Exotica).<\/li>\n<\/ul>\n\n\n\n<p class=\"has-text-align-justify wp-block-paragraph\">\u00c9l toma todos estos \u00abobjetos\u00bb de la colecci\u00f3n y, en lugar de dejarlos en estantes separados, los combina en un solo retrato, creando una alegor\u00eda viviente del elemento Tierra.<\/p>\n\n\n\n<h3 class=\"wp-block-heading\"><strong>Legado<\/strong><\/h3>\n\n\n\n<p class=\"has-text-align-justify wp-block-paragraph\">Las&nbsp;<em>Kunstkammern<\/em>&nbsp;evolucionaron y se profesionalizaron, dando lugar a las grandes instituciones muse\u00edsticas que conocemos hoy, como el Museo del Louvre, el British Museum o el Kunsthistorisches Museum de Viena (que, de hecho, alberga muchas de las pinturas de Arcimboldo).<\/p>\n\n\n\n<p class=\"has-text-align-justify wp-block-paragraph\">En resumen, entender qu\u00e9 es una&nbsp;<strong>Kunstkammer<\/strong>&nbsp;es esencial para apreciar a Arcimboldo. No era un pintor aislado, sino un producto intelectual de ese entorno \u00fanico donde el arte, la ciencia, la magia y la maravilla se fusionaban.<\/p>\n\n\n\n<div class=\"wp-block-buttons is-content-justification-center is-layout-flex wp-container-core-buttons-is-layout-d9a36c2f wp-block-buttons-is-layout-flex\">\n<div class=\"wp-block-button\"><a class=\"wp-block-button__link has-base-color has-text-color has-background has-link-color wp-element-button\" href=\"https:\/\/woorons.com\/pt\/suscripcion-secretos-taller-dibujo-pintura\/\" style=\"background-color:#8c002b\" target=\"_blank\" rel=\"noreferrer noopener\">DESCUBRE LOS \u00absECREOS DEL TALLER\u00bb<\/a><\/div>\n<\/div>","protected":false},"excerpt":{"rendered":"<p>Biograf\u00eda exhaustiva de Giuseppe Arcimboldo. Descubre su vida en Mil\u00e1n, su carrera en la corte de los Habsburgo, el an\u00e1lisis de sus obras maestras y su redescubrimiento en el siglo XX.<\/p>","protected":false},"author":21194217,"featured_media":13957,"comment_status":"open","ping_status":"closed","sticky":false,"template":"","format":"standard","meta":{"_coblocks_attr":"","_coblocks_dimensions":"","_coblocks_responsive_height":"","_coblocks_accordion_ie_support":"","_jetpack_newsletter_access":"","_jetpack_dont_email_post_to_subs":false,"_jetpack_newsletter_tier_id":0,"_jetpack_memberships_contains_paywalled_content":false,"_wpcom_ai_launchpad_first_post":false,"_jetpack_feature_clip_id":0,"_jetpack_memberships_contains_paid_content":false,"footnotes":"","jetpack_publicize_message":"","jetpack_publicize_feature_enabled":true,"jetpack_social_post_already_shared":false,"jetpack_social_options":{"image_generator_settings":{"template":"highway","default_image_id":0,"font":"","enabled":false},"version":2},"jetpack_post_was_ever_published":false},"categories":[3468,366310,381075,30232],"tags":[98245,6086614,784532425,336517,505268232,7059055,784442350,212621939,784532422,109761,2195859,32370359,94233181,757245275,4055297,789851974,180979827,784532424,47728127,5148069,17532456,784532420,784532423,47913750,1714850,322220,571872,97639,4820732],"class_list":["post-7264","post","type-post","status-publish","format-standard","has-post-thumbnail","hentry","category-arte","category-historia-del-arte","category-pintores","category-pintura","tag-alegorias","tag-analisis-pictorico","tag-arcimboldo-biografia-completa","tag-arte-fantastico","tag-arte-milan","tag-arte-surrealista","tag-biografia-arcimboldo","tag-cabezas-compuestas","tag-corte-habsburgo","tag-cuatro-elementos","tag-cuatro-estaciones","tag-el-bibliotecario","tag-el-jurista","tag-gabinete-curiosidades","tag-giuseppe-arcimboldo","tag-historia-del-arte","tag-imagenes-dobles","tag-obras-arcimboldo","tag-pintor-renacentista","tag-pintores-italianos","tag-pintura-renacentista","tag-pinturas-arcimboldo","tag-precursor-cubismo","tag-retratos-compuestos","tag-rodolfo-ii","tag-salvador-dali","tag-siglo-xvi","tag-surrealismo","tag-wunderkammern"],"yoast_head":"<!-- This site is optimized with the Yoast SEO plugin v28.4 - https:\/\/yoast.com\/product\/yoast-seo-wordpress\/ -->\n<title>Giuseppe arcimboldo: el surrealista del renacimiento - WO Orons Art<\/title>\n<meta name=\"robots\" content=\"index, follow, max-snippet:-1, max-image-preview:large, max-video-preview:-1\" \/>\n<link rel=\"canonical\" href=\"https:\/\/woorons.com\/pt\/2025\/10\/03\/giuseppe-arcimboldo-surrealismo-renacimiento\/\" \/>\n<meta property=\"og:locale\" content=\"pt_PT\" \/>\n<meta property=\"og:type\" content=\"article\" \/>\n<meta property=\"og:title\" content=\"Giuseppe arcimboldo: el surrealista del renacimiento - WO Orons Art\" \/>\n<meta property=\"og:description\" content=\"Biograf\u00eda exhaustiva de Giuseppe Arcimboldo. Descubre su vida en Mil\u00e1n, su carrera en la corte de los Habsburgo, el an\u00e1lisis de sus obras maestras y su redescubrimiento en el siglo XX.\" \/>\n<meta property=\"og:url\" content=\"https:\/\/woorons.com\/pt\/2025\/10\/03\/giuseppe-arcimboldo-surrealismo-renacimiento\/\" \/>\n<meta property=\"og:site_name\" content=\"WO Orons Art\" \/>\n<meta property=\"article:published_time\" content=\"2025-10-03T04:30:20+00:00\" \/>\n<meta property=\"article:modified_time\" content=\"2025-10-03T04:47:37+00:00\" \/>\n<meta property=\"og:image\" content=\"https:\/\/i0.wp.com\/woorons.com\/wp-content\/uploads\/2025\/10\/arcimboldo-woorons-oronsart.webp?fit=842%2C474&ssl=1\" \/>\n\t<meta property=\"og:image:width\" content=\"842\" \/>\n\t<meta property=\"og:image:height\" content=\"474\" \/>\n\t<meta property=\"og:image:type\" content=\"image\/webp\" \/>\n<meta name=\"author\" content=\"Wo Orons\" \/>\n<meta name=\"twitter:card\" content=\"summary_large_image\" \/>\n<meta name=\"twitter:label1\" content=\"Escrito por\" \/>\n\t<meta name=\"twitter:data1\" content=\"Wo Orons\" \/>\n\t<meta name=\"twitter:label2\" content=\"Tempo estimado de leitura\" \/>\n\t<meta name=\"twitter:data2\" content=\"17 minutos\" \/>\n<script type=\"application\/ld+json\" class=\"yoast-schema-graph\">{\"@context\":\"https:\\\/\\\/schema.org\",\"@graph\":[{\"@type\":\"Article\",\"@id\":\"https:\\\/\\\/woorons.com\\\/2025\\\/10\\\/03\\\/giuseppe-arcimboldo-surrealismo-renacimiento\\\/#article\",\"isPartOf\":{\"@id\":\"https:\\\/\\\/woorons.com\\\/2025\\\/10\\\/03\\\/giuseppe-arcimboldo-surrealismo-renacimiento\\\/\"},\"author\":{\"name\":\"Wo Orons\",\"@id\":\"https:\\\/\\\/woorons.com\\\/#\\\/schema\\\/person\\\/85b4229ce0694a31b5f128dc047161e8\"},\"headline\":\"Giuseppe arcimboldo: el surrealista del renacimiento\",\"datePublished\":\"2025-10-03T04:30:20+00:00\",\"dateModified\":\"2025-10-03T04:47:37+00:00\",\"mainEntityOfPage\":{\"@id\":\"https:\\\/\\\/woorons.com\\\/2025\\\/10\\\/03\\\/giuseppe-arcimboldo-surrealismo-renacimiento\\\/\"},\"wordCount\":3481,\"commentCount\":0,\"publisher\":{\"@id\":\"https:\\\/\\\/woorons.com\\\/#\\\/schema\\\/person\\\/85b4229ce0694a31b5f128dc047161e8\"},\"image\":{\"@id\":\"https:\\\/\\\/woorons.com\\\/2025\\\/10\\\/03\\\/giuseppe-arcimboldo-surrealismo-renacimiento\\\/#primaryimage\"},\"thumbnailUrl\":\"https:\\\/\\\/i0.wp.com\\\/woorons.com\\\/wp-content\\\/uploads\\\/2025\\\/10\\\/arcimboldo-woorons-oronsart.webp?fit=842%2C474&ssl=1\",\"keywords\":[\"alegor\u00edas\",\"an\u00e1lisis pict\u00f3rico\",\"Arcimboldo biograf\u00eda completa\",\"arte fant\u00e1stico\",\"arte Mil\u00e1n\",\"arte surrealista\",\"biograf\u00eda Arcimboldo\",\"cabezas compuestas\",\"corte Habsburgo\",\"cuatro elementos\",\"cuatro estaciones\",\"El Bibliotecario\",\"El Jurista\",\"gabinete curiosidades\",\"Giuseppe Arcimboldo\",\"Historia del Arte\",\"im\u00e1genes dobles\",\"obras Arcimboldo\",\"pintor renacentista\",\"pintores italianos\",\"pintura renacentista\",\"pinturas Arcimboldo\",\"precursor cubismo\",\"retratos compuestos\",\"Rodolfo II\",\"Salvador Dal\u00ed\",\"siglo XVI\",\"surrealismo\",\"Wunderkammern\"],\"articleSection\":[\"Arte\",\"Historia del Arte\",\"Pintores\",\"Pintura\"],\"inLanguage\":\"pt-PT\",\"potentialAction\":[{\"@type\":\"CommentAction\",\"name\":\"Comment\",\"target\":[\"https:\\\/\\\/woorons.com\\\/2025\\\/10\\\/03\\\/giuseppe-arcimboldo-surrealismo-renacimiento\\\/#respond\"]}]},{\"@type\":\"WebPage\",\"@id\":\"https:\\\/\\\/woorons.com\\\/2025\\\/10\\\/03\\\/giuseppe-arcimboldo-surrealismo-renacimiento\\\/\",\"url\":\"https:\\\/\\\/woorons.com\\\/2025\\\/10\\\/03\\\/giuseppe-arcimboldo-surrealismo-renacimiento\\\/\",\"name\":\"Giuseppe arcimboldo: el surrealista del renacimiento - WO Orons Art\",\"isPartOf\":{\"@id\":\"https:\\\/\\\/woorons.com\\\/#website\"},\"primaryImageOfPage\":{\"@id\":\"https:\\\/\\\/woorons.com\\\/2025\\\/10\\\/03\\\/giuseppe-arcimboldo-surrealismo-renacimiento\\\/#primaryimage\"},\"image\":{\"@id\":\"https:\\\/\\\/woorons.com\\\/2025\\\/10\\\/03\\\/giuseppe-arcimboldo-surrealismo-renacimiento\\\/#primaryimage\"},\"thumbnailUrl\":\"https:\\\/\\\/i0.wp.com\\\/woorons.com\\\/wp-content\\\/uploads\\\/2025\\\/10\\\/arcimboldo-woorons-oronsart.webp?fit=842%2C474&ssl=1\",\"datePublished\":\"2025-10-03T04:30:20+00:00\",\"dateModified\":\"2025-10-03T04:47:37+00:00\",\"breadcrumb\":{\"@id\":\"https:\\\/\\\/woorons.com\\\/2025\\\/10\\\/03\\\/giuseppe-arcimboldo-surrealismo-renacimiento\\\/#breadcrumb\"},\"inLanguage\":\"pt-PT\",\"potentialAction\":[{\"@type\":\"ReadAction\",\"target\":[\"https:\\\/\\\/woorons.com\\\/2025\\\/10\\\/03\\\/giuseppe-arcimboldo-surrealismo-renacimiento\\\/\"]}]},{\"@type\":\"ImageObject\",\"inLanguage\":\"pt-PT\",\"@id\":\"https:\\\/\\\/woorons.com\\\/2025\\\/10\\\/03\\\/giuseppe-arcimboldo-surrealismo-renacimiento\\\/#primaryimage\",\"url\":\"https:\\\/\\\/i0.wp.com\\\/woorons.com\\\/wp-content\\\/uploads\\\/2025\\\/10\\\/arcimboldo-woorons-oronsart.webp?fit=842%2C474&ssl=1\",\"contentUrl\":\"https:\\\/\\\/i0.wp.com\\\/woorons.com\\\/wp-content\\\/uploads\\\/2025\\\/10\\\/arcimboldo-woorons-oronsart.webp?fit=842%2C474&ssl=1\",\"width\":842,\"height\":474,\"caption\":\"\\\"Autorretrato de Giuseppe Arcimboldo\\\"\"},{\"@type\":\"BreadcrumbList\",\"@id\":\"https:\\\/\\\/woorons.com\\\/2025\\\/10\\\/03\\\/giuseppe-arcimboldo-surrealismo-renacimiento\\\/#breadcrumb\",\"itemListElement\":[{\"@type\":\"ListItem\",\"position\":1,\"name\":\"Portada\",\"item\":\"https:\\\/\\\/woorons.com\\\/\"},{\"@type\":\"ListItem\",\"position\":2,\"name\":\"Giuseppe arcimboldo: el surrealista del renacimiento\"}]},{\"@type\":\"WebSite\",\"@id\":\"https:\\\/\\\/woorons.com\\\/#website\",\"url\":\"https:\\\/\\\/woorons.com\\\/\",\"name\":\"WO Orons Art\",\"description\":\"&quot;Caricaturas, Retratos, Fan Art, Ilustraci\u00f3n&quot;\",\"publisher\":{\"@id\":\"https:\\\/\\\/woorons.com\\\/#\\\/schema\\\/person\\\/85b4229ce0694a31b5f128dc047161e8\"},\"potentialAction\":[{\"@type\":\"SearchAction\",\"target\":{\"@type\":\"EntryPoint\",\"urlTemplate\":\"https:\\\/\\\/woorons.com\\\/?s={search_term_string}\"},\"query-input\":{\"@type\":\"PropertyValueSpecification\",\"valueRequired\":true,\"valueName\":\"search_term_string\"}}],\"inLanguage\":\"pt-PT\"},{\"@type\":[\"Person\",\"Organization\"],\"@id\":\"https:\\\/\\\/woorons.com\\\/#\\\/schema\\\/person\\\/85b4229ce0694a31b5f128dc047161e8\",\"name\":\"Wo Orons\",\"image\":{\"@type\":\"ImageObject\",\"inLanguage\":\"pt-PT\",\"@id\":\"https:\\\/\\\/i0.wp.com\\\/woorons.com\\\/wp-content\\\/uploads\\\/2025\\\/03\\\/logotipo-woorons.jpg?fit=595%2C516&ssl=1\",\"url\":\"https:\\\/\\\/i0.wp.com\\\/woorons.com\\\/wp-content\\\/uploads\\\/2025\\\/03\\\/logotipo-woorons.jpg?fit=595%2C516&ssl=1\",\"contentUrl\":\"https:\\\/\\\/i0.wp.com\\\/woorons.com\\\/wp-content\\\/uploads\\\/2025\\\/03\\\/logotipo-woorons.jpg?fit=595%2C516&ssl=1\",\"width\":595,\"height\":516,\"caption\":\"Wo Orons\"},\"logo\":{\"@id\":\"https:\\\/\\\/i0.wp.com\\\/woorons.com\\\/wp-content\\\/uploads\\\/2025\\\/03\\\/logotipo-woorons.jpg?fit=595%2C516&ssl=1\"},\"sameAs\":[\"http:\\\/\\\/orons-art.wordpress.com\"],\"url\":\"https:\\\/\\\/woorons.com\\\/pt\\\/author\\\/orons\\\/\"}]}<\/script>\n<!-- \/ Yoast SEO plugin. -->","yoast_head_json":{"title":"Giuseppe arcimboldo: el surrealista del renacimiento - WO Orons Art","robots":{"index":"index","follow":"follow","max-snippet":"max-snippet:-1","max-image-preview":"max-image-preview:large","max-video-preview":"max-video-preview:-1"},"canonical":"https:\/\/woorons.com\/pt\/2025\/10\/03\/giuseppe-arcimboldo-surrealismo-renacimiento\/","og_locale":"pt_PT","og_type":"article","og_title":"Giuseppe arcimboldo: el surrealista del renacimiento - WO Orons Art","og_description":"Biograf\u00eda exhaustiva de Giuseppe Arcimboldo. Descubre su vida en Mil\u00e1n, su carrera en la corte de los Habsburgo, el an\u00e1lisis de sus obras maestras y su redescubrimiento en el siglo XX.","og_url":"https:\/\/woorons.com\/pt\/2025\/10\/03\/giuseppe-arcimboldo-surrealismo-renacimiento\/","og_site_name":"WO Orons Art","article_published_time":"2025-10-03T04:30:20+00:00","article_modified_time":"2025-10-03T04:47:37+00:00","og_image":[{"width":842,"height":474,"url":"https:\/\/i0.wp.com\/woorons.com\/wp-content\/uploads\/2025\/10\/arcimboldo-woorons-oronsart.webp?fit=842%2C474&ssl=1","type":"image\/webp"}],"author":"Wo Orons","twitter_card":"summary_large_image","twitter_misc":{"Escrito por":"Wo Orons","Tempo estimado de leitura":"17 minutos"},"schema":{"@context":"https:\/\/schema.org","@graph":[{"@type":"Article","@id":"https:\/\/woorons.com\/2025\/10\/03\/giuseppe-arcimboldo-surrealismo-renacimiento\/#article","isPartOf":{"@id":"https:\/\/woorons.com\/2025\/10\/03\/giuseppe-arcimboldo-surrealismo-renacimiento\/"},"author":{"name":"Wo Orons","@id":"https:\/\/woorons.com\/#\/schema\/person\/85b4229ce0694a31b5f128dc047161e8"},"headline":"Giuseppe arcimboldo: el surrealista del renacimiento","datePublished":"2025-10-03T04:30:20+00:00","dateModified":"2025-10-03T04:47:37+00:00","mainEntityOfPage":{"@id":"https:\/\/woorons.com\/2025\/10\/03\/giuseppe-arcimboldo-surrealismo-renacimiento\/"},"wordCount":3481,"commentCount":0,"publisher":{"@id":"https:\/\/woorons.com\/#\/schema\/person\/85b4229ce0694a31b5f128dc047161e8"},"image":{"@id":"https:\/\/woorons.com\/2025\/10\/03\/giuseppe-arcimboldo-surrealismo-renacimiento\/#primaryimage"},"thumbnailUrl":"https:\/\/i0.wp.com\/woorons.com\/wp-content\/uploads\/2025\/10\/arcimboldo-woorons-oronsart.webp?fit=842%2C474&ssl=1","keywords":["alegor\u00edas","an\u00e1lisis pict\u00f3rico","Arcimboldo biograf\u00eda completa","arte fant\u00e1stico","arte Mil\u00e1n","arte surrealista","biograf\u00eda Arcimboldo","cabezas compuestas","corte Habsburgo","cuatro elementos","cuatro estaciones","El Bibliotecario","El Jurista","gabinete curiosidades","Giuseppe Arcimboldo","Historia del Arte","im\u00e1genes dobles","obras Arcimboldo","pintor renacentista","pintores italianos","pintura renacentista","pinturas Arcimboldo","precursor cubismo","retratos compuestos","Rodolfo II","Salvador Dal\u00ed","siglo XVI","surrealismo","Wunderkammern"],"articleSection":["Arte","Historia del Arte","Pintores","Pintura"],"inLanguage":"pt-PT","potentialAction":[{"@type":"CommentAction","name":"Comment","target":["https:\/\/woorons.com\/2025\/10\/03\/giuseppe-arcimboldo-surrealismo-renacimiento\/#respond"]}]},{"@type":"WebPage","@id":"https:\/\/woorons.com\/2025\/10\/03\/giuseppe-arcimboldo-surrealismo-renacimiento\/","url":"https:\/\/woorons.com\/2025\/10\/03\/giuseppe-arcimboldo-surrealismo-renacimiento\/","name":"Giuseppe arcimboldo: el surrealista del renacimiento - WO Orons Art","isPartOf":{"@id":"https:\/\/woorons.com\/#website"},"primaryImageOfPage":{"@id":"https:\/\/woorons.com\/2025\/10\/03\/giuseppe-arcimboldo-surrealismo-renacimiento\/#primaryimage"},"image":{"@id":"https:\/\/woorons.com\/2025\/10\/03\/giuseppe-arcimboldo-surrealismo-renacimiento\/#primaryimage"},"thumbnailUrl":"https:\/\/i0.wp.com\/woorons.com\/wp-content\/uploads\/2025\/10\/arcimboldo-woorons-oronsart.webp?fit=842%2C474&ssl=1","datePublished":"2025-10-03T04:30:20+00:00","dateModified":"2025-10-03T04:47:37+00:00","breadcrumb":{"@id":"https:\/\/woorons.com\/2025\/10\/03\/giuseppe-arcimboldo-surrealismo-renacimiento\/#breadcrumb"},"inLanguage":"pt-PT","potentialAction":[{"@type":"ReadAction","target":["https:\/\/woorons.com\/2025\/10\/03\/giuseppe-arcimboldo-surrealismo-renacimiento\/"]}]},{"@type":"ImageObject","inLanguage":"pt-PT","@id":"https:\/\/woorons.com\/2025\/10\/03\/giuseppe-arcimboldo-surrealismo-renacimiento\/#primaryimage","url":"https:\/\/i0.wp.com\/woorons.com\/wp-content\/uploads\/2025\/10\/arcimboldo-woorons-oronsart.webp?fit=842%2C474&ssl=1","contentUrl":"https:\/\/i0.wp.com\/woorons.com\/wp-content\/uploads\/2025\/10\/arcimboldo-woorons-oronsart.webp?fit=842%2C474&ssl=1","width":842,"height":474,"caption":"\"Autorretrato de Giuseppe Arcimboldo\""},{"@type":"BreadcrumbList","@id":"https:\/\/woorons.com\/2025\/10\/03\/giuseppe-arcimboldo-surrealismo-renacimiento\/#breadcrumb","itemListElement":[{"@type":"ListItem","position":1,"name":"Portada","item":"https:\/\/woorons.com\/"},{"@type":"ListItem","position":2,"name":"Giuseppe arcimboldo: el surrealista del renacimiento"}]},{"@type":"WebSite","@id":"https:\/\/woorons.com\/#website","url":"https:\/\/woorons.com\/","name":"WO Orons Art","description":"&quot;Caricaturas, Retratos, Fan Art, Ilustraci\u00f3n&quot;","publisher":{"@id":"https:\/\/woorons.com\/#\/schema\/person\/85b4229ce0694a31b5f128dc047161e8"},"potentialAction":[{"@type":"SearchAction","target":{"@type":"EntryPoint","urlTemplate":"https:\/\/woorons.com\/?s={search_term_string}"},"query-input":{"@type":"PropertyValueSpecification","valueRequired":true,"valueName":"search_term_string"}}],"inLanguage":"pt-PT"},{"@type":["Person","Organization"],"@id":"https:\/\/woorons.com\/#\/schema\/person\/85b4229ce0694a31b5f128dc047161e8","name":"Wo Orons","image":{"@type":"ImageObject","inLanguage":"pt-PT","@id":"https:\/\/i0.wp.com\/woorons.com\/wp-content\/uploads\/2025\/03\/logotipo-woorons.jpg?fit=595%2C516&ssl=1","url":"https:\/\/i0.wp.com\/woorons.com\/wp-content\/uploads\/2025\/03\/logotipo-woorons.jpg?fit=595%2C516&ssl=1","contentUrl":"https:\/\/i0.wp.com\/woorons.com\/wp-content\/uploads\/2025\/03\/logotipo-woorons.jpg?fit=595%2C516&ssl=1","width":595,"height":516,"caption":"Wo Orons"},"logo":{"@id":"https:\/\/i0.wp.com\/woorons.com\/wp-content\/uploads\/2025\/03\/logotipo-woorons.jpg?fit=595%2C516&ssl=1"},"sameAs":["http:\/\/orons-art.wordpress.com"],"url":"https:\/\/woorons.com\/pt\/author\/orons\/"}]}},"jetpack_publicize_connections":[],"jetpack_likes_enabled":true,"jetpack_sharing_enabled":true,"jetpack_shortlink":"https:\/\/wp.me\/p43FXj-1Ta","jetpack-related-posts":[],"jetpack_featured_media_url":"https:\/\/i0.wp.com\/woorons.com\/wp-content\/uploads\/2025\/10\/arcimboldo-woorons-oronsart.webp?fit=842%2C474&ssl=1","_links":{"self":[{"href":"https:\/\/woorons.com\/pt\/wp-json\/wp\/v2\/posts\/7264","targetHints":{"allow":["GET"]}}],"collection":[{"href":"https:\/\/woorons.com\/pt\/wp-json\/wp\/v2\/posts"}],"about":[{"href":"https:\/\/woorons.com\/pt\/wp-json\/wp\/v2\/types\/post"}],"author":[{"embeddable":true,"href":"https:\/\/woorons.com\/pt\/wp-json\/wp\/v2\/users\/21194217"}],"replies":[{"embeddable":true,"href":"https:\/\/woorons.com\/pt\/wp-json\/wp\/v2\/comments?post=7264"}],"version-history":[{"count":25,"href":"https:\/\/woorons.com\/pt\/wp-json\/wp\/v2\/posts\/7264\/revisions"}],"predecessor-version":[{"id":13966,"href":"https:\/\/woorons.com\/pt\/wp-json\/wp\/v2\/posts\/7264\/revisions\/13966"}],"wp:featuredmedia":[{"embeddable":true,"href":"https:\/\/woorons.com\/pt\/wp-json\/wp\/v2\/media\/13957"}],"wp:attachment":[{"href":"https:\/\/woorons.com\/pt\/wp-json\/wp\/v2\/media?parent=7264"}],"wp:term":[{"taxonomy":"category","embeddable":true,"href":"https:\/\/woorons.com\/pt\/wp-json\/wp\/v2\/categories?post=7264"},{"taxonomy":"post_tag","embeddable":true,"href":"https:\/\/woorons.com\/pt\/wp-json\/wp\/v2\/tags?post=7264"}],"curies":[{"name":"wp","href":"https:\/\/api.w.org\/{rel}","templated":true}]}}