{"id":5348,"date":"2023-10-30T16:37:10","date_gmt":"2023-10-30T15:37:10","guid":{"rendered":"https:\/\/woorons.com\/?p=5348"},"modified":"2023-11-01T09:59:37","modified_gmt":"2023-11-01T08:59:37","slug":"la-ultima-caricatura-para-el-pensador-digital","status":"publish","type":"post","link":"https:\/\/woorons.com\/nn\/2023\/10\/30\/la-ultima-caricatura-para-el-pensador-digital\/","title":{"rendered":"La \u00faltima caricatura para El Pensador Digital"},"content":{"rendered":"<h2 class=\"wp-block-heading has-text-align-center\">Mi dibujo de despedida.<\/h2>\n\n\n\n<p class=\"has-text-align-justify wp-block-paragraph\">Hace casi tres a\u00f1os reiniciaba el dibujo de caricatura pol\u00edtica, en <strong>El Pensador Digital.<\/strong> <\/p>\n\n\n\n<p class=\"has-text-align-justify wp-block-paragraph\">Despu\u00e9s de un largo espacio de tiempo en que la hab\u00eda dejado abandonada. <\/p>\n\n\n\n<p class=\"has-text-align-justify wp-block-paragraph\">Muchos y variados fueron los inconvenientes que me hab\u00eda traido esto de dibujar y criticar pol\u00edticos de un partido u otro. <\/p>\n\n\n\n<p class=\"has-text-align-justify wp-block-paragraph\">Siempre alguien se ofend\u00eda, siempre tomaban como un ataque personal algunos de mis dibujos a&nbsp; diferentes l\u00edderes. As\u00ed que fueron estas peque\u00f1as cosas y tambi\u00e9n otras m\u00e1s importantes, las que hicieron que me alejara, de este estilo o rama, del humor gr\u00e1fico.<\/p>\n\n\n\n<p class=\"has-text-align-justify wp-block-paragraph\">Un buen d\u00eda, lleg\u00f3 la oportunidad de El Pensador Digital. Esa ma\u00f1ana me dije \u00bfPorqu\u00e9 no? <\/p>\n\n\n\n<figure data-wp-context=\"{&quot;imageId&quot;:&quot;6a9c552ecd5f7&quot;}\" data-wp-interactive=\"core\/image\" data-wp-key=\"6a9c552ecd5f7\" class=\"wp-block-image alignleft size-full is-resized wp-lightbox-container\"><img data-recalc-dims=\"1\" loading=\"lazy\" decoding=\"async\" width=\"827\" height=\"927\" data-attachment-id=\"5433\" data-permalink=\"https:\/\/woorons.com\/nn\/2023\/10\/30\/la-ultima-caricatura-para-el-pensador-digital\/attachment\/1\/\" data-orig-file=\"https:\/\/i0.wp.com\/woorons.com\/wp-content\/uploads\/2023\/10\/1.png?fit=827%2C927&amp;ssl=1\" data-orig-size=\"827,927\" data-comments-opened=\"1\" data-image-meta=\"{&quot;aperture&quot;:&quot;0&quot;,&quot;credit&quot;:&quot;&quot;,&quot;camera&quot;:&quot;&quot;,&quot;caption&quot;:&quot;&quot;,&quot;created_timestamp&quot;:&quot;0&quot;,&quot;copyright&quot;:&quot;&quot;,&quot;focal_length&quot;:&quot;0&quot;,&quot;iso&quot;:&quot;0&quot;,&quot;shutter_speed&quot;:&quot;0&quot;,&quot;title&quot;:&quot;&quot;,&quot;orientation&quot;:&quot;0&quot;}\" data-image-title=\"caricatura-humor-noticias-dibujo-woorons\" data-image-description=\"&lt;p&gt;Caricaturas de Pablo Iglesias, Sanchez, Errej\u00f3n y Ayuso&lt;\/p&gt;\" data-image-caption=\"&lt;p&gt;El primer dibujo que sali\u00f3 publicado el 20 de marzo de 2021&lt;\/p&gt;\" data-large-file=\"https:\/\/i0.wp.com\/woorons.com\/wp-content\/uploads\/2023\/10\/1.png?fit=827%2C927&amp;ssl=1\" data-wp-class--hide=\"state.isContentHidden\" data-wp-class--show=\"state.isContentVisible\" data-wp-init=\"callbacks.setButtonStyles\" data-wp-on--click=\"actions.showLightbox\" data-wp-on--load=\"callbacks.setButtonStyles\" data-wp-on--pointerdown=\"actions.preloadImage\" data-wp-on--pointerenter=\"actions.preloadImageWithDelay\" data-wp-on--pointerleave=\"actions.cancelPreload\" data-wp-on-window--resize=\"callbacks.setButtonStyles\" src=\"https:\/\/i0.wp.com\/woorons.com\/wp-content\/uploads\/2023\/10\/1.png?resize=827%2C927&#038;ssl=1\" alt=\"Caricaturas de Pablo Iglesias, Sanchez, Errej\u00f3n y Ayuso\" class=\"wp-image-5433\" style=\"width:339px;height:auto\" \/><button\n\t\t\tclass=\"lightbox-trigger\"\n\t\t\ttype=\"button\"\n\t\t\taria-haspopup=\"dialog\"\n\t\t\tdata-wp-bind--aria-label=\"state.thisImage.triggerButtonAriaLabel\"\n\t\t\tdata-wp-init=\"callbacks.initTriggerButton\"\n\t\t\tdata-wp-on--click=\"actions.showLightbox\"\n\t\t\tdata-wp-style--right=\"state.thisImage.buttonRight\"\n\t\t\tdata-wp-style--top=\"state.thisImage.buttonTop\"\n\t\t>\n\t\t\t<svg xmlns=\"http:\/\/www.w3.org\/2000\/svg\" width=\"12\" height=\"12\" fill=\"none\" viewbox=\"0 0 12 12\">\n\t\t\t\t<path fill=\"#fff\" d=\"M2 0a2 2 0 0 0-2 2v2h1.5V2a.5.5 0 0 1 .5-.5h2V0H2Zm2 10.5H2a.5.5 0 0 1-.5-.5V8H0v2a2 2 0 0 0 2 2h2v-1.5ZM8 12v-1.5h2a.5.5 0 0 0 .5-.5V8H12v2a2 2 0 0 1-2 2H8Zm2-12a2 2 0 0 1 2 2v2h-1.5V2a.5.5 0 0 0-.5-.5H8V0h2Z\" \/>\n\t\t\t<\/svg>\n\t\t<\/button><figcaption class=\"wp-element-caption\">El primer dibujo que sali\u00f3 publicado el 20 de marzo de 2021<\/figcaption><\/figure>\n\n\n\n<p class=\"has-text-align-justify wp-block-paragraph\">Aunque estaba muy fuera de entrenamiento, la pol\u00edtica siempre ha estado para m\u00ed, al orden del d\u00eda, es algo que me encanta,&nbsp; y aun m\u00e1s que la pol\u00edtica, soy un apasionado de lo que se llama econom\u00eda pol\u00edtica. Es decir, como se mueve el dinero de un lado a otro. <\/p>\n\n\n\n<p class=\"has-text-align-justify wp-block-paragraph\">As\u00ed que mezclando mi pericia para meterme en problemas, mi pasi\u00f3n por el humor gr\u00e1fico y mi larga experiencia en el asunto (Que a mis nueve a\u00f1os ya tuve mi primer peque\u00f1o problema con un dibujo que hice en el colegio) junto con Manuel, el Director de El Pensador, comenzamos esta nueva aventura.<\/p>\n\n\n\n<div style=\"height:20px\" aria-hidden=\"true\" class=\"wp-block-spacer\"><\/div>\n\n\n\n<h2 class=\"wp-block-heading has-text-align-center\">Pol\u00edticos y de los otros.<\/h2>\n\n\n\n<p class=\"has-text-align-justify wp-block-paragraph\">No solo dibujamos pol\u00edticos, tambi\u00e9n hicimos periodistas de esos, de <em>profesi\u00f3n<\/em> Inventamos m\u00e1quinas y futuras tendencias de moda, recreamos espartanos y dibujamos dinosaurios y hasta hicimos un <strong>caganer<\/strong> para navidades. <\/p>\n\n\n\n<p class=\"has-text-align-justify wp-block-paragraph\">Un caganer es una figurita que se suele colocar en los belenes, como tradici\u00f3n en Catalu\u00f1a, normalmente escondida en un rinc\u00f3n, detr\u00e1s de un arbusto,&nbsp; y en postura de estar cagando.<\/p>\n\n\n\n<figure class=\"wp-block-image size-full\"><img data-recalc-dims=\"1\" loading=\"lazy\" decoding=\"async\" width=\"670\" height=\"926\" data-attachment-id=\"5459\" data-permalink=\"https:\/\/woorons.com\/nn\/2023\/10\/30\/la-ultima-caricatura-para-el-pensador-digital\/attachment\/27\/\" data-orig-file=\"https:\/\/i0.wp.com\/woorons.com\/wp-content\/uploads\/2023\/10\/27.png?fit=670%2C926&amp;ssl=1\" data-orig-size=\"670,926\" data-comments-opened=\"1\" data-image-meta=\"{&quot;aperture&quot;:&quot;0&quot;,&quot;credit&quot;:&quot;&quot;,&quot;camera&quot;:&quot;&quot;,&quot;caption&quot;:&quot;&quot;,&quot;created_timestamp&quot;:&quot;0&quot;,&quot;copyright&quot;:&quot;&quot;,&quot;focal_length&quot;:&quot;0&quot;,&quot;iso&quot;:&quot;0&quot;,&quot;shutter_speed&quot;:&quot;0&quot;,&quot;title&quot;:&quot;&quot;,&quot;orientation&quot;:&quot;0&quot;}\" data-image-title=\"caricaturas-woorons\" data-image-description=\"&lt;p&gt;Caricaturas de Santiago Abascal y Ortega Smith.&lt;\/p&gt;\" data-image-caption=\"\" data-large-file=\"https:\/\/i0.wp.com\/woorons.com\/wp-content\/uploads\/2023\/10\/27.png?fit=670%2C926&amp;ssl=1\" src=\"https:\/\/i0.wp.com\/woorons.com\/wp-content\/uploads\/2023\/10\/27.png?resize=670%2C926&#038;ssl=1\" alt=\"Caricaturas de Santiago Abascal, Pablo Casado y Ortega Smith.\" class=\"wp-image-5459\" \/><\/figure>\n\n\n\n<div style=\"height:20px\" aria-hidden=\"true\" class=\"wp-block-spacer\"><\/div>\n\n\n\n<h3 class=\"wp-block-heading has-text-align-center\">Periodismo o Periobulismo<\/h3>\n\n\n\n<p class=\"wp-block-paragraph\">Los <strong>periobulistas<\/strong> como yo les llamo, son aquellos que se inventan la <strong>noticia<\/strong> la cambian seg\u00fan su parecer, cuentan medias verdades, o simplemente mienten.<\/p>\n\n\n\n<figure class=\"wp-block-image aligncenter size-full is-resized\"><img data-recalc-dims=\"1\" loading=\"lazy\" decoding=\"async\" width=\"720\" height=\"802\" data-attachment-id=\"5435\" data-permalink=\"https:\/\/woorons.com\/nn\/2023\/10\/30\/la-ultima-caricatura-para-el-pensador-digital\/attachment\/44\/\" data-orig-file=\"https:\/\/i0.wp.com\/woorons.com\/wp-content\/uploads\/2023\/10\/44.png?fit=720%2C802&amp;ssl=1\" data-orig-size=\"720,802\" data-comments-opened=\"1\" data-image-meta=\"{&quot;aperture&quot;:&quot;0&quot;,&quot;credit&quot;:&quot;&quot;,&quot;camera&quot;:&quot;&quot;,&quot;caption&quot;:&quot;&quot;,&quot;created_timestamp&quot;:&quot;0&quot;,&quot;copyright&quot;:&quot;&quot;,&quot;focal_length&quot;:&quot;0&quot;,&quot;iso&quot;:&quot;0&quot;,&quot;shutter_speed&quot;:&quot;0&quot;,&quot;title&quot;:&quot;&quot;,&quot;orientation&quot;:&quot;0&quot;}\" data-image-title=\"caricatura-caricature-cartoon-ferreras-inda\" data-image-description=\"&lt;p&gt;Caricatura de Antonio Ferreras y Eduardo Inda&lt;\/p&gt;\" data-image-caption=\"&lt;p&gt;tambi\u00e9n dibuj\u00e9 a algun \u00abperiodista\u00bb o \u00abperiobulista\u00bb como me gusta decirles.&lt;\/p&gt;\" data-large-file=\"https:\/\/i0.wp.com\/woorons.com\/wp-content\/uploads\/2023\/10\/44.png?fit=720%2C802&amp;ssl=1\" src=\"https:\/\/i0.wp.com\/woorons.com\/wp-content\/uploads\/2023\/10\/44.png?resize=720%2C802&#038;ssl=1\" alt=\"Caricatura de Antonio Ferreras y Eduardo Inda\" class=\"wp-image-5435\" style=\"width:643px;height:auto\" \/><figcaption class=\"wp-element-caption\">Tambi\u00e9n dibuj\u00e9 a alg\u00fan \u00abperiodista\u00bb o \u00abperiobulista\u00bb como me gusta decirles.<\/figcaption><\/figure>\n\n\n\n<figure class=\"wp-block-image aligncenter size-full\"><img data-recalc-dims=\"1\" loading=\"lazy\" decoding=\"async\" width=\"709\" height=\"926\" data-attachment-id=\"5445\" data-permalink=\"https:\/\/woorons.com\/nn\/2023\/10\/30\/la-ultima-caricatura-para-el-pensador-digital\/attachment\/43\/\" data-orig-file=\"https:\/\/i0.wp.com\/woorons.com\/wp-content\/uploads\/2023\/10\/43.png?fit=709%2C926&amp;ssl=1\" data-orig-size=\"709,926\" data-comments-opened=\"1\" data-image-meta=\"{&quot;aperture&quot;:&quot;0&quot;,&quot;credit&quot;:&quot;&quot;,&quot;camera&quot;:&quot;&quot;,&quot;caption&quot;:&quot;&quot;,&quot;created_timestamp&quot;:&quot;0&quot;,&quot;copyright&quot;:&quot;&quot;,&quot;focal_length&quot;:&quot;0&quot;,&quot;iso&quot;:&quot;0&quot;,&quot;shutter_speed&quot;:&quot;0&quot;,&quot;title&quot;:&quot;&quot;,&quot;orientation&quot;:&quot;0&quot;}\" data-image-title=\"caricatura-paco-marhuenda-mauricio-casals\" data-image-description=\"&lt;p&gt;Caricatura de Mauricio Casals y Paco Marhuenda&lt;\/p&gt;\" data-image-caption=\"\" data-large-file=\"https:\/\/i0.wp.com\/woorons.com\/wp-content\/uploads\/2023\/10\/43.png?fit=709%2C926&amp;ssl=1\" src=\"https:\/\/i0.wp.com\/woorons.com\/wp-content\/uploads\/2023\/10\/43.png?resize=709%2C926&#038;ssl=1\" alt=\"Caricatura de Mauricio Casals y Paco Marhuenda\" class=\"wp-image-5445\" \/><\/figure>\n\n\n\n<div style=\"height:20px\" aria-hidden=\"true\" class=\"wp-block-spacer\"><\/div>\n\n\n\n<div class=\"wp-block-media-text has-media-on-the-right is-stacked-on-mobile\" style=\"grid-template-columns:auto 56%\"><div class=\"wp-block-media-text__content\">\n<h3 class=\"wp-block-heading\">Laura Borr\u00e1s y Pere Aragon\u00e9s.<\/h3>\n\n\n\n<p class=\"has-text-align-justify wp-block-paragraph\">Esta caricatura fue el primer gran \u00e9xito. La propia Laura Borr\u00e1s, encaj\u00f3 con mucho humor el dibujo y la comparti\u00f3 en sus redes sociales.<\/p>\n<\/div><figure class=\"wp-block-media-text__media\"><img data-recalc-dims=\"1\" loading=\"lazy\" decoding=\"async\" width=\"787\" height=\"926\" data-attachment-id=\"5437\" data-permalink=\"https:\/\/woorons.com\/nn\/2023\/10\/30\/la-ultima-caricatura-para-el-pensador-digital\/attachment\/3\/\" data-orig-file=\"https:\/\/i0.wp.com\/woorons.com\/wp-content\/uploads\/2023\/10\/3.png?fit=787%2C926&amp;ssl=1\" data-orig-size=\"787,926\" data-comments-opened=\"1\" data-image-meta=\"{&quot;aperture&quot;:&quot;0&quot;,&quot;credit&quot;:&quot;&quot;,&quot;camera&quot;:&quot;&quot;,&quot;caption&quot;:&quot;&quot;,&quot;created_timestamp&quot;:&quot;0&quot;,&quot;copyright&quot;:&quot;&quot;,&quot;focal_length&quot;:&quot;0&quot;,&quot;iso&quot;:&quot;0&quot;,&quot;shutter_speed&quot;:&quot;0&quot;,&quot;title&quot;:&quot;&quot;,&quot;orientation&quot;:&quot;0&quot;}\" data-image-title=\"caricatura-humor-grafico-noticias-caricature-cartoon\" data-image-description=\"&lt;p&gt;Caricatura de Laura Borr\u00e1s y Pere Aragon\u00e9s.&lt;\/p&gt;\" data-image-caption=\"&lt;p&gt;Caricatura de Laura Borr\u00e1s y Pere Aragon\u00e9s.&lt;\/p&gt;\" data-large-file=\"https:\/\/i0.wp.com\/woorons.com\/wp-content\/uploads\/2023\/10\/3.png?fit=787%2C926&amp;ssl=1\" src=\"https:\/\/i0.wp.com\/woorons.com\/wp-content\/uploads\/2023\/10\/3.png?resize=787%2C926&#038;ssl=1\" alt=\"Caricatura de Laura Borr\u00e1s y Pere Aragon\u00e9s.\" class=\"wp-image-5437 size-full\" \/><\/figure><\/div>\n\n\n\n<div style=\"height:20px\" aria-hidden=\"true\" class=\"wp-block-spacer\"><\/div>\n\n\n\n<h2 class=\"wp-block-heading has-text-align-center\">M\u00e1quinas, moda,y nuevas tendencias.<\/h2>\n\n\n\n<p class=\"has-text-align-justify wp-block-paragraph\">Mi pasaje por EL Pensador Digital, nos dio momentos muy gratificantes y divertidos, que nos lo hemos pasado muy bien con Manuel el director, con quien compartimos largas charlas y nos reimos en cantidad.<\/p>\n\n\n\n<p class=\"wp-block-paragraph\">Inventamos la -Ministers Machine- la gran m\u00e1quina de creaci\u00f3n de ministros inspirada en la serie de televisi\u00f3n <strong>Breaking Bad<\/strong> y en la pel\u00edcula <strong>Gremlins<\/strong> y creamos el <strong>VOXKINI<\/strong> &#8211; la futura moda de verano de VOX, que aqu\u00ed luce Espinosa de los Monteros (y que ceemos que por eso dej\u00f3 el partido) adem\u00e1s de extra\u00f1as m\u00e1quinas voladoras.<\/p>\n\n\n\n<figure class=\"wp-block-gallery alignwide has-nested-images columns-default is-cropped wp-block-gallery-1 is-layout-flex wp-block-gallery-is-layout-flex\">\n<figure class=\"wp-block-image size-large\"><img data-recalc-dims=\"1\" loading=\"lazy\" decoding=\"async\" width=\"2894\" height=\"4093\" data-attachment-id=\"2284\" data-permalink=\"https:\/\/woorons.com\/nn\/2021-07-16-pedro-sanchez-ministros\/\" data-orig-file=\"https:\/\/i0.wp.com\/woorons.com\/wp-content\/uploads\/2021\/08\/2021-07-16-pedro-sanchez-ministros.jpg?fit=2894%2C4093&amp;ssl=1\" data-orig-size=\"2894,4093\" data-comments-opened=\"1\" data-image-meta=\"{&quot;aperture&quot;:&quot;0&quot;,&quot;credit&quot;:&quot;&quot;,&quot;camera&quot;:&quot;&quot;,&quot;caption&quot;:&quot;&quot;,&quot;created_timestamp&quot;:&quot;0&quot;,&quot;copyright&quot;:&quot;&quot;,&quot;focal_length&quot;:&quot;0&quot;,&quot;iso&quot;:&quot;0&quot;,&quot;shutter_speed&quot;:&quot;0&quot;,&quot;title&quot;:&quot;&quot;,&quot;orientation&quot;:&quot;1&quot;}\" data-image-title=\"caricatura-cartoon-gremlins-breakingbad-pedro-sanchez-ministros\" data-image-description=\"&lt;p&gt;Caricatura de Pedro Sanchez&lt;\/p&gt;\" data-image-caption=\"\" data-large-file=\"https:\/\/i0.wp.com\/woorons.com\/wp-content\/uploads\/2021\/08\/2021-07-16-pedro-sanchez-ministros.jpg?fit=724%2C1024&amp;ssl=1\" data-id=\"2284\" src=\"https:\/\/i0.wp.com\/woorons.com\/wp-content\/uploads\/2021\/08\/2021-07-16-pedro-sanchez-ministros.jpg?resize=2894%2C4093&#038;ssl=1\" alt=\"Caricatura de Pedro Sanchez\" class=\"wp-image-2284\" \/><figcaption class=\"wp-element-caption\">Pedro S\u00e1nchez. \u00abThe Ministers Machine\u00bb &#8211; \u00abBreaking Bad y Gremlins\u00bb<\/figcaption><\/figure>\n\n\n\n<figure class=\"wp-block-image size-large\"><img data-recalc-dims=\"1\" loading=\"lazy\" decoding=\"async\" width=\"946\" height=\"1033\" data-attachment-id=\"5441\" data-permalink=\"https:\/\/woorons.com\/nn\/2023\/10\/30\/la-ultima-caricatura-para-el-pensador-digital\/censura-talivoxtera\/\" data-orig-file=\"https:\/\/i0.wp.com\/woorons.com\/wp-content\/uploads\/2023\/10\/censura-talivoxtera.jpg?fit=946%2C1033&amp;ssl=1\" data-orig-size=\"946,1033\" data-comments-opened=\"1\" data-image-meta=\"{&quot;aperture&quot;:&quot;0&quot;,&quot;credit&quot;:&quot;&quot;,&quot;camera&quot;:&quot;&quot;,&quot;caption&quot;:&quot;&quot;,&quot;created_timestamp&quot;:&quot;0&quot;,&quot;copyright&quot;:&quot;&quot;,&quot;focal_length&quot;:&quot;0&quot;,&quot;iso&quot;:&quot;0&quot;,&quot;shutter_speed&quot;:&quot;0&quot;,&quot;title&quot;:&quot;&quot;,&quot;orientation&quot;:&quot;1&quot;}\" data-image-title=\"caricatura-dibujo-drawing\" data-image-description=\"&lt;p&gt;Dibujo de una bombona de butano con bikini.&lt;\/p&gt;\" data-image-caption=\"\" data-large-file=\"https:\/\/i0.wp.com\/woorons.com\/wp-content\/uploads\/2023\/10\/censura-talivoxtera.jpg?fit=938%2C1024&amp;ssl=1\" data-id=\"5441\" src=\"https:\/\/i0.wp.com\/woorons.com\/wp-content\/uploads\/2023\/10\/censura-talivoxtera.jpg?resize=946%2C1033&#038;ssl=1\" alt=\"Dibujo de una bombona de butano con bikini.\" class=\"wp-image-5441\" \/><\/figure>\n<\/figure>\n\n\n\n<figure class=\"wp-block-image size-full\"><img data-recalc-dims=\"1\" loading=\"lazy\" decoding=\"async\" width=\"756\" height=\"927\" data-attachment-id=\"5446\" data-permalink=\"https:\/\/woorons.com\/nn\/2023\/10\/30\/la-ultima-caricatura-para-el-pensador-digital\/attachment\/45\/\" data-orig-file=\"https:\/\/i0.wp.com\/woorons.com\/wp-content\/uploads\/2023\/10\/45.png?fit=756%2C927&amp;ssl=1\" data-orig-size=\"756,927\" data-comments-opened=\"1\" data-image-meta=\"{&quot;aperture&quot;:&quot;0&quot;,&quot;credit&quot;:&quot;&quot;,&quot;camera&quot;:&quot;&quot;,&quot;caption&quot;:&quot;&quot;,&quot;created_timestamp&quot;:&quot;0&quot;,&quot;copyright&quot;:&quot;&quot;,&quot;focal_length&quot;:&quot;0&quot;,&quot;iso&quot;:&quot;0&quot;,&quot;shutter_speed&quot;:&quot;0&quot;,&quot;title&quot;:&quot;&quot;,&quot;orientation&quot;:&quot;0&quot;}\" data-image-title=\"caricatura-laura-borras-pere-aragones-caricaturas-woorons\" data-image-description=\"&lt;p&gt;Caricatura de Laura Borr\u00e1s y Pere Aragon\u00e9s&lt;\/p&gt;\" data-image-caption=\"\" data-large-file=\"https:\/\/i0.wp.com\/woorons.com\/wp-content\/uploads\/2023\/10\/45.png?fit=756%2C927&amp;ssl=1\" src=\"https:\/\/i0.wp.com\/woorons.com\/wp-content\/uploads\/2023\/10\/45.png?resize=756%2C927&#038;ssl=1\" alt=\"Caricatura de Laura Borr\u00e1s y Pere Aragon\u00e9s\" class=\"wp-image-5446\" \/><\/figure>\n\n\n\n<div style=\"height:20px\" aria-hidden=\"true\" class=\"wp-block-spacer\"><\/div>\n\n\n\n<h2 class=\"wp-block-heading has-text-align-center\">Descubriendo nuevos territorios y planetas.<\/h2>\n\n\n\n<p class=\"has-text-align-justify wp-block-paragraph\">Mostramos la soluci\u00f3n a -La mujer perfecta- y hasta fundamos nuevos territorios <em>independientes <\/em>que no independentistas, pero para no quedarnos <em>cortos <\/em>tambi\u00e9n descubrimos <em>nuevos planetas<\/em>. Todo siempre, bas\u00e1ndonos en el m\u00e1s extremo rigor cient\u00edfico, geogr\u00e1fico, pol\u00edtico y estar muy bien documentados.<\/p>\n\n\n\n<div class=\"wp-block-group alignfull has-primary-background-color has-background has-global-padding is-layout-constrained wp-container-core-group-is-layout-58697994 wp-block-group-is-layout-constrained\" style=\"padding-top:var(--wp--preset--spacing--80);padding-right:var(--wp--preset--spacing--50);padding-bottom:var(--wp--preset--spacing--80);padding-left:var(--wp--preset--spacing--50)\">\n<div class=\"wp-block-columns alignwide is-layout-flex wp-container-core-columns-is-layout-9ba6dbca wp-block-columns-is-layout-flex\">\n<div class=\"wp-block-column is-layout-flow wp-block-column-is-layout-flow\">\n<figure class=\"wp-block-image size-full\"><img data-recalc-dims=\"1\" loading=\"lazy\" decoding=\"async\" width=\"733\" height=\"924\" data-attachment-id=\"5448\" data-permalink=\"https:\/\/woorons.com\/nn\/2023\/10\/30\/la-ultima-caricatura-para-el-pensador-digital\/attachment\/32\/\" data-orig-file=\"https:\/\/i0.wp.com\/woorons.com\/wp-content\/uploads\/2023\/10\/32.png?fit=733%2C924&amp;ssl=1\" data-orig-size=\"733,924\" data-comments-opened=\"1\" data-image-meta=\"{&quot;aperture&quot;:&quot;0&quot;,&quot;credit&quot;:&quot;&quot;,&quot;camera&quot;:&quot;&quot;,&quot;caption&quot;:&quot;&quot;,&quot;created_timestamp&quot;:&quot;0&quot;,&quot;copyright&quot;:&quot;&quot;,&quot;focal_length&quot;:&quot;0&quot;,&quot;iso&quot;:&quot;0&quot;,&quot;shutter_speed&quot;:&quot;0&quot;,&quot;title&quot;:&quot;&quot;,&quot;orientation&quot;:&quot;0&quot;}\" data-image-title=\"caricatura-diaz-ayuso-woorons\" data-image-description=\"&lt;p&gt;Caricatura de D\u00edaz Ayuso.&lt;\/p&gt;\" data-image-caption=\"\" data-large-file=\"https:\/\/i0.wp.com\/woorons.com\/wp-content\/uploads\/2023\/10\/32.png?fit=733%2C924&amp;ssl=1\" src=\"https:\/\/i0.wp.com\/woorons.com\/wp-content\/uploads\/2023\/10\/32.png?resize=733%2C924&#038;ssl=1\" alt=\"Caricatura de D\u00edaz Ayuso.\" class=\"wp-image-5448\" \/><\/figure>\n\n\n\n<figure class=\"wp-block-image size-large\"><img data-recalc-dims=\"1\" loading=\"lazy\" decoding=\"async\" width=\"1123\" height=\"920\" data-attachment-id=\"5451\" data-permalink=\"https:\/\/woorons.com\/nn\/2023\/10\/30\/la-ultima-caricatura-para-el-pensador-digital\/attachment\/37\/\" data-orig-file=\"https:\/\/i0.wp.com\/woorons.com\/wp-content\/uploads\/2023\/10\/37.png?fit=1123%2C920&amp;ssl=1\" data-orig-size=\"1123,920\" data-comments-opened=\"1\" data-image-meta=\"{&quot;aperture&quot;:&quot;0&quot;,&quot;credit&quot;:&quot;&quot;,&quot;camera&quot;:&quot;&quot;,&quot;caption&quot;:&quot;&quot;,&quot;created_timestamp&quot;:&quot;0&quot;,&quot;copyright&quot;:&quot;&quot;,&quot;focal_length&quot;:&quot;0&quot;,&quot;iso&quot;:&quot;0&quot;,&quot;shutter_speed&quot;:&quot;0&quot;,&quot;title&quot;:&quot;&quot;,&quot;orientation&quot;:&quot;0&quot;}\" data-image-title=\"caricatura-caricaturas-woorons\" data-image-description=\"&lt;p&gt;caricatura de Espinosa de los Monteros, santiago Abascal, ortega Smith y Feijoo.&lt;\/p&gt;\" data-image-caption=\"\" data-large-file=\"https:\/\/i0.wp.com\/woorons.com\/wp-content\/uploads\/2023\/10\/37.png?fit=1024%2C839&amp;ssl=1\" src=\"https:\/\/i0.wp.com\/woorons.com\/wp-content\/uploads\/2023\/10\/37.png?resize=1123%2C920&#038;ssl=1\" alt=\"caricatura de Espinosa de los Monteros, santiago Abascal, ortega Smith y Feijoo.\" class=\"wp-image-5451\" \/><\/figure>\n<\/div>\n<\/div>\n<\/div>\n\n\n\n<figure class=\"wp-block-image size-full\"><img data-recalc-dims=\"1\" loading=\"lazy\" decoding=\"async\" width=\"1013\" height=\"924\" data-attachment-id=\"5456\" data-permalink=\"https:\/\/woorons.com\/nn\/2023\/10\/30\/la-ultima-caricatura-para-el-pensador-digital\/attachment\/62\/\" data-orig-file=\"https:\/\/i0.wp.com\/woorons.com\/wp-content\/uploads\/2023\/10\/62.png?fit=1013%2C924&amp;ssl=1\" data-orig-size=\"1013,924\" data-comments-opened=\"1\" data-image-meta=\"{&quot;aperture&quot;:&quot;0&quot;,&quot;credit&quot;:&quot;&quot;,&quot;camera&quot;:&quot;&quot;,&quot;caption&quot;:&quot;&quot;,&quot;created_timestamp&quot;:&quot;0&quot;,&quot;copyright&quot;:&quot;&quot;,&quot;focal_length&quot;:&quot;0&quot;,&quot;iso&quot;:&quot;0&quot;,&quot;shutter_speed&quot;:&quot;0&quot;,&quot;title&quot;:&quot;&quot;,&quot;orientation&quot;:&quot;0&quot;}\" data-image-title=\"caricaturas-woorons\" data-image-description=\"&lt;p&gt;Caricatura de varios pol\u00edticos independentistas y de derecha.&lt;\/p&gt;\" data-image-caption=\"\" data-large-file=\"https:\/\/i0.wp.com\/woorons.com\/wp-content\/uploads\/2023\/10\/62.png?fit=1013%2C924&amp;ssl=1\" src=\"https:\/\/i0.wp.com\/woorons.com\/wp-content\/uploads\/2023\/10\/62.png?resize=1013%2C924&#038;ssl=1\" alt=\"Caricatura de varios pol\u00edticos independentistas y de derecha.\" class=\"wp-image-5456\" \/><\/figure>\n\n\n\n<div style=\"height:20px\" aria-hidden=\"true\" class=\"wp-block-spacer\"><\/div>\n\n\n\n<div style=\"height:20px\" aria-hidden=\"true\" class=\"wp-block-spacer\"><\/div>\n\n\n\n<div class=\"wp-block-media-text is-stacked-on-mobile\"><figure class=\"wp-block-media-text__media\"><img data-recalc-dims=\"1\" loading=\"lazy\" decoding=\"async\" width=\"745\" height=\"924\" data-attachment-id=\"5454\" data-permalink=\"https:\/\/woorons.com\/nn\/2023\/10\/30\/la-ultima-caricatura-para-el-pensador-digital\/attachment\/54\/\" data-orig-file=\"https:\/\/i0.wp.com\/woorons.com\/wp-content\/uploads\/2023\/10\/54.png?fit=745%2C924&amp;ssl=1\" data-orig-size=\"745,924\" data-comments-opened=\"1\" data-image-meta=\"{&quot;aperture&quot;:&quot;0&quot;,&quot;credit&quot;:&quot;&quot;,&quot;camera&quot;:&quot;&quot;,&quot;caption&quot;:&quot;&quot;,&quot;created_timestamp&quot;:&quot;0&quot;,&quot;copyright&quot;:&quot;&quot;,&quot;focal_length&quot;:&quot;0&quot;,&quot;iso&quot;:&quot;0&quot;,&quot;shutter_speed&quot;:&quot;0&quot;,&quot;title&quot;:&quot;&quot;,&quot;orientation&quot;:&quot;0&quot;}\" data-image-title=\"54\" data-image-description=\"\" data-image-caption=\"\" data-large-file=\"https:\/\/i0.wp.com\/woorons.com\/wp-content\/uploads\/2023\/10\/54.png?fit=745%2C924&amp;ssl=1\" src=\"https:\/\/i0.wp.com\/woorons.com\/wp-content\/uploads\/2023\/10\/54.png?resize=745%2C924&#038;ssl=1\" alt=\"\" class=\"wp-image-5454 size-full\" \/><\/figure><div class=\"wp-block-media-text__content\">\n<h3 class=\"wp-block-heading\">Otro \u00e9xito pero este fue de insultos y aplausos.<\/h3>\n\n\n\n<p class=\"has-text-align-justify wp-block-paragraph\">En esta oportunidad, tambi\u00e9n la propia caricaturizada comparti\u00f3 la publicaci\u00f3n. Recibimos cientos de mensajes de felicitaci\u00f3nes, de aplausos y de <em>saludos<\/em> a mi santa madre, a mi familia y la \u00fanica que sali\u00f3 indemne fue Gala, mi <em>gatasecretaria<\/em><\/p>\n<\/div><\/div>\n\n\n\n<div style=\"height:20px\" aria-hidden=\"true\" class=\"wp-block-spacer\"><\/div>\n\n\n\n<h2 class=\"wp-block-heading has-text-align-center\">Tambi\u00e9n fuimos testigos. <\/h2>\n\n\n\n<p class=\"wp-block-paragraph\">Presenciamos batallas, <em>batallitas<\/em> y aut\u00e9nticos enfrentamientos y descubrimos como toda historia puede reescribirse, aunque todos los libros de texto, te cuenten lo contrario.<\/p>\n\n\n\n<figure class=\"wp-block-image aligncenter size-large\"><img data-recalc-dims=\"1\" loading=\"lazy\" decoding=\"async\" width=\"1112\" height=\"914\" data-attachment-id=\"5462\" data-permalink=\"https:\/\/woorons.com\/nn\/2023\/10\/30\/la-ultima-caricatura-para-el-pensador-digital\/attachment\/67\/\" data-orig-file=\"https:\/\/i0.wp.com\/woorons.com\/wp-content\/uploads\/2023\/10\/67.png?fit=1112%2C914&amp;ssl=1\" data-orig-size=\"1112,914\" data-comments-opened=\"1\" data-image-meta=\"{&quot;aperture&quot;:&quot;0&quot;,&quot;credit&quot;:&quot;&quot;,&quot;camera&quot;:&quot;&quot;,&quot;caption&quot;:&quot;&quot;,&quot;created_timestamp&quot;:&quot;0&quot;,&quot;copyright&quot;:&quot;&quot;,&quot;focal_length&quot;:&quot;0&quot;,&quot;iso&quot;:&quot;0&quot;,&quot;shutter_speed&quot;:&quot;0&quot;,&quot;title&quot;:&quot;&quot;,&quot;orientation&quot;:&quot;0&quot;}\" data-image-title=\"caricaturas-woorons\" data-image-description=\"&lt;p&gt;Caricatura de dos ej\u00e9rcitos de gallinas enfrent\u00e1ndose.&lt;\/p&gt;\" data-image-caption=\"\" data-large-file=\"https:\/\/i0.wp.com\/woorons.com\/wp-content\/uploads\/2023\/10\/67.png?fit=1024%2C842&amp;ssl=1\" src=\"https:\/\/i0.wp.com\/woorons.com\/wp-content\/uploads\/2023\/10\/67.png?resize=1112%2C914&#038;ssl=1\" alt=\"Caricatura de dos ej\u00e9rcitos de gallinas enfrent\u00e1ndose.\" class=\"wp-image-5462\" \/><\/figure>\n\n\n\n<figure class=\"wp-block-image aligncenter size-full\"><img data-recalc-dims=\"1\" loading=\"lazy\" decoding=\"async\" width=\"759\" height=\"926\" data-attachment-id=\"5463\" data-permalink=\"https:\/\/woorons.com\/nn\/2023\/10\/30\/la-ultima-caricatura-para-el-pensador-digital\/attachment\/36\/\" data-orig-file=\"https:\/\/i0.wp.com\/woorons.com\/wp-content\/uploads\/2023\/10\/36.png?fit=759%2C926&amp;ssl=1\" data-orig-size=\"759,926\" data-comments-opened=\"1\" data-image-meta=\"{&quot;aperture&quot;:&quot;0&quot;,&quot;credit&quot;:&quot;&quot;,&quot;camera&quot;:&quot;&quot;,&quot;caption&quot;:&quot;&quot;,&quot;created_timestamp&quot;:&quot;0&quot;,&quot;copyright&quot;:&quot;&quot;,&quot;focal_length&quot;:&quot;0&quot;,&quot;iso&quot;:&quot;0&quot;,&quot;shutter_speed&quot;:&quot;0&quot;,&quot;title&quot;:&quot;&quot;,&quot;orientation&quot;:&quot;0&quot;}\" data-image-title=\"caricatura-woorons\" data-image-description=\"&lt;p&gt;Caricatura de Francisco Jos\u00e9 Contreras.&lt;\/p&gt;\" data-image-caption=\"\" data-large-file=\"https:\/\/i0.wp.com\/woorons.com\/wp-content\/uploads\/2023\/10\/36.png?fit=759%2C926&amp;ssl=1\" src=\"https:\/\/i0.wp.com\/woorons.com\/wp-content\/uploads\/2023\/10\/36.png?resize=759%2C926&#038;ssl=1\" alt=\"Caricatura de Francisco Jos\u00e9 Contreras.\" class=\"wp-image-5463\" \/><\/figure>\n\n\n\n<div style=\"height:20px\" aria-hidden=\"true\" class=\"wp-block-spacer\"><\/div>\n\n\n\n<h2 class=\"wp-block-heading has-text-align-center\">Cine y cosas de cin\u00e9filos.<\/h2>\n\n\n\n<p class=\"wp-block-paragraph\">Como buenos cin\u00e9filos, recreamos y nos inspiramosen escenas de pel\u00edculas muy famosas, como <strong>Gosth <\/strong>o <strong>Lo que el viento se llev\u00f3<\/strong> The wind no se qu\u00e9&#8230; <strong>Jurasic Park<\/strong> y <strong>Los Picapiedra.<\/strong><\/p>\n\n\n\n<figure class=\"wp-block-image aligncenter size-full\"><img data-recalc-dims=\"1\" loading=\"lazy\" decoding=\"async\" width=\"771\" height=\"925\" data-attachment-id=\"5464\" data-permalink=\"https:\/\/woorons.com\/nn\/2023\/10\/30\/la-ultima-caricatura-para-el-pensador-digital\/attachment\/4\/\" data-orig-file=\"https:\/\/i0.wp.com\/woorons.com\/wp-content\/uploads\/2023\/10\/4.png?fit=771%2C925&amp;ssl=1\" data-orig-size=\"771,925\" data-comments-opened=\"1\" data-image-meta=\"{&quot;aperture&quot;:&quot;0&quot;,&quot;credit&quot;:&quot;&quot;,&quot;camera&quot;:&quot;&quot;,&quot;caption&quot;:&quot;&quot;,&quot;created_timestamp&quot;:&quot;0&quot;,&quot;copyright&quot;:&quot;&quot;,&quot;focal_length&quot;:&quot;0&quot;,&quot;iso&quot;:&quot;0&quot;,&quot;shutter_speed&quot;:&quot;0&quot;,&quot;title&quot;:&quot;&quot;,&quot;orientation&quot;:&quot;0&quot;}\" data-image-title=\"caricaturas-drawing-woorons\" data-image-description=\"&lt;p&gt;caricatura de Gosth, con dos l\u00edderes pol\u00edticos.&lt;\/p&gt;\" data-image-caption=\"\" data-large-file=\"https:\/\/i0.wp.com\/woorons.com\/wp-content\/uploads\/2023\/10\/4.png?fit=771%2C925&amp;ssl=1\" src=\"https:\/\/i0.wp.com\/woorons.com\/wp-content\/uploads\/2023\/10\/4.png?resize=771%2C925&#038;ssl=1\" alt=\"Caricatura de Gosth, con dos l\u00edderes pol\u00edticos.\" class=\"wp-image-5464\" \/><\/figure>\n\n\n\n<figure class=\"wp-block-image size-large\"><img data-recalc-dims=\"1\" loading=\"lazy\" decoding=\"async\" width=\"1086\" height=\"922\" data-attachment-id=\"5465\" data-permalink=\"https:\/\/woorons.com\/nn\/2023\/10\/30\/la-ultima-caricatura-para-el-pensador-digital\/attachment\/46\/\" data-orig-file=\"https:\/\/i0.wp.com\/woorons.com\/wp-content\/uploads\/2023\/10\/46.png?fit=1086%2C922&amp;ssl=1\" data-orig-size=\"1086,922\" data-comments-opened=\"1\" data-image-meta=\"{&quot;aperture&quot;:&quot;0&quot;,&quot;credit&quot;:&quot;&quot;,&quot;camera&quot;:&quot;&quot;,&quot;caption&quot;:&quot;&quot;,&quot;created_timestamp&quot;:&quot;0&quot;,&quot;copyright&quot;:&quot;&quot;,&quot;focal_length&quot;:&quot;0&quot;,&quot;iso&quot;:&quot;0&quot;,&quot;shutter_speed&quot;:&quot;0&quot;,&quot;title&quot;:&quot;&quot;,&quot;orientation&quot;:&quot;0&quot;}\" data-image-title=\"caricaturas-woorons\" data-image-description=\"&lt;p&gt;Caricatura de una escena de Lo que el viento se llev\u00f3, con la pol\u00edtica catalana Anna Gabriel.&lt;\/p&gt;\" data-image-caption=\"\" data-large-file=\"https:\/\/i0.wp.com\/woorons.com\/wp-content\/uploads\/2023\/10\/46.png?fit=1024%2C869&amp;ssl=1\" src=\"https:\/\/i0.wp.com\/woorons.com\/wp-content\/uploads\/2023\/10\/46.png?resize=1086%2C922&#038;ssl=1\" alt=\"Caricatura de una escena de Lo que el viento se llev\u00f3, con la pol\u00edtica catalana Anna Gabriel.\" class=\"wp-image-5465\" \/><\/figure>\n\n\n\n<figure class=\"wp-block-image aligncenter size-full\"><img data-recalc-dims=\"1\" loading=\"lazy\" decoding=\"async\" width=\"717\" height=\"925\" data-attachment-id=\"5467\" data-permalink=\"https:\/\/woorons.com\/nn\/2023\/10\/30\/la-ultima-caricatura-para-el-pensador-digital\/attachment\/68\/\" data-orig-file=\"https:\/\/i0.wp.com\/woorons.com\/wp-content\/uploads\/2023\/10\/68.png?fit=717%2C925&amp;ssl=1\" data-orig-size=\"717,925\" data-comments-opened=\"1\" data-image-meta=\"{&quot;aperture&quot;:&quot;0&quot;,&quot;credit&quot;:&quot;&quot;,&quot;camera&quot;:&quot;&quot;,&quot;caption&quot;:&quot;&quot;,&quot;created_timestamp&quot;:&quot;0&quot;,&quot;copyright&quot;:&quot;&quot;,&quot;focal_length&quot;:&quot;0&quot;,&quot;iso&quot;:&quot;0&quot;,&quot;shutter_speed&quot;:&quot;0&quot;,&quot;title&quot;:&quot;&quot;,&quot;orientation&quot;:&quot;0&quot;}\" data-image-title=\"caricatura-woorons\" data-image-description=\"&lt;p&gt;caricatura de Santiago Abascal y Tamames.&lt;\/p&gt;\" data-image-caption=\"\" data-large-file=\"https:\/\/i0.wp.com\/woorons.com\/wp-content\/uploads\/2023\/10\/68.png?fit=717%2C925&amp;ssl=1\" src=\"https:\/\/i0.wp.com\/woorons.com\/wp-content\/uploads\/2023\/10\/68.png?resize=717%2C925&#038;ssl=1\" alt=\"caricatura de Santiago Abascal y Tamames.\" class=\"wp-image-5467\" \/><\/figure>\n\n\n\n<figure class=\"wp-block-image size-large\"><img data-recalc-dims=\"1\" loading=\"lazy\" decoding=\"async\" width=\"1140\" height=\"884\" data-attachment-id=\"5469\" data-permalink=\"https:\/\/woorons.com\/nn\/2023\/10\/30\/la-ultima-caricatura-para-el-pensador-digital\/attachment\/34\/\" data-orig-file=\"https:\/\/i0.wp.com\/woorons.com\/wp-content\/uploads\/2023\/10\/34.png?fit=1140%2C884&amp;ssl=1\" data-orig-size=\"1140,884\" data-comments-opened=\"1\" data-image-meta=\"{&quot;aperture&quot;:&quot;0&quot;,&quot;credit&quot;:&quot;&quot;,&quot;camera&quot;:&quot;&quot;,&quot;caption&quot;:&quot;&quot;,&quot;created_timestamp&quot;:&quot;0&quot;,&quot;copyright&quot;:&quot;&quot;,&quot;focal_length&quot;:&quot;0&quot;,&quot;iso&quot;:&quot;0&quot;,&quot;shutter_speed&quot;:&quot;0&quot;,&quot;title&quot;:&quot;&quot;,&quot;orientation&quot;:&quot;0&quot;}\" data-image-title=\"caricaturas-drawing-woorons\" data-image-description=\"&lt;p&gt;Caricatura de Quim Torra y Xavier Antich.&lt;\/p&gt;\" data-image-caption=\"\" data-large-file=\"https:\/\/i0.wp.com\/woorons.com\/wp-content\/uploads\/2023\/10\/34.png?fit=1024%2C794&amp;ssl=1\" src=\"https:\/\/i0.wp.com\/woorons.com\/wp-content\/uploads\/2023\/10\/34.png?resize=1140%2C884&#038;ssl=1\" alt=\"Caricatura de Quim Torra y Xavier Antich.\" class=\"wp-image-5469\" \/><\/figure>\n\n\n\n<div style=\"height:20px\" aria-hidden=\"true\" class=\"wp-block-spacer\"><\/div>\n\n\n\n<h2 class=\"wp-block-heading has-text-align-center\">Hasta que lleg\u00f3 EL AMOR.<\/h2>\n\n\n\n<p class=\"wp-block-paragraph\">HAY! El amor. Que ser\u00eda este mundo sin \u00e9l. Mentiras, traiciones, desenga\u00f1os&#8230;todo eso y mucho m\u00e1s, estuvieron presentes, en EL Pensador Digital.<\/p>\n\n\n\n<figure class=\"wp-block-image aligncenter size-full\"><img data-recalc-dims=\"1\" loading=\"lazy\" decoding=\"async\" width=\"703\" height=\"926\" data-attachment-id=\"5468\" data-permalink=\"https:\/\/woorons.com\/nn\/2023\/10\/30\/la-ultima-caricatura-para-el-pensador-digital\/attachment\/49\/\" data-orig-file=\"https:\/\/i0.wp.com\/woorons.com\/wp-content\/uploads\/2023\/10\/49.png?fit=703%2C926&amp;ssl=1\" data-orig-size=\"703,926\" data-comments-opened=\"1\" data-image-meta=\"{&quot;aperture&quot;:&quot;0&quot;,&quot;credit&quot;:&quot;&quot;,&quot;camera&quot;:&quot;&quot;,&quot;caption&quot;:&quot;&quot;,&quot;created_timestamp&quot;:&quot;0&quot;,&quot;copyright&quot;:&quot;&quot;,&quot;focal_length&quot;:&quot;0&quot;,&quot;iso&quot;:&quot;0&quot;,&quot;shutter_speed&quot;:&quot;0&quot;,&quot;title&quot;:&quot;&quot;,&quot;orientation&quot;:&quot;0&quot;}\" data-image-title=\"caricaturas-woorons\" data-image-description=\"&lt;p&gt;Caricatura de fern\u00e1ndez D\u00edaz y Villarejo.&lt;\/p&gt;\" data-image-caption=\"\" data-large-file=\"https:\/\/i0.wp.com\/woorons.com\/wp-content\/uploads\/2023\/10\/49.png?fit=703%2C926&amp;ssl=1\" src=\"https:\/\/i0.wp.com\/woorons.com\/wp-content\/uploads\/2023\/10\/49.png?resize=703%2C926&#038;ssl=1\" alt=\"Caricatura de fern\u00e1ndez D\u00edaz y Villarejo.\" class=\"wp-image-5468\" \/><\/figure>\n\n\n\n<figure class=\"wp-block-image aligncenter size-full\"><img data-recalc-dims=\"1\" loading=\"lazy\" decoding=\"async\" width=\"700\" height=\"924\" data-attachment-id=\"5470\" data-permalink=\"https:\/\/woorons.com\/nn\/2023\/10\/30\/la-ultima-caricatura-para-el-pensador-digital\/attachment\/64\/\" data-orig-file=\"https:\/\/i0.wp.com\/woorons.com\/wp-content\/uploads\/2023\/10\/64.png?fit=700%2C924&amp;ssl=1\" data-orig-size=\"700,924\" data-comments-opened=\"1\" data-image-meta=\"{&quot;aperture&quot;:&quot;0&quot;,&quot;credit&quot;:&quot;&quot;,&quot;camera&quot;:&quot;&quot;,&quot;caption&quot;:&quot;&quot;,&quot;created_timestamp&quot;:&quot;0&quot;,&quot;copyright&quot;:&quot;&quot;,&quot;focal_length&quot;:&quot;0&quot;,&quot;iso&quot;:&quot;0&quot;,&quot;shutter_speed&quot;:&quot;0&quot;,&quot;title&quot;:&quot;&quot;,&quot;orientation&quot;:&quot;0&quot;}\" data-image-title=\"caricaturas-drawing-woorons\" data-image-description=\"&lt;p&gt;Caricatura de garamendi y la UGT.&lt;\/p&gt;\" data-image-caption=\"\" data-large-file=\"https:\/\/i0.wp.com\/woorons.com\/wp-content\/uploads\/2023\/10\/64.png?fit=700%2C924&amp;ssl=1\" src=\"https:\/\/i0.wp.com\/woorons.com\/wp-content\/uploads\/2023\/10\/64.png?resize=700%2C924&#038;ssl=1\" alt=\"Caricatura de garamendi y la UGT.\" class=\"wp-image-5470\" \/><\/figure>\n\n\n\n<figure class=\"wp-block-image size-full\"><img data-recalc-dims=\"1\" loading=\"lazy\" decoding=\"async\" width=\"684\" height=\"927\" data-attachment-id=\"5472\" data-permalink=\"https:\/\/woorons.com\/nn\/2023\/10\/30\/la-ultima-caricatura-para-el-pensador-digital\/attachment\/61\/\" data-orig-file=\"https:\/\/i0.wp.com\/woorons.com\/wp-content\/uploads\/2023\/10\/61.png?fit=684%2C927&amp;ssl=1\" data-orig-size=\"684,927\" data-comments-opened=\"1\" data-image-meta=\"{&quot;aperture&quot;:&quot;0&quot;,&quot;credit&quot;:&quot;&quot;,&quot;camera&quot;:&quot;&quot;,&quot;caption&quot;:&quot;&quot;,&quot;created_timestamp&quot;:&quot;0&quot;,&quot;copyright&quot;:&quot;&quot;,&quot;focal_length&quot;:&quot;0&quot;,&quot;iso&quot;:&quot;0&quot;,&quot;shutter_speed&quot;:&quot;0&quot;,&quot;title&quot;:&quot;&quot;,&quot;orientation&quot;:&quot;0&quot;}\" data-image-title=\"caricaturas-woorons\" data-image-description=\"&lt;p&gt;Caricatura de Santiago Abascal y Nunez Feijoo.&lt;\/p&gt;\" data-image-caption=\"\" data-large-file=\"https:\/\/i0.wp.com\/woorons.com\/wp-content\/uploads\/2023\/10\/61.png?fit=684%2C927&amp;ssl=1\" src=\"https:\/\/i0.wp.com\/woorons.com\/wp-content\/uploads\/2023\/10\/61.png?resize=684%2C927&#038;ssl=1\" alt=\"Caricatura de Santiago Abascal y Nunez Feijoo.\" class=\"wp-image-5472\" \/><\/figure>\n\n\n\n<figure class=\"wp-block-image aligncenter size-large\"><img data-recalc-dims=\"1\" loading=\"lazy\" decoding=\"async\" width=\"1098\" height=\"917\" data-attachment-id=\"5474\" data-permalink=\"https:\/\/woorons.com\/nn\/2023\/10\/30\/la-ultima-caricatura-para-el-pensador-digital\/attachment\/65\/\" data-orig-file=\"https:\/\/i0.wp.com\/woorons.com\/wp-content\/uploads\/2023\/10\/65.png?fit=1098%2C917&amp;ssl=1\" data-orig-size=\"1098,917\" data-comments-opened=\"1\" data-image-meta=\"{&quot;aperture&quot;:&quot;0&quot;,&quot;credit&quot;:&quot;&quot;,&quot;camera&quot;:&quot;&quot;,&quot;caption&quot;:&quot;&quot;,&quot;created_timestamp&quot;:&quot;0&quot;,&quot;copyright&quot;:&quot;&quot;,&quot;focal_length&quot;:&quot;0&quot;,&quot;iso&quot;:&quot;0&quot;,&quot;shutter_speed&quot;:&quot;0&quot;,&quot;title&quot;:&quot;&quot;,&quot;orientation&quot;:&quot;0&quot;}\" data-image-title=\"caricaturas-woorons\" data-image-description=\"&lt;p&gt;Caricatura de pol\u00edticos de Sumar, llamando a una gallina de Podemos.&lt;\/p&gt;\" data-image-caption=\"\" data-large-file=\"https:\/\/i0.wp.com\/woorons.com\/wp-content\/uploads\/2023\/10\/65.png?fit=1024%2C855&amp;ssl=1\" src=\"https:\/\/i0.wp.com\/woorons.com\/wp-content\/uploads\/2023\/10\/65.png?resize=1098%2C917&#038;ssl=1\" alt=\"Caricatura de pol\u00edticos de Sumar, llamando a una gallina de Podemos.\" class=\"wp-image-5474\" \/><\/figure>\n\n\n\n<figure class=\"wp-block-image aligncenter size-large\"><img data-recalc-dims=\"1\" loading=\"lazy\" decoding=\"async\" width=\"1145\" height=\"917\" data-attachment-id=\"5473\" data-permalink=\"https:\/\/woorons.com\/nn\/2023\/10\/30\/la-ultima-caricatura-para-el-pensador-digital\/attachment\/52\/\" data-orig-file=\"https:\/\/i0.wp.com\/woorons.com\/wp-content\/uploads\/2023\/10\/52.png?fit=1145%2C917&amp;ssl=1\" data-orig-size=\"1145,917\" data-comments-opened=\"1\" data-image-meta=\"{&quot;aperture&quot;:&quot;0&quot;,&quot;credit&quot;:&quot;&quot;,&quot;camera&quot;:&quot;&quot;,&quot;caption&quot;:&quot;&quot;,&quot;created_timestamp&quot;:&quot;0&quot;,&quot;copyright&quot;:&quot;&quot;,&quot;focal_length&quot;:&quot;0&quot;,&quot;iso&quot;:&quot;0&quot;,&quot;shutter_speed&quot;:&quot;0&quot;,&quot;title&quot;:&quot;&quot;,&quot;orientation&quot;:&quot;0&quot;}\" data-image-title=\"caricaturas-woorons\" data-image-description=\"&lt;p&gt;Caricatura de Garamendi, presidente de la CEOE.&lt;\/p&gt;\" data-image-caption=\"\" data-large-file=\"https:\/\/i0.wp.com\/woorons.com\/wp-content\/uploads\/2023\/10\/52.png?fit=1024%2C820&amp;ssl=1\" src=\"https:\/\/i0.wp.com\/woorons.com\/wp-content\/uploads\/2023\/10\/52.png?resize=1145%2C917&#038;ssl=1\" alt=\"Caricatura de Garamendi, presidente de la CEOE.\" class=\"wp-image-5473\" \/><\/figure>\n\n\n\n<div style=\"height:20px\" aria-hidden=\"true\" class=\"wp-block-spacer\"><\/div>\n\n\n\n<h2 class=\"wp-block-heading has-text-align-center\">Nos despedimos.<\/h2>\n\n\n\n<p class=\"wp-block-paragraph\">Hasta aqu\u00ed una selecci\u00f3n de algunos dibujos que fui publicando. El \u00faltimo dibujo, el de la despedida, lo encontrar\u00e9is al final de este post. Y como no soy muy bueno para esto de decir adi\u00f3s, para mejor contarlo, les dejo las propias palabras de Manuel el Director de El Pensador digital, que ha escrito en su despedida:<\/p>\n\n\n\n<p class=\"has-text-align-justify wp-block-paragraph\"><strong>Queridos lectores y lectoras de El Pensador Digital:<\/strong><\/p>\n\n\n\n<p class=\"has-text-align-justify wp-block-paragraph\">Hoy, en este \u00faltimo post de nuestro peri\u00f3dico digital, me dirijo a ustedes con sentimientos encontrados. Por un lado, estamos celebrando el \u00e9xito y la dedicaci\u00f3n que hemos volcado en cada uno de los art\u00edculos, noticias y reportajes que hemos compartido con ustedes a lo largo de estos a\u00f1os. Por otro lado, estamos diciendo adi\u00f3s a una etapa que ha sido sumamente gratificante.<\/p>\n\n\n\n<p class=\"has-text-align-justify wp-block-paragraph\">En este momento, quiero aprovechar esta ocasi\u00f3n para expresar mi m\u00e1s sincero agradecimiento a dos personas que han sido fundamentales en la construcci\u00f3n y mantenimiento de este proyecto: nuestro talentoso dibujante Orons y nuestro incansable redactor Iv\u00e1n.<\/p>\n\n\n\n<p class=\"has-text-align-justify wp-block-paragraph\">Orons, tus ilustraciones han dado vida a nuestras historias de una manera \u00fanica. Cada trazo, cada detalle, ha enriquecido nuestros art\u00edculos y ha hecho que nuestro contenido sea a\u00fan m\u00e1s atractivo. Tus dibujos han sido la ventana a las emociones y conceptos que de otra manera ser\u00edan dif\u00edciles de transmitir, aunque a veces se tocaran temas que ideol\u00f3gicamente no estabas del todo de acuerdo. Gracias por tu creatividad y tu pasi\u00f3n.<\/p>\n\n\n\n<p class=\"has-text-align-justify wp-block-paragraph\">Iv\u00e1n, has sido la pluma que ha dado forma a nuestras ideas. Tu capacidad para investigar, sintetizar y presentar la informaci\u00f3n de manera clara y cautivadora ha sido esencial para mantener a nuestros lectores informados y entretenidos. Has sido un pilar fundamental en la construcci\u00f3n de la identidad de El Pensador Digital.<\/p>\n\n\n\n<p class=\"has-text-align-justify wp-block-paragraph\">A nuestros lectores, queremos agradecerles por su fidelidad y por permitirnos ser parte de su vida a lo largo de estos a\u00f1os. Esperamos que nuestro contenido haya sido ameno e informativo, que les haya inspirado, informado y entretenido.<\/p>\n\n\n\n<p class=\"has-text-align-justify wp-block-paragraph\">Como muestra de nuestro agradecimiento, queremos compartir con ustedes un dibujo especial de despedida, creado por nuestro querido Orons. En este dibujo, expresamos nuestro agradecimiento y aprecio por todo el apoyo que nos han brindado a lo largo de esta hermosa traves\u00eda.<\/p>\n\n\n\n<p class=\"has-text-align-justify wp-block-paragraph\">Esperamos que sigan encontrando inspiraci\u00f3n y conocimiento en otros rincones digitales y que sigan siendo \u00e1vidos consumidores de informaci\u00f3n. Nuestro equipo se despide con gratitud en el coraz\u00f3n, pero tambi\u00e9n con la esperanza de que nuestros caminos se crucen nuevamente en el futuro.<\/p>\n\n\n\n<p class=\"has-text-align-justify wp-block-paragraph\">Hasta siempre, queridos lectores, y una vez m\u00e1s, \u00a1gracias!<\/p>\n\n\n\n<p class=\"has-text-align-justify wp-block-paragraph\">Con gratitud,<\/p>\n\n\n\n<p class=\"wp-block-paragraph\">Manuel<\/p>\n\n\n\n<p class=\"wp-block-paragraph\">Director de \u00abEl Pensador Digital\u00bb<\/p>\n\n\n\n<h2 class=\"wp-block-heading has-text-align-center\">La despedida de EL Pensador Digital.<\/h2>\n\n\n\n<p class=\"wp-block-paragraph\">Y este fue el dibujo, que por momentos me costaba terminar, pero no porque fuera el \u00faltimo; porque tuve que dibujar a todos estos y en pelotas. (Cosas que se me ocurren)<\/p>\n\n\n\n<figure data-wp-context=\"{&quot;imageId&quot;:&quot;6a9c552ed2208&quot;}\" data-wp-interactive=\"core\/image\" data-wp-key=\"6a9c552ed2208\" class=\"wp-block-image aligncenter size-full wp-lightbox-container\"><img data-recalc-dims=\"1\" loading=\"lazy\" decoding=\"async\" width=\"595\" height=\"842\" data-attachment-id=\"5475\" data-permalink=\"https:\/\/woorons.com\/nn\/2023\/10\/30\/la-ultima-caricatura-para-el-pensador-digital\/caricaturas-woorons-humr-grafico-politica\/\" data-orig-file=\"https:\/\/i0.wp.com\/woorons.com\/wp-content\/uploads\/2023\/10\/caricaturas-woorons-humr-grafico.politica.jpg?fit=595%2C842&amp;ssl=1\" data-orig-size=\"595,842\" data-comments-opened=\"1\" data-image-meta=\"{&quot;aperture&quot;:&quot;0&quot;,&quot;credit&quot;:&quot;&quot;,&quot;camera&quot;:&quot;&quot;,&quot;caption&quot;:&quot;&quot;,&quot;created_timestamp&quot;:&quot;0&quot;,&quot;copyright&quot;:&quot;&quot;,&quot;focal_length&quot;:&quot;0&quot;,&quot;iso&quot;:&quot;0&quot;,&quot;shutter_speed&quot;:&quot;0&quot;,&quot;title&quot;:&quot;&quot;,&quot;orientation&quot;:&quot;0&quot;}\" data-image-title=\"caricaturas-woorons-humr-grafico.politica\" data-image-description=\"&lt;p&gt;Caricaturas de varios pol\u00edticos espa\u00f1oles.&lt;\/p&gt;\" data-image-caption=\"\" data-large-file=\"https:\/\/i0.wp.com\/woorons.com\/wp-content\/uploads\/2023\/10\/caricaturas-woorons-humr-grafico.politica.jpg?fit=595%2C842&amp;ssl=1\" data-wp-class--hide=\"state.isContentHidden\" data-wp-class--show=\"state.isContentVisible\" data-wp-init=\"callbacks.setButtonStyles\" data-wp-on--click=\"actions.showLightbox\" data-wp-on--load=\"callbacks.setButtonStyles\" data-wp-on--pointerdown=\"actions.preloadImage\" data-wp-on--pointerenter=\"actions.preloadImageWithDelay\" data-wp-on--pointerleave=\"actions.cancelPreload\" data-wp-on-window--resize=\"callbacks.setButtonStyles\" src=\"https:\/\/i0.wp.com\/woorons.com\/wp-content\/uploads\/2023\/10\/caricaturas-woorons-humr-grafico.politica.jpg?resize=595%2C842&#038;ssl=1\" alt=\"Caricaturas de varios pol\u00edticos espa\u00f1oles.\" class=\"wp-image-5475\" \/><button\n\t\t\tclass=\"lightbox-trigger\"\n\t\t\ttype=\"button\"\n\t\t\taria-haspopup=\"dialog\"\n\t\t\tdata-wp-bind--aria-label=\"state.thisImage.triggerButtonAriaLabel\"\n\t\t\tdata-wp-init=\"callbacks.initTriggerButton\"\n\t\t\tdata-wp-on--click=\"actions.showLightbox\"\n\t\t\tdata-wp-style--right=\"state.thisImage.buttonRight\"\n\t\t\tdata-wp-style--top=\"state.thisImage.buttonTop\"\n\t\t>\n\t\t\t<svg xmlns=\"http:\/\/www.w3.org\/2000\/svg\" width=\"12\" height=\"12\" fill=\"none\" viewbox=\"0 0 12 12\">\n\t\t\t\t<path fill=\"#fff\" d=\"M2 0a2 2 0 0 0-2 2v2h1.5V2a.5.5 0 0 1 .5-.5h2V0H2Zm2 10.5H2a.5.5 0 0 1-.5-.5V8H0v2a2 2 0 0 0 2 2h2v-1.5ZM8 12v-1.5h2a.5.5 0 0 0 .5-.5V8H12v2a2 2 0 0 1-2 2H8Zm2-12a2 2 0 0 1 2 2v2h-1.5V2a.5.5 0 0 0-.5-.5H8V0h2Z\" \/>\n\t\t\t<\/svg>\n\t\t<\/button><\/figure>","protected":false},"excerpt":{"rendered":"<p>Mi dibujo de despedida. Hace casi tres a\u00f1os reiniciaba el dibujo de caricatura pol\u00edtica, en El Pensador Digital. Despu\u00e9s de un largo espacio de tiempo en que la hab\u00eda dejado abandonada. Muchos y variados fueron los inconvenientes que me hab\u00eda traido esto de dibujar y criticar pol\u00edticos de un partido u otro. Siempre alguien se [&hellip;]<\/p>","protected":false},"author":21194217,"featured_media":5478,"comment_status":"open","ping_status":"closed","sticky":false,"template":"","format":"standard","meta":{"_coblocks_attr":"","_coblocks_dimensions":"","_coblocks_responsive_height":"","_coblocks_accordion_ie_support":"","_jetpack_newsletter_access":"","_jetpack_dont_email_post_to_subs":false,"_jetpack_newsletter_tier_id":0,"_jetpack_memberships_contains_paywalled_content":false,"_wpcom_ai_launchpad_first_post":false,"_jetpack_feature_clip_id":0,"_jetpack_memberships_contains_paid_content":false,"footnotes":"","jetpack_publicize_message":"","jetpack_publicize_feature_enabled":true,"jetpack_social_post_already_shared":false,"jetpack_social_options":{"image_generator_settings":{"template":"highway","default_image_id":0,"font":"","enabled":false},"version":2},"jetpack_post_was_ever_published":false},"categories":[115775951],"tags":[789851998,53382,789851944,789851917,789851962,789851920,789851921],"class_list":["post-5348","post","type-post","status-publish","format-standard","has-post-thumbnail","hentry","category-caricaturas-por-encargo","tag-caricaturas-por-encargo","tag-caricatures","tag-cartoon","tag-humor","tag-humor-grafico","tag-noticias","tag-politica"],"yoast_head":"<!-- This site is optimized with the Yoast SEO plugin v28.4 - https:\/\/yoast.com\/product\/yoast-seo-wordpress\/ -->\n<title>La \u00faltima caricatura para El Pensador Digital - WO Orons Art<\/title>\n<meta name=\"robots\" content=\"index, follow, max-snippet:-1, max-image-preview:large, max-video-preview:-1\" \/>\n<link rel=\"canonical\" href=\"https:\/\/woorons.com\/nn\/2023\/10\/30\/la-ultima-caricatura-para-el-pensador-digital\/\" \/>\n<meta property=\"og:locale\" content=\"nn_NO\" \/>\n<meta property=\"og:type\" content=\"article\" \/>\n<meta property=\"og:title\" content=\"La \u00faltima caricatura para El Pensador Digital - WO Orons Art\" \/>\n<meta property=\"og:description\" content=\"Mi dibujo de despedida. Hace casi tres a\u00f1os reiniciaba el dibujo de caricatura pol\u00edtica, en El Pensador Digital. Despu\u00e9s de un largo espacio de tiempo en que la hab\u00eda dejado abandonada. Muchos y variados fueron los inconvenientes que me hab\u00eda traido esto de dibujar y criticar pol\u00edticos de un partido u otro. Siempre alguien se [&hellip;]\" \/>\n<meta property=\"og:url\" content=\"https:\/\/woorons.com\/nn\/2023\/10\/30\/la-ultima-caricatura-para-el-pensador-digital\/\" \/>\n<meta property=\"og:site_name\" content=\"WO Orons Art\" \/>\n<meta property=\"article:published_time\" content=\"2023-10-30T15:37:10+00:00\" \/>\n<meta property=\"article:modified_time\" content=\"2023-11-01T08:59:37+00:00\" \/>\n<meta property=\"og:image\" content=\"https:\/\/i0.wp.com\/woorons.com\/wp-content\/uploads\/2023\/10\/caricaturas-woorons.jpg?fit=1200%2C675&ssl=1\" \/>\n\t<meta property=\"og:image:width\" content=\"1200\" \/>\n\t<meta property=\"og:image:height\" content=\"675\" \/>\n\t<meta property=\"og:image:type\" content=\"image\/jpeg\" \/>\n<meta name=\"author\" content=\"Wo Orons\" \/>\n<meta name=\"twitter:card\" content=\"summary_large_image\" \/>\n<meta name=\"twitter:label1\" content=\"Written by\" \/>\n\t<meta name=\"twitter:data1\" content=\"Wo Orons\" \/>\n\t<meta name=\"twitter:label2\" content=\"Est. reading time\" \/>\n\t<meta name=\"twitter:data2\" content=\"6 minutt\" \/>\n<script type=\"application\/ld+json\" class=\"yoast-schema-graph\">{\"@context\":\"https:\\\/\\\/schema.org\",\"@graph\":[{\"@type\":\"Article\",\"@id\":\"https:\\\/\\\/woorons.com\\\/2023\\\/10\\\/30\\\/la-ultima-caricatura-para-el-pensador-digital\\\/#article\",\"isPartOf\":{\"@id\":\"https:\\\/\\\/woorons.com\\\/2023\\\/10\\\/30\\\/la-ultima-caricatura-para-el-pensador-digital\\\/\"},\"author\":{\"name\":\"Wo Orons\",\"@id\":\"https:\\\/\\\/woorons.com\\\/#\\\/schema\\\/person\\\/85b4229ce0694a31b5f128dc047161e8\"},\"headline\":\"La \u00faltima caricatura para El Pensador Digital\",\"datePublished\":\"2023-10-30T15:37:10+00:00\",\"dateModified\":\"2023-11-01T08:59:37+00:00\",\"mainEntityOfPage\":{\"@id\":\"https:\\\/\\\/woorons.com\\\/2023\\\/10\\\/30\\\/la-ultima-caricatura-para-el-pensador-digital\\\/\"},\"wordCount\":1218,\"commentCount\":0,\"publisher\":{\"@id\":\"https:\\\/\\\/woorons.com\\\/#\\\/schema\\\/person\\\/85b4229ce0694a31b5f128dc047161e8\"},\"image\":{\"@id\":\"https:\\\/\\\/woorons.com\\\/2023\\\/10\\\/30\\\/la-ultima-caricatura-para-el-pensador-digital\\\/#primaryimage\"},\"thumbnailUrl\":\"https:\\\/\\\/i0.wp.com\\\/woorons.com\\\/wp-content\\\/uploads\\\/2023\\\/10\\\/caricaturas-woorons.jpg?fit=1200%2C675&ssl=1\",\"keywords\":[\"Caricaturas por encargo\",\"Caricatures\",\"Cartoon\",\"Humor\",\"Humor grafico\",\"Noticias\",\"Politica\"],\"articleSection\":[\"Caricaturas por encargo\"],\"inLanguage\":\"nn-NO\",\"potentialAction\":[{\"@type\":\"CommentAction\",\"name\":\"Comment\",\"target\":[\"https:\\\/\\\/woorons.com\\\/2023\\\/10\\\/30\\\/la-ultima-caricatura-para-el-pensador-digital\\\/#respond\"]}]},{\"@type\":\"WebPage\",\"@id\":\"https:\\\/\\\/woorons.com\\\/2023\\\/10\\\/30\\\/la-ultima-caricatura-para-el-pensador-digital\\\/\",\"url\":\"https:\\\/\\\/woorons.com\\\/2023\\\/10\\\/30\\\/la-ultima-caricatura-para-el-pensador-digital\\\/\",\"name\":\"La \u00faltima caricatura para El Pensador Digital - WO Orons Art\",\"isPartOf\":{\"@id\":\"https:\\\/\\\/woorons.com\\\/#website\"},\"primaryImageOfPage\":{\"@id\":\"https:\\\/\\\/woorons.com\\\/2023\\\/10\\\/30\\\/la-ultima-caricatura-para-el-pensador-digital\\\/#primaryimage\"},\"image\":{\"@id\":\"https:\\\/\\\/woorons.com\\\/2023\\\/10\\\/30\\\/la-ultima-caricatura-para-el-pensador-digital\\\/#primaryimage\"},\"thumbnailUrl\":\"https:\\\/\\\/i0.wp.com\\\/woorons.com\\\/wp-content\\\/uploads\\\/2023\\\/10\\\/caricaturas-woorons.jpg?fit=1200%2C675&ssl=1\",\"datePublished\":\"2023-10-30T15:37:10+00:00\",\"dateModified\":\"2023-11-01T08:59:37+00:00\",\"breadcrumb\":{\"@id\":\"https:\\\/\\\/woorons.com\\\/2023\\\/10\\\/30\\\/la-ultima-caricatura-para-el-pensador-digital\\\/#breadcrumb\"},\"inLanguage\":\"nn-NO\",\"potentialAction\":[{\"@type\":\"ReadAction\",\"target\":[\"https:\\\/\\\/woorons.com\\\/2023\\\/10\\\/30\\\/la-ultima-caricatura-para-el-pensador-digital\\\/\"]}]},{\"@type\":\"ImageObject\",\"inLanguage\":\"nn-NO\",\"@id\":\"https:\\\/\\\/woorons.com\\\/2023\\\/10\\\/30\\\/la-ultima-caricatura-para-el-pensador-digital\\\/#primaryimage\",\"url\":\"https:\\\/\\\/i0.wp.com\\\/woorons.com\\\/wp-content\\\/uploads\\\/2023\\\/10\\\/caricaturas-woorons.jpg?fit=1200%2C675&ssl=1\",\"contentUrl\":\"https:\\\/\\\/i0.wp.com\\\/woorons.com\\\/wp-content\\\/uploads\\\/2023\\\/10\\\/caricaturas-woorons.jpg?fit=1200%2C675&ssl=1\",\"width\":1200,\"height\":675,\"caption\":\"Imagen para la nota de despedida del peri\u00f3dico.\"},{\"@type\":\"BreadcrumbList\",\"@id\":\"https:\\\/\\\/woorons.com\\\/2023\\\/10\\\/30\\\/la-ultima-caricatura-para-el-pensador-digital\\\/#breadcrumb\",\"itemListElement\":[{\"@type\":\"ListItem\",\"position\":1,\"name\":\"Portada\",\"item\":\"https:\\\/\\\/woorons.com\\\/\"},{\"@type\":\"ListItem\",\"position\":2,\"name\":\"La \u00faltima caricatura para El Pensador Digital\"}]},{\"@type\":\"WebSite\",\"@id\":\"https:\\\/\\\/woorons.com\\\/#website\",\"url\":\"https:\\\/\\\/woorons.com\\\/\",\"name\":\"WO Orons Art\",\"description\":\"&quot;Caricaturas, Retratos, Fan Art, Ilustraci\u00f3n&quot;\",\"publisher\":{\"@id\":\"https:\\\/\\\/woorons.com\\\/#\\\/schema\\\/person\\\/85b4229ce0694a31b5f128dc047161e8\"},\"potentialAction\":[{\"@type\":\"SearchAction\",\"target\":{\"@type\":\"EntryPoint\",\"urlTemplate\":\"https:\\\/\\\/woorons.com\\\/?s={search_term_string}\"},\"query-input\":{\"@type\":\"PropertyValueSpecification\",\"valueRequired\":true,\"valueName\":\"search_term_string\"}}],\"inLanguage\":\"nn-NO\"},{\"@type\":[\"Person\",\"Organization\"],\"@id\":\"https:\\\/\\\/woorons.com\\\/#\\\/schema\\\/person\\\/85b4229ce0694a31b5f128dc047161e8\",\"name\":\"Wo Orons\",\"image\":{\"@type\":\"ImageObject\",\"inLanguage\":\"nn-NO\",\"@id\":\"https:\\\/\\\/i0.wp.com\\\/woorons.com\\\/wp-content\\\/uploads\\\/2025\\\/03\\\/logotipo-woorons.jpg?fit=595%2C516&ssl=1\",\"url\":\"https:\\\/\\\/i0.wp.com\\\/woorons.com\\\/wp-content\\\/uploads\\\/2025\\\/03\\\/logotipo-woorons.jpg?fit=595%2C516&ssl=1\",\"contentUrl\":\"https:\\\/\\\/i0.wp.com\\\/woorons.com\\\/wp-content\\\/uploads\\\/2025\\\/03\\\/logotipo-woorons.jpg?fit=595%2C516&ssl=1\",\"width\":595,\"height\":516,\"caption\":\"Wo Orons\"},\"logo\":{\"@id\":\"https:\\\/\\\/i0.wp.com\\\/woorons.com\\\/wp-content\\\/uploads\\\/2025\\\/03\\\/logotipo-woorons.jpg?fit=595%2C516&ssl=1\"},\"sameAs\":[\"http:\\\/\\\/orons-art.wordpress.com\"],\"url\":\"https:\\\/\\\/woorons.com\\\/nn\\\/author\\\/orons\\\/\"}]}<\/script>\n<!-- \/ Yoast SEO plugin. -->","yoast_head_json":{"title":"La \u00faltima caricatura para El Pensador Digital - WO Orons Art","robots":{"index":"index","follow":"follow","max-snippet":"max-snippet:-1","max-image-preview":"max-image-preview:large","max-video-preview":"max-video-preview:-1"},"canonical":"https:\/\/woorons.com\/nn\/2023\/10\/30\/la-ultima-caricatura-para-el-pensador-digital\/","og_locale":"nn_NO","og_type":"article","og_title":"La \u00faltima caricatura para El Pensador Digital - WO Orons Art","og_description":"Mi dibujo de despedida. Hace casi tres a\u00f1os reiniciaba el dibujo de caricatura pol\u00edtica, en El Pensador Digital. Despu\u00e9s de un largo espacio de tiempo en que la hab\u00eda dejado abandonada. Muchos y variados fueron los inconvenientes que me hab\u00eda traido esto de dibujar y criticar pol\u00edticos de un partido u otro. Siempre alguien se [&hellip;]","og_url":"https:\/\/woorons.com\/nn\/2023\/10\/30\/la-ultima-caricatura-para-el-pensador-digital\/","og_site_name":"WO Orons Art","article_published_time":"2023-10-30T15:37:10+00:00","article_modified_time":"2023-11-01T08:59:37+00:00","og_image":[{"width":1200,"height":675,"url":"https:\/\/i0.wp.com\/woorons.com\/wp-content\/uploads\/2023\/10\/caricaturas-woorons.jpg?fit=1200%2C675&ssl=1","type":"image\/jpeg"}],"author":"Wo Orons","twitter_card":"summary_large_image","twitter_misc":{"Written by":"Wo Orons","Est. reading time":"6 minutt"},"schema":{"@context":"https:\/\/schema.org","@graph":[{"@type":"Article","@id":"https:\/\/woorons.com\/2023\/10\/30\/la-ultima-caricatura-para-el-pensador-digital\/#article","isPartOf":{"@id":"https:\/\/woorons.com\/2023\/10\/30\/la-ultima-caricatura-para-el-pensador-digital\/"},"author":{"name":"Wo Orons","@id":"https:\/\/woorons.com\/#\/schema\/person\/85b4229ce0694a31b5f128dc047161e8"},"headline":"La \u00faltima caricatura para El Pensador Digital","datePublished":"2023-10-30T15:37:10+00:00","dateModified":"2023-11-01T08:59:37+00:00","mainEntityOfPage":{"@id":"https:\/\/woorons.com\/2023\/10\/30\/la-ultima-caricatura-para-el-pensador-digital\/"},"wordCount":1218,"commentCount":0,"publisher":{"@id":"https:\/\/woorons.com\/#\/schema\/person\/85b4229ce0694a31b5f128dc047161e8"},"image":{"@id":"https:\/\/woorons.com\/2023\/10\/30\/la-ultima-caricatura-para-el-pensador-digital\/#primaryimage"},"thumbnailUrl":"https:\/\/i0.wp.com\/woorons.com\/wp-content\/uploads\/2023\/10\/caricaturas-woorons.jpg?fit=1200%2C675&ssl=1","keywords":["Caricaturas por encargo","Caricatures","Cartoon","Humor","Humor grafico","Noticias","Politica"],"articleSection":["Caricaturas por encargo"],"inLanguage":"nn-NO","potentialAction":[{"@type":"CommentAction","name":"Comment","target":["https:\/\/woorons.com\/2023\/10\/30\/la-ultima-caricatura-para-el-pensador-digital\/#respond"]}]},{"@type":"WebPage","@id":"https:\/\/woorons.com\/2023\/10\/30\/la-ultima-caricatura-para-el-pensador-digital\/","url":"https:\/\/woorons.com\/2023\/10\/30\/la-ultima-caricatura-para-el-pensador-digital\/","name":"La \u00faltima caricatura para El Pensador Digital - WO Orons Art","isPartOf":{"@id":"https:\/\/woorons.com\/#website"},"primaryImageOfPage":{"@id":"https:\/\/woorons.com\/2023\/10\/30\/la-ultima-caricatura-para-el-pensador-digital\/#primaryimage"},"image":{"@id":"https:\/\/woorons.com\/2023\/10\/30\/la-ultima-caricatura-para-el-pensador-digital\/#primaryimage"},"thumbnailUrl":"https:\/\/i0.wp.com\/woorons.com\/wp-content\/uploads\/2023\/10\/caricaturas-woorons.jpg?fit=1200%2C675&ssl=1","datePublished":"2023-10-30T15:37:10+00:00","dateModified":"2023-11-01T08:59:37+00:00","breadcrumb":{"@id":"https:\/\/woorons.com\/2023\/10\/30\/la-ultima-caricatura-para-el-pensador-digital\/#breadcrumb"},"inLanguage":"nn-NO","potentialAction":[{"@type":"ReadAction","target":["https:\/\/woorons.com\/2023\/10\/30\/la-ultima-caricatura-para-el-pensador-digital\/"]}]},{"@type":"ImageObject","inLanguage":"nn-NO","@id":"https:\/\/woorons.com\/2023\/10\/30\/la-ultima-caricatura-para-el-pensador-digital\/#primaryimage","url":"https:\/\/i0.wp.com\/woorons.com\/wp-content\/uploads\/2023\/10\/caricaturas-woorons.jpg?fit=1200%2C675&ssl=1","contentUrl":"https:\/\/i0.wp.com\/woorons.com\/wp-content\/uploads\/2023\/10\/caricaturas-woorons.jpg?fit=1200%2C675&ssl=1","width":1200,"height":675,"caption":"Imagen para la nota de despedida del peri\u00f3dico."},{"@type":"BreadcrumbList","@id":"https:\/\/woorons.com\/2023\/10\/30\/la-ultima-caricatura-para-el-pensador-digital\/#breadcrumb","itemListElement":[{"@type":"ListItem","position":1,"name":"Portada","item":"https:\/\/woorons.com\/"},{"@type":"ListItem","position":2,"name":"La \u00faltima caricatura para El Pensador Digital"}]},{"@type":"WebSite","@id":"https:\/\/woorons.com\/#website","url":"https:\/\/woorons.com\/","name":"WO Orons Art","description":"&quot;Caricaturas, Retratos, Fan Art, Ilustraci\u00f3n&quot;","publisher":{"@id":"https:\/\/woorons.com\/#\/schema\/person\/85b4229ce0694a31b5f128dc047161e8"},"potentialAction":[{"@type":"SearchAction","target":{"@type":"EntryPoint","urlTemplate":"https:\/\/woorons.com\/?s={search_term_string}"},"query-input":{"@type":"PropertyValueSpecification","valueRequired":true,"valueName":"search_term_string"}}],"inLanguage":"nn-NO"},{"@type":["Person","Organization"],"@id":"https:\/\/woorons.com\/#\/schema\/person\/85b4229ce0694a31b5f128dc047161e8","name":"Wo Orons","image":{"@type":"ImageObject","inLanguage":"nn-NO","@id":"https:\/\/i0.wp.com\/woorons.com\/wp-content\/uploads\/2025\/03\/logotipo-woorons.jpg?fit=595%2C516&ssl=1","url":"https:\/\/i0.wp.com\/woorons.com\/wp-content\/uploads\/2025\/03\/logotipo-woorons.jpg?fit=595%2C516&ssl=1","contentUrl":"https:\/\/i0.wp.com\/woorons.com\/wp-content\/uploads\/2025\/03\/logotipo-woorons.jpg?fit=595%2C516&ssl=1","width":595,"height":516,"caption":"Wo Orons"},"logo":{"@id":"https:\/\/i0.wp.com\/woorons.com\/wp-content\/uploads\/2025\/03\/logotipo-woorons.jpg?fit=595%2C516&ssl=1"},"sameAs":["http:\/\/orons-art.wordpress.com"],"url":"https:\/\/woorons.com\/nn\/author\/orons\/"}]}},"jetpack_publicize_connections":[],"jetpack_likes_enabled":true,"jetpack_sharing_enabled":true,"jetpack_shortlink":"https:\/\/wp.me\/p43FXj-1og","jetpack-related-posts":[],"jetpack_featured_media_url":"https:\/\/i0.wp.com\/woorons.com\/wp-content\/uploads\/2023\/10\/caricaturas-woorons.jpg?fit=1200%2C675&ssl=1","_links":{"self":[{"href":"https:\/\/woorons.com\/nn\/wp-json\/wp\/v2\/posts\/5348","targetHints":{"allow":["GET"]}}],"collection":[{"href":"https:\/\/woorons.com\/nn\/wp-json\/wp\/v2\/posts"}],"about":[{"href":"https:\/\/woorons.com\/nn\/wp-json\/wp\/v2\/types\/post"}],"author":[{"embeddable":true,"href":"https:\/\/woorons.com\/nn\/wp-json\/wp\/v2\/users\/21194217"}],"replies":[{"embeddable":true,"href":"https:\/\/woorons.com\/nn\/wp-json\/wp\/v2\/comments?post=5348"}],"version-history":[{"count":24,"href":"https:\/\/woorons.com\/nn\/wp-json\/wp\/v2\/posts\/5348\/revisions"}],"predecessor-version":[{"id":5499,"href":"https:\/\/woorons.com\/nn\/wp-json\/wp\/v2\/posts\/5348\/revisions\/5499"}],"wp:featuredmedia":[{"embeddable":true,"href":"https:\/\/woorons.com\/nn\/wp-json\/wp\/v2\/media\/5478"}],"wp:attachment":[{"href":"https:\/\/woorons.com\/nn\/wp-json\/wp\/v2\/media?parent=5348"}],"wp:term":[{"taxonomy":"category","embeddable":true,"href":"https:\/\/woorons.com\/nn\/wp-json\/wp\/v2\/categories?post=5348"},{"taxonomy":"post_tag","embeddable":true,"href":"https:\/\/woorons.com\/nn\/wp-json\/wp\/v2\/tags?post=5348"}],"curies":[{"name":"wp","href":"https:\/\/api.w.org\/{rel}","templated":true}]}}