{"id":2787,"date":"2021-11-12T13:12:28","date_gmt":"2021-11-12T12:12:28","guid":{"rendered":"https:\/\/woorons.com\/?p=2787"},"modified":"2022-06-04T18:49:47","modified_gmt":"2022-06-04T16:49:47","slug":"salon-del-comic-de-zaragoza-2021-comic-tebeos-fanzines-autoediciin-caricaturas-fanart","status":"publish","type":"post","link":"https:\/\/woorons.com\/nn\/2021\/11\/12\/salon-del-comic-de-zaragoza-2021-comic-tebeos-fanzines-autoediciin-caricaturas-fanart\/","title":{"rendered":"Sal\u00f3n del Comic de Zaragoza 2021"},"content":{"rendered":"<p class=\"wp-block-paragraph\">El siguiente aviso lo hicimos cuando hab\u00edamos perdido toda esperanza de asistir, por el problema del COVID, y a\u00fan no sab\u00edamos que se hab\u00eda decidido por parte de la organizaci\u00f3n,  el cursarnos una invitaci\u00f3n especial. As\u00ed, que all\u00ed estuvimos!<\/p>\n\n\n\n<p class=\"wp-block-paragraph\"><strong>Nuestro eterno agradecimiento Al Sal\u00f3n del Comic de Zaragoza<\/strong>.<\/p>\n\n\n\n<hr class=\"wp-block-separator has-alpha-channel-opacity\" \/>\n\n\n\n<p class=\"wp-block-paragraph\"><strong>Este a\u00f1o<\/strong>, tampoco estaremos con <strong>Celeste de Paula<\/strong>, en el Sal\u00f3n del Comic d<strong>e Zaragoza<\/strong>, que por el COVID, se har\u00e1 un sal\u00f3n restringido a expositores de Zaragoza. <\/p>\n\n\n\n<p class=\"wp-block-paragraph\">Pero participar\u00e9 de la exposici\u00f3n de homenaje a <strong>Jan<\/strong>, el creador de <strong>S\u00faper L\u00f3pez<\/strong>, as\u00ed que me imagin\u00e9 esta portada, que tampoco me enter\u00e9 si saldr\u00e1 en el <strong><em>Tebeico del Sal\u00f3n<\/em><\/strong>, o no. <\/p>\n\n\n\n<p class=\"wp-block-paragraph\">Si alguien la quiere para imprim\u00edrsela y decorar su ba\u00f1o <em>(encima del water, queda muy bien)<\/em> me env\u00eda un mensaje.<strong> Y con todos los agradecimientos de la ocasi\u00f3n, se la enviar\u00e9 a su correo electr\u00f3nico<\/strong>, tama\u00f1o folio o doble folio o p\u00f3ster si deseas empapelar los azulejos al hacer la<em> \u00abfritanga\u00bb<\/em> <em>(que yo hago eso con algunos dibujos)<\/em> As\u00ed que ya saben: Watsapp, Messenger, o se\u00f1ales de humo, sin prender fuego a nada.<\/p>\n\n\n\n<figure class=\"wp-block-image size-large\"><img data-recalc-dims=\"1\" loading=\"lazy\" decoding=\"async\" width=\"842\" height=\"1191\" data-attachment-id=\"2789\" data-permalink=\"https:\/\/woorons.com\/nn\/2021-10-04-superlopez-salon-del-comic-de-zaragoza-web\/\" data-orig-file=\"https:\/\/i0.wp.com\/woorons.com\/wp-content\/uploads\/2021\/11\/2021-10-04-superlopez-salon-del-comic-de-zaragoza-web-.jpg?fit=842%2C1191&amp;ssl=1\" data-orig-size=\"842,1191\" data-comments-opened=\"1\" data-image-meta=\"{&quot;aperture&quot;:&quot;0&quot;,&quot;credit&quot;:&quot;&quot;,&quot;camera&quot;:&quot;&quot;,&quot;caption&quot;:&quot;&quot;,&quot;created_timestamp&quot;:&quot;0&quot;,&quot;copyright&quot;:&quot;&quot;,&quot;focal_length&quot;:&quot;0&quot;,&quot;iso&quot;:&quot;0&quot;,&quot;shutter_speed&quot;:&quot;0&quot;,&quot;title&quot;:&quot;&quot;,&quot;orientation&quot;:&quot;1&quot;}\" data-image-title=\"2021-10-04-superlopez-salon-del-comic-de-zaragoza-web-\" data-image-description=\"\" data-image-caption=\"\" data-large-file=\"https:\/\/i0.wp.com\/woorons.com\/wp-content\/uploads\/2021\/11\/2021-10-04-superlopez-salon-del-comic-de-zaragoza-web-.jpg?fit=724%2C1024&amp;ssl=1\" src=\"https:\/\/i0.wp.com\/woorons.com\/wp-content\/uploads\/2021\/11\/2021-10-04-superlopez-salon-del-comic-de-zaragoza-web-.jpg?resize=842%2C1191&#038;ssl=1\" alt=\"\" class=\"wp-image-2789\" \/><\/figure>","protected":false},"excerpt":{"rendered":"<p>El siguiente aviso lo hicimos cuando hab\u00edamos perdido toda esperanza de asistir, por el problema del COVID, y a\u00fan no sab\u00edamos que se hab\u00eda decidido por parte de la organizaci\u00f3n, el cursarnos una invitaci\u00f3n especial. As\u00ed, que all\u00ed estuvimos! Nuestro eterno agradecimiento Al Sal\u00f3n del Comic de Zaragoza. Este a\u00f1o, tampoco estaremos con Celeste de [&hellip;]<\/p>","protected":false},"author":21194217,"featured_media":2791,"comment_status":"open","ping_status":"open","sticky":false,"template":"","format":"standard","meta":{"_coblocks_attr":"","_coblocks_dimensions":"","_coblocks_responsive_height":"","_coblocks_accordion_ie_support":"","_jetpack_newsletter_access":"","_jetpack_dont_email_post_to_subs":false,"_jetpack_newsletter_tier_id":0,"_jetpack_memberships_contains_paywalled_content":false,"_wpcom_ai_launchpad_first_post":false,"_jetpack_feature_clip_id":0,"_jetpack_memberships_contains_paid_content":false,"footnotes":"","jetpack_publicize_message":"","jetpack_publicize_feature_enabled":true,"jetpack_social_post_already_shared":false,"jetpack_social_options":{"image_generator_settings":{"template":"highway","default_image_id":0,"font":"","enabled":false},"version":2},"jetpack_post_was_ever_published":false},"categories":[24932,12712],"tags":[789851985,789851955,789851944,789851925,789851949,789851956,251352],"class_list":["post-2787","post","type-post","status-publish","format-standard","has-post-thumbnail","hentry","category-digital","category-ilustracion","tag-autoedicion","tag-caricature","tag-cartoon","tag-comic","tag-dibujos","tag-fanart","tag-tebeos"],"yoast_head":"<!-- This site is optimized with the Yoast SEO plugin v28.4 - https:\/\/yoast.com\/product\/yoast-seo-wordpress\/ -->\n<title>Sal\u00f3n del Comic de Zaragoza 2021 - WO Orons Art<\/title>\n<meta name=\"robots\" content=\"index, follow, max-snippet:-1, max-image-preview:large, max-video-preview:-1\" \/>\n<link rel=\"canonical\" href=\"https:\/\/woorons.com\/nn\/2021\/11\/12\/salon-del-comic-de-zaragoza-2021-comic-tebeos-fanzines-autoediciin-caricaturas-fanart\/\" \/>\n<meta property=\"og:locale\" content=\"nn_NO\" \/>\n<meta property=\"og:type\" content=\"article\" \/>\n<meta property=\"og:title\" content=\"Sal\u00f3n del Comic de Zaragoza 2021 - WO Orons Art\" \/>\n<meta property=\"og:description\" content=\"El siguiente aviso lo hicimos cuando hab\u00edamos perdido toda esperanza de asistir, por el problema del COVID, y a\u00fan no sab\u00edamos que se hab\u00eda decidido por parte de la organizaci\u00f3n, el cursarnos una invitaci\u00f3n especial. As\u00ed, que all\u00ed estuvimos! Nuestro eterno agradecimiento Al Sal\u00f3n del Comic de Zaragoza. Este a\u00f1o, tampoco estaremos con Celeste de [&hellip;]\" \/>\n<meta property=\"og:url\" content=\"https:\/\/woorons.com\/nn\/2021\/11\/12\/salon-del-comic-de-zaragoza-2021-comic-tebeos-fanzines-autoediciin-caricaturas-fanart\/\" \/>\n<meta property=\"og:site_name\" content=\"WO Orons Art\" \/>\n<meta property=\"article:published_time\" content=\"2021-11-12T12:12:28+00:00\" \/>\n<meta property=\"article:modified_time\" content=\"2022-06-04T16:49:47+00:00\" \/>\n<meta property=\"og:image\" content=\"https:\/\/i0.wp.com\/woorons.com\/wp-content\/uploads\/2021\/11\/super-lopez-woorons.jpg?fit=1200%2C675&ssl=1\" \/>\n\t<meta property=\"og:image:width\" content=\"1200\" \/>\n\t<meta property=\"og:image:height\" content=\"675\" \/>\n\t<meta property=\"og:image:type\" content=\"image\/jpeg\" \/>\n<meta name=\"author\" content=\"Wo Orons\" \/>\n<meta name=\"twitter:card\" content=\"summary_large_image\" \/>\n<meta name=\"twitter:label1\" content=\"Written by\" \/>\n\t<meta name=\"twitter:data1\" content=\"Wo Orons\" \/>\n\t<meta name=\"twitter:label2\" content=\"Est. reading time\" \/>\n\t<meta name=\"twitter:data2\" content=\"1 minutt\" \/>\n<script type=\"application\/ld+json\" class=\"yoast-schema-graph\">{\"@context\":\"https:\\\/\\\/schema.org\",\"@graph\":[{\"@type\":\"Article\",\"@id\":\"https:\\\/\\\/woorons.com\\\/2021\\\/11\\\/12\\\/salon-del-comic-de-zaragoza-2021-comic-tebeos-fanzines-autoediciin-caricaturas-fanart\\\/#article\",\"isPartOf\":{\"@id\":\"https:\\\/\\\/woorons.com\\\/2021\\\/11\\\/12\\\/salon-del-comic-de-zaragoza-2021-comic-tebeos-fanzines-autoediciin-caricaturas-fanart\\\/\"},\"author\":{\"name\":\"Wo Orons\",\"@id\":\"https:\\\/\\\/woorons.com\\\/#\\\/schema\\\/person\\\/85b4229ce0694a31b5f128dc047161e8\"},\"headline\":\"Sal\u00f3n del Comic de Zaragoza 2021\",\"datePublished\":\"2021-11-12T12:12:28+00:00\",\"dateModified\":\"2022-06-04T16:49:47+00:00\",\"mainEntityOfPage\":{\"@id\":\"https:\\\/\\\/woorons.com\\\/2021\\\/11\\\/12\\\/salon-del-comic-de-zaragoza-2021-comic-tebeos-fanzines-autoediciin-caricaturas-fanart\\\/\"},\"wordCount\":210,\"commentCount\":0,\"publisher\":{\"@id\":\"https:\\\/\\\/woorons.com\\\/#\\\/schema\\\/person\\\/85b4229ce0694a31b5f128dc047161e8\"},\"image\":{\"@id\":\"https:\\\/\\\/woorons.com\\\/2021\\\/11\\\/12\\\/salon-del-comic-de-zaragoza-2021-comic-tebeos-fanzines-autoediciin-caricaturas-fanart\\\/#primaryimage\"},\"thumbnailUrl\":\"https:\\\/\\\/i0.wp.com\\\/woorons.com\\\/wp-content\\\/uploads\\\/2021\\\/11\\\/super-lopez-woorons.jpg?fit=1200%2C675&ssl=1\",\"keywords\":[\"Autoedici\u00f3n\",\"Caricature\",\"Cartoon\",\"Comic\",\"Dibujos\",\"Fanart\",\"Tebeos\"],\"articleSection\":[\"Digital\",\"Ilustraci\u00f3n\"],\"inLanguage\":\"nn-NO\",\"potentialAction\":[{\"@type\":\"CommentAction\",\"name\":\"Comment\",\"target\":[\"https:\\\/\\\/woorons.com\\\/2021\\\/11\\\/12\\\/salon-del-comic-de-zaragoza-2021-comic-tebeos-fanzines-autoediciin-caricaturas-fanart\\\/#respond\"]}]},{\"@type\":\"WebPage\",\"@id\":\"https:\\\/\\\/woorons.com\\\/2021\\\/11\\\/12\\\/salon-del-comic-de-zaragoza-2021-comic-tebeos-fanzines-autoediciin-caricaturas-fanart\\\/\",\"url\":\"https:\\\/\\\/woorons.com\\\/2021\\\/11\\\/12\\\/salon-del-comic-de-zaragoza-2021-comic-tebeos-fanzines-autoediciin-caricaturas-fanart\\\/\",\"name\":\"Sal\u00f3n del Comic de Zaragoza 2021 - WO Orons Art\",\"isPartOf\":{\"@id\":\"https:\\\/\\\/woorons.com\\\/#website\"},\"primaryImageOfPage\":{\"@id\":\"https:\\\/\\\/woorons.com\\\/2021\\\/11\\\/12\\\/salon-del-comic-de-zaragoza-2021-comic-tebeos-fanzines-autoediciin-caricaturas-fanart\\\/#primaryimage\"},\"image\":{\"@id\":\"https:\\\/\\\/woorons.com\\\/2021\\\/11\\\/12\\\/salon-del-comic-de-zaragoza-2021-comic-tebeos-fanzines-autoediciin-caricaturas-fanart\\\/#primaryimage\"},\"thumbnailUrl\":\"https:\\\/\\\/i0.wp.com\\\/woorons.com\\\/wp-content\\\/uploads\\\/2021\\\/11\\\/super-lopez-woorons.jpg?fit=1200%2C675&ssl=1\",\"datePublished\":\"2021-11-12T12:12:28+00:00\",\"dateModified\":\"2022-06-04T16:49:47+00:00\",\"breadcrumb\":{\"@id\":\"https:\\\/\\\/woorons.com\\\/2021\\\/11\\\/12\\\/salon-del-comic-de-zaragoza-2021-comic-tebeos-fanzines-autoediciin-caricaturas-fanart\\\/#breadcrumb\"},\"inLanguage\":\"nn-NO\",\"potentialAction\":[{\"@type\":\"ReadAction\",\"target\":[\"https:\\\/\\\/woorons.com\\\/2021\\\/11\\\/12\\\/salon-del-comic-de-zaragoza-2021-comic-tebeos-fanzines-autoediciin-caricaturas-fanart\\\/\"]}]},{\"@type\":\"ImageObject\",\"inLanguage\":\"nn-NO\",\"@id\":\"https:\\\/\\\/woorons.com\\\/2021\\\/11\\\/12\\\/salon-del-comic-de-zaragoza-2021-comic-tebeos-fanzines-autoediciin-caricaturas-fanart\\\/#primaryimage\",\"url\":\"https:\\\/\\\/i0.wp.com\\\/woorons.com\\\/wp-content\\\/uploads\\\/2021\\\/11\\\/super-lopez-woorons.jpg?fit=1200%2C675&ssl=1\",\"contentUrl\":\"https:\\\/\\\/i0.wp.com\\\/woorons.com\\\/wp-content\\\/uploads\\\/2021\\\/11\\\/super-lopez-woorons.jpg?fit=1200%2C675&ssl=1\",\"width\":1200,\"height\":675},{\"@type\":\"BreadcrumbList\",\"@id\":\"https:\\\/\\\/woorons.com\\\/2021\\\/11\\\/12\\\/salon-del-comic-de-zaragoza-2021-comic-tebeos-fanzines-autoediciin-caricaturas-fanart\\\/#breadcrumb\",\"itemListElement\":[{\"@type\":\"ListItem\",\"position\":1,\"name\":\"Portada\",\"item\":\"https:\\\/\\\/woorons.com\\\/\"},{\"@type\":\"ListItem\",\"position\":2,\"name\":\"Sal\u00f3n del Comic de Zaragoza 2021\"}]},{\"@type\":\"WebSite\",\"@id\":\"https:\\\/\\\/woorons.com\\\/#website\",\"url\":\"https:\\\/\\\/woorons.com\\\/\",\"name\":\"WO Orons Art\",\"description\":\"&quot;Caricaturas, Retratos, Fan Art, Ilustraci\u00f3n&quot;\",\"publisher\":{\"@id\":\"https:\\\/\\\/woorons.com\\\/#\\\/schema\\\/person\\\/85b4229ce0694a31b5f128dc047161e8\"},\"potentialAction\":[{\"@type\":\"SearchAction\",\"target\":{\"@type\":\"EntryPoint\",\"urlTemplate\":\"https:\\\/\\\/woorons.com\\\/?s={search_term_string}\"},\"query-input\":{\"@type\":\"PropertyValueSpecification\",\"valueRequired\":true,\"valueName\":\"search_term_string\"}}],\"inLanguage\":\"nn-NO\"},{\"@type\":[\"Person\",\"Organization\"],\"@id\":\"https:\\\/\\\/woorons.com\\\/#\\\/schema\\\/person\\\/85b4229ce0694a31b5f128dc047161e8\",\"name\":\"Wo Orons\",\"image\":{\"@type\":\"ImageObject\",\"inLanguage\":\"nn-NO\",\"@id\":\"https:\\\/\\\/i0.wp.com\\\/woorons.com\\\/wp-content\\\/uploads\\\/2025\\\/03\\\/logotipo-woorons.jpg?fit=595%2C516&ssl=1\",\"url\":\"https:\\\/\\\/i0.wp.com\\\/woorons.com\\\/wp-content\\\/uploads\\\/2025\\\/03\\\/logotipo-woorons.jpg?fit=595%2C516&ssl=1\",\"contentUrl\":\"https:\\\/\\\/i0.wp.com\\\/woorons.com\\\/wp-content\\\/uploads\\\/2025\\\/03\\\/logotipo-woorons.jpg?fit=595%2C516&ssl=1\",\"width\":595,\"height\":516,\"caption\":\"Wo Orons\"},\"logo\":{\"@id\":\"https:\\\/\\\/i0.wp.com\\\/woorons.com\\\/wp-content\\\/uploads\\\/2025\\\/03\\\/logotipo-woorons.jpg?fit=595%2C516&ssl=1\"},\"sameAs\":[\"http:\\\/\\\/orons-art.wordpress.com\"],\"url\":\"https:\\\/\\\/woorons.com\\\/nn\\\/author\\\/orons\\\/\"}]}<\/script>\n<!-- \/ Yoast SEO plugin. -->","yoast_head_json":{"title":"Sal\u00f3n del Comic de Zaragoza 2021 - WO Orons Art","robots":{"index":"index","follow":"follow","max-snippet":"max-snippet:-1","max-image-preview":"max-image-preview:large","max-video-preview":"max-video-preview:-1"},"canonical":"https:\/\/woorons.com\/nn\/2021\/11\/12\/salon-del-comic-de-zaragoza-2021-comic-tebeos-fanzines-autoediciin-caricaturas-fanart\/","og_locale":"nn_NO","og_type":"article","og_title":"Sal\u00f3n del Comic de Zaragoza 2021 - WO Orons Art","og_description":"El siguiente aviso lo hicimos cuando hab\u00edamos perdido toda esperanza de asistir, por el problema del COVID, y a\u00fan no sab\u00edamos que se hab\u00eda decidido por parte de la organizaci\u00f3n, el cursarnos una invitaci\u00f3n especial. As\u00ed, que all\u00ed estuvimos! Nuestro eterno agradecimiento Al Sal\u00f3n del Comic de Zaragoza. Este a\u00f1o, tampoco estaremos con Celeste de [&hellip;]","og_url":"https:\/\/woorons.com\/nn\/2021\/11\/12\/salon-del-comic-de-zaragoza-2021-comic-tebeos-fanzines-autoediciin-caricaturas-fanart\/","og_site_name":"WO Orons Art","article_published_time":"2021-11-12T12:12:28+00:00","article_modified_time":"2022-06-04T16:49:47+00:00","og_image":[{"width":1200,"height":675,"url":"https:\/\/i0.wp.com\/woorons.com\/wp-content\/uploads\/2021\/11\/super-lopez-woorons.jpg?fit=1200%2C675&ssl=1","type":"image\/jpeg"}],"author":"Wo Orons","twitter_card":"summary_large_image","twitter_misc":{"Written by":"Wo Orons","Est. reading time":"1 minutt"},"schema":{"@context":"https:\/\/schema.org","@graph":[{"@type":"Article","@id":"https:\/\/woorons.com\/2021\/11\/12\/salon-del-comic-de-zaragoza-2021-comic-tebeos-fanzines-autoediciin-caricaturas-fanart\/#article","isPartOf":{"@id":"https:\/\/woorons.com\/2021\/11\/12\/salon-del-comic-de-zaragoza-2021-comic-tebeos-fanzines-autoediciin-caricaturas-fanart\/"},"author":{"name":"Wo Orons","@id":"https:\/\/woorons.com\/#\/schema\/person\/85b4229ce0694a31b5f128dc047161e8"},"headline":"Sal\u00f3n del Comic de Zaragoza 2021","datePublished":"2021-11-12T12:12:28+00:00","dateModified":"2022-06-04T16:49:47+00:00","mainEntityOfPage":{"@id":"https:\/\/woorons.com\/2021\/11\/12\/salon-del-comic-de-zaragoza-2021-comic-tebeos-fanzines-autoediciin-caricaturas-fanart\/"},"wordCount":210,"commentCount":0,"publisher":{"@id":"https:\/\/woorons.com\/#\/schema\/person\/85b4229ce0694a31b5f128dc047161e8"},"image":{"@id":"https:\/\/woorons.com\/2021\/11\/12\/salon-del-comic-de-zaragoza-2021-comic-tebeos-fanzines-autoediciin-caricaturas-fanart\/#primaryimage"},"thumbnailUrl":"https:\/\/i0.wp.com\/woorons.com\/wp-content\/uploads\/2021\/11\/super-lopez-woorons.jpg?fit=1200%2C675&ssl=1","keywords":["Autoedici\u00f3n","Caricature","Cartoon","Comic","Dibujos","Fanart","Tebeos"],"articleSection":["Digital","Ilustraci\u00f3n"],"inLanguage":"nn-NO","potentialAction":[{"@type":"CommentAction","name":"Comment","target":["https:\/\/woorons.com\/2021\/11\/12\/salon-del-comic-de-zaragoza-2021-comic-tebeos-fanzines-autoediciin-caricaturas-fanart\/#respond"]}]},{"@type":"WebPage","@id":"https:\/\/woorons.com\/2021\/11\/12\/salon-del-comic-de-zaragoza-2021-comic-tebeos-fanzines-autoediciin-caricaturas-fanart\/","url":"https:\/\/woorons.com\/2021\/11\/12\/salon-del-comic-de-zaragoza-2021-comic-tebeos-fanzines-autoediciin-caricaturas-fanart\/","name":"Sal\u00f3n del Comic de Zaragoza 2021 - WO Orons Art","isPartOf":{"@id":"https:\/\/woorons.com\/#website"},"primaryImageOfPage":{"@id":"https:\/\/woorons.com\/2021\/11\/12\/salon-del-comic-de-zaragoza-2021-comic-tebeos-fanzines-autoediciin-caricaturas-fanart\/#primaryimage"},"image":{"@id":"https:\/\/woorons.com\/2021\/11\/12\/salon-del-comic-de-zaragoza-2021-comic-tebeos-fanzines-autoediciin-caricaturas-fanart\/#primaryimage"},"thumbnailUrl":"https:\/\/i0.wp.com\/woorons.com\/wp-content\/uploads\/2021\/11\/super-lopez-woorons.jpg?fit=1200%2C675&ssl=1","datePublished":"2021-11-12T12:12:28+00:00","dateModified":"2022-06-04T16:49:47+00:00","breadcrumb":{"@id":"https:\/\/woorons.com\/2021\/11\/12\/salon-del-comic-de-zaragoza-2021-comic-tebeos-fanzines-autoediciin-caricaturas-fanart\/#breadcrumb"},"inLanguage":"nn-NO","potentialAction":[{"@type":"ReadAction","target":["https:\/\/woorons.com\/2021\/11\/12\/salon-del-comic-de-zaragoza-2021-comic-tebeos-fanzines-autoediciin-caricaturas-fanart\/"]}]},{"@type":"ImageObject","inLanguage":"nn-NO","@id":"https:\/\/woorons.com\/2021\/11\/12\/salon-del-comic-de-zaragoza-2021-comic-tebeos-fanzines-autoediciin-caricaturas-fanart\/#primaryimage","url":"https:\/\/i0.wp.com\/woorons.com\/wp-content\/uploads\/2021\/11\/super-lopez-woorons.jpg?fit=1200%2C675&ssl=1","contentUrl":"https:\/\/i0.wp.com\/woorons.com\/wp-content\/uploads\/2021\/11\/super-lopez-woorons.jpg?fit=1200%2C675&ssl=1","width":1200,"height":675},{"@type":"BreadcrumbList","@id":"https:\/\/woorons.com\/2021\/11\/12\/salon-del-comic-de-zaragoza-2021-comic-tebeos-fanzines-autoediciin-caricaturas-fanart\/#breadcrumb","itemListElement":[{"@type":"ListItem","position":1,"name":"Portada","item":"https:\/\/woorons.com\/"},{"@type":"ListItem","position":2,"name":"Sal\u00f3n del Comic de Zaragoza 2021"}]},{"@type":"WebSite","@id":"https:\/\/woorons.com\/#website","url":"https:\/\/woorons.com\/","name":"WO Orons Art","description":"&quot;Caricaturas, Retratos, Fan Art, Ilustraci\u00f3n&quot;","publisher":{"@id":"https:\/\/woorons.com\/#\/schema\/person\/85b4229ce0694a31b5f128dc047161e8"},"potentialAction":[{"@type":"SearchAction","target":{"@type":"EntryPoint","urlTemplate":"https:\/\/woorons.com\/?s={search_term_string}"},"query-input":{"@type":"PropertyValueSpecification","valueRequired":true,"valueName":"search_term_string"}}],"inLanguage":"nn-NO"},{"@type":["Person","Organization"],"@id":"https:\/\/woorons.com\/#\/schema\/person\/85b4229ce0694a31b5f128dc047161e8","name":"Wo Orons","image":{"@type":"ImageObject","inLanguage":"nn-NO","@id":"https:\/\/i0.wp.com\/woorons.com\/wp-content\/uploads\/2025\/03\/logotipo-woorons.jpg?fit=595%2C516&ssl=1","url":"https:\/\/i0.wp.com\/woorons.com\/wp-content\/uploads\/2025\/03\/logotipo-woorons.jpg?fit=595%2C516&ssl=1","contentUrl":"https:\/\/i0.wp.com\/woorons.com\/wp-content\/uploads\/2025\/03\/logotipo-woorons.jpg?fit=595%2C516&ssl=1","width":595,"height":516,"caption":"Wo Orons"},"logo":{"@id":"https:\/\/i0.wp.com\/woorons.com\/wp-content\/uploads\/2025\/03\/logotipo-woorons.jpg?fit=595%2C516&ssl=1"},"sameAs":["http:\/\/orons-art.wordpress.com"],"url":"https:\/\/woorons.com\/nn\/author\/orons\/"}]}},"jetpack_publicize_connections":[],"jetpack_likes_enabled":true,"jetpack_sharing_enabled":true,"jetpack_shortlink":"https:\/\/wp.me\/p43FXj-IX","jetpack-related-posts":[],"jetpack_featured_media_url":"https:\/\/i0.wp.com\/woorons.com\/wp-content\/uploads\/2021\/11\/super-lopez-woorons.jpg?fit=1200%2C675&ssl=1","_links":{"self":[{"href":"https:\/\/woorons.com\/nn\/wp-json\/wp\/v2\/posts\/2787","targetHints":{"allow":["GET"]}}],"collection":[{"href":"https:\/\/woorons.com\/nn\/wp-json\/wp\/v2\/posts"}],"about":[{"href":"https:\/\/woorons.com\/nn\/wp-json\/wp\/v2\/types\/post"}],"author":[{"embeddable":true,"href":"https:\/\/woorons.com\/nn\/wp-json\/wp\/v2\/users\/21194217"}],"replies":[{"embeddable":true,"href":"https:\/\/woorons.com\/nn\/wp-json\/wp\/v2\/comments?post=2787"}],"version-history":[{"count":6,"href":"https:\/\/woorons.com\/nn\/wp-json\/wp\/v2\/posts\/2787\/revisions"}],"predecessor-version":[{"id":3323,"href":"https:\/\/woorons.com\/nn\/wp-json\/wp\/v2\/posts\/2787\/revisions\/3323"}],"wp:featuredmedia":[{"embeddable":true,"href":"https:\/\/woorons.com\/nn\/wp-json\/wp\/v2\/media\/2791"}],"wp:attachment":[{"href":"https:\/\/woorons.com\/nn\/wp-json\/wp\/v2\/media?parent=2787"}],"wp:term":[{"taxonomy":"category","embeddable":true,"href":"https:\/\/woorons.com\/nn\/wp-json\/wp\/v2\/categories?post=2787"},{"taxonomy":"post_tag","embeddable":true,"href":"https:\/\/woorons.com\/nn\/wp-json\/wp\/v2\/tags?post=2787"}],"curies":[{"name":"wp","href":"https:\/\/api.w.org\/{rel}","templated":true}]}}