{"id":3935,"date":"2022-07-13T18:13:28","date_gmt":"2022-07-13T16:13:28","guid":{"rendered":"https:\/\/woorons.com\/?p=3935"},"modified":"2023-11-26T06:06:56","modified_gmt":"2023-11-26T05:06:56","slug":"caricatura-de-antonio-g-ferreras","status":"publish","type":"post","link":"https:\/\/woorons.com\/nb\/2022\/07\/13\/caricatura-de-antonio-g-ferreras\/","title":{"rendered":"Caricatura de Antonio G Ferreras"},"content":{"rendered":"<h2 class=\"wp-block-heading\">Caricatura de s\u00edntesis. <\/h2>\n\n\n\n<p class=\"has-text-align-justify wp-block-paragraph\">Las llamadas caricaturas de s\u00edntesis, son aquellas por las cuales mediante unas pocas l\u00edneas o manchas se representa al personaje en cuesti\u00f3n. Lo interesante de este tipo de dibujos es que hacerlas es bastante r\u00e1pido, porque el trabajo es anterior.<\/p>\n\n\n\n<p class=\"has-text-align-justify wp-block-paragraph\">Es decir. Antes de hacer la caricatura, se realiza un estudio previo de la persona en cuesti\u00f3n, cosa que para quienes somos algo apasionados de estos dibujos, es todo un disfrute estar buscando l\u00edneas, simplificando, resumiendo&#8230; En fin, que es como un trabajo de laboratorio, que forma parte de dentro de las  llamadas caricaturas de estudio, que son esas que se hacen de puertas adentro, por fotograf\u00edas, o modelo, pero que llevan elaboraciones m\u00e1s complejas.<\/p>\n\n\n\n<p class=\"has-medium-font-size wp-block-paragraph\">As\u00ed que aqu\u00ed os dejo esta de Antonio Garc\u00eda ferreras, periodista de AL Rjo Vivo, programa de televisi\u00f3n de La Sexta. Espa\u00f1a.<\/p>\n\n\n\n<figure class=\"wp-block-image size-large\"><img data-recalc-dims=\"1\" loading=\"lazy\" decoding=\"async\" width=\"595\" height=\"842\" data-attachment-id=\"3942\" data-permalink=\"https:\/\/woorons.com\/nb\/2022\/07\/13\/caricatura-de-antonio-g-ferreras\/caricatura-de-antonio-garcia-ferreras-por-wo-orons\/\" data-orig-file=\"https:\/\/i0.wp.com\/woorons.com\/wp-content\/uploads\/2022\/07\/caricatura-de-antonio-garcia-ferreras-por-wo-orons.webp?fit=595%2C842&amp;ssl=1\" data-orig-size=\"595,842\" data-comments-opened=\"1\" data-image-meta=\"{&quot;aperture&quot;:&quot;0&quot;,&quot;credit&quot;:&quot;&quot;,&quot;camera&quot;:&quot;&quot;,&quot;caption&quot;:&quot;&quot;,&quot;created_timestamp&quot;:&quot;0&quot;,&quot;copyright&quot;:&quot;&quot;,&quot;focal_length&quot;:&quot;0&quot;,&quot;iso&quot;:&quot;0&quot;,&quot;shutter_speed&quot;:&quot;0&quot;,&quot;title&quot;:&quot;&quot;,&quot;orientation&quot;:&quot;0&quot;}\" data-image-title=\"caricatura-de-antonio-garcia-ferreras-por-wo-orons\" data-image-description=\"&lt;p&gt;Caricatura de s\u00edntesis Antonio Garc\u00eda ferreras, para medios de prensa, Trabajo de Wo Orons&lt;\/p&gt;\" data-image-caption=\"&lt;p&gt;Caricatura de Antonio Garc\u00eda ferreras, por Wo Orons&lt;\/p&gt;\" data-large-file=\"https:\/\/i0.wp.com\/woorons.com\/wp-content\/uploads\/2022\/07\/caricatura-de-antonio-garcia-ferreras-por-wo-orons.webp?fit=595%2C842&amp;ssl=1\" src=\"https:\/\/i0.wp.com\/woorons.com\/wp-content\/uploads\/2022\/07\/caricatura-de-antonio-garcia-ferreras-por-wo-orons.webp?resize=595%2C842&#038;ssl=1\" alt=\"\" class=\"wp-image-3942\" style=\"aspect-ratio:4\/3;object-fit:cover\" \/><figcaption class=\"wp-element-caption\">Caricatura de s\u00edntesis para medios de prensa<\/figcaption><\/figure>\n\n\n\n<div class=\"wp-block-group has-global-padding is-layout-constrained wp-block-group-is-layout-constrained\">\n<div class=\"wp-block-columns is-layout-flex wp-container-core-columns-is-layout-9ba6dbca wp-block-columns-is-layout-flex\">\n<div class=\"wp-block-column is-layout-flow wp-block-column-is-layout-flow\" style=\"flex-basis:100%\">\n<div class=\"wp-block-group is-layout-flow wp-block-group-is-layout-flow\">\n<div class=\"wp-block-buttons has-custom-font-size has-small-font-size is-horizontal is-layout-flex wp-block-buttons-is-layout-flex\">\n<div style=\"--wp--block-button--width: 25;\" class=\"wp-block-button has-custom-width wp-block-button__width wp-block-button__width-25\"><a class=\"wp-block-button__link has-white-color has-text-color has-background has-small-font-size has-custom-font-size wp-element-button\" href=\"https:\/\/woorons.com\/nb\/\" style=\"border-radius:0px;background-color:#8c002b\" target=\"_blank\" rel=\"noreferrer noopener\">INICIO<\/a><\/div>\n\n\n\n<div style=\"--wp--block-button--width: 25;\" class=\"wp-block-button has-custom-width wp-block-button__width wp-block-button__width-25\"><a class=\"wp-block-button__link has-white-color has-text-color has-background has-small-font-size has-custom-font-size wp-element-button\" href=\"https:\/\/woorons.com\/nb\/tienda-dibujos-originales-hechos-a-mano\/\" style=\"border-radius:0px;background-color:#8c002b\" target=\"_blank\" rel=\"noreferrer noopener\">TIENDA<\/a><\/div>\n\n\n\n<div class=\"wp-block-button is-style-fill\"><a class=\"wp-block-button__link has-white-color has-text-color has-background has-small-font-size has-custom-font-size wp-element-button\" href=\"https:\/\/woorons.com\/nb\/blog-dibujo-realista-opinion-cine-comic\/\" style=\"border-radius:0px;background-color:#8c002b\" target=\"_blank\" rel=\"noreferrer noopener\">BLOG<\/a><\/div>\n\n\n\n<div style=\"--wp--block-button--width: 25;\" class=\"wp-block-button is-style-fill has-custom-width wp-block-button__width wp-block-button__width-25\"><a class=\"wp-block-button__link has-white-color has-text-color has-background has-small-font-size has-custom-font-size wp-element-button\" href=\"https:\/\/woorons.com\/nb\/portfolio\/\" style=\"border-radius:0px;background-color:#8c002b\" target=\"_blank\" rel=\"noreferrer noopener\">PORTAFOLIOS<\/a><\/div>\n<\/div>\n<\/div>\n<\/div>\n<\/div>\n<\/div>","protected":false},"excerpt":{"rendered":"<p>Caricatura de Antonio Garc\u00eda Ferreras<\/p>","protected":false},"author":21194217,"featured_media":3945,"comment_status":"open","ping_status":"open","sticky":false,"template":"","format":"standard","meta":{"_coblocks_attr":"","_coblocks_dimensions":"","_coblocks_responsive_height":"","_coblocks_accordion_ie_support":"","_jetpack_newsletter_access":"","_jetpack_dont_email_post_to_subs":false,"_jetpack_newsletter_tier_id":0,"_jetpack_memberships_contains_paywalled_content":false,"_wpcom_ai_launchpad_first_post":false,"_jetpack_feature_clip_id":0,"_jetpack_memberships_contains_paid_content":false,"footnotes":"","jetpack_publicize_message":"","jetpack_publicize_feature_enabled":true,"jetpack_social_post_already_shared":false,"jetpack_social_options":{"image_generator_settings":{"template":"highway","default_image_id":0,"font":"","enabled":false},"version":2},"jetpack_post_was_ever_published":false},"categories":[115775951],"tags":[517622,789851998,53382,789851944],"class_list":["post-3935","post","type-post","status-publish","format-standard","has-post-thumbnail","hentry","category-caricaturas-por-encargo","tag-caricatura","tag-caricaturas-por-encargo","tag-caricatures","tag-cartoon"],"yoast_head":"<!-- This site is optimized with the Yoast SEO plugin v28.4 - https:\/\/yoast.com\/product\/yoast-seo-wordpress\/ -->\n<title>Caricatura de Antonio G Ferreras - WO Orons Art<\/title>\n<meta name=\"robots\" content=\"index, follow, max-snippet:-1, max-image-preview:large, max-video-preview:-1\" \/>\n<link rel=\"canonical\" href=\"https:\/\/woorons.com\/nb\/2022\/07\/13\/caricatura-de-antonio-g-ferreras\/\" \/>\n<meta property=\"og:locale\" content=\"nb_NO\" \/>\n<meta property=\"og:type\" content=\"article\" \/>\n<meta property=\"og:title\" content=\"Caricatura de Antonio G Ferreras - WO Orons Art\" \/>\n<meta property=\"og:description\" content=\"Caricatura de Antonio Garc\u00eda Ferreras\" \/>\n<meta property=\"og:url\" content=\"https:\/\/woorons.com\/nb\/2022\/07\/13\/caricatura-de-antonio-g-ferreras\/\" \/>\n<meta property=\"og:site_name\" content=\"WO Orons Art\" \/>\n<meta property=\"article:published_time\" content=\"2022-07-13T16:13:28+00:00\" \/>\n<meta property=\"article:modified_time\" content=\"2023-11-26T05:06:56+00:00\" \/>\n<meta property=\"og:image\" content=\"https:\/\/i0.wp.com\/woorons.com\/wp-content\/uploads\/2022\/07\/caricatura-de-antonio-garcia-ferreras-por-wo-orons-art.jpg?fit=1200%2C675&ssl=1\" \/>\n\t<meta property=\"og:image:width\" content=\"1200\" \/>\n\t<meta property=\"og:image:height\" content=\"675\" \/>\n\t<meta property=\"og:image:type\" content=\"image\/jpeg\" \/>\n<meta name=\"author\" content=\"Wo Orons\" \/>\n<meta name=\"twitter:card\" content=\"summary_large_image\" \/>\n<meta name=\"twitter:label1\" content=\"Skrevet av\" \/>\n\t<meta name=\"twitter:data1\" content=\"Wo Orons\" \/>\n\t<meta name=\"twitter:label2\" content=\"Ansl. lesetid\" \/>\n\t<meta name=\"twitter:data2\" content=\"1 minutt\" \/>\n<script type=\"application\/ld+json\" class=\"yoast-schema-graph\">{\"@context\":\"https:\\\/\\\/schema.org\",\"@graph\":[{\"@type\":\"Article\",\"@id\":\"https:\\\/\\\/woorons.com\\\/2022\\\/07\\\/13\\\/caricatura-de-antonio-g-ferreras\\\/#article\",\"isPartOf\":{\"@id\":\"https:\\\/\\\/woorons.com\\\/2022\\\/07\\\/13\\\/caricatura-de-antonio-g-ferreras\\\/\"},\"author\":{\"name\":\"Wo Orons\",\"@id\":\"https:\\\/\\\/woorons.com\\\/#\\\/schema\\\/person\\\/85b4229ce0694a31b5f128dc047161e8\"},\"headline\":\"Caricatura de Antonio G Ferreras\",\"datePublished\":\"2022-07-13T16:13:28+00:00\",\"dateModified\":\"2023-11-26T05:06:56+00:00\",\"mainEntityOfPage\":{\"@id\":\"https:\\\/\\\/woorons.com\\\/2022\\\/07\\\/13\\\/caricatura-de-antonio-g-ferreras\\\/\"},\"wordCount\":165,\"commentCount\":0,\"publisher\":{\"@id\":\"https:\\\/\\\/woorons.com\\\/#\\\/schema\\\/person\\\/85b4229ce0694a31b5f128dc047161e8\"},\"image\":{\"@id\":\"https:\\\/\\\/woorons.com\\\/2022\\\/07\\\/13\\\/caricatura-de-antonio-g-ferreras\\\/#primaryimage\"},\"thumbnailUrl\":\"https:\\\/\\\/i0.wp.com\\\/woorons.com\\\/wp-content\\\/uploads\\\/2022\\\/07\\\/caricatura-de-antonio-garcia-ferreras-por-wo-orons-art.jpg?fit=1200%2C675&ssl=1\",\"keywords\":[\"Caricatura\",\"Caricaturas por encargo\",\"Caricatures\",\"Cartoon\"],\"articleSection\":[\"Caricaturas por encargo\"],\"inLanguage\":\"nb-NO\",\"potentialAction\":[{\"@type\":\"CommentAction\",\"name\":\"Comment\",\"target\":[\"https:\\\/\\\/woorons.com\\\/2022\\\/07\\\/13\\\/caricatura-de-antonio-g-ferreras\\\/#respond\"]}]},{\"@type\":\"WebPage\",\"@id\":\"https:\\\/\\\/woorons.com\\\/2022\\\/07\\\/13\\\/caricatura-de-antonio-g-ferreras\\\/\",\"url\":\"https:\\\/\\\/woorons.com\\\/2022\\\/07\\\/13\\\/caricatura-de-antonio-g-ferreras\\\/\",\"name\":\"Caricatura de Antonio G Ferreras - WO Orons Art\",\"isPartOf\":{\"@id\":\"https:\\\/\\\/woorons.com\\\/#website\"},\"primaryImageOfPage\":{\"@id\":\"https:\\\/\\\/woorons.com\\\/2022\\\/07\\\/13\\\/caricatura-de-antonio-g-ferreras\\\/#primaryimage\"},\"image\":{\"@id\":\"https:\\\/\\\/woorons.com\\\/2022\\\/07\\\/13\\\/caricatura-de-antonio-g-ferreras\\\/#primaryimage\"},\"thumbnailUrl\":\"https:\\\/\\\/i0.wp.com\\\/woorons.com\\\/wp-content\\\/uploads\\\/2022\\\/07\\\/caricatura-de-antonio-garcia-ferreras-por-wo-orons-art.jpg?fit=1200%2C675&ssl=1\",\"datePublished\":\"2022-07-13T16:13:28+00:00\",\"dateModified\":\"2023-11-26T05:06:56+00:00\",\"breadcrumb\":{\"@id\":\"https:\\\/\\\/woorons.com\\\/2022\\\/07\\\/13\\\/caricatura-de-antonio-g-ferreras\\\/#breadcrumb\"},\"inLanguage\":\"nb-NO\",\"potentialAction\":[{\"@type\":\"ReadAction\",\"target\":[\"https:\\\/\\\/woorons.com\\\/2022\\\/07\\\/13\\\/caricatura-de-antonio-g-ferreras\\\/\"]}]},{\"@type\":\"ImageObject\",\"inLanguage\":\"nb-NO\",\"@id\":\"https:\\\/\\\/woorons.com\\\/2022\\\/07\\\/13\\\/caricatura-de-antonio-g-ferreras\\\/#primaryimage\",\"url\":\"https:\\\/\\\/i0.wp.com\\\/woorons.com\\\/wp-content\\\/uploads\\\/2022\\\/07\\\/caricatura-de-antonio-garcia-ferreras-por-wo-orons-art.jpg?fit=1200%2C675&ssl=1\",\"contentUrl\":\"https:\\\/\\\/i0.wp.com\\\/woorons.com\\\/wp-content\\\/uploads\\\/2022\\\/07\\\/caricatura-de-antonio-garcia-ferreras-por-wo-orons-art.jpg?fit=1200%2C675&ssl=1\",\"width\":1200,\"height\":675,\"caption\":\"Caricatura de Antonio Garc\u00eda ferreras, por Wo Orons\"},{\"@type\":\"BreadcrumbList\",\"@id\":\"https:\\\/\\\/woorons.com\\\/2022\\\/07\\\/13\\\/caricatura-de-antonio-g-ferreras\\\/#breadcrumb\",\"itemListElement\":[{\"@type\":\"ListItem\",\"position\":1,\"name\":\"Portada\",\"item\":\"https:\\\/\\\/woorons.com\\\/\"},{\"@type\":\"ListItem\",\"position\":2,\"name\":\"Caricatura de Antonio G Ferreras\"}]},{\"@type\":\"WebSite\",\"@id\":\"https:\\\/\\\/woorons.com\\\/#website\",\"url\":\"https:\\\/\\\/woorons.com\\\/\",\"name\":\"WO Orons Art\",\"description\":\"&quot;Caricaturas, Retratos, Fan Art, Ilustraci\u00f3n&quot;\",\"publisher\":{\"@id\":\"https:\\\/\\\/woorons.com\\\/#\\\/schema\\\/person\\\/85b4229ce0694a31b5f128dc047161e8\"},\"potentialAction\":[{\"@type\":\"SearchAction\",\"target\":{\"@type\":\"EntryPoint\",\"urlTemplate\":\"https:\\\/\\\/woorons.com\\\/?s={search_term_string}\"},\"query-input\":{\"@type\":\"PropertyValueSpecification\",\"valueRequired\":true,\"valueName\":\"search_term_string\"}}],\"inLanguage\":\"nb-NO\"},{\"@type\":[\"Person\",\"Organization\"],\"@id\":\"https:\\\/\\\/woorons.com\\\/#\\\/schema\\\/person\\\/85b4229ce0694a31b5f128dc047161e8\",\"name\":\"Wo Orons\",\"image\":{\"@type\":\"ImageObject\",\"inLanguage\":\"nb-NO\",\"@id\":\"https:\\\/\\\/i0.wp.com\\\/woorons.com\\\/wp-content\\\/uploads\\\/2025\\\/03\\\/logotipo-woorons.jpg?fit=595%2C516&ssl=1\",\"url\":\"https:\\\/\\\/i0.wp.com\\\/woorons.com\\\/wp-content\\\/uploads\\\/2025\\\/03\\\/logotipo-woorons.jpg?fit=595%2C516&ssl=1\",\"contentUrl\":\"https:\\\/\\\/i0.wp.com\\\/woorons.com\\\/wp-content\\\/uploads\\\/2025\\\/03\\\/logotipo-woorons.jpg?fit=595%2C516&ssl=1\",\"width\":595,\"height\":516,\"caption\":\"Wo Orons\"},\"logo\":{\"@id\":\"https:\\\/\\\/i0.wp.com\\\/woorons.com\\\/wp-content\\\/uploads\\\/2025\\\/03\\\/logotipo-woorons.jpg?fit=595%2C516&ssl=1\"},\"sameAs\":[\"http:\\\/\\\/orons-art.wordpress.com\"],\"url\":\"https:\\\/\\\/woorons.com\\\/nb\\\/author\\\/orons\\\/\"}]}<\/script>\n<!-- \/ Yoast SEO plugin. -->","yoast_head_json":{"title":"Caricatura de Antonio G Ferreras - WO Orons Art","robots":{"index":"index","follow":"follow","max-snippet":"max-snippet:-1","max-image-preview":"max-image-preview:large","max-video-preview":"max-video-preview:-1"},"canonical":"https:\/\/woorons.com\/nb\/2022\/07\/13\/caricatura-de-antonio-g-ferreras\/","og_locale":"nb_NO","og_type":"article","og_title":"Caricatura de Antonio G Ferreras - WO Orons Art","og_description":"Caricatura de Antonio Garc\u00eda Ferreras","og_url":"https:\/\/woorons.com\/nb\/2022\/07\/13\/caricatura-de-antonio-g-ferreras\/","og_site_name":"WO Orons Art","article_published_time":"2022-07-13T16:13:28+00:00","article_modified_time":"2023-11-26T05:06:56+00:00","og_image":[{"width":1200,"height":675,"url":"https:\/\/i0.wp.com\/woorons.com\/wp-content\/uploads\/2022\/07\/caricatura-de-antonio-garcia-ferreras-por-wo-orons-art.jpg?fit=1200%2C675&ssl=1","type":"image\/jpeg"}],"author":"Wo Orons","twitter_card":"summary_large_image","twitter_misc":{"Skrevet av":"Wo Orons","Ansl. lesetid":"1 minutt"},"schema":{"@context":"https:\/\/schema.org","@graph":[{"@type":"Article","@id":"https:\/\/woorons.com\/2022\/07\/13\/caricatura-de-antonio-g-ferreras\/#article","isPartOf":{"@id":"https:\/\/woorons.com\/2022\/07\/13\/caricatura-de-antonio-g-ferreras\/"},"author":{"name":"Wo Orons","@id":"https:\/\/woorons.com\/#\/schema\/person\/85b4229ce0694a31b5f128dc047161e8"},"headline":"Caricatura de Antonio G Ferreras","datePublished":"2022-07-13T16:13:28+00:00","dateModified":"2023-11-26T05:06:56+00:00","mainEntityOfPage":{"@id":"https:\/\/woorons.com\/2022\/07\/13\/caricatura-de-antonio-g-ferreras\/"},"wordCount":165,"commentCount":0,"publisher":{"@id":"https:\/\/woorons.com\/#\/schema\/person\/85b4229ce0694a31b5f128dc047161e8"},"image":{"@id":"https:\/\/woorons.com\/2022\/07\/13\/caricatura-de-antonio-g-ferreras\/#primaryimage"},"thumbnailUrl":"https:\/\/i0.wp.com\/woorons.com\/wp-content\/uploads\/2022\/07\/caricatura-de-antonio-garcia-ferreras-por-wo-orons-art.jpg?fit=1200%2C675&ssl=1","keywords":["Caricatura","Caricaturas por encargo","Caricatures","Cartoon"],"articleSection":["Caricaturas por encargo"],"inLanguage":"nb-NO","potentialAction":[{"@type":"CommentAction","name":"Comment","target":["https:\/\/woorons.com\/2022\/07\/13\/caricatura-de-antonio-g-ferreras\/#respond"]}]},{"@type":"WebPage","@id":"https:\/\/woorons.com\/2022\/07\/13\/caricatura-de-antonio-g-ferreras\/","url":"https:\/\/woorons.com\/2022\/07\/13\/caricatura-de-antonio-g-ferreras\/","name":"Caricatura de Antonio G Ferreras - WO Orons Art","isPartOf":{"@id":"https:\/\/woorons.com\/#website"},"primaryImageOfPage":{"@id":"https:\/\/woorons.com\/2022\/07\/13\/caricatura-de-antonio-g-ferreras\/#primaryimage"},"image":{"@id":"https:\/\/woorons.com\/2022\/07\/13\/caricatura-de-antonio-g-ferreras\/#primaryimage"},"thumbnailUrl":"https:\/\/i0.wp.com\/woorons.com\/wp-content\/uploads\/2022\/07\/caricatura-de-antonio-garcia-ferreras-por-wo-orons-art.jpg?fit=1200%2C675&ssl=1","datePublished":"2022-07-13T16:13:28+00:00","dateModified":"2023-11-26T05:06:56+00:00","breadcrumb":{"@id":"https:\/\/woorons.com\/2022\/07\/13\/caricatura-de-antonio-g-ferreras\/#breadcrumb"},"inLanguage":"nb-NO","potentialAction":[{"@type":"ReadAction","target":["https:\/\/woorons.com\/2022\/07\/13\/caricatura-de-antonio-g-ferreras\/"]}]},{"@type":"ImageObject","inLanguage":"nb-NO","@id":"https:\/\/woorons.com\/2022\/07\/13\/caricatura-de-antonio-g-ferreras\/#primaryimage","url":"https:\/\/i0.wp.com\/woorons.com\/wp-content\/uploads\/2022\/07\/caricatura-de-antonio-garcia-ferreras-por-wo-orons-art.jpg?fit=1200%2C675&ssl=1","contentUrl":"https:\/\/i0.wp.com\/woorons.com\/wp-content\/uploads\/2022\/07\/caricatura-de-antonio-garcia-ferreras-por-wo-orons-art.jpg?fit=1200%2C675&ssl=1","width":1200,"height":675,"caption":"Caricatura de Antonio Garc\u00eda ferreras, por Wo Orons"},{"@type":"BreadcrumbList","@id":"https:\/\/woorons.com\/2022\/07\/13\/caricatura-de-antonio-g-ferreras\/#breadcrumb","itemListElement":[{"@type":"ListItem","position":1,"name":"Portada","item":"https:\/\/woorons.com\/"},{"@type":"ListItem","position":2,"name":"Caricatura de Antonio G Ferreras"}]},{"@type":"WebSite","@id":"https:\/\/woorons.com\/#website","url":"https:\/\/woorons.com\/","name":"WO Orons Art","description":"&quot;Caricaturas, Retratos, Fan Art, Ilustraci\u00f3n&quot;","publisher":{"@id":"https:\/\/woorons.com\/#\/schema\/person\/85b4229ce0694a31b5f128dc047161e8"},"potentialAction":[{"@type":"SearchAction","target":{"@type":"EntryPoint","urlTemplate":"https:\/\/woorons.com\/?s={search_term_string}"},"query-input":{"@type":"PropertyValueSpecification","valueRequired":true,"valueName":"search_term_string"}}],"inLanguage":"nb-NO"},{"@type":["Person","Organization"],"@id":"https:\/\/woorons.com\/#\/schema\/person\/85b4229ce0694a31b5f128dc047161e8","name":"Wo Orons","image":{"@type":"ImageObject","inLanguage":"nb-NO","@id":"https:\/\/i0.wp.com\/woorons.com\/wp-content\/uploads\/2025\/03\/logotipo-woorons.jpg?fit=595%2C516&ssl=1","url":"https:\/\/i0.wp.com\/woorons.com\/wp-content\/uploads\/2025\/03\/logotipo-woorons.jpg?fit=595%2C516&ssl=1","contentUrl":"https:\/\/i0.wp.com\/woorons.com\/wp-content\/uploads\/2025\/03\/logotipo-woorons.jpg?fit=595%2C516&ssl=1","width":595,"height":516,"caption":"Wo Orons"},"logo":{"@id":"https:\/\/i0.wp.com\/woorons.com\/wp-content\/uploads\/2025\/03\/logotipo-woorons.jpg?fit=595%2C516&ssl=1"},"sameAs":["http:\/\/orons-art.wordpress.com"],"url":"https:\/\/woorons.com\/nb\/author\/orons\/"}]}},"jetpack_publicize_connections":[],"jetpack_likes_enabled":true,"jetpack_sharing_enabled":true,"jetpack_shortlink":"https:\/\/wp.me\/p43FXj-11t","jetpack-related-posts":[],"jetpack_featured_media_url":"https:\/\/i0.wp.com\/woorons.com\/wp-content\/uploads\/2022\/07\/caricatura-de-antonio-garcia-ferreras-por-wo-orons-art.jpg?fit=1200%2C675&ssl=1","_links":{"self":[{"href":"https:\/\/woorons.com\/nb\/wp-json\/wp\/v2\/posts\/3935","targetHints":{"allow":["GET"]}}],"collection":[{"href":"https:\/\/woorons.com\/nb\/wp-json\/wp\/v2\/posts"}],"about":[{"href":"https:\/\/woorons.com\/nb\/wp-json\/wp\/v2\/types\/post"}],"author":[{"embeddable":true,"href":"https:\/\/woorons.com\/nb\/wp-json\/wp\/v2\/users\/21194217"}],"replies":[{"embeddable":true,"href":"https:\/\/woorons.com\/nb\/wp-json\/wp\/v2\/comments?post=3935"}],"version-history":[{"count":11,"href":"https:\/\/woorons.com\/nb\/wp-json\/wp\/v2\/posts\/3935\/revisions"}],"predecessor-version":[{"id":5856,"href":"https:\/\/woorons.com\/nb\/wp-json\/wp\/v2\/posts\/3935\/revisions\/5856"}],"wp:featuredmedia":[{"embeddable":true,"href":"https:\/\/woorons.com\/nb\/wp-json\/wp\/v2\/media\/3945"}],"wp:attachment":[{"href":"https:\/\/woorons.com\/nb\/wp-json\/wp\/v2\/media?parent=3935"}],"wp:term":[{"taxonomy":"category","embeddable":true,"href":"https:\/\/woorons.com\/nb\/wp-json\/wp\/v2\/categories?post=3935"},{"taxonomy":"post_tag","embeddable":true,"href":"https:\/\/woorons.com\/nb\/wp-json\/wp\/v2\/tags?post=3935"}],"curies":[{"name":"wp","href":"https:\/\/api.w.org\/{rel}","templated":true}]}}