{"id":2440,"date":"2021-10-29T22:59:46","date_gmt":"2021-10-29T20:59:46","guid":{"rendered":"https:\/\/woorons.com\/?p=2440"},"modified":"2022-11-19T06:13:43","modified_gmt":"2022-11-19T05:13:43","slug":"humor-grafico-politica-caricatura","status":"publish","type":"post","link":"https:\/\/woorons.com\/nb\/2021\/10\/29\/humor-grafico-politica-caricatura\/","title":{"rendered":"Humor gr\u00e1fico y pol\u00edtica"},"content":{"rendered":"<p class=\"has-text-align-justify wp-block-paragraph\"><strong>Una caricatura pol\u00edtica es aquella que refleja, critica o ridiculiza, un acto llevado a cabo por un representante, del \u00e1mbito de la clase pol\u00edtica<\/strong>, nacional o internacional, ya sean alcaldes, presidentes, magistrados, es decir toda persona que est\u00e9 vinculado y sea representante de un partido pol\u00edtico, o sus actos y decisiones afecten la vida de un pa\u00eds, o regi\u00f3n.<\/p>\n\n\n\n<h2 class=\"wp-block-heading\"><strong>Hace muchos a\u00f1os, dibujaba para algunas publicaciones, cuando aun internet no exist\u00eda.<\/strong> <\/h2>\n\n\n\n<p class=\"has-text-align-justify wp-block-paragraph\">En ese entonces me dedicaba al humor pol\u00edtico, adem\u00e1s de <em>notas de prensa, entrevistas, notas de investigaci\u00f3n y alg\u00fan<\/em> relato. Pero siempre me ha interesado la pol\u00edtica, y sobre todo <strong>tomarla con humor.<\/strong> Encontr\u00e9 en la <em>s\u00e1tira pol\u00edtica<\/em> la forma de mostrar el descontento, la discrepancia de la gente y la m\u00eda. Es que dependemos de ella, o quiz\u00e1s se podr\u00eda decir que somos como rehenes de esta.  Y cuando hablo de pol\u00edtica, <em><strong>no me refiero a ning\u00fan pol\u00edtico en especial, ni pol\u00edticos en general. <\/strong><\/em>Y si bien <em>algunos de estos nos fastidian, otros nos roban<\/em>, a\u00fan hay <strong>pol\u00edticos honestos,<\/strong> con verdadera vocaci\u00f3n de servicio. <\/p>\n\n\n\n<p class=\"has-text-align-justify wp-block-paragraph\">Por eso, <em>deber\u00edamos diferenciar a las pol\u00edticas, las ideas, los programas,<\/em> de entre los cuales podemos elegir<em>, de quienes las promueven<\/em>. La mentira est\u00e1 al orden del d\u00eda, lo cierto es que muchos enga\u00f1an en sus propuestas y emplean falacias, para conseguir apoyo, y mantenerse en el poder. Lo normal, es que nos pongan a unos contra otros, haci\u00e9ndonos creer que el \u00abenemigo a batir\u00bb est\u00e1 a nuestro lado, y que la lucha entre clases sociales, es algo del pasado, que no existe, que es un pensamiento arcaico, aun que quienes dicen eso, hablen todo el tiempo de la clase media, y clase media alta y sus crisis.<\/p>\n\n\n\n<h3 class=\"wp-block-heading\"><strong>A la pol\u00edtica la llevamos dentro.<\/strong> <\/h3>\n\n\n\n<p class=\"wp-block-paragraph\">Desde que nos levantamos y pensamos a donde ir a por el pan, la estamos practicando. Elegimos, a qu\u00e9 panader\u00eda o supermercado, ir\u00e1 nuestro dinero. A qui\u00e9n vamos a apoyar, en qui\u00e9n vamos a confiar. Y a lo largo de nuestra vida plagada de elecciones la practicamos. <em><strong>Tambi\u00e9n la practican con nosotros, nos mueven de un lado a otro, como al ganado, seg\u00fan el \u00bb bienestar general\u00bb unos buscan beneficios para una clase social determinada, o pa<\/strong><\/em><strong>ra s\u00ed mismos<\/strong>.<\/p>\n\n\n\n<p class=\"wp-block-paragraph\">Algunos se\u00f1alan claramente al enemigo, y de entre las peores amenazas estamos los humoristas gr\u00e1ficos.<\/p>\n\n\n\n<figure class=\"wp-block-image size-large\"><img data-recalc-dims=\"1\" loading=\"lazy\" decoding=\"async\" width=\"2893\" height=\"4092\" data-attachment-id=\"2283\" data-permalink=\"https:\/\/woorons.com\/nb\/2021-07-12-abascal-amenaza-a-jueves\/\" data-orig-file=\"https:\/\/i0.wp.com\/woorons.com\/wp-content\/uploads\/2021\/08\/2021-07-12-abascal-amenaza-a-jueves.jpg?fit=2893%2C4092&amp;ssl=1\" data-orig-size=\"2893,4092\" data-comments-opened=\"1\" data-image-meta=\"{&quot;aperture&quot;:&quot;0&quot;,&quot;credit&quot;:&quot;&quot;,&quot;camera&quot;:&quot;&quot;,&quot;caption&quot;:&quot;&quot;,&quot;created_timestamp&quot;:&quot;0&quot;,&quot;copyright&quot;:&quot;&quot;,&quot;focal_length&quot;:&quot;0&quot;,&quot;iso&quot;:&quot;0&quot;,&quot;shutter_speed&quot;:&quot;0&quot;,&quot;title&quot;:&quot;&quot;,&quot;orientation&quot;:&quot;1&quot;}\" data-image-title=\"2021-07-12-abascal-amenaza-a-jueves\" data-image-description=\"\" data-image-caption=\"&lt;p&gt;Santiago Abascal. Amenazas a \u00abJueves\u00bb&lt;\/p&gt;\" data-large-file=\"https:\/\/i0.wp.com\/woorons.com\/wp-content\/uploads\/2021\/08\/2021-07-12-abascal-amenaza-a-jueves.jpg?fit=724%2C1024&amp;ssl=1\" src=\"https:\/\/i0.wp.com\/woorons.com\/wp-content\/uploads\/2021\/08\/2021-07-12-abascal-amenaza-a-jueves.jpg?resize=2893%2C4092&#038;ssl=1\" alt=\"\" class=\"wp-image-2283\" \/><figcaption class=\"wp-element-caption\"><a href=\"https:\/\/elpensadordigital.com\/index.php\/2021\/07\/13\/amenazas-al-jueves\/\" target=\"_blank\" rel=\"noreferrer noopener\"><strong>Santiago Abascal. Amenazas a \u00abJueves\u00bb<\/strong> <strong>Publicado en <span style=\"text-decoration:underline;\">El pensador Digital<\/span><\/strong><\/a><\/figcaption><\/figure>\n\n\n\n<p class=\"wp-block-paragraph\">Como cuento en mi <a href=\"https:\/\/woorons.com\/nb\/sobre-mi\/\">biograf\u00eda<\/a> mis primeros problemas comenzaron ya en el colegio, con<strong> dibujos \u00abincorrectos\u00bb<\/strong> seg\u00fan la dictadura militar que me toc\u00f3 vivir. Y no terminaron ah\u00ed, solo fue el comienzo de otros m\u00e1s.<\/p>\n\n\n\n<p class=\"wp-block-paragraph\"><em>Este tipo de humor, es adictivo, y a\u00fan que en determinado momento decid\u00ed dejarlo, no pude renunciar, es irresistible<\/em>.<\/p>\n\n\n\n<p class=\"wp-block-paragraph\"><strong>Dentro de la pol\u00edtica est\u00e1n los olvidados,<\/strong> son estos quienes pagan las deudas del Estado, los pr\u00e9stamos otorgados a bancos, a grandes empresas, a corporaciones. <em><strong>Lo parad\u00f3jico, es que siempre pagan las deudas los mismos<\/strong><\/em> y sus consecuencias tambi\u00e9n, estos grandes \u00abpagadores\u00bb son quienes menos tienen. La clase pol\u00edtica vive otra realidad, y no es paralela. Unos miran hacia otro lado y otros hacia sus propios intereses. Pocos miran hacia abajo.<\/p>\n\n\n\n<p class=\"wp-block-paragraph\">Por esto decid\u00ed retomar el humor gr\u00e1fico, es una \u00ednfima posibilidad, un muy peque\u00f1o intento de dar voz a quienes se le es negada, de desentra\u00f1ar lo que se esconde detr\u00e1s de <strong>noticias manipuladas, de groseros manejos de opini\u00f3n p\u00fablica, por parte de algunos medios de \u00abcomunicaci\u00f3n\u00bb,<\/strong> como cuando se repite una vez y otra la misma noticia hasta el hartazgo, escondiendo o ignorando otras, de gran afectaci\u00f3n social.<\/p>\n\n\n\n<p class=\"wp-block-paragraph\"> <strong>Pese a todo esto, lo contrario a la pol\u00edtica y sus pol\u00edticos, es la dictadura, y esta \u00faltima, no es ninguna buena opci\u00f3n.<\/strong> Lo mejor es tomar conciencia sobre qu\u00e9 lugar y en qu\u00e9 posici\u00f3n estamos parados. Es seg\u00fan algunos un concepto vetusto, y pasado de moda. Se le llama conciencia de clase.<\/p>\n\n\n\n<p class=\"wp-block-paragraph\">Les dejo aqu\u00ed, uno de mis \u00faltimos dibujos para <em><a rel=\"noreferrer noopener\" href=\"https:\/\/elpensadordigital.com\/\" target=\"_blank\">El Pensador Digital<\/a><\/em>, sobre el mercado laboral, <strong>la ley del trabajo y el empleo basura<\/strong>. <\/p>\n\n\n\n<figure class=\"wp-block-image size-large\"><img data-recalc-dims=\"1\" loading=\"lazy\" decoding=\"async\" width=\"4093\" height=\"5787\" data-attachment-id=\"2436\" data-permalink=\"https:\/\/woorons.com\/nb\/2021-10-27-reforma-laboral-busca-entre-la-basura\/\" data-orig-file=\"https:\/\/i0.wp.com\/woorons.com\/wp-content\/uploads\/2021\/10\/2021-10-27-reforma-laboral-busca-entre-la-basura-1.jpg?fit=4093%2C5787&amp;ssl=1\" data-orig-size=\"4093,5787\" data-comments-opened=\"1\" data-image-meta=\"{&quot;aperture&quot;:&quot;0&quot;,&quot;credit&quot;:&quot;&quot;,&quot;camera&quot;:&quot;&quot;,&quot;caption&quot;:&quot;&quot;,&quot;created_timestamp&quot;:&quot;0&quot;,&quot;copyright&quot;:&quot;&quot;,&quot;focal_length&quot;:&quot;0&quot;,&quot;iso&quot;:&quot;0&quot;,&quot;shutter_speed&quot;:&quot;0&quot;,&quot;title&quot;:&quot;&quot;,&quot;orientation&quot;:&quot;1&quot;}\" data-image-title=\"reforma-laboral\" data-image-description=\"\" data-image-caption=\"\" data-large-file=\"https:\/\/i0.wp.com\/woorons.com\/wp-content\/uploads\/2021\/10\/2021-10-27-reforma-laboral-busca-entre-la-basura-1.jpg?fit=724%2C1024&amp;ssl=1\" src=\"https:\/\/i0.wp.com\/woorons.com\/wp-content\/uploads\/2021\/10\/2021-10-27-reforma-laboral-busca-entre-la-basura-1.jpg?resize=4093%2C5787&#038;ssl=1\" alt=\"\" class=\"wp-image-2436\" \/><figcaption class=\"wp-element-caption\">Mercado laboral<\/figcaption><\/figure>\n\n\n\n<p class=\"wp-block-paragraph\"><strong><span style=\"text-decoration:underline;\"><a href=\"https:\/\/woorons.com\/nb\/2021\/10\/29\/humor-grafico-politica-caricatura\/\">Galer\u00eda de humor gr\u00e1fico.<\/a><\/span><\/strong><\/p>\n\n\n\n<div style=\"height:21px;\" aria-hidden=\"true\" class=\"wp-block-spacer\"><\/div>\n\n\n\n<div class=\"wp-block-group has-global-padding is-layout-constrained wp-block-group-is-layout-constrained\">\n<div class=\"wp-block-columns is-layout-flex wp-container-core-columns-is-layout-9ba6dbca wp-block-columns-is-layout-flex\">\n<div class=\"wp-block-column is-layout-flow wp-block-column-is-layout-flow\" style=\"flex-basis:100%\">\n<div class=\"wp-block-group is-layout-flow wp-block-group-is-layout-flow\">\n<div class=\"wp-block-buttons has-custom-font-size has-small-font-size is-horizontal is-layout-flex wp-block-buttons-is-layout-flex\">\n<div style=\"--wp--block-button--width: 25;\" class=\"wp-block-button has-custom-width wp-block-button__width wp-block-button__width-25\"><a class=\"wp-block-button__link has-white-color has-text-color has-background has-small-font-size has-custom-font-size wp-element-button\" href=\"https:\/\/woorons.com\/nb\/\" style=\"border-radius:0px;background-color:#8c002b\" target=\"_blank\" rel=\"noreferrer noopener\">INICIO<\/a><\/div>\n\n\n\n<div style=\"--wp--block-button--width: 25;\" class=\"wp-block-button has-custom-width wp-block-button__width wp-block-button__width-25\"><a class=\"wp-block-button__link has-white-color has-text-color has-background has-small-font-size has-custom-font-size wp-element-button\" href=\"https:\/\/woorons.com\/nb\/tienda-dibujos-originales-hechos-a-mano\/\" style=\"border-radius:0px;background-color:#8c002b\" target=\"_blank\" rel=\"noreferrer noopener\">TIENDA<\/a><\/div>\n\n\n\n<div class=\"wp-block-button is-style-fill\"><a class=\"wp-block-button__link has-white-color has-text-color has-background has-small-font-size has-custom-font-size wp-element-button\" href=\"https:\/\/woorons.com\/nb\/blog-dibujo-realista-opinion-cine-comic\/\" style=\"border-radius:0px;background-color:#8c002b\" target=\"_blank\" rel=\"noreferrer noopener\">BLOG<\/a><\/div>\n\n\n\n<div style=\"--wp--block-button--width: 25;\" class=\"wp-block-button is-style-fill has-custom-width wp-block-button__width wp-block-button__width-25\"><a class=\"wp-block-button__link has-white-color has-text-color has-background has-small-font-size has-custom-font-size wp-element-button\" href=\"https:\/\/woorons.com\/nb\/portfolio\/\" style=\"border-radius:0px;background-color:#8c002b\" target=\"_blank\" rel=\"noreferrer noopener\">PORTAFOLIOS<\/a><\/div>\n<\/div>\n<\/div>\n<\/div>\n<\/div>\n<\/div>\n\n\n\n<div style=\"height:21px;\" aria-hidden=\"true\" class=\"wp-block-spacer\"><\/div>\n\n\n<ul class=\"wp-block-rss\"><li class='wp-block-rss__item'><div class='wp-block-rss__item-title'><a href='https:\/\/woorons.com\/nb\/2026\/06\/08\/asi-se-hizo-esta-caricatura-personalizada-disc-jockey\/'>AS\u00cd SE HIZO ESTA CARICATURA PERSONALIZADA<\/a><\/div><\/li><li class='wp-block-rss__item'><div class='wp-block-rss__item-title'><a href='https:\/\/woorons.com\/nb\/2026\/06\/02\/ilustracion-dibujo-es-necesario-saber-dibujar\/'>\u00abPara ser ilustrador no es necesario saber dibujar\u00bb el triunfo de la ignorancia<\/a><\/div><\/li><li class='wp-block-rss__item'><div class='wp-block-rss__item-title'><a href='https:\/\/woorons.com\/nb\/2026\/03\/22\/chuck-norris-biografia-filmografia-homenaje\/'>Chuck Norris: biograf\u00eda completa, filmograf\u00eda a\u00f1o a a\u00f1o y homenaje ilustrado a una leyenda del cine de acci\u00f3n<\/a><\/div><\/li><\/ul>","protected":false},"excerpt":{"rendered":"<p>El trabajar de humorista gr\u00e1fico y la visi\u00f3n de la pol\u00edtica, la amenaza del humor y la caricatura de un sistema<\/p>","protected":false},"author":21194217,"featured_media":2446,"comment_status":"open","ping_status":"open","sticky":false,"template":"","format":"standard","meta":{"_coblocks_attr":"","_coblocks_dimensions":"","_coblocks_responsive_height":"","_coblocks_accordion_ie_support":"","_jetpack_newsletter_access":"","_jetpack_dont_email_post_to_subs":false,"_jetpack_newsletter_tier_id":0,"_jetpack_memberships_contains_paywalled_content":false,"_wpcom_ai_launchpad_first_post":false,"_jetpack_feature_clip_id":0,"_jetpack_memberships_contains_paid_content":false,"footnotes":"","jetpack_publicize_message":"","jetpack_publicize_feature_enabled":true,"jetpack_social_post_already_shared":false,"jetpack_social_options":{"image_generator_settings":{"template":"highway","default_image_id":0,"font":"","enabled":false},"version":2},"jetpack_post_was_ever_published":false},"categories":[273,24120],"tags":[517622,789851982,789851944,789851938,789851947,789851921,789851960],"class_list":["post-2440","post","type-post","status-publish","format-standard","has-post-thumbnail","hentry","category-blog","category-notas","tag-caricatura","tag-caricatura-politica","tag-cartoon","tag-ilustracion","tag-notas","tag-politica","tag-politicos"],"yoast_head":"<!-- This site is optimized with the Yoast SEO plugin v28.4 - https:\/\/yoast.com\/product\/yoast-seo-wordpress\/ -->\n<title>Humor gr\u00e1fico y pol\u00edtica - WO Orons Art<\/title>\n<meta name=\"robots\" content=\"index, follow, max-snippet:-1, max-image-preview:large, max-video-preview:-1\" \/>\n<link rel=\"canonical\" href=\"https:\/\/woorons.com\/nb\/2021\/10\/29\/humor-grafico-politica-caricatura\/\" \/>\n<meta property=\"og:locale\" content=\"nb_NO\" \/>\n<meta property=\"og:type\" content=\"article\" \/>\n<meta property=\"og:title\" content=\"Humor gr\u00e1fico y pol\u00edtica - WO Orons Art\" \/>\n<meta property=\"og:description\" content=\"El trabajar de humorista gr\u00e1fico y la visi\u00f3n de la pol\u00edtica, la amenaza del humor y la caricatura de un sistema\" \/>\n<meta property=\"og:url\" content=\"https:\/\/woorons.com\/nb\/2021\/10\/29\/humor-grafico-politica-caricatura\/\" \/>\n<meta property=\"og:site_name\" content=\"WO Orons Art\" \/>\n<meta property=\"article:published_time\" content=\"2021-10-29T20:59:46+00:00\" \/>\n<meta property=\"article:modified_time\" content=\"2022-11-19T05:13:43+00:00\" \/>\n<meta property=\"og:image\" content=\"https:\/\/i0.wp.com\/woorons.com\/wp-content\/uploads\/2021\/10\/img_20211029_232158-1.jpg?fit=2788%2C917&ssl=1\" \/>\n\t<meta property=\"og:image:width\" content=\"2788\" \/>\n\t<meta property=\"og:image:height\" content=\"917\" \/>\n\t<meta property=\"og:image:type\" content=\"image\/jpeg\" \/>\n<meta name=\"author\" content=\"Wo Orons\" \/>\n<meta name=\"twitter:card\" content=\"summary_large_image\" \/>\n<meta name=\"twitter:label1\" content=\"Skrevet av\" \/>\n\t<meta name=\"twitter:data1\" content=\"Wo Orons\" \/>\n\t<meta name=\"twitter:label2\" content=\"Ansl. lesetid\" \/>\n\t<meta name=\"twitter:data2\" content=\"4 minutter\" \/>\n<script type=\"application\/ld+json\" class=\"yoast-schema-graph\">{\"@context\":\"https:\\\/\\\/schema.org\",\"@graph\":[{\"@type\":\"Article\",\"@id\":\"https:\\\/\\\/woorons.com\\\/2021\\\/10\\\/29\\\/humor-grafico-politica-caricatura\\\/#article\",\"isPartOf\":{\"@id\":\"https:\\\/\\\/woorons.com\\\/2021\\\/10\\\/29\\\/humor-grafico-politica-caricatura\\\/\"},\"author\":{\"name\":\"Wo Orons\",\"@id\":\"https:\\\/\\\/woorons.com\\\/#\\\/schema\\\/person\\\/85b4229ce0694a31b5f128dc047161e8\"},\"headline\":\"Humor gr\u00e1fico y pol\u00edtica\",\"datePublished\":\"2021-10-29T20:59:46+00:00\",\"dateModified\":\"2022-11-19T05:13:43+00:00\",\"mainEntityOfPage\":{\"@id\":\"https:\\\/\\\/woorons.com\\\/2021\\\/10\\\/29\\\/humor-grafico-politica-caricatura\\\/\"},\"wordCount\":739,\"commentCount\":0,\"publisher\":{\"@id\":\"https:\\\/\\\/woorons.com\\\/#\\\/schema\\\/person\\\/85b4229ce0694a31b5f128dc047161e8\"},\"image\":{\"@id\":\"https:\\\/\\\/woorons.com\\\/2021\\\/10\\\/29\\\/humor-grafico-politica-caricatura\\\/#primaryimage\"},\"thumbnailUrl\":\"https:\\\/\\\/i0.wp.com\\\/woorons.com\\\/wp-content\\\/uploads\\\/2021\\\/10\\\/img_20211029_232158-1.jpg?fit=2788%2C917&ssl=1\",\"keywords\":[\"Caricatura\",\"Caricatura politica\",\"Cartoon\",\"Ilustraci\u00f3n\",\"Notas\",\"Politica\",\"Politicos\"],\"articleSection\":[\"Blog\",\"Notas\"],\"inLanguage\":\"nb-NO\",\"potentialAction\":[{\"@type\":\"CommentAction\",\"name\":\"Comment\",\"target\":[\"https:\\\/\\\/woorons.com\\\/2021\\\/10\\\/29\\\/humor-grafico-politica-caricatura\\\/#respond\"]}]},{\"@type\":\"WebPage\",\"@id\":\"https:\\\/\\\/woorons.com\\\/2021\\\/10\\\/29\\\/humor-grafico-politica-caricatura\\\/\",\"url\":\"https:\\\/\\\/woorons.com\\\/2021\\\/10\\\/29\\\/humor-grafico-politica-caricatura\\\/\",\"name\":\"Humor gr\u00e1fico y pol\u00edtica - WO Orons Art\",\"isPartOf\":{\"@id\":\"https:\\\/\\\/woorons.com\\\/#website\"},\"primaryImageOfPage\":{\"@id\":\"https:\\\/\\\/woorons.com\\\/2021\\\/10\\\/29\\\/humor-grafico-politica-caricatura\\\/#primaryimage\"},\"image\":{\"@id\":\"https:\\\/\\\/woorons.com\\\/2021\\\/10\\\/29\\\/humor-grafico-politica-caricatura\\\/#primaryimage\"},\"thumbnailUrl\":\"https:\\\/\\\/i0.wp.com\\\/woorons.com\\\/wp-content\\\/uploads\\\/2021\\\/10\\\/img_20211029_232158-1.jpg?fit=2788%2C917&ssl=1\",\"datePublished\":\"2021-10-29T20:59:46+00:00\",\"dateModified\":\"2022-11-19T05:13:43+00:00\",\"breadcrumb\":{\"@id\":\"https:\\\/\\\/woorons.com\\\/2021\\\/10\\\/29\\\/humor-grafico-politica-caricatura\\\/#breadcrumb\"},\"inLanguage\":\"nb-NO\",\"potentialAction\":[{\"@type\":\"ReadAction\",\"target\":[\"https:\\\/\\\/woorons.com\\\/2021\\\/10\\\/29\\\/humor-grafico-politica-caricatura\\\/\"]}]},{\"@type\":\"ImageObject\",\"inLanguage\":\"nb-NO\",\"@id\":\"https:\\\/\\\/woorons.com\\\/2021\\\/10\\\/29\\\/humor-grafico-politica-caricatura\\\/#primaryimage\",\"url\":\"https:\\\/\\\/i0.wp.com\\\/woorons.com\\\/wp-content\\\/uploads\\\/2021\\\/10\\\/img_20211029_232158-1.jpg?fit=2788%2C917&ssl=1\",\"contentUrl\":\"https:\\\/\\\/i0.wp.com\\\/woorons.com\\\/wp-content\\\/uploads\\\/2021\\\/10\\\/img_20211029_232158-1.jpg?fit=2788%2C917&ssl=1\",\"width\":2788,\"height\":917},{\"@type\":\"BreadcrumbList\",\"@id\":\"https:\\\/\\\/woorons.com\\\/2021\\\/10\\\/29\\\/humor-grafico-politica-caricatura\\\/#breadcrumb\",\"itemListElement\":[{\"@type\":\"ListItem\",\"position\":1,\"name\":\"Portada\",\"item\":\"https:\\\/\\\/woorons.com\\\/\"},{\"@type\":\"ListItem\",\"position\":2,\"name\":\"Humor gr\u00e1fico y pol\u00edtica\"}]},{\"@type\":\"WebSite\",\"@id\":\"https:\\\/\\\/woorons.com\\\/#website\",\"url\":\"https:\\\/\\\/woorons.com\\\/\",\"name\":\"WO Orons Art\",\"description\":\"&quot;Caricaturas, Retratos, Fan Art, Ilustraci\u00f3n&quot;\",\"publisher\":{\"@id\":\"https:\\\/\\\/woorons.com\\\/#\\\/schema\\\/person\\\/85b4229ce0694a31b5f128dc047161e8\"},\"potentialAction\":[{\"@type\":\"SearchAction\",\"target\":{\"@type\":\"EntryPoint\",\"urlTemplate\":\"https:\\\/\\\/woorons.com\\\/?s={search_term_string}\"},\"query-input\":{\"@type\":\"PropertyValueSpecification\",\"valueRequired\":true,\"valueName\":\"search_term_string\"}}],\"inLanguage\":\"nb-NO\"},{\"@type\":[\"Person\",\"Organization\"],\"@id\":\"https:\\\/\\\/woorons.com\\\/#\\\/schema\\\/person\\\/85b4229ce0694a31b5f128dc047161e8\",\"name\":\"Wo Orons\",\"image\":{\"@type\":\"ImageObject\",\"inLanguage\":\"nb-NO\",\"@id\":\"https:\\\/\\\/i0.wp.com\\\/woorons.com\\\/wp-content\\\/uploads\\\/2025\\\/03\\\/logotipo-woorons.jpg?fit=595%2C516&ssl=1\",\"url\":\"https:\\\/\\\/i0.wp.com\\\/woorons.com\\\/wp-content\\\/uploads\\\/2025\\\/03\\\/logotipo-woorons.jpg?fit=595%2C516&ssl=1\",\"contentUrl\":\"https:\\\/\\\/i0.wp.com\\\/woorons.com\\\/wp-content\\\/uploads\\\/2025\\\/03\\\/logotipo-woorons.jpg?fit=595%2C516&ssl=1\",\"width\":595,\"height\":516,\"caption\":\"Wo Orons\"},\"logo\":{\"@id\":\"https:\\\/\\\/i0.wp.com\\\/woorons.com\\\/wp-content\\\/uploads\\\/2025\\\/03\\\/logotipo-woorons.jpg?fit=595%2C516&ssl=1\"},\"sameAs\":[\"http:\\\/\\\/orons-art.wordpress.com\"],\"url\":\"https:\\\/\\\/woorons.com\\\/nb\\\/author\\\/orons\\\/\"}]}<\/script>\n<!-- \/ Yoast SEO plugin. -->","yoast_head_json":{"title":"Humor gr\u00e1fico y pol\u00edtica - WO Orons Art","robots":{"index":"index","follow":"follow","max-snippet":"max-snippet:-1","max-image-preview":"max-image-preview:large","max-video-preview":"max-video-preview:-1"},"canonical":"https:\/\/woorons.com\/nb\/2021\/10\/29\/humor-grafico-politica-caricatura\/","og_locale":"nb_NO","og_type":"article","og_title":"Humor gr\u00e1fico y pol\u00edtica - WO Orons Art","og_description":"El trabajar de humorista gr\u00e1fico y la visi\u00f3n de la pol\u00edtica, la amenaza del humor y la caricatura de un sistema","og_url":"https:\/\/woorons.com\/nb\/2021\/10\/29\/humor-grafico-politica-caricatura\/","og_site_name":"WO Orons Art","article_published_time":"2021-10-29T20:59:46+00:00","article_modified_time":"2022-11-19T05:13:43+00:00","og_image":[{"width":2788,"height":917,"url":"https:\/\/i0.wp.com\/woorons.com\/wp-content\/uploads\/2021\/10\/img_20211029_232158-1.jpg?fit=2788%2C917&ssl=1","type":"image\/jpeg"}],"author":"Wo Orons","twitter_card":"summary_large_image","twitter_misc":{"Skrevet av":"Wo Orons","Ansl. lesetid":"4 minutter"},"schema":{"@context":"https:\/\/schema.org","@graph":[{"@type":"Article","@id":"https:\/\/woorons.com\/2021\/10\/29\/humor-grafico-politica-caricatura\/#article","isPartOf":{"@id":"https:\/\/woorons.com\/2021\/10\/29\/humor-grafico-politica-caricatura\/"},"author":{"name":"Wo Orons","@id":"https:\/\/woorons.com\/#\/schema\/person\/85b4229ce0694a31b5f128dc047161e8"},"headline":"Humor gr\u00e1fico y pol\u00edtica","datePublished":"2021-10-29T20:59:46+00:00","dateModified":"2022-11-19T05:13:43+00:00","mainEntityOfPage":{"@id":"https:\/\/woorons.com\/2021\/10\/29\/humor-grafico-politica-caricatura\/"},"wordCount":739,"commentCount":0,"publisher":{"@id":"https:\/\/woorons.com\/#\/schema\/person\/85b4229ce0694a31b5f128dc047161e8"},"image":{"@id":"https:\/\/woorons.com\/2021\/10\/29\/humor-grafico-politica-caricatura\/#primaryimage"},"thumbnailUrl":"https:\/\/i0.wp.com\/woorons.com\/wp-content\/uploads\/2021\/10\/img_20211029_232158-1.jpg?fit=2788%2C917&ssl=1","keywords":["Caricatura","Caricatura politica","Cartoon","Ilustraci\u00f3n","Notas","Politica","Politicos"],"articleSection":["Blog","Notas"],"inLanguage":"nb-NO","potentialAction":[{"@type":"CommentAction","name":"Comment","target":["https:\/\/woorons.com\/2021\/10\/29\/humor-grafico-politica-caricatura\/#respond"]}]},{"@type":"WebPage","@id":"https:\/\/woorons.com\/2021\/10\/29\/humor-grafico-politica-caricatura\/","url":"https:\/\/woorons.com\/2021\/10\/29\/humor-grafico-politica-caricatura\/","name":"Humor gr\u00e1fico y pol\u00edtica - WO Orons Art","isPartOf":{"@id":"https:\/\/woorons.com\/#website"},"primaryImageOfPage":{"@id":"https:\/\/woorons.com\/2021\/10\/29\/humor-grafico-politica-caricatura\/#primaryimage"},"image":{"@id":"https:\/\/woorons.com\/2021\/10\/29\/humor-grafico-politica-caricatura\/#primaryimage"},"thumbnailUrl":"https:\/\/i0.wp.com\/woorons.com\/wp-content\/uploads\/2021\/10\/img_20211029_232158-1.jpg?fit=2788%2C917&ssl=1","datePublished":"2021-10-29T20:59:46+00:00","dateModified":"2022-11-19T05:13:43+00:00","breadcrumb":{"@id":"https:\/\/woorons.com\/2021\/10\/29\/humor-grafico-politica-caricatura\/#breadcrumb"},"inLanguage":"nb-NO","potentialAction":[{"@type":"ReadAction","target":["https:\/\/woorons.com\/2021\/10\/29\/humor-grafico-politica-caricatura\/"]}]},{"@type":"ImageObject","inLanguage":"nb-NO","@id":"https:\/\/woorons.com\/2021\/10\/29\/humor-grafico-politica-caricatura\/#primaryimage","url":"https:\/\/i0.wp.com\/woorons.com\/wp-content\/uploads\/2021\/10\/img_20211029_232158-1.jpg?fit=2788%2C917&ssl=1","contentUrl":"https:\/\/i0.wp.com\/woorons.com\/wp-content\/uploads\/2021\/10\/img_20211029_232158-1.jpg?fit=2788%2C917&ssl=1","width":2788,"height":917},{"@type":"BreadcrumbList","@id":"https:\/\/woorons.com\/2021\/10\/29\/humor-grafico-politica-caricatura\/#breadcrumb","itemListElement":[{"@type":"ListItem","position":1,"name":"Portada","item":"https:\/\/woorons.com\/"},{"@type":"ListItem","position":2,"name":"Humor gr\u00e1fico y pol\u00edtica"}]},{"@type":"WebSite","@id":"https:\/\/woorons.com\/#website","url":"https:\/\/woorons.com\/","name":"WO Orons Art","description":"&quot;Caricaturas, Retratos, Fan Art, Ilustraci\u00f3n&quot;","publisher":{"@id":"https:\/\/woorons.com\/#\/schema\/person\/85b4229ce0694a31b5f128dc047161e8"},"potentialAction":[{"@type":"SearchAction","target":{"@type":"EntryPoint","urlTemplate":"https:\/\/woorons.com\/?s={search_term_string}"},"query-input":{"@type":"PropertyValueSpecification","valueRequired":true,"valueName":"search_term_string"}}],"inLanguage":"nb-NO"},{"@type":["Person","Organization"],"@id":"https:\/\/woorons.com\/#\/schema\/person\/85b4229ce0694a31b5f128dc047161e8","name":"Wo Orons","image":{"@type":"ImageObject","inLanguage":"nb-NO","@id":"https:\/\/i0.wp.com\/woorons.com\/wp-content\/uploads\/2025\/03\/logotipo-woorons.jpg?fit=595%2C516&ssl=1","url":"https:\/\/i0.wp.com\/woorons.com\/wp-content\/uploads\/2025\/03\/logotipo-woorons.jpg?fit=595%2C516&ssl=1","contentUrl":"https:\/\/i0.wp.com\/woorons.com\/wp-content\/uploads\/2025\/03\/logotipo-woorons.jpg?fit=595%2C516&ssl=1","width":595,"height":516,"caption":"Wo Orons"},"logo":{"@id":"https:\/\/i0.wp.com\/woorons.com\/wp-content\/uploads\/2025\/03\/logotipo-woorons.jpg?fit=595%2C516&ssl=1"},"sameAs":["http:\/\/orons-art.wordpress.com"],"url":"https:\/\/woorons.com\/nb\/author\/orons\/"}]}},"jetpack_publicize_connections":[],"jetpack_likes_enabled":true,"jetpack_sharing_enabled":true,"jetpack_shortlink":"https:\/\/wp.me\/p43FXj-Dm","jetpack-related-posts":[],"jetpack_featured_media_url":"https:\/\/i0.wp.com\/woorons.com\/wp-content\/uploads\/2021\/10\/img_20211029_232158-1.jpg?fit=2788%2C917&ssl=1","_links":{"self":[{"href":"https:\/\/woorons.com\/nb\/wp-json\/wp\/v2\/posts\/2440","targetHints":{"allow":["GET"]}}],"collection":[{"href":"https:\/\/woorons.com\/nb\/wp-json\/wp\/v2\/posts"}],"about":[{"href":"https:\/\/woorons.com\/nb\/wp-json\/wp\/v2\/types\/post"}],"author":[{"embeddable":true,"href":"https:\/\/woorons.com\/nb\/wp-json\/wp\/v2\/users\/21194217"}],"replies":[{"embeddable":true,"href":"https:\/\/woorons.com\/nb\/wp-json\/wp\/v2\/comments?post=2440"}],"version-history":[{"count":23,"href":"https:\/\/woorons.com\/nb\/wp-json\/wp\/v2\/posts\/2440\/revisions"}],"predecessor-version":[{"id":4625,"href":"https:\/\/woorons.com\/nb\/wp-json\/wp\/v2\/posts\/2440\/revisions\/4625"}],"wp:featuredmedia":[{"embeddable":true,"href":"https:\/\/woorons.com\/nb\/wp-json\/wp\/v2\/media\/2446"}],"wp:attachment":[{"href":"https:\/\/woorons.com\/nb\/wp-json\/wp\/v2\/media?parent=2440"}],"wp:term":[{"taxonomy":"category","embeddable":true,"href":"https:\/\/woorons.com\/nb\/wp-json\/wp\/v2\/categories?post=2440"},{"taxonomy":"post_tag","embeddable":true,"href":"https:\/\/woorons.com\/nb\/wp-json\/wp\/v2\/tags?post=2440"}],"curies":[{"name":"wp","href":"https:\/\/api.w.org\/{rel}","templated":true}]}}