{"id":14858,"date":"2026-01-11T08:54:27","date_gmt":"2026-01-11T07:54:27","guid":{"rendered":"https:\/\/woorons.com\/?p=14858"},"modified":"2026-06-09T16:12:01","modified_gmt":"2026-06-09T14:12:01","slug":"la-caricatura-es-arte","status":"publish","type":"post","link":"https:\/\/woorons.com\/nb\/2026\/01\/11\/la-caricatura-es-arte\/","title":{"rendered":"\u00bfLa caricatura es arte?"},"content":{"rendered":"<div style=\"height:20px\" aria-hidden=\"true\" class=\"wp-block-spacer\"><\/div>\n\n\n\n<h2 class=\"wp-block-heading has-text-align-center has-text-align-justify\">\u00bfT\u00fa que opinas, la caricatura es arte o no lo es?<\/h2>\n\n\n\n<p class=\"has-text-align-justify wp-block-paragraph\">\u00abAbro el mel\u00f3n\u00bb de la vieja discusi\u00f3n, discrepancia o controversia, del \u00abarte o no arte\u00bb<\/p>\n\n\n\n<p class=\"has-text-align-justify wp-block-paragraph\">Discusi\u00f3n vetusta, in\u00fatil y sin sentido, pero esto va de la infravaloraci\u00f3n del oficio de caricaturista, y de el verdadero reconocimiento, de sus conocimientos t\u00e9cnicos y art\u00edsticos..<\/p>\n\n\n\n<p class=\"has-text-align-justify wp-block-paragraph\">Cuando comenc\u00e9 a hacer esta nota, no pens\u00e9 que podria dar para dividirla en dos partes. Las preguntas y cuestionamientos se suceden, intentando ser lo mas \u00abjusto\u00bb al hablar de los beneficios de una injusticia.<\/p>\n\n\n\n<p class=\"has-text-align-justify wp-block-paragraph\">Cientos o quiz\u00e1s miles de caricaturistas que nos antecedieron, jam\u00e1s recibieron su merecido reconocimiento, ni respeto, ya sea por parte de empresas editoriales, o respeto y reconocimiento social.<\/p>\n\n\n\n<p class=\"wp-block-paragraph\">A\u00fan hoy, mucha gente se niega a reconocer, esta profesi\u00f3n u oficio, desde el puto de vista del conocimiento art\u00edstico, ni laboral, considerando que esto es nuestro pasatiempo.<\/p>\n\n\n\n<p class=\"wp-block-paragraph\"><strong><em>Pero eso ya ser\u00eda otra nota para este blog.<\/em><\/strong><\/p>\n\n\n\n<p class=\"wp-block-paragraph\">Primero, centr\u00e9monos en si la caricatura es arte o no lo es<\/p>\n\n\n\n<p class=\"has-text-align-justify wp-block-paragraph\">Al final dar\u00e9 mi opini\u00f3n, pero existe una argumentaci\u00f3n, o una base de contra sentido, de esta antigua valoraci\u00f3n, o desprecio, por la secta \u00abartistica\u00bb o \u00abcultureta\u00bb hacia la caricatura. Aunque, en el \u00abarte con may\u00fasculas\u00bb o como se mire, ambi\u00e9n se ha utilizado la caricatura. Hipocres\u00eda?&#8230;En fin, ustedes dir\u00e1n.<\/p>\n\n\n\n<h2 class=\"wp-block-heading has-text-align-center has-x-large-font-size\">La caricatura como arte.<\/h2>\n\n\n\n<p class=\"has-text-align-justify wp-block-paragraph\">Para mucha gente la caricatura es definitivamente considerada una forma de arte. <\/p>\n\n\n\n<p class=\"has-text-align-justify wp-block-paragraph\">A trav\u00e9s de la exageraci\u00f3n y la distorsi\u00f3n de rasgos, esta disciplina logra captar la esencia de sus sujetos y transmitir mensajes, cr\u00edticas o humor de manera \u00fanica. <\/p>\n\n\n\n<p class=\"has-text-align-justify wp-block-paragraph\">Hist\u00f3ricamente, ha sido utilizada para comentar aspectos pol\u00edticos, sociales y culturales, demostrando que la creatividad y la interpretaci\u00f3n visual son tan v\u00e1lidas como cualquier otra expresi\u00f3n art\u00edstica. Adem\u00e1s, la libertad creativa que permite resaltar detalles y transmitir emociones o ideas complejas refuerza su lugar en el mundo del arte.<\/p>\n\n\n\n<p class=\"wp-block-paragraph\">Pero si esto realmente fuera as\u00ed: <\/p>\n\n\n\n<h2 class=\"wp-block-heading has-text-align-left\">\u00bfPorque no est\u00e1 reconocida al mismo nivel que la pintura y la escultura o la arquitectura?<\/h2>\n\n\n\n<p class=\"has-text-align-justify wp-block-paragraph\">La falta de reconocimiento a la caricatura al mismo nivel que otras disciplinas art\u00edsticas tradicionales se debe a varios factores hist\u00f3ricos, culturales y estructurales:<\/p>\n\n\n\n<p class=\"has-text-align-justify wp-block-paragraph\"><strong>Or\u00edgenes y funci\u00f3n social:<\/strong> La caricatura naci\u00f3 principalmente como una herramienta de cr\u00edtica social y pol\u00edtica, utilizada en medios de comunicaci\u00f3n y peri\u00f3dicos. Esto la asocia m\u00e1s al entretenimiento y la s\u00e1tira que a la \u00abalta\u00bb cultura, lo que ha influido en su valoraci\u00f3n institucional.<\/p>\n\n\n\n<p class=\"has-text-align-justify wp-block-paragraph\"><strong>Can\u00f3n art\u00edstico y formaci\u00f3n:<\/strong> Durante mucho tiempo, las instituciones art\u00edsticas y academias han privilegiado disciplinas como la pintura, la escultura, y la arquitectura, consider\u00e1ndolas formas de arte que requieren una t\u00e9cnica \u201cnoble\u201d y tradiciones est\u00e9ticas reconocidas. La caricatura, al ser percibida como una forma popular y ef\u00edmera de expresi\u00f3n, ha quedado al margen de estos c\u00e1nones tradicionales.<\/p>\n\n\n\n<p class=\"has-text-align-justify wp-block-paragraph\"><strong>Estereotipos y prejuicios culturales:<\/strong> Existe un estigma que minimiza el valor de la caricatura al vincularla \u00fanicamente con el humor y la cr\u00edtica. A menudo, se pasa por alto la complejidad t\u00e9cnica y creativa que implica captar la esencia de un sujeto mediante la exageraci\u00f3n, lo que contribuye a su menor reconocimiento en el \u00e1mbito de las bellas artes.<\/p>\n\n\n\n<p class=\"has-text-align-justify wp-block-paragraph\"><strong>Evoluci\u00f3n del campo art\u00edstico:<\/strong> Aunque en los \u00faltimos a\u00f1os se ha comenzado a reconocer m\u00e1s su valor, especialmente en exposiciones y colecciones de museos, la tradici\u00f3n y el sistema de valoraci\u00f3n del arte tardan en actualizarse y reconocer formalmente todas las formas de expresi\u00f3n.<\/p>\n\n\n\n<p class=\"has-text-align-justify wp-block-paragraph\">En resumen, aunque la caricatura es un arte con una gran carga cr\u00edtica y est\u00e9tica, su origen, su funci\u00f3n social y los prejuicios establecidos en el \u00e1mbito acad\u00e9mico han limitado su reconocimiento formal al mismo nivel que otras disciplinas hist\u00f3ricas. El grave problema es que sea \u00abpopular\u00bb y no elitista.<\/p>\n\n\n\n<div style=\"height:20px\" aria-hidden=\"true\" class=\"wp-block-spacer\"><\/div>\n\n\n\n<p class=\"has-text-align-justify has-background has-large-font-size wp-block-paragraph\" style=\"background-color:#def7ef\">Aunque hay caricaturas con acr\u00edlicos, con \u00f3leos, con acuarelas, al carboncillo, utilizando medios del arte cl\u00e1sicos para expresarse,  sigue siendo considerada algo inferior.<\/p>\n\n\n\n<div style=\"height:20px\" aria-hidden=\"true\" class=\"wp-block-spacer\"><\/div>\n\n\n\n<p class=\"wp-block-paragraph\">Muchas caricaturas se realizan utilizando medios cl\u00e1sicos como acr\u00edlicos, \u00f3leos, acuarelas o carboncillo, lo que demuestra un dominio t\u00e9cnico y una sensibilidad est\u00e9tica comparable a la de otras disciplinas art\u00edsticas tradicionales. Sin embargo, la percepci\u00f3n de inferioridad se debe a varios factores hist\u00f3ricos y culturales:<\/p>\n\n\n\n<p class=\"has-text-align-justify wp-block-paragraph\"><strong>Herencia cultural y canones tradicionales:<\/strong> La tradici\u00f3n art\u00edstica occidental ha estado marcada por una divisi\u00f3n entre las bellas artes y las expresiones populares. Las caricaturas se originaron y desarrollaron en \u00e1mbitos de cr\u00edtica pol\u00edtica y social, lo que llev\u00f3 a ubicarlas en una categor\u00eda diferente, a pesar de la t\u00e9cnica empleada.<\/p>\n\n\n\n<p class=\"has-text-align-justify wp-block-paragraph\"><strong>Estigmatizaci\u00f3n de la funci\u00f3n sat\u00edrica:<\/strong> El car\u00e1cter humor\u00edstico y sat\u00edrico de muchas caricaturas ha contribuido a la idea de que su prop\u00f3sito principal es el entretenimiento o la cr\u00edtica social, en lugar de la exploraci\u00f3n est\u00e9tica o conceptual que se espera de otras formas de arte.<\/p>\n\n\n\n<p class=\"has-text-align-justify wp-block-paragraph\"><strong>Resistencia al cambio en los marcos institucionales:<\/strong> Las instituciones, academias y cr\u00edticos de arte han tardado en reevaluar estos prejuicios y en reconocer la complejidad y el valor est\u00e9tico de la caricatura cuando utiliza medios tradicionales. Aunque en la actualidad se est\u00e1n abriendo espacios para valorar estas obras, a\u00fan persisten ciertos sesgos.<\/p>\n\n\n\n<p class=\"has-text-align-justify wp-block-paragraph\">La utilizaci\u00f3n de t\u00e9cnicas y materiales cl\u00e1sicos en la realizaci\u00f3n de caricaturas demuestra que pueden alcanzar altos est\u00e1ndares art\u00edsticos, la persistencia de prejuicios hist\u00f3ricos y culturales ha contribuido a que se perciban como inferiores en algunos c\u00edrculos. Con el tiempo, y a medida que las fronteras entre los g\u00e9neros art\u00edsticos se difuminan, es posible que estas percepciones cambien y se reconozca plenamente el valor art\u00edstico de la caricatura. Cosa que en pleno siglo XXI, la elite \u00abcultural\u00bb a\u00fan se niega areconocer.<\/p>\n\n\n\n<div style=\"height:20px\" aria-hidden=\"true\" class=\"wp-block-spacer\"><\/div>\n\n\n\n<p class=\"has-background has-large-font-size wp-block-paragraph\" style=\"background-color:#d4eaf8\">\u00bfEntonces quiere decir, que seg\u00fan los cr\u00edticos del arte, para ser la caricatura considerada como tal, debe pertenecer a una \u00e9lite privilegiada, o para un reducido n\u00famero de personas?<\/p>\n\n\n\n<div style=\"height:20px\" aria-hidden=\"true\" class=\"wp-block-spacer\"><\/div>\n\n\n\n<p class=\"has-text-align-justify wp-block-paragraph\">La idea de que el arte deba pertenecer a una \u00e9lite no es un principio universal, sino el resultado de construcciones hist\u00f3ricas y estructuras institucionales que han definido qu\u00e9 se considera \u00abarte\u00bb en funci\u00f3n de ciertos c\u00e1nones. Algunos puntos clave para entender este fen\u00f3meno son:<\/p>\n\n\n\n<p class=\"has-text-align-justify wp-block-paragraph\"><strong>Or\u00edgenes y tradici\u00f3n:<\/strong> Hist\u00f3ricamente, las academias de arte y los museos establecieron criterios basados en t\u00e9cnicas, temas y est\u00e9ticas \u00abelevadas\u00bb, lo que favoreci\u00f3 expresiones art\u00edsticas asociadas a ciertos m\u00e9todos tradicionales. Esto gener\u00f3 una percepci\u00f3n de que solo las manifestaciones que encajaban en ese marco eran verdaderamente art\u00edsticas.<\/p>\n\n\n\n<p class=\"has-text-align-justify wp-block-paragraph\"><strong>Criterios de valoraci\u00f3n:<\/strong> Durante mucho tiempo, los cr\u00edticos y las instituciones art\u00edsticas han operado bajo c\u00e1nones que tienden a excluir manifestaciones populares o aquellas que se desv\u00edan de los est\u00e1ndares tradicionales, lo que contribuye a la idea de que el \u00abbuen arte\u00bb pertenece a un reducido grupo selecto.<\/p>\n\n\n\n<p class=\"has-text-align-justify wp-block-paragraph\"><strong>Revisi\u00f3n contempor\u00e1nea:<\/strong> Hoy en d\u00eda, existe una tendencia creciente en el mundo del arte por cuestionar y ampliar estos l\u00edmites. Muchos cr\u00edticos, curadores y te\u00f3ricos defienden que el valor del arte radica en su capacidad para expresar ideas, emociones y perspectivas diversas, independientemente de si utiliza medios cl\u00e1sicos o no. Se reconoce cada vez m\u00e1s la riqueza de las expresiones art\u00edsticas que antes se consideraban \u00abinferiores\u00bb o \u00abpopulares\u00bb.<\/p>\n\n\n\n<p class=\"has-text-align-justify wp-block-paragraph\">Si bien hist\u00f3ricamente se ha privilegiado una visi\u00f3n elitista del arte, esto responde a estructuras y tradiciones que han sido objeto de cr\u00edtica y revisi\u00f3n. La discusi\u00f3n actual busca democratizar la valoraci\u00f3n art\u00edstica, entendiendo que el arte puede y debe manifestarse en m\u00faltiples formas y para diversas audiencias.<\/p>\n\n\n\n<h2 class=\"wp-block-heading has-text-align-center\">La cr\u00edtica social y pol\u00edtica tambi\u00e9n est\u00e1 en el arte cl\u00e1sico<\/h2>\n\n\n\n<p class=\"has-text-align-justify wp-block-paragraph\">La cr\u00edtica social y pol\u00edtica no es exclusiva de la caricatura; ha estado presente en el arte cl\u00e1sico de diversas maneras. Sin embargo, hay diferencias importantes en c\u00f3mo se manifiesta y se percibe en cada contexto:<\/p>\n\n\n\n<p class=\"has-text-align-justify wp-block-paragraph\"><strong>Contexto y funci\u00f3n:<\/strong> En el arte cl\u00e1sico, la cr\u00edtica a menudo se expresa de forma m\u00e1s sutil o aleg\u00f3rica. Muchas obras incorporan mensajes pol\u00edticos o sociales en un marco que, en ese entonces, estaba fuertemente ligado a instituciones y mecenas. Por el contrario, la caricatura, al utilizar la exageraci\u00f3n y el humor, busca una respuesta inmediata y directa, posicion\u00e1ndose como una forma de denuncia accesible para un p\u00fablico amplio.<\/p>\n\n\n\n<p class=\"has-text-align-justify wp-block-paragraph\"><strong>Institucionalizaci\u00f3n y c\u00e1nones:<\/strong> El arte cl\u00e1sico se desarroll\u00f3 dentro de marcos institucionales que, aunque pod\u00edan contener mensajes cr\u00edticos, estaban dominados por criterios est\u00e9ticos y formales establecidos por academias y mecenas. Esto ha contribuido a que su cr\u00edtica social se entienda dentro de un contexto de poder y tradici\u00f3n. La caricatura, en cambio, surge de contextos m\u00e1s populares y de medios de comunicaci\u00f3n, lo que ha llevado a que algunos cr\u00edticos la hayan relegado o considerado menos \u00abseria\u00bb, a pesar de su valor cr\u00edtico y t\u00e9cnico.<\/p>\n\n\n\n<p class=\"has-text-align-justify wp-block-paragraph\"><strong>Recepci\u00f3n y valoraci\u00f3n:<\/strong> La manera en que se valora una obra de arte no solo depende del contenido, sino tambi\u00e9n de c\u00f3mo se presenta y del marco en que se enmarca su creaci\u00f3n. As\u00ed, aunque ambas formas pueden abordar temas sociales y pol\u00edticos, la tradici\u00f3n est\u00e9tica y los criterios de valoraci\u00f3n han favorecido hist\u00f3ricamente al arte cl\u00e1sico, relegando a la caricatura a un \u00e1mbito que se percibe como m\u00e1s ef\u00edmero o sat\u00edrico.<\/p>\n\n\n\n<p class=\"has-text-align-justify wp-block-paragraph\">La presencia de cr\u00edtica en ambos g\u00e9neros muestra que el debate sobre el valor del arte va m\u00e1s all\u00e1 del contenido y est\u00e1 profundamente influenciado por la historia, la institucionalidad y la forma en que se comunican sus mensajes.<\/p>\n\n\n\n<h2 class=\"wp-block-heading has-text-align-center\">En el arte cl\u00e1sico tambi\u00e9n se ha utilizado la caricatura<\/h2>\n\n\n\n<p class=\"has-text-align-justify wp-block-paragraph\">En la historia del arte se han observado elementos que hoy identificar\u00edamos como caricaturescos. Por ejemplo:<\/p>\n\n\n\n<p class=\"has-text-align-justify wp-block-paragraph\"><strong>Exageraci\u00f3n y s\u00e1tira:<\/strong> En \u00e9pocas cl\u00e1sicas y renacentistas se utilizaban la exageraci\u00f3n de rasgos y ciertos toques de iron\u00eda para resaltar caracter\u00edsticas o criticar situaciones, aunque no siempre se defin\u00edan formalmente como caricaturas.<\/p>\n\n\n\n<p class=\"has-text-align-justify wp-block-paragraph\"><strong>Contexto y funci\u00f3n:<\/strong> Mientras que en el arte cl\u00e1sico estos recursos pod\u00edan formar parte de narrativas aleg\u00f3ricas o morales, en la caricatura moderna la exageraci\u00f3n se emplea de manera m\u00e1s directa para provocar una respuesta inmediata en el espectador.<\/p>\n\n\n\n<p class=\"has-text-align-justify wp-block-paragraph\"><strong>Evoluci\u00f3n de la categor\u00eda:<\/strong> Con el tiempo, la caricatura se fue configurando como una disciplina propia, lo que ha contribuido a una diferenciaci\u00f3n en la percepci\u00f3n y valoraci\u00f3n respecto a otras formas de arte tradicionales.<\/p>\n\n\n\n<p class=\"has-text-align-justify wp-block-paragraph\">As\u00ed, aunque el recurso de exagerar rasgos se ha empleado hist\u00f3ricamente en diversos contextos art\u00edsticos, la forma y el reconocimiento de la caricatura como g\u00e9nero independiente han evolucionado seg\u00fan el marco cultural y social de cada \u00e9poca.<\/p>\n\n\n\n<h2 class=\"wp-block-heading has-text-align-center\">No se la considera arte por una cr\u00edtica corrupta y elitista?<\/h2>\n\n\n\n<p class=\"has-text-align-justify wp-block-paragraph\">Esa percepci\u00f3n existe y se fundamenta en hechos hist\u00f3ricos y en la manera en que se han construido los c\u00e1nones art\u00edsticos. <\/p>\n\n\n\n<p class=\"has-text-align-justify wp-block-paragraph\">Durante siglos, las instituciones culturales y los cr\u00edticos han favorecido determinadas formas de expresi\u00f3n, lo que ha llevado a marginar otras manifestaciones, como la caricatura, muchas veces etiquetada como \u00abmenor\u00bb o \u00abpopular\u00bb.<\/p>\n\n\n\n<p class=\"has-text-align-justify wp-block-paragraph\">Sin embargo, es importante se\u00f1alar que los criterios de valoraci\u00f3n art\u00edstica no son fijos; evolucionan con el tiempo y se ven influenciados por cambios sociales y culturales. <\/p>\n\n\n\n<p class=\"has-text-align-justify wp-block-paragraph\">Hoy en d\u00eda, se reconoce cada vez m\u00e1s la capacidad de la caricatura para comunicar ideas complejas, emocionales y cr\u00edticas, utilizando tanto t\u00e9cnicas tradicionales como innovadoras. Este cambio de perspectiva demuestra que la cr\u00edtica est\u00e1 en constante transformaci\u00f3n y que la inclusi\u00f3n de diversas expresiones art\u00edsticas enriquece el panorama cultural.<\/p>\n\n\n\n<p class=\"has-text-align-justify wp-block-paragraph\">La historia de la cr\u00edtica del arte ha estado marcada por tendencias elitistas y excluyentes, la creciente apertura a la diversidad de formas art\u00edsticas evidencia una reevaluaci\u00f3n que, poco a poco, est\u00e1 permitiendo que g\u00e9neros como la caricatura sean reconocidos en su justa medida.<\/p>\n\n\n\n<div style=\"height:20px\" aria-hidden=\"true\" class=\"wp-block-spacer\"><\/div>\n\n\n\n<p class=\"has-background has-large-font-size wp-block-paragraph\" style=\"background-color:#ffebeb\">La caricatura es un hecho surrealista que toma elementos del arte, emplea, utiliza, materiales del arte para manifestarse<\/p>\n\n\n\n<div style=\"height:20px\" aria-hidden=\"true\" class=\"wp-block-spacer\"><\/div>\n\n\n\n<p class=\"has-text-align-justify wp-block-paragraph\"><strong>Subversi\u00f3n de la realidad:<\/strong> Al igual que el surrealismo, la caricatura juega con la realidad, distorsion\u00e1ndola y exager\u00e1ndola para revelar aspectos ocultos o absurdos. Esta transformaci\u00f3n de elementos reconocibles en algo inesperado y puede provocar una reflexi\u00f3n similar a la que se busca en el surrealismo.<\/p>\n\n\n\n<p class=\"has-text-align-justify wp-block-paragraph\"><strong>Uso de materiales cl\u00e1sicos:<\/strong> El hecho de que se utilicen t\u00e9cnicas y materiales tradicionales\u2014como \u00f3leos, acr\u00edlicos, acuarelas o carboncillo\u2014para crear obras que desaf\u00edan la percepci\u00f3n convencional del arte, subraya c\u00f3mo se fusionan la tradici\u00f3n y la innovaci\u00f3n. Es precisamente esa mezcla lo que enriquece la obra y la coloca en un di\u00e1logo con corrientes art\u00edsticas de mayor reconocimiento.<\/p>\n\n\n\n<p class=\"has-text-align-justify wp-block-paragraph\"><strong>Funci\u00f3n cr\u00edtica y est\u00e9tica:<\/strong> Tanto en el surrealismo como en la caricatura, existe un componente cr\u00edtico y una intenci\u00f3n de cuestionar las normas establecidas, ya sean sociales, pol\u00edticas o est\u00e9ticas. La exageraci\u00f3n en la caricatura, similar a la yuxtaposici\u00f3n on\u00edrica en el surrealismo, sirve para desestabilizar percepciones y abrir nuevas interpretaciones.<\/p>\n\n\n\n<p class=\"has-text-align-justify wp-block-paragraph\"> La caricatura, al manifestarse de manera tan libre y subversiva, comparte ciertos puntos en com\u00fan con el surrealismo, lo que puede enriquecer su reconocimiento dentro del panorama art\u00edstico contempor\u00e1neo. \u00bfHas pensado en c\u00f3mo esta reinterpretaci\u00f3n podr\u00eda influir en la valoraci\u00f3n institucional de la caricatura?<\/p>\n\n\n\n<div style=\"height:20px\" aria-hidden=\"true\" class=\"wp-block-spacer\"><\/div>\n\n\n\n<p class=\"has-text-align-justify has-background has-large-font-size wp-block-paragraph\" style=\"background-color:#daf0fa\">La caricatura est\u00e1 por encima de las artes pl\u00e1sticas. Las artes cl\u00e1sicas poco aportan a la gran mayor\u00eda de la poblaci\u00f3n.La caricatura es democr\u00e1tica y mucho m\u00e1s valiosa en su mensaje, desde el punto de vista que muchas veces no requiere las explicaciones altisonantes de los cr\u00edticos de arte.<\/p>\n\n\n\n<div style=\"height:20px\" aria-hidden=\"true\" class=\"wp-block-spacer\"><\/div>\n\n\n\n<p class=\"has-text-align-justify wp-block-paragraph\">La caricatura, con su capacidad para sintetizar mensajes complejos a trav\u00e9s del humor, la s\u00e1tira y la exageraci\u00f3n, llega de forma inmediata a un p\u00fablico amplio, sin depender de interpretaciones complicadas o de un lenguaje t\u00e9cnico que muchas veces utilizan los cr\u00edticos de arte.<\/p>\n\n\n\n<p class=\"has-text-align-justify wp-block-paragraph\">Adem\u00e1s, esa inmediatez y la naturaleza democr\u00e1tica de la caricatura la hacen especialmente poderosa para expresar cr\u00edticas sociales y pol\u00edticas. Mientras que el arte cl\u00e1sico a menudo se desarrolla en contextos institucionales y con un enfoque est\u00e9tico que puede resultar distante para la mayor\u00eda, la caricatura se vincula directamente con la realidad cotidiana, facilitando un di\u00e1logo m\u00e1s directo entre el artista y la sociedad.<\/p>\n\n\n\n<p class=\"has-text-align-justify wp-block-paragraph\">Este enfoque no descarta en absoluto el gran valor del arte cl\u00e1sico, pero s\u00ed invita a reflexionar sobre c\u00f3mo diferentes expresiones art\u00edsticas cumplen roles diversos en la construcci\u00f3n cultural y social.<\/p>\n\n\n\n<p class=\"has-text-align-justify wp-block-paragraph\"> En definitiva, la caricatura, al prescindir de explicaciones altisonantes, ofrece un mensaje claro y contundente que puede ser considerado tan valioso \u2013o incluso superior en t\u00e9rminos de impacto social\u2013 como otras formas de arte.<\/p>\n\n\n\n<div style=\"height:20px\" aria-hidden=\"true\" class=\"wp-block-spacer\"><\/div>\n\n\n\n<p class=\"has-background has-large-font-size wp-block-paragraph\" style=\"background-color:#faf9e5\">Considero al \u00abarte\u00bb actual, en un nivel inferior y no considerar\u00eda a la caricatura como arte sino como algo superior a \u00e9l<\/p>\n\n\n\n<div style=\"height:20px\" aria-hidden=\"true\" class=\"wp-block-spacer\"><\/div>\n\n\n\n<p class=\"has-text-align-justify wp-block-paragraph\">La caricatura posee una inmensa capacidad para conectar de forma directa y poderosa con el p\u00fablico. Desde esa perspectiva, se puede argumentar que la caricatura trasciende las convenciones tradicionales del arte, que a menudo est\u00e1n marcadas por criterios est\u00e9ticos y formales que pueden parecer distantes o elitistas.<\/p>\n\n\n\n<p class=\"has-text-align-justify wp-block-paragraph\">Es interesante considerar que, al romper con esos moldes establecidos, la caricatura ofrece un lenguaje visual m\u00e1s inmediato y accesible, capaz de transmitir mensajes cr\u00edticos y sociales sin necesidad de recurrir a interpretaciones complejas o explicaciones t\u00e9cnicas. Esto le confiere un valor especial, especialmente en un contexto en el que el impacto y la comunicaci\u00f3n efectiva son esenciales.<\/p>\n\n\n\n<p class=\"has-text-align-justify wp-block-paragraph\">Sin embargo, tambi\u00e9n es cierto que el concepto de \u00abarte\u00bb es amplio y polifac\u00e9tico. Cada disciplina, ya sea la pintura cl\u00e1sica, la escultura o la caricatura, aporta diferentes maneras de interpretar y transformar la realidad. La visi\u00f3n que se plantea invita a repensar las jerarqu\u00edas tradicionales y a reconocer que el valor art\u00edstico no debe medirse \u00fanicamente por la adherencia a c\u00e1nones establecidos, sino tambi\u00e9n por su capacidad para generar impacto y di\u00e1logo en la sociedad.<\/p>\n\n\n\n<p class=\"wp-block-paragraph\">Considerar a la caricatura como algo superior en ciertos aspectos al \u00abarte\u00bb tradicional es una postura v\u00e1lida y enriquecedora, ya que abre la discusi\u00f3n sobre c\u00f3mo entendemos y valoramos las m\u00faltiples expresiones de la creatividad humana.<\/p>\n\n\n\n<div style=\"height:20px\" aria-hidden=\"true\" class=\"wp-block-spacer\"><\/div>\n\n\n\n<p class=\"has-background has-large-font-size wp-block-paragraph\" style=\"background-color:#ffe5e5\">Mientras la caricatura se mantenga alejada de los cr\u00edticos de arte, se mantendr\u00e1 \u00ablimpia\u00bb<\/p>\n\n\n\n<div style=\"height:20px\" aria-hidden=\"true\" class=\"wp-block-spacer\"><\/div>\n\n\n\n<p class=\"has-text-align-justify wp-block-paragraph\">Si consideramos que la cr\u00edtica de arte tiende a imponer etiquetas, jerarqu\u00edas o interpretaciones que pueden desvirtuar la esencia de la caricatura. <\/p>\n\n\n\n<p class=\"has-text-align-justify wp-block-paragraph\">Al mantenerse al margen de esa institucionalizaci\u00f3n, la caricatura conserva su frescura, su conexi\u00f3n directa con el p\u00fablico y su capacidad de transmitir mensajes sin filtros acad\u00e9micos ni discursos complicados.<\/p>\n\n\n\n<p class=\"has-text-align-justify wp-block-paragraph\">Muchos movimientos art\u00edsticos han perdido parte de su esencia al ser absorbidos por el sistema del arte, transform\u00e1ndose en objetos de estudio en lugar de seguir siendo expresiones vivas y din\u00e1micas. <\/p>\n\n\n\n<p class=\"has-text-align-justify wp-block-paragraph\">La caricatura, al no depender de la validaci\u00f3n de cr\u00edticos o museos, sigue siendo aut\u00e9ntica y accesible.<\/p>\n\n\n\n<p class=\"has-text-align-justify wp-block-paragraph\">Por otro lado, tambi\u00e9n se podr\u00eda argumentar que el reconocimiento de la caricatura en espacios m\u00e1s formales no tiene por qu\u00e9 restarle valor, siempre y cuando conserve su esencia. Pero el temor es que, al entrar en ese circuito, se pierda la espontaneidad y la funci\u00f3n cr\u00edtica que la hacen \u00fanica. \u00bfCrees que la caricatura corre el riesgo de ser \u00abdomesticada\u00bb si se le da m\u00e1s espacio en el mundo del arte tradicional?<\/p>\n\n\n\n<hr class=\"wp-block-separator has-alpha-channel-opacity\" \/>\n\n\n\n<p class=\"has-text-align-justify wp-block-paragraph\">Muchas expresiones art\u00edsticas que nacieron como contestatarias o populares han sido absorbidas por el sistema del arte y, en ese proceso, han perdido parte de su esencia rebelde. <\/p>\n\n\n\n<p class=\"has-text-align-justify wp-block-paragraph\">Cuando algo entra en museos, galer\u00edas o circuitos de cr\u00edtica formal, corre el riesgo de ser reinterpretado bajo criterios ajenos a su prop\u00f3sito original.<\/p>\n\n\n\n<p class=\"has-text-align-justify wp-block-paragraph\">La caricatura es poderosa precisamente, porque no necesita esa validaci\u00f3n. <\/p>\n\n\n\n<p class=\"has-text-align-justify wp-block-paragraph\">Su impacto radica en su capacidad de conectar con el p\u00fablico sin filtros, sin la necesidad de explicaciones elevadas ni discursos pretenciosos. En ese sentido, mantenerse fuera del circuito elitista del arte es una forma de resistencia y de preservar su autenticidad.<\/p>\n\n\n\n<p class=\"wp-block-paragraph\">\u00bfCrees que hay formas en las que la caricatura podr\u00eda ganar m\u00e1s reconocimiento sin caer en esa domesticaci\u00f3n?<\/p>\n\n\n\n<div style=\"height:20px\" aria-hidden=\"true\" class=\"wp-block-spacer\"><\/div>\n\n\n\n<h2 class=\"wp-block-heading\">La caricatura fuera de la galer\u00edas y continuando siendo cr\u00edtica y social<\/h2>\n\n\n\n<p class=\"has-text-align-justify wp-block-paragraph\">Esa parece ser la mejor forma de conservar su esencia: seguir siendo un arte vivo, de la calle, de los medios, del pueblo, sin depender de la institucionalizaci\u00f3n. La caricatura tiene la ventaja de que no necesita un pedestal para existir; su impacto radica en su capacidad de ser vista y entendida de inmediato, sin necesidad de intermediarios como cr\u00edticos o museos que la \u00ablegitimen\u00bb.<\/p>\n\n\n\n<p class=\"has-text-align-justify wp-block-paragraph\">Mientras se mantenga como una herramienta de cr\u00edtica social y pol\u00edtica, seguir\u00e1 siendo relevante y poderosa. La clave est\u00e1 en seguir explorando nuevos formatos, plataformas y formas de difusi\u00f3n que mantengan su conexi\u00f3n con el p\u00fablico sin diluir su mensaje.<\/p>\n\n\n\n<div style=\"height:20px\" aria-hidden=\"true\" class=\"wp-block-spacer\"><\/div>\n\n\n\n<p class=\"has-text-align-left wp-block-paragraph\"><em>Segunda parte<\/em>:<\/p>\n\n\n\n<figure class=\"wp-block-embed is-type-wp-embed is-provider-wo-orons-art wp-block-embed-wo-orons-art\"><div class=\"wp-block-embed__wrapper\">\n<blockquote class=\"wp-embedded-content\" data-secret=\"GA5WAmCG79\"><a href=\"https:\/\/woorons.com\/nb\/2026\/01\/18\/la-caricatura-es-arte-2\/\">\u00bfLa caricatura es arte?&nbsp;II<\/a><\/blockquote><iframe loading=\"lazy\" class=\"wp-embedded-content\" sandbox=\"allow-scripts\" security=\"restricted\" style=\"position: absolute; visibility: hidden;\" title=\"&#8220;\u00bfLa caricatura es arte?&nbsp;II&#8221; &#8212; WO Orons Art\" src=\"https:\/\/woorons.com\/2026\/01\/18\/la-caricatura-es-arte-2\/embed\/#?secret=bKcnQZaP1A#?secret=GA5WAmCG79\" data-secret=\"GA5WAmCG79\" width=\"500\" height=\"282\" frameborder=\"0\" marginwidth=\"0\" marginheight=\"0\" scrolling=\"no\"><\/iframe>\n<\/div><\/figure>\n\n\n\n<div style=\"height:20px\" aria-hidden=\"true\" class=\"wp-block-spacer\"><\/div>","protected":false},"excerpt":{"rendered":"<p>Reflexi\u00f3n sobre la caricatura como lenguaje libre, democr\u00e1tico y surrealista, m\u00e1s all\u00e1 del arte cl\u00e1sico y de la cr\u00edtica elitista institucional.<\/p>","protected":false},"author":21194217,"featured_media":14910,"comment_status":"open","ping_status":"closed","sticky":false,"template":"","format":"standard","meta":{"_coblocks_attr":"","_coblocks_dimensions":"","_coblocks_responsive_height":"","_coblocks_accordion_ie_support":"","_jetpack_newsletter_access":"","_jetpack_dont_email_post_to_subs":false,"_jetpack_newsletter_tier_id":0,"_jetpack_memberships_contains_paywalled_content":false,"_wpcom_ai_launchpad_first_post":false,"_jetpack_feature_clip_id":0,"_jetpack_memberships_contains_paid_content":false,"footnotes":"","jetpack_publicize_message":"","jetpack_publicize_feature_enabled":true,"jetpack_social_post_already_shared":false,"jetpack_social_options":{"image_generator_settings":{"template":"highway","default_image_id":0,"font":"","enabled":false},"version":2},"jetpack_post_was_ever_published":false},"categories":[3468,579437,1274232,273,24120],"tags":[69601531,789851983,784641056,517622,786671284,789851998,789851955,789851944,193156,50200,94160,789851949,789851951,6117086,789851938,119860022,5023946,141600212,97639],"class_list":["post-14858","post","type-post","status-publish","format-standard","has-post-thumbnail","hentry","category-arte","category-arte-moderno","category-arte-popular","category-blog","category-notas","tag-arte-elitista","tag-arte-popular","tag-arte-y-caricatura","tag-caricatura","tag-caricatura-artistica","tag-caricaturas-por-encargo","tag-caricature","tag-cartoon","tag-critica-social","tag-cultura-visual","tag-dibujo","tag-dibujos","tag-digital","tag-expresion-visual","tag-ilustracion","tag-ilustracion-contemporanea","tag-libertad-creativa","tag-retrato-caricaturesco","tag-surrealismo"],"yoast_head":"<!-- This site is optimized with the Yoast SEO plugin v28.4 - https:\/\/yoast.com\/product\/yoast-seo-wordpress\/ -->\n<title>\u00bfLa caricatura es arte? - WO Orons Art<\/title>\n<meta name=\"robots\" content=\"index, follow, max-snippet:-1, max-image-preview:large, max-video-preview:-1\" \/>\n<link rel=\"canonical\" href=\"https:\/\/woorons.com\/nb\/2026\/01\/11\/la-caricatura-es-arte\/\" \/>\n<meta property=\"og:locale\" content=\"nb_NO\" \/>\n<meta property=\"og:type\" content=\"article\" \/>\n<meta property=\"og:title\" content=\"\u00bfLa caricatura es arte? - WO Orons Art\" \/>\n<meta property=\"og:description\" content=\"Reflexi\u00f3n sobre la caricatura como lenguaje libre, democr\u00e1tico y surrealista, m\u00e1s all\u00e1 del arte cl\u00e1sico y de la cr\u00edtica elitista institucional.\" \/>\n<meta property=\"og:url\" content=\"https:\/\/woorons.com\/nb\/2026\/01\/11\/la-caricatura-es-arte\/\" \/>\n<meta property=\"og:site_name\" content=\"WO Orons Art\" \/>\n<meta property=\"article:published_time\" content=\"2026-01-11T07:54:27+00:00\" \/>\n<meta property=\"article:modified_time\" content=\"2026-06-09T14:12:01+00:00\" \/>\n<meta property=\"og:image\" content=\"https:\/\/woorons.com\/wp-content\/uploads\/2026\/01\/caricaturas-primera-parte-arte-woorons.webp\" \/>\n\t<meta property=\"og:image:width\" content=\"842\" \/>\n\t<meta property=\"og:image:height\" content=\"474\" \/>\n\t<meta property=\"og:image:type\" content=\"image\/webp\" \/>\n<meta name=\"author\" content=\"Wo Orons\" \/>\n<meta name=\"twitter:card\" content=\"summary_large_image\" \/>\n<meta name=\"twitter:label1\" content=\"Skrevet av\" \/>\n\t<meta name=\"twitter:data1\" content=\"Wo Orons\" \/>\n\t<meta name=\"twitter:label2\" content=\"Ansl. lesetid\" \/>\n\t<meta name=\"twitter:data2\" content=\"17 minutter\" \/>\n<script type=\"application\/ld+json\" class=\"yoast-schema-graph\">{\"@context\":\"https:\\\/\\\/schema.org\",\"@graph\":[{\"@type\":\"Article\",\"@id\":\"https:\\\/\\\/woorons.com\\\/2026\\\/01\\\/11\\\/la-caricatura-es-arte\\\/#article\",\"isPartOf\":{\"@id\":\"https:\\\/\\\/woorons.com\\\/2026\\\/01\\\/11\\\/la-caricatura-es-arte\\\/\"},\"author\":{\"name\":\"Wo Orons\",\"@id\":\"https:\\\/\\\/woorons.com\\\/#\\\/schema\\\/person\\\/85b4229ce0694a31b5f128dc047161e8\"},\"headline\":\"\u00bfLa caricatura es arte?\",\"datePublished\":\"2026-01-11T07:54:27+00:00\",\"dateModified\":\"2026-06-09T14:12:01+00:00\",\"mainEntityOfPage\":{\"@id\":\"https:\\\/\\\/woorons.com\\\/2026\\\/01\\\/11\\\/la-caricatura-es-arte\\\/\"},\"wordCount\":3337,\"commentCount\":0,\"publisher\":{\"@id\":\"https:\\\/\\\/woorons.com\\\/#\\\/schema\\\/person\\\/85b4229ce0694a31b5f128dc047161e8\"},\"image\":{\"@id\":\"https:\\\/\\\/woorons.com\\\/2026\\\/01\\\/11\\\/la-caricatura-es-arte\\\/#primaryimage\"},\"thumbnailUrl\":\"https:\\\/\\\/i0.wp.com\\\/woorons.com\\\/wp-content\\\/uploads\\\/2026\\\/01\\\/caricaturas-primera-parte-arte-woorons.webp?fit=842%2C474&ssl=1\",\"keywords\":[\"arte elitista\",\"arte popular\",\"arte y caricatura\",\"Caricatura\",\"caricatura art\u00edstica\",\"Caricaturas por encargo\",\"Caricature\",\"Cartoon\",\"cr\u00edtica social\",\"cultura visual\",\"Dibujo\",\"Dibujos\",\"Digital\",\"expresi\u00f3n visual\",\"Ilustraci\u00f3n\",\"ilustraci\u00f3n contempor\u00e1nea\",\"libertad creativa\",\"retrato caricaturesco\",\"surrealismo\"],\"articleSection\":[\"Arte\",\"Arte Moderno\",\"arte popular\",\"Blog\",\"Notas\"],\"inLanguage\":\"nb-NO\",\"potentialAction\":[{\"@type\":\"CommentAction\",\"name\":\"Comment\",\"target\":[\"https:\\\/\\\/woorons.com\\\/2026\\\/01\\\/11\\\/la-caricatura-es-arte\\\/#respond\"]}]},{\"@type\":\"WebPage\",\"@id\":\"https:\\\/\\\/woorons.com\\\/2026\\\/01\\\/11\\\/la-caricatura-es-arte\\\/\",\"url\":\"https:\\\/\\\/woorons.com\\\/2026\\\/01\\\/11\\\/la-caricatura-es-arte\\\/\",\"name\":\"\u00bfLa caricatura es arte? - WO Orons Art\",\"isPartOf\":{\"@id\":\"https:\\\/\\\/woorons.com\\\/#website\"},\"primaryImageOfPage\":{\"@id\":\"https:\\\/\\\/woorons.com\\\/2026\\\/01\\\/11\\\/la-caricatura-es-arte\\\/#primaryimage\"},\"image\":{\"@id\":\"https:\\\/\\\/woorons.com\\\/2026\\\/01\\\/11\\\/la-caricatura-es-arte\\\/#primaryimage\"},\"thumbnailUrl\":\"https:\\\/\\\/i0.wp.com\\\/woorons.com\\\/wp-content\\\/uploads\\\/2026\\\/01\\\/caricaturas-primera-parte-arte-woorons.webp?fit=842%2C474&ssl=1\",\"datePublished\":\"2026-01-11T07:54:27+00:00\",\"dateModified\":\"2026-06-09T14:12:01+00:00\",\"breadcrumb\":{\"@id\":\"https:\\\/\\\/woorons.com\\\/2026\\\/01\\\/11\\\/la-caricatura-es-arte\\\/#breadcrumb\"},\"inLanguage\":\"nb-NO\",\"potentialAction\":[{\"@type\":\"ReadAction\",\"target\":[\"https:\\\/\\\/woorons.com\\\/2026\\\/01\\\/11\\\/la-caricatura-es-arte\\\/\"]}]},{\"@type\":\"ImageObject\",\"inLanguage\":\"nb-NO\",\"@id\":\"https:\\\/\\\/woorons.com\\\/2026\\\/01\\\/11\\\/la-caricatura-es-arte\\\/#primaryimage\",\"url\":\"https:\\\/\\\/i0.wp.com\\\/woorons.com\\\/wp-content\\\/uploads\\\/2026\\\/01\\\/caricaturas-primera-parte-arte-woorons.webp?fit=842%2C474&ssl=1\",\"contentUrl\":\"https:\\\/\\\/i0.wp.com\\\/woorons.com\\\/wp-content\\\/uploads\\\/2026\\\/01\\\/caricaturas-primera-parte-arte-woorons.webp?fit=842%2C474&ssl=1\",\"width\":842,\"height\":474,\"caption\":\"\\\"Imagen con texto para la nota: La caricatura es arte o no lo es\\\"\"},{\"@type\":\"BreadcrumbList\",\"@id\":\"https:\\\/\\\/woorons.com\\\/2026\\\/01\\\/11\\\/la-caricatura-es-arte\\\/#breadcrumb\",\"itemListElement\":[{\"@type\":\"ListItem\",\"position\":1,\"name\":\"Portada\",\"item\":\"https:\\\/\\\/woorons.com\\\/\"},{\"@type\":\"ListItem\",\"position\":2,\"name\":\"\u00bfLa caricatura es arte?\"}]},{\"@type\":\"WebSite\",\"@id\":\"https:\\\/\\\/woorons.com\\\/#website\",\"url\":\"https:\\\/\\\/woorons.com\\\/\",\"name\":\"WO Orons Art\",\"description\":\"&quot;Caricaturas, Retratos, Fan Art, Ilustraci\u00f3n&quot;\",\"publisher\":{\"@id\":\"https:\\\/\\\/woorons.com\\\/#\\\/schema\\\/person\\\/85b4229ce0694a31b5f128dc047161e8\"},\"potentialAction\":[{\"@type\":\"SearchAction\",\"target\":{\"@type\":\"EntryPoint\",\"urlTemplate\":\"https:\\\/\\\/woorons.com\\\/?s={search_term_string}\"},\"query-input\":{\"@type\":\"PropertyValueSpecification\",\"valueRequired\":true,\"valueName\":\"search_term_string\"}}],\"inLanguage\":\"nb-NO\"},{\"@type\":[\"Person\",\"Organization\"],\"@id\":\"https:\\\/\\\/woorons.com\\\/#\\\/schema\\\/person\\\/85b4229ce0694a31b5f128dc047161e8\",\"name\":\"Wo Orons\",\"image\":{\"@type\":\"ImageObject\",\"inLanguage\":\"nb-NO\",\"@id\":\"https:\\\/\\\/i0.wp.com\\\/woorons.com\\\/wp-content\\\/uploads\\\/2025\\\/03\\\/logotipo-woorons.jpg?fit=595%2C516&ssl=1\",\"url\":\"https:\\\/\\\/i0.wp.com\\\/woorons.com\\\/wp-content\\\/uploads\\\/2025\\\/03\\\/logotipo-woorons.jpg?fit=595%2C516&ssl=1\",\"contentUrl\":\"https:\\\/\\\/i0.wp.com\\\/woorons.com\\\/wp-content\\\/uploads\\\/2025\\\/03\\\/logotipo-woorons.jpg?fit=595%2C516&ssl=1\",\"width\":595,\"height\":516,\"caption\":\"Wo Orons\"},\"logo\":{\"@id\":\"https:\\\/\\\/i0.wp.com\\\/woorons.com\\\/wp-content\\\/uploads\\\/2025\\\/03\\\/logotipo-woorons.jpg?fit=595%2C516&ssl=1\"},\"sameAs\":[\"http:\\\/\\\/orons-art.wordpress.com\"],\"url\":\"https:\\\/\\\/woorons.com\\\/nb\\\/author\\\/orons\\\/\"}]}<\/script>\n<!-- \/ Yoast SEO plugin. -->","yoast_head_json":{"title":"\u00bfLa caricatura es arte? - WO Orons Art","robots":{"index":"index","follow":"follow","max-snippet":"max-snippet:-1","max-image-preview":"max-image-preview:large","max-video-preview":"max-video-preview:-1"},"canonical":"https:\/\/woorons.com\/nb\/2026\/01\/11\/la-caricatura-es-arte\/","og_locale":"nb_NO","og_type":"article","og_title":"\u00bfLa caricatura es arte? - WO Orons Art","og_description":"Reflexi\u00f3n sobre la caricatura como lenguaje libre, democr\u00e1tico y surrealista, m\u00e1s all\u00e1 del arte cl\u00e1sico y de la cr\u00edtica elitista institucional.","og_url":"https:\/\/woorons.com\/nb\/2026\/01\/11\/la-caricatura-es-arte\/","og_site_name":"WO Orons Art","article_published_time":"2026-01-11T07:54:27+00:00","article_modified_time":"2026-06-09T14:12:01+00:00","og_image":[{"width":842,"height":474,"url":"https:\/\/woorons.com\/wp-content\/uploads\/2026\/01\/caricaturas-primera-parte-arte-woorons.webp","type":"image\/webp"}],"author":"Wo Orons","twitter_card":"summary_large_image","twitter_misc":{"Skrevet av":"Wo Orons","Ansl. lesetid":"17 minutter"},"schema":{"@context":"https:\/\/schema.org","@graph":[{"@type":"Article","@id":"https:\/\/woorons.com\/2026\/01\/11\/la-caricatura-es-arte\/#article","isPartOf":{"@id":"https:\/\/woorons.com\/2026\/01\/11\/la-caricatura-es-arte\/"},"author":{"name":"Wo Orons","@id":"https:\/\/woorons.com\/#\/schema\/person\/85b4229ce0694a31b5f128dc047161e8"},"headline":"\u00bfLa caricatura es arte?","datePublished":"2026-01-11T07:54:27+00:00","dateModified":"2026-06-09T14:12:01+00:00","mainEntityOfPage":{"@id":"https:\/\/woorons.com\/2026\/01\/11\/la-caricatura-es-arte\/"},"wordCount":3337,"commentCount":0,"publisher":{"@id":"https:\/\/woorons.com\/#\/schema\/person\/85b4229ce0694a31b5f128dc047161e8"},"image":{"@id":"https:\/\/woorons.com\/2026\/01\/11\/la-caricatura-es-arte\/#primaryimage"},"thumbnailUrl":"https:\/\/i0.wp.com\/woorons.com\/wp-content\/uploads\/2026\/01\/caricaturas-primera-parte-arte-woorons.webp?fit=842%2C474&ssl=1","keywords":["arte elitista","arte popular","arte y caricatura","Caricatura","caricatura art\u00edstica","Caricaturas por encargo","Caricature","Cartoon","cr\u00edtica social","cultura visual","Dibujo","Dibujos","Digital","expresi\u00f3n visual","Ilustraci\u00f3n","ilustraci\u00f3n contempor\u00e1nea","libertad creativa","retrato caricaturesco","surrealismo"],"articleSection":["Arte","Arte Moderno","arte popular","Blog","Notas"],"inLanguage":"nb-NO","potentialAction":[{"@type":"CommentAction","name":"Comment","target":["https:\/\/woorons.com\/2026\/01\/11\/la-caricatura-es-arte\/#respond"]}]},{"@type":"WebPage","@id":"https:\/\/woorons.com\/2026\/01\/11\/la-caricatura-es-arte\/","url":"https:\/\/woorons.com\/2026\/01\/11\/la-caricatura-es-arte\/","name":"\u00bfLa caricatura es arte? - WO Orons Art","isPartOf":{"@id":"https:\/\/woorons.com\/#website"},"primaryImageOfPage":{"@id":"https:\/\/woorons.com\/2026\/01\/11\/la-caricatura-es-arte\/#primaryimage"},"image":{"@id":"https:\/\/woorons.com\/2026\/01\/11\/la-caricatura-es-arte\/#primaryimage"},"thumbnailUrl":"https:\/\/i0.wp.com\/woorons.com\/wp-content\/uploads\/2026\/01\/caricaturas-primera-parte-arte-woorons.webp?fit=842%2C474&ssl=1","datePublished":"2026-01-11T07:54:27+00:00","dateModified":"2026-06-09T14:12:01+00:00","breadcrumb":{"@id":"https:\/\/woorons.com\/2026\/01\/11\/la-caricatura-es-arte\/#breadcrumb"},"inLanguage":"nb-NO","potentialAction":[{"@type":"ReadAction","target":["https:\/\/woorons.com\/2026\/01\/11\/la-caricatura-es-arte\/"]}]},{"@type":"ImageObject","inLanguage":"nb-NO","@id":"https:\/\/woorons.com\/2026\/01\/11\/la-caricatura-es-arte\/#primaryimage","url":"https:\/\/i0.wp.com\/woorons.com\/wp-content\/uploads\/2026\/01\/caricaturas-primera-parte-arte-woorons.webp?fit=842%2C474&ssl=1","contentUrl":"https:\/\/i0.wp.com\/woorons.com\/wp-content\/uploads\/2026\/01\/caricaturas-primera-parte-arte-woorons.webp?fit=842%2C474&ssl=1","width":842,"height":474,"caption":"\"Imagen con texto para la nota: La caricatura es arte o no lo es\""},{"@type":"BreadcrumbList","@id":"https:\/\/woorons.com\/2026\/01\/11\/la-caricatura-es-arte\/#breadcrumb","itemListElement":[{"@type":"ListItem","position":1,"name":"Portada","item":"https:\/\/woorons.com\/"},{"@type":"ListItem","position":2,"name":"\u00bfLa caricatura es arte?"}]},{"@type":"WebSite","@id":"https:\/\/woorons.com\/#website","url":"https:\/\/woorons.com\/","name":"WO Orons Art","description":"&quot;Caricaturas, Retratos, Fan Art, Ilustraci\u00f3n&quot;","publisher":{"@id":"https:\/\/woorons.com\/#\/schema\/person\/85b4229ce0694a31b5f128dc047161e8"},"potentialAction":[{"@type":"SearchAction","target":{"@type":"EntryPoint","urlTemplate":"https:\/\/woorons.com\/?s={search_term_string}"},"query-input":{"@type":"PropertyValueSpecification","valueRequired":true,"valueName":"search_term_string"}}],"inLanguage":"nb-NO"},{"@type":["Person","Organization"],"@id":"https:\/\/woorons.com\/#\/schema\/person\/85b4229ce0694a31b5f128dc047161e8","name":"Wo Orons","image":{"@type":"ImageObject","inLanguage":"nb-NO","@id":"https:\/\/i0.wp.com\/woorons.com\/wp-content\/uploads\/2025\/03\/logotipo-woorons.jpg?fit=595%2C516&ssl=1","url":"https:\/\/i0.wp.com\/woorons.com\/wp-content\/uploads\/2025\/03\/logotipo-woorons.jpg?fit=595%2C516&ssl=1","contentUrl":"https:\/\/i0.wp.com\/woorons.com\/wp-content\/uploads\/2025\/03\/logotipo-woorons.jpg?fit=595%2C516&ssl=1","width":595,"height":516,"caption":"Wo Orons"},"logo":{"@id":"https:\/\/i0.wp.com\/woorons.com\/wp-content\/uploads\/2025\/03\/logotipo-woorons.jpg?fit=595%2C516&ssl=1"},"sameAs":["http:\/\/orons-art.wordpress.com"],"url":"https:\/\/woorons.com\/nb\/author\/orons\/"}]}},"jetpack_publicize_connections":[],"jetpack_likes_enabled":true,"jetpack_sharing_enabled":true,"jetpack_shortlink":"https:\/\/wp.me\/p43FXj-3RE","jetpack-related-posts":[],"jetpack_featured_media_url":"https:\/\/i0.wp.com\/woorons.com\/wp-content\/uploads\/2026\/01\/caricaturas-primera-parte-arte-woorons.webp?fit=842%2C474&ssl=1","_links":{"self":[{"href":"https:\/\/woorons.com\/nb\/wp-json\/wp\/v2\/posts\/14858","targetHints":{"allow":["GET"]}}],"collection":[{"href":"https:\/\/woorons.com\/nb\/wp-json\/wp\/v2\/posts"}],"about":[{"href":"https:\/\/woorons.com\/nb\/wp-json\/wp\/v2\/types\/post"}],"author":[{"embeddable":true,"href":"https:\/\/woorons.com\/nb\/wp-json\/wp\/v2\/users\/21194217"}],"replies":[{"embeddable":true,"href":"https:\/\/woorons.com\/nb\/wp-json\/wp\/v2\/comments?post=14858"}],"version-history":[{"count":24,"href":"https:\/\/woorons.com\/nb\/wp-json\/wp\/v2\/posts\/14858\/revisions"}],"predecessor-version":[{"id":14949,"href":"https:\/\/woorons.com\/nb\/wp-json\/wp\/v2\/posts\/14858\/revisions\/14949"}],"wp:featuredmedia":[{"embeddable":true,"href":"https:\/\/woorons.com\/nb\/wp-json\/wp\/v2\/media\/14910"}],"wp:attachment":[{"href":"https:\/\/woorons.com\/nb\/wp-json\/wp\/v2\/media?parent=14858"}],"wp:term":[{"taxonomy":"category","embeddable":true,"href":"https:\/\/woorons.com\/nb\/wp-json\/wp\/v2\/categories?post=14858"},{"taxonomy":"post_tag","embeddable":true,"href":"https:\/\/woorons.com\/nb\/wp-json\/wp\/v2\/tags?post=14858"}],"curies":[{"name":"wp","href":"https:\/\/api.w.org\/{rel}","templated":true}]}}