{"id":3333,"date":"2022-06-06T10:41:09","date_gmt":"2022-06-06T08:41:09","guid":{"rendered":"https:\/\/woorons.com\/?p=3333"},"modified":"2022-11-10T14:22:50","modified_gmt":"2022-11-10T13:22:50","slug":"caricatura-de-rafael-nadal","status":"publish","type":"post","link":"https:\/\/woorons.com\/fr\/2022\/06\/06\/caricatura-de-rafael-nadal\/","title":{"rendered":"Caricatura de Rafael Nadal"},"content":{"rendered":"<h2 class=\"has-text-align-justify wp-block-heading\">La <strong>caricatura<\/strong> de un <a href=\"#Nadal\">campe\u00f3n<\/a> que marca la historia, en el mundo del tenis.<\/h2>\n\n\n\n<p class=\"has-text-align-justify has-medium-font-size wp-block-paragraph\">Con una enorme cantidad de galardones a su espalda, o asombroso de este titan, es la cantidad de lesiones, que ha superado y el haber jugado esta final tambi\u00e9n lesionado. <\/p>\n\n\n\n<p class=\"has-text-align-justify wp-block-paragraph\">Es que no parece de este planeta. Ha conquistado el decimocuarto t\u00edtulo de Grand Slam que ampl\u00eda su r\u00e9cord en el Abierto de Francia al derrotar a<strong> <\/strong><span style=\"text-decoration:underline;\"><a rel=\"noreferrer noopener\" href=\"https:\/\/www.casper-ruud.com\/\" target=\"_blank\">Casper Ruud<\/a><\/span> en tres sets: 6-3 6-3 6-0. Con dominio absoluto, gan\u00f3 once juegos consecutivos en el segundo y tercer set para cerrar un t\u00edtulo de Grand Slam n\u00famero veintid\u00f3s, dos m\u00e1s que <span style=\"text-decoration:underline;\"><a rel=\"noreferrer noopener\" href=\"https:\/\/www.rogerfederer.com\/\" target=\"_blank\">Roger Federer<\/a><\/span><strong> <\/strong>y<strong> <\/strong><a href=\"https:\/\/woorons.com\/fr\/2022\/06\/04\/caricatura-personalizada-de-novak-djokovic-deporte-tenis-deportes-tenista\/\">Novak Djokovic<\/a> en la parte superior de la lista de tenistas masculinos de todos los tiempos.<\/p>\n\n\n\n<p class=\"wp-block-paragraph\">Rafael gan\u00f3 su primer t\u00edtulo del Abierto de Francia hace 17 a\u00f1os se convierte en el campe\u00f3n individual de mayor edad (36 a\u00f1os) en Roland Garros.<\/p>\n\n\n\n<blockquote class=\"wp-block-quote has-medium-font-size is-layout-flow wp-block-quote-is-layout-flow\">\n<p class=\"wp-block-paragraph\">\u201cPara m\u00ed, personalmente, es muy dif\u00edcil describir los sentimientos que tengo\u201d, \u201cEs algo que seguro nunca cre\u00ed que estar\u00eda aqu\u00ed a los 36 a\u00f1os, siendo competitivo nuevamente, jugando en la cancha m\u00e1s importante de mi carrera una final m\u00e1s, significa mucho para m\u00ed\u201d<\/p>\n<cite>Rafael Nadal<\/cite><\/blockquote>\n\n\n\n<p class=\"has-text-align-justify wp-block-paragraph\">Fue un enfrentamiento entre maestro y aprendiz  el domingo con Ruud<strong>,<\/strong> quien ha entrenado en la Academia Rafael Nadal en Mallorca que siempre admir\u00f3 a su maestrol. Pero el joven de 23 a\u00f1os fue superado<\/p>\n\n\n\n<blockquote class=\"wp-block-quote has-medium-font-size is-layout-flow wp-block-quote-is-layout-flow\" style=\"font-style:italic;font-weight:500;\">\n<p class=\"wp-block-paragraph\">\u201cNo s\u00e9 qu\u00e9 puede pasar en el futuro, pero voy a seguir luchando para tratar de seguir adelante\u201d<\/p>\n<cite>Nadal<\/cite><\/blockquote>\n\n\n\n<figure class=\"wp-block-image size-large\" id=\"Nadal\"><img data-recalc-dims=\"1\" loading=\"lazy\" decoding=\"async\" width=\"842\" height=\"595\" data-attachment-id=\"3258\" data-permalink=\"https:\/\/woorons.com\/fr\/deportistas-famosos-caricatura-caricaturas\/rafa-nadal-caricaturas-del-deporte-woorons-oronsart\/\" data-orig-file=\"https:\/\/i0.wp.com\/woorons.com\/wp-content\/uploads\/2022\/06\/rafa-nadal-caricaturas-del-deporte-woorons-oronsart.jpg?fit=842%2C595&amp;ssl=1\" data-orig-size=\"842,595\" data-comments-opened=\"1\" data-image-meta=\"{&quot;aperture&quot;:&quot;0&quot;,&quot;credit&quot;:&quot;&quot;,&quot;camera&quot;:&quot;&quot;,&quot;caption&quot;:&quot;&quot;,&quot;created_timestamp&quot;:&quot;0&quot;,&quot;copyright&quot;:&quot;&quot;,&quot;focal_length&quot;:&quot;0&quot;,&quot;iso&quot;:&quot;0&quot;,&quot;shutter_speed&quot;:&quot;0&quot;,&quot;title&quot;:&quot;&quot;,&quot;orientation&quot;:&quot;0&quot;}\" data-image-title=\"rafa-nadal-caricaturas-del-deporte-woorons-oronsart\" data-image-description=\"&lt;p&gt;Caricatura digital del tenista Rafael Nadal. Dibujo Wo Orons&lt;\/p&gt;\" data-image-caption=\"&lt;p&gt;Caricatura digital del tenista Rafael Nadal. &lt;\/p&gt;\" data-large-file=\"https:\/\/i0.wp.com\/woorons.com\/wp-content\/uploads\/2022\/06\/rafa-nadal-caricaturas-del-deporte-woorons-oronsart.jpg?fit=842%2C595&amp;ssl=1\" src=\"https:\/\/i0.wp.com\/woorons.com\/wp-content\/uploads\/2022\/06\/rafa-nadal-caricaturas-del-deporte-woorons-oronsart.jpg?resize=842%2C595&#038;ssl=1\" alt=\"Caricatura digital estilo comic de Rafael Nadal\" class=\"wp-image-3258\" title=\"Caricatura digital estilo comic de rafael nadal\" \/><\/figure>\n\n\n\n<p class=\"has-text-align-justify has-medium-font-size wp-block-paragraph\">Y aqu\u00ed les dejo el <a href=\"https:\/\/rafaelnadal.com\/\" target=\"_blank\" rel=\"noreferrer noopener\">sitio oficial<\/a> de este gran tenista del cual seguir\u00e9 haciendo dibujos y caricaturas; las de homenaje a famosos deportistas de todos los ambitos y disciplinas que han hecho y hacen historia. <\/p>\n\n\n\n<p class=\"has-text-align-justify wp-block-paragraph\">Solo un par de d\u00edas atr\u00e1s hab\u00eda hecho esta, y es que todo predec\u00eda su triunfo. Y har\u00e9 a\u00fan m\u00e1s, quiz\u00e1s alguna personalizada rodeado de sus trofeos (que no creo que entren todos en un dibujo) pero puede que lo intente.<\/p>\n\n\n\n<p class=\"has-text-align-justify has-medium-font-size wp-block-paragraph\">Si te ha gustado la caricatura, hazte seguidor del blog, deja tu comentario, comparte con amigos y tambi\u00e9n puedes sugerirme \u00bfCu\u00e1l deportista te gustar\u00eda ver en caricatura?<\/p>\n\n\n\n<p class=\"has-medium-font-size wp-block-paragraph\">Y si quieres una caricatura personalizada, para ti o para hacer un gran regalo, algo especial, env\u00edame un mensaje por <a href=\"https:\/\/woorons.com\/fr\/contacto\/\">Aqu\u00ed<\/a> o haciendo clic abajo, en la pesta\u00f1a CONTACTO<\/p>\n\n\n\n<div class=\"wp-block-group has-global-padding is-layout-constrained wp-block-group-is-layout-constrained\">\n<div class=\"wp-block-columns is-layout-flex wp-container-core-columns-is-layout-9ba6dbca wp-block-columns-is-layout-flex\">\n<div class=\"wp-block-column is-layout-flow wp-block-column-is-layout-flow\" style=\"flex-basis:100%\">\n<div class=\"wp-block-group is-layout-flow wp-block-group-is-layout-flow\">\n<div class=\"wp-block-buttons has-custom-font-size has-small-font-size is-horizontal is-layout-flex wp-block-buttons-is-layout-flex\">\n<div style=\"--wp--block-button--width: 25;\" class=\"wp-block-button has-custom-width wp-block-button__width wp-block-button__width-25\"><a class=\"wp-block-button__link has-white-color has-text-color has-background has-small-font-size has-custom-font-size wp-element-button\" href=\"https:\/\/woorons.com\/fr\/\" style=\"border-radius:0px;background-color:#8c002b\" target=\"_blank\" rel=\"noreferrer noopener\">INICIO<\/a><\/div>\n\n\n\n<div style=\"--wp--block-button--width: 25;\" class=\"wp-block-button has-custom-width wp-block-button__width wp-block-button__width-25\"><a class=\"wp-block-button__link has-white-color has-text-color has-background has-small-font-size has-custom-font-size wp-element-button\" href=\"https:\/\/woorons.com\/fr\/tienda-dibujos-originales-hechos-a-mano\/\" style=\"border-radius:0px;background-color:#8c002b\" target=\"_blank\" rel=\"noreferrer noopener\">TIENDA<\/a><\/div>\n\n\n\n<div class=\"wp-block-button is-style-fill\"><a class=\"wp-block-button__link has-white-color has-text-color has-background has-small-font-size has-custom-font-size wp-element-button\" href=\"https:\/\/woorons.com\/fr\/blog-dibujo-realista-opinion-cine-comic\/\" style=\"border-radius:0px;background-color:#8c002b\" target=\"_blank\" rel=\"noreferrer noopener\">BLOG<\/a><\/div>\n\n\n\n<div style=\"--wp--block-button--width: 25;\" class=\"wp-block-button is-style-fill has-custom-width wp-block-button__width wp-block-button__width-25\"><a class=\"wp-block-button__link has-white-color has-text-color has-background has-small-font-size has-custom-font-size wp-element-button\" href=\"https:\/\/woorons.com\/fr\/portfolio\/\" style=\"border-radius:0px;background-color:#8c002b\" target=\"_blank\" rel=\"noreferrer noopener\">PORTAFOLIOS<\/a><\/div>\n<\/div>\n<\/div>\n<\/div>\n<\/div>\n<\/div>\n\n\n\n<div style=\"height:21px;\" aria-hidden=\"true\" class=\"wp-block-spacer\"><\/div>\n\n\n\n<div style=\"height:21px;\" aria-hidden=\"true\" class=\"wp-block-spacer\"><\/div>","protected":false},"excerpt":{"rendered":"<p>La caricatura de Rafael Nadal, un campe\u00f3n que marca la historia, en el mundo del tenis.<\/p>","protected":false},"author":21194217,"featured_media":3339,"comment_status":"open","ping_status":"open","sticky":false,"template":"","format":"standard","meta":{"_coblocks_attr":"","_coblocks_dimensions":"","_coblocks_responsive_height":"","_coblocks_accordion_ie_support":"","_jetpack_newsletter_access":"","_jetpack_dont_email_post_to_subs":false,"_jetpack_newsletter_tier_id":0,"_jetpack_memberships_contains_paywalled_content":false,"_wpcom_ai_launchpad_first_post":false,"_jetpack_feature_clip_id":0,"_jetpack_memberships_contains_paid_content":false,"footnotes":"","jetpack_publicize_message":"","jetpack_publicize_feature_enabled":true,"jetpack_social_post_already_shared":false,"jetpack_social_options":{"image_generator_settings":{"template":"highway","default_image_id":0,"font":"","enabled":false},"version":2},"jetpack_post_was_ever_published":false},"categories":[115775951,11871,24932],"tags":[789851998,53382,889,789851951,7636826],"class_list":["post-3333","post","type-post","status-publish","format-standard","has-post-thumbnail","hentry","category-caricaturas-por-encargo","category-deporte","category-digital","tag-caricaturas-por-encargo","tag-caricatures","tag-deportes","tag-digital","tag-rafaelnadal"],"yoast_head":"<!-- This site is optimized with the Yoast SEO plugin v28.4 - https:\/\/yoast.com\/product\/yoast-seo-wordpress\/ -->\n<title>Caricatura de Rafael Nadal - WO Orons Art<\/title>\n<meta name=\"robots\" content=\"index, follow, max-snippet:-1, max-image-preview:large, max-video-preview:-1\" \/>\n<link rel=\"canonical\" href=\"https:\/\/woorons.com\/fr\/2022\/06\/06\/caricatura-de-rafael-nadal\/\" \/>\n<meta property=\"og:locale\" content=\"fr_FR\" \/>\n<meta property=\"og:type\" content=\"article\" \/>\n<meta property=\"og:title\" content=\"Caricatura de Rafael Nadal - WO Orons Art\" \/>\n<meta property=\"og:description\" content=\"La caricatura de Rafael Nadal, un campe\u00f3n que marca la historia, en el mundo del tenis.\" \/>\n<meta property=\"og:url\" content=\"https:\/\/woorons.com\/fr\/2022\/06\/06\/caricatura-de-rafael-nadal\/\" \/>\n<meta property=\"og:site_name\" content=\"WO Orons Art\" \/>\n<meta property=\"article:published_time\" content=\"2022-06-06T08:41:09+00:00\" \/>\n<meta property=\"article:modified_time\" content=\"2022-11-10T13:22:50+00:00\" \/>\n<meta property=\"og:image\" content=\"https:\/\/i0.wp.com\/woorons.com\/wp-content\/uploads\/2022\/06\/rafa-nadal-caricaturas-del-deporte-tenis-woorons.jpg?fit=1200%2C675&ssl=1\" \/>\n\t<meta property=\"og:image:width\" content=\"1200\" \/>\n\t<meta property=\"og:image:height\" content=\"675\" \/>\n\t<meta property=\"og:image:type\" content=\"image\/jpeg\" \/>\n<meta name=\"author\" content=\"Wo Orons\" \/>\n<meta name=\"twitter:card\" content=\"summary_large_image\" \/>\n<meta name=\"twitter:label1\" content=\"\u00c9crit par\" \/>\n\t<meta name=\"twitter:data1\" content=\"Wo Orons\" \/>\n\t<meta name=\"twitter:label2\" content=\"Dur\u00e9e de lecture estim\u00e9e\" \/>\n\t<meta name=\"twitter:data2\" content=\"2 minutes\" \/>\n<script type=\"application\/ld+json\" class=\"yoast-schema-graph\">{\"@context\":\"https:\\\/\\\/schema.org\",\"@graph\":[{\"@type\":\"Article\",\"@id\":\"https:\\\/\\\/woorons.com\\\/2022\\\/06\\\/06\\\/caricatura-de-rafael-nadal\\\/#article\",\"isPartOf\":{\"@id\":\"https:\\\/\\\/woorons.com\\\/2022\\\/06\\\/06\\\/caricatura-de-rafael-nadal\\\/\"},\"author\":{\"name\":\"Wo Orons\",\"@id\":\"https:\\\/\\\/woorons.com\\\/#\\\/schema\\\/person\\\/85b4229ce0694a31b5f128dc047161e8\"},\"headline\":\"Caricatura de Rafael Nadal\",\"datePublished\":\"2022-06-06T08:41:09+00:00\",\"dateModified\":\"2022-11-10T13:22:50+00:00\",\"mainEntityOfPage\":{\"@id\":\"https:\\\/\\\/woorons.com\\\/2022\\\/06\\\/06\\\/caricatura-de-rafael-nadal\\\/\"},\"wordCount\":412,\"commentCount\":0,\"publisher\":{\"@id\":\"https:\\\/\\\/woorons.com\\\/#\\\/schema\\\/person\\\/85b4229ce0694a31b5f128dc047161e8\"},\"image\":{\"@id\":\"https:\\\/\\\/woorons.com\\\/2022\\\/06\\\/06\\\/caricatura-de-rafael-nadal\\\/#primaryimage\"},\"thumbnailUrl\":\"https:\\\/\\\/i0.wp.com\\\/woorons.com\\\/wp-content\\\/uploads\\\/2022\\\/06\\\/rafa-nadal-caricaturas-del-deporte-tenis-woorons.jpg?fit=1200%2C675&ssl=1\",\"keywords\":[\"Caricaturas por encargo\",\"Caricatures\",\"Deportes\",\"Digital\",\"RafaelNadal\"],\"articleSection\":[\"Caricaturas por encargo\",\"Deporte\",\"Digital\"],\"inLanguage\":\"fr-FR\",\"potentialAction\":[{\"@type\":\"CommentAction\",\"name\":\"Comment\",\"target\":[\"https:\\\/\\\/woorons.com\\\/2022\\\/06\\\/06\\\/caricatura-de-rafael-nadal\\\/#respond\"]}]},{\"@type\":\"WebPage\",\"@id\":\"https:\\\/\\\/woorons.com\\\/2022\\\/06\\\/06\\\/caricatura-de-rafael-nadal\\\/\",\"url\":\"https:\\\/\\\/woorons.com\\\/2022\\\/06\\\/06\\\/caricatura-de-rafael-nadal\\\/\",\"name\":\"Caricatura de Rafael Nadal - WO Orons Art\",\"isPartOf\":{\"@id\":\"https:\\\/\\\/woorons.com\\\/#website\"},\"primaryImageOfPage\":{\"@id\":\"https:\\\/\\\/woorons.com\\\/2022\\\/06\\\/06\\\/caricatura-de-rafael-nadal\\\/#primaryimage\"},\"image\":{\"@id\":\"https:\\\/\\\/woorons.com\\\/2022\\\/06\\\/06\\\/caricatura-de-rafael-nadal\\\/#primaryimage\"},\"thumbnailUrl\":\"https:\\\/\\\/i0.wp.com\\\/woorons.com\\\/wp-content\\\/uploads\\\/2022\\\/06\\\/rafa-nadal-caricaturas-del-deporte-tenis-woorons.jpg?fit=1200%2C675&ssl=1\",\"datePublished\":\"2022-06-06T08:41:09+00:00\",\"dateModified\":\"2022-11-10T13:22:50+00:00\",\"breadcrumb\":{\"@id\":\"https:\\\/\\\/woorons.com\\\/2022\\\/06\\\/06\\\/caricatura-de-rafael-nadal\\\/#breadcrumb\"},\"inLanguage\":\"fr-FR\",\"potentialAction\":[{\"@type\":\"ReadAction\",\"target\":[\"https:\\\/\\\/woorons.com\\\/2022\\\/06\\\/06\\\/caricatura-de-rafael-nadal\\\/\"]}]},{\"@type\":\"ImageObject\",\"inLanguage\":\"fr-FR\",\"@id\":\"https:\\\/\\\/woorons.com\\\/2022\\\/06\\\/06\\\/caricatura-de-rafael-nadal\\\/#primaryimage\",\"url\":\"https:\\\/\\\/i0.wp.com\\\/woorons.com\\\/wp-content\\\/uploads\\\/2022\\\/06\\\/rafa-nadal-caricaturas-del-deporte-tenis-woorons.jpg?fit=1200%2C675&ssl=1\",\"contentUrl\":\"https:\\\/\\\/i0.wp.com\\\/woorons.com\\\/wp-content\\\/uploads\\\/2022\\\/06\\\/rafa-nadal-caricaturas-del-deporte-tenis-woorons.jpg?fit=1200%2C675&ssl=1\",\"width\":1200,\"height\":675,\"caption\":\"Caricatura digital a color de Rafael Nadal\"},{\"@type\":\"BreadcrumbList\",\"@id\":\"https:\\\/\\\/woorons.com\\\/2022\\\/06\\\/06\\\/caricatura-de-rafael-nadal\\\/#breadcrumb\",\"itemListElement\":[{\"@type\":\"ListItem\",\"position\":1,\"name\":\"Portada\",\"item\":\"https:\\\/\\\/woorons.com\\\/\"},{\"@type\":\"ListItem\",\"position\":2,\"name\":\"Caricatura de Rafael Nadal\"}]},{\"@type\":\"WebSite\",\"@id\":\"https:\\\/\\\/woorons.com\\\/#website\",\"url\":\"https:\\\/\\\/woorons.com\\\/\",\"name\":\"WO Orons Art\",\"description\":\"&quot;Caricaturas, Retratos, Fan Art, Ilustraci\u00f3n&quot;\",\"publisher\":{\"@id\":\"https:\\\/\\\/woorons.com\\\/#\\\/schema\\\/person\\\/85b4229ce0694a31b5f128dc047161e8\"},\"potentialAction\":[{\"@type\":\"SearchAction\",\"target\":{\"@type\":\"EntryPoint\",\"urlTemplate\":\"https:\\\/\\\/woorons.com\\\/?s={search_term_string}\"},\"query-input\":{\"@type\":\"PropertyValueSpecification\",\"valueRequired\":true,\"valueName\":\"search_term_string\"}}],\"inLanguage\":\"fr-FR\"},{\"@type\":[\"Person\",\"Organization\"],\"@id\":\"https:\\\/\\\/woorons.com\\\/#\\\/schema\\\/person\\\/85b4229ce0694a31b5f128dc047161e8\",\"name\":\"Wo Orons\",\"image\":{\"@type\":\"ImageObject\",\"inLanguage\":\"fr-FR\",\"@id\":\"https:\\\/\\\/i0.wp.com\\\/woorons.com\\\/wp-content\\\/uploads\\\/2025\\\/03\\\/logotipo-woorons.jpg?fit=595%2C516&ssl=1\",\"url\":\"https:\\\/\\\/i0.wp.com\\\/woorons.com\\\/wp-content\\\/uploads\\\/2025\\\/03\\\/logotipo-woorons.jpg?fit=595%2C516&ssl=1\",\"contentUrl\":\"https:\\\/\\\/i0.wp.com\\\/woorons.com\\\/wp-content\\\/uploads\\\/2025\\\/03\\\/logotipo-woorons.jpg?fit=595%2C516&ssl=1\",\"width\":595,\"height\":516,\"caption\":\"Wo Orons\"},\"logo\":{\"@id\":\"https:\\\/\\\/i0.wp.com\\\/woorons.com\\\/wp-content\\\/uploads\\\/2025\\\/03\\\/logotipo-woorons.jpg?fit=595%2C516&ssl=1\"},\"sameAs\":[\"http:\\\/\\\/orons-art.wordpress.com\"],\"url\":\"https:\\\/\\\/woorons.com\\\/fr\\\/author\\\/orons\\\/\"}]}<\/script>\n<!-- \/ Yoast SEO plugin. -->","yoast_head_json":{"title":"Caricatura de Rafael Nadal - WO Orons Art","robots":{"index":"index","follow":"follow","max-snippet":"max-snippet:-1","max-image-preview":"max-image-preview:large","max-video-preview":"max-video-preview:-1"},"canonical":"https:\/\/woorons.com\/fr\/2022\/06\/06\/caricatura-de-rafael-nadal\/","og_locale":"fr_FR","og_type":"article","og_title":"Caricatura de Rafael Nadal - WO Orons Art","og_description":"La caricatura de Rafael Nadal, un campe\u00f3n que marca la historia, en el mundo del tenis.","og_url":"https:\/\/woorons.com\/fr\/2022\/06\/06\/caricatura-de-rafael-nadal\/","og_site_name":"WO Orons Art","article_published_time":"2022-06-06T08:41:09+00:00","article_modified_time":"2022-11-10T13:22:50+00:00","og_image":[{"width":1200,"height":675,"url":"https:\/\/i0.wp.com\/woorons.com\/wp-content\/uploads\/2022\/06\/rafa-nadal-caricaturas-del-deporte-tenis-woorons.jpg?fit=1200%2C675&ssl=1","type":"image\/jpeg"}],"author":"Wo Orons","twitter_card":"summary_large_image","twitter_misc":{"\u00c9crit par":"Wo Orons","Dur\u00e9e de lecture estim\u00e9e":"2 minutes"},"schema":{"@context":"https:\/\/schema.org","@graph":[{"@type":"Article","@id":"https:\/\/woorons.com\/2022\/06\/06\/caricatura-de-rafael-nadal\/#article","isPartOf":{"@id":"https:\/\/woorons.com\/2022\/06\/06\/caricatura-de-rafael-nadal\/"},"author":{"name":"Wo Orons","@id":"https:\/\/woorons.com\/#\/schema\/person\/85b4229ce0694a31b5f128dc047161e8"},"headline":"Caricatura de Rafael Nadal","datePublished":"2022-06-06T08:41:09+00:00","dateModified":"2022-11-10T13:22:50+00:00","mainEntityOfPage":{"@id":"https:\/\/woorons.com\/2022\/06\/06\/caricatura-de-rafael-nadal\/"},"wordCount":412,"commentCount":0,"publisher":{"@id":"https:\/\/woorons.com\/#\/schema\/person\/85b4229ce0694a31b5f128dc047161e8"},"image":{"@id":"https:\/\/woorons.com\/2022\/06\/06\/caricatura-de-rafael-nadal\/#primaryimage"},"thumbnailUrl":"https:\/\/i0.wp.com\/woorons.com\/wp-content\/uploads\/2022\/06\/rafa-nadal-caricaturas-del-deporte-tenis-woorons.jpg?fit=1200%2C675&ssl=1","keywords":["Caricaturas por encargo","Caricatures","Deportes","Digital","RafaelNadal"],"articleSection":["Caricaturas por encargo","Deporte","Digital"],"inLanguage":"fr-FR","potentialAction":[{"@type":"CommentAction","name":"Comment","target":["https:\/\/woorons.com\/2022\/06\/06\/caricatura-de-rafael-nadal\/#respond"]}]},{"@type":"WebPage","@id":"https:\/\/woorons.com\/2022\/06\/06\/caricatura-de-rafael-nadal\/","url":"https:\/\/woorons.com\/2022\/06\/06\/caricatura-de-rafael-nadal\/","name":"Caricatura de Rafael Nadal - WO Orons Art","isPartOf":{"@id":"https:\/\/woorons.com\/#website"},"primaryImageOfPage":{"@id":"https:\/\/woorons.com\/2022\/06\/06\/caricatura-de-rafael-nadal\/#primaryimage"},"image":{"@id":"https:\/\/woorons.com\/2022\/06\/06\/caricatura-de-rafael-nadal\/#primaryimage"},"thumbnailUrl":"https:\/\/i0.wp.com\/woorons.com\/wp-content\/uploads\/2022\/06\/rafa-nadal-caricaturas-del-deporte-tenis-woorons.jpg?fit=1200%2C675&ssl=1","datePublished":"2022-06-06T08:41:09+00:00","dateModified":"2022-11-10T13:22:50+00:00","breadcrumb":{"@id":"https:\/\/woorons.com\/2022\/06\/06\/caricatura-de-rafael-nadal\/#breadcrumb"},"inLanguage":"fr-FR","potentialAction":[{"@type":"ReadAction","target":["https:\/\/woorons.com\/2022\/06\/06\/caricatura-de-rafael-nadal\/"]}]},{"@type":"ImageObject","inLanguage":"fr-FR","@id":"https:\/\/woorons.com\/2022\/06\/06\/caricatura-de-rafael-nadal\/#primaryimage","url":"https:\/\/i0.wp.com\/woorons.com\/wp-content\/uploads\/2022\/06\/rafa-nadal-caricaturas-del-deporte-tenis-woorons.jpg?fit=1200%2C675&ssl=1","contentUrl":"https:\/\/i0.wp.com\/woorons.com\/wp-content\/uploads\/2022\/06\/rafa-nadal-caricaturas-del-deporte-tenis-woorons.jpg?fit=1200%2C675&ssl=1","width":1200,"height":675,"caption":"Caricatura digital a color de Rafael Nadal"},{"@type":"BreadcrumbList","@id":"https:\/\/woorons.com\/2022\/06\/06\/caricatura-de-rafael-nadal\/#breadcrumb","itemListElement":[{"@type":"ListItem","position":1,"name":"Portada","item":"https:\/\/woorons.com\/"},{"@type":"ListItem","position":2,"name":"Caricatura de Rafael Nadal"}]},{"@type":"WebSite","@id":"https:\/\/woorons.com\/#website","url":"https:\/\/woorons.com\/","name":"WO Orons Art","description":"&quot;Caricaturas, Retratos, Fan Art, Ilustraci\u00f3n&quot;","publisher":{"@id":"https:\/\/woorons.com\/#\/schema\/person\/85b4229ce0694a31b5f128dc047161e8"},"potentialAction":[{"@type":"SearchAction","target":{"@type":"EntryPoint","urlTemplate":"https:\/\/woorons.com\/?s={search_term_string}"},"query-input":{"@type":"PropertyValueSpecification","valueRequired":true,"valueName":"search_term_string"}}],"inLanguage":"fr-FR"},{"@type":["Person","Organization"],"@id":"https:\/\/woorons.com\/#\/schema\/person\/85b4229ce0694a31b5f128dc047161e8","name":"Wo Orons","image":{"@type":"ImageObject","inLanguage":"fr-FR","@id":"https:\/\/i0.wp.com\/woorons.com\/wp-content\/uploads\/2025\/03\/logotipo-woorons.jpg?fit=595%2C516&ssl=1","url":"https:\/\/i0.wp.com\/woorons.com\/wp-content\/uploads\/2025\/03\/logotipo-woorons.jpg?fit=595%2C516&ssl=1","contentUrl":"https:\/\/i0.wp.com\/woorons.com\/wp-content\/uploads\/2025\/03\/logotipo-woorons.jpg?fit=595%2C516&ssl=1","width":595,"height":516,"caption":"Wo Orons"},"logo":{"@id":"https:\/\/i0.wp.com\/woorons.com\/wp-content\/uploads\/2025\/03\/logotipo-woorons.jpg?fit=595%2C516&ssl=1"},"sameAs":["http:\/\/orons-art.wordpress.com"],"url":"https:\/\/woorons.com\/fr\/author\/orons\/"}]}},"jetpack_publicize_connections":[],"jetpack_likes_enabled":true,"jetpack_sharing_enabled":true,"jetpack_shortlink":"https:\/\/wp.me\/p43FXj-RL","jetpack-related-posts":[],"jetpack_featured_media_url":"https:\/\/i0.wp.com\/woorons.com\/wp-content\/uploads\/2022\/06\/rafa-nadal-caricaturas-del-deporte-tenis-woorons.jpg?fit=1200%2C675&ssl=1","_links":{"self":[{"href":"https:\/\/woorons.com\/fr\/wp-json\/wp\/v2\/posts\/3333","targetHints":{"allow":["GET"]}}],"collection":[{"href":"https:\/\/woorons.com\/fr\/wp-json\/wp\/v2\/posts"}],"about":[{"href":"https:\/\/woorons.com\/fr\/wp-json\/wp\/v2\/types\/post"}],"author":[{"embeddable":true,"href":"https:\/\/woorons.com\/fr\/wp-json\/wp\/v2\/users\/21194217"}],"replies":[{"embeddable":true,"href":"https:\/\/woorons.com\/fr\/wp-json\/wp\/v2\/comments?post=3333"}],"version-history":[{"count":24,"href":"https:\/\/woorons.com\/fr\/wp-json\/wp\/v2\/posts\/3333\/revisions"}],"predecessor-version":[{"id":4462,"href":"https:\/\/woorons.com\/fr\/wp-json\/wp\/v2\/posts\/3333\/revisions\/4462"}],"wp:featuredmedia":[{"embeddable":true,"href":"https:\/\/woorons.com\/fr\/wp-json\/wp\/v2\/media\/3339"}],"wp:attachment":[{"href":"https:\/\/woorons.com\/fr\/wp-json\/wp\/v2\/media?parent=3333"}],"wp:term":[{"taxonomy":"category","embeddable":true,"href":"https:\/\/woorons.com\/fr\/wp-json\/wp\/v2\/categories?post=3333"},{"taxonomy":"post_tag","embeddable":true,"href":"https:\/\/woorons.com\/fr\/wp-json\/wp\/v2\/tags?post=3333"}],"curies":[{"name":"wp","href":"https:\/\/api.w.org\/{rel}","templated":true}]}}