{"id":14553,"date":"2025-12-11T17:46:59","date_gmt":"2025-12-11T16:46:59","guid":{"rendered":"https:\/\/woorons.com\/?p=14553"},"modified":"2025-12-13T13:11:11","modified_gmt":"2025-12-13T12:11:11","slug":"carlos-gimenez-vida-trayectoria-y-legado-del-gran-dibujante-espanol","status":"publish","type":"post","link":"https:\/\/woorons.com\/fr\/2025\/12\/11\/carlos-gimenez-vida-trayectoria-y-legado-del-gran-dibujante-espanol\/","title":{"rendered":"Carlos Gimenez: vida, trayectoria y legado del gran dibujante espa\u00f1ol"},"content":{"rendered":"<div style=\"height:20px\" aria-hidden=\"true\" class=\"wp-block-spacer\"><\/div>\n\n\n\n<h2 class=\"wp-block-heading has-text-align-justify has-x-large-font-size\">Cuando se habla del c\u00f3mic espa\u00f1ol, hay un nombre imposible de ignorar: <strong>Carlos Gim\u00e9nez<\/strong>. <\/h2>\n\n\n\n<p class=\"has-text-align-justify wp-block-paragraph\">Autor prol\u00edfico, narrador agudo y testigo excepcional de la historia reciente de Espa\u00f1a, Gim\u00e9nez ha construido una obra que trasciende el entretenimiento para convertirse en un documento cultural y una reflexi\u00f3n profunda sobre la memoria colectiva.<\/p>\n\n\n\n<p class=\"has-text-align-justify wp-block-paragraph\">Carlos Gim\u00e9nez es una de las figuras m\u00e1s influyentes del c\u00f3mic espa\u00f1ol y europeo. Su obra mezcla memoria hist\u00f3rica, cr\u00edtica social, humanidad y un estilo gr\u00e1fico inconfundible que ha marcado a generaciones de lectores y dibujantes. En este art\u00edculo, profundizamos en su vida, sus obras m\u00e1s importantes y su impacto cultural.<\/p>\n\n\n\n<div style=\"height:20px\" aria-hidden=\"true\" class=\"wp-block-spacer\"><\/div>\n\n\n\n<figure class=\"wp-block-image aligncenter size-large\"><img data-recalc-dims=\"1\" loading=\"lazy\" decoding=\"async\" width=\"1752\" height=\"876\" data-attachment-id=\"14532\" data-permalink=\"https:\/\/woorons.com\/fr\/carlos-jimenez-paracuellos-barrio\/\" data-orig-file=\"https:\/\/i0.wp.com\/woorons.com\/wp-content\/uploads\/2025\/12\/carlos-jimenez-paracuellos-barrio.jpg?fit=1752%2C876&amp;ssl=1\" data-orig-size=\"1752,876\" data-comments-opened=\"1\" data-image-meta=\"{&quot;aperture&quot;:&quot;0&quot;,&quot;credit&quot;:&quot;&quot;,&quot;camera&quot;:&quot;&quot;,&quot;caption&quot;:&quot;&quot;,&quot;created_timestamp&quot;:&quot;0&quot;,&quot;copyright&quot;:&quot;&quot;,&quot;focal_length&quot;:&quot;0&quot;,&quot;iso&quot;:&quot;0&quot;,&quot;shutter_speed&quot;:&quot;0&quot;,&quot;title&quot;:&quot;&quot;,&quot;orientation&quot;:&quot;1&quot;}\" data-image-title=\"carlos-jimenez-paracuellos-barrio\" data-image-description=\"&lt;p&gt;Carlos Jim\u00e9nez, dibujante espa\u00f1ol&lt;\/p&gt;\" data-image-caption=\"\" data-large-file=\"https:\/\/i0.wp.com\/woorons.com\/wp-content\/uploads\/2025\/12\/carlos-jimenez-paracuellos-barrio.jpg?fit=1024%2C512&amp;ssl=1\" src=\"https:\/\/i0.wp.com\/woorons.com\/wp-content\/uploads\/2025\/12\/carlos-jimenez-paracuellos-barrio.jpg?resize=1752%2C876&#038;ssl=1\" alt=\"&quot;Carlos Jim\u00e9nez, dibujante espa\u00f1ol&quot;\" class=\"wp-image-14532\" \/><\/figure>\n\n\n\n<h2 class=\"wp-block-heading\"><strong>Primeros a\u00f1os y infancia (1941\u20131950): Los or\u00edgenes de un narrador visual \u00fanico<\/strong><\/h2>\n\n\n\n<p class=\"has-text-align-justify wp-block-paragraph\">Carlos Gim\u00e9nez naci\u00f3 en Madrid el <strong>16 de marzo de 1941<\/strong>, en un contexto profundamente marcado por la posguerra espa\u00f1ola. Su infancia estuvo atravesada por las dificultades econ\u00f3micas, la precariedad social y las duras condiciones de la Espa\u00f1a franquista, elementos que posteriormente influir\u00edan en toda su obra, especialmente en series como <em>Paracuellos<\/em> y <em>Barrio<\/em>.<\/p>\n\n\n\n<p class=\"has-text-align-justify wp-block-paragraph\">Uno de los episodios m\u00e1s determinantes de su vida fue su estancia en los <strong>Hogares de Auxilio Social<\/strong>, instituciones creadas por el r\u00e9gimen franquista para el cuidado (y adoctrinamiento) de ni\u00f1os desfavorecidos. <\/p>\n\n\n\n<p class=\"has-text-align-justify wp-block-paragraph\">Gim\u00e9nez vivi\u00f3 de primera mano el ambiente fr\u00edo, r\u00edgido y disciplinario de estos centros, experiencias que m\u00e1s tarde transformar\u00eda en relatos gr\u00e1ficos llenos de sensibilidad, memoria y denuncia.<\/p>\n\n\n\n<p class=\"has-text-align-justify wp-block-paragraph\">A temprana edad desarroll\u00f3 una pasi\u00f3n intensa por el dibujo. Pasaba horas copiando personajes de tebeos y experimentando con trazos y narrativas visuales. Este instinto autodidacta fue clave en su formaci\u00f3n y explica, en parte, por qu\u00e9 su estilo posterior tendr\u00eda un car\u00e1cter tan personal y reconocible.<\/p>\n\n\n\n<h2 class=\"wp-block-heading\"><strong>Juventud (1950\u20131960): Primeras influencias y el camino hacia la profesi\u00f3n<\/strong><\/h2>\n\n\n\n<p class=\"has-text-align-justify wp-block-paragraph\">Durante su adolescencia, Gim\u00e9nez comenz\u00f3 a trabajar en distintos oficios mientras segu\u00eda dibujando sin descanso. Se nutr\u00eda de los tebeos de la \u00e9poca: <em>El Capit\u00e1n Trueno<\/em>, <em>Roberto Alc\u00e1zar y Pedr\u00edn<\/em>, las publicaciones de Bruguera y las revistas de aventuras que inundaban los quioscos espa\u00f1oles.<\/p>\n\n\n\n<p class=\"has-text-align-justify wp-block-paragraph\">En esos a\u00f1os descubri\u00f3 tambi\u00e9n la historieta norteamericana y la l\u00ednea clara francesa, que marcar\u00edan profundamente su estilo. La combinaci\u00f3n de una est\u00e9tica limpia, gran expresividad y dominio narrativo ser\u00edan, m\u00e1s tarde, una de sus se\u00f1as de identidad.<\/p>\n\n\n\n<p class=\"has-text-align-justify wp-block-paragraph\">A los 16 a\u00f1os, impulsado por su deseo de dedicarse profesionalmente al c\u00f3mic, viaj\u00f3 a Barcelona, entonces el centro neur\u00e1lgico de la industria espa\u00f1ola. All\u00ed comenzar\u00eda su verdadero trayecto profesional.<\/p>\n\n\n\n<h2 class=\"wp-block-heading\"><strong>Primeros trabajos profesionales (1960\u20131970): EL COMIENZO DE UNA CARRERA IC\u00d3NICA<\/strong><\/h2>\n\n\n\n<p class=\"has-text-align-justify wp-block-paragraph\">En Barcelona, Gim\u00e9nez entr\u00f3 a trabajar en el estudio de Josep Toutain, una de las figuras m\u00e1s importantes de la ilustraci\u00f3n espa\u00f1ola. All\u00ed colabor\u00f3 con equipos que produc\u00edan historietas para editoriales extranjeras, especialmente el mercado brit\u00e1nico.<\/p>\n\n\n\n<p class=\"has-text-align-justify wp-block-paragraph\">En esta etapa desarroll\u00f3 una enorme capacidad de trabajo, aprendi\u00f3 el ritmo industrial del c\u00f3mic y perfeccion\u00f3 su t\u00e9cnica. Cre\u00f3 historietas de ciencia ficci\u00f3n, western, aventuras y acci\u00f3n, muchas veces bajo un r\u00e9gimen estricto y con plazos ajustados.<\/p>\n\n\n\n<p class=\"has-text-align-justify wp-block-paragraph\">Aunque estas obras no llevan siempre su firma, fueron decisivas en la consolidaci\u00f3n del estilo por el que luego ser\u00eda reconocido internacionalmente.<\/p>\n\n\n\n<figure class=\"wp-block-image aligncenter size-full is-resized\"><img data-recalc-dims=\"1\" loading=\"lazy\" decoding=\"async\" width=\"842\" height=\"486\" data-attachment-id=\"14560\" data-permalink=\"https:\/\/woorons.com\/fr\/2025\/12\/11\/carlos-gimenez-vida-trayectoria-y-legado-del-gran-dibujante-espanol\/carlos-jimenez\/\" data-orig-file=\"https:\/\/i0.wp.com\/woorons.com\/wp-content\/uploads\/2025\/12\/carlos-jimenez.webp?fit=842%2C486&amp;ssl=1\" data-orig-size=\"842,486\" data-comments-opened=\"1\" data-image-meta=\"{&quot;aperture&quot;:&quot;0&quot;,&quot;credit&quot;:&quot;&quot;,&quot;camera&quot;:&quot;&quot;,&quot;caption&quot;:&quot;&quot;,&quot;created_timestamp&quot;:&quot;0&quot;,&quot;copyright&quot;:&quot;&quot;,&quot;focal_length&quot;:&quot;0&quot;,&quot;iso&quot;:&quot;0&quot;,&quot;shutter_speed&quot;:&quot;0&quot;,&quot;title&quot;:&quot;&quot;,&quot;orientation&quot;:&quot;0&quot;}\" data-image-title=\"carlos-jimenez\" data-image-description=\"&lt;p&gt;Fotograf\u00eda de Carlos Jimenez&lt;\/p&gt;\" data-image-caption=\"&lt;p&gt;Carlos Jimenez&lt;\/p&gt;\" data-large-file=\"https:\/\/i0.wp.com\/woorons.com\/wp-content\/uploads\/2025\/12\/carlos-jimenez.webp?fit=842%2C486&amp;ssl=1\" src=\"https:\/\/i0.wp.com\/woorons.com\/wp-content\/uploads\/2025\/12\/carlos-jimenez.webp?resize=842%2C486&#038;ssl=1\" alt=\"&quot;Fotograf\u00eda de Carlos Jimenez&quot;\" class=\"wp-image-14560\" style=\"width:522px;height:auto\" \/><figcaption class=\"wp-element-caption\">Carlos Jimenez<\/figcaption><\/figure>\n\n\n\n<h2 class=\"wp-block-heading\"><strong>Etapa de madurez: La revoluci\u00f3n personal (1970\u20131990)<\/strong><\/h2>\n\n\n\n<p class=\"has-text-align-justify wp-block-paragraph\">A partir de los a\u00f1os 70, Gim\u00e9nez comenz\u00f3 a publicar las obras que lo convertir\u00edan en un referente mundial del c\u00f3mic adulto, social y autobiogr\u00e1fico.<\/p>\n\n\n\n<h3 class=\"wp-block-heading has-large-font-size\"><strong>Paracuellos (1977): Memoria hist\u00f3rica y denuncia social<\/strong><\/h3>\n\n\n\n<div style=\"height:20px\" aria-hidden=\"true\" class=\"wp-block-spacer\"><\/div>\n\n\n\n<figure class=\"wp-block-image aligncenter size-large\"><img data-recalc-dims=\"1\" loading=\"lazy\" decoding=\"async\" width=\"659\" height=\"842\" data-attachment-id=\"14568\" data-permalink=\"https:\/\/woorons.com\/fr\/2025\/12\/11\/carlos-gimenez-vida-trayectoria-y-legado-del-gran-dibujante-espanol\/paracuellos-carlos-jimenez\/\" data-orig-file=\"https:\/\/i0.wp.com\/woorons.com\/wp-content\/uploads\/2025\/12\/paracuellos-carlos-jimenez-e1765468390218.webp?fit=659%2C842&amp;ssl=1\" data-orig-size=\"659,842\" data-comments-opened=\"1\" data-image-meta=\"{&quot;aperture&quot;:&quot;0&quot;,&quot;credit&quot;:&quot;&quot;,&quot;camera&quot;:&quot;&quot;,&quot;caption&quot;:&quot;&quot;,&quot;created_timestamp&quot;:&quot;0&quot;,&quot;copyright&quot;:&quot;&quot;,&quot;focal_length&quot;:&quot;0&quot;,&quot;iso&quot;:&quot;0&quot;,&quot;shutter_speed&quot;:&quot;0&quot;,&quot;title&quot;:&quot;&quot;,&quot;orientation&quot;:&quot;0&quot;}\" data-image-title=\"paracuellos-carlos-jimenez\" data-image-description=\"&lt;p&gt;Portada del comic Paracuellos de Carlos Jimenez&lt;\/p&gt;\" data-image-caption=\"&lt;p&gt;Portada del comic Paracuellos de Carlos Jimenez&lt;\/p&gt;\" data-large-file=\"https:\/\/i0.wp.com\/woorons.com\/wp-content\/uploads\/2025\/12\/paracuellos-carlos-jimenez-e1765468390218.webp?fit=659%2C842&amp;ssl=1\" src=\"https:\/\/i0.wp.com\/woorons.com\/wp-content\/uploads\/2025\/12\/paracuellos-carlos-jimenez-e1765468390218.webp?resize=659%2C842&#038;ssl=1\" alt=\"&quot;Portada del comic Paracuellos de Carlos Jimenez&quot;\" class=\"wp-image-14568\" style=\"object-fit:cover\" \/><figcaption class=\"wp-element-caption\">Portada del comic Paracuellos de Carlos Jimenez<\/figcaption><\/figure>\n\n\n\n<p class=\"has-text-align-justify wp-block-paragraph\">Una serie autobiogr\u00e1fica que relata su infancia en los Hogares del Auxilio Social.<br>Con un estilo directo y humanista, Gim\u00e9nez denuncia el autoritarismo, la pobreza y la manipulaci\u00f3n ideol\u00f3gica que sufr\u00edan miles de ni\u00f1os.<br><em>Paracuellos<\/em> es hoy considerada una de las obras claves del c\u00f3mic espa\u00f1ol.<\/p>\n\n\n\n<h3 class=\"wp-block-heading has-large-font-size\"><strong>Barrio (1978): Retrato vivo del Madrid de posguerra<\/strong><\/h3>\n\n\n\n<div style=\"height:20px\" aria-hidden=\"true\" class=\"wp-block-spacer\"><\/div>\n\n\n\n<figure class=\"wp-block-image aligncenter size-full\"><img data-recalc-dims=\"1\" loading=\"lazy\" decoding=\"async\" width=\"480\" height=\"650\" data-attachment-id=\"14604\" data-permalink=\"https:\/\/woorons.com\/fr\/2025\/12\/11\/carlos-gimenez-vida-trayectoria-y-legado-del-gran-dibujante-espanol\/barrio-carlos-jimenez-2\/\" data-orig-file=\"https:\/\/i0.wp.com\/woorons.com\/wp-content\/uploads\/2025\/12\/barrio-carlos-jimenez-1.webp?fit=480%2C650&amp;ssl=1\" data-orig-size=\"480,650\" data-comments-opened=\"1\" data-image-meta=\"{&quot;aperture&quot;:&quot;0&quot;,&quot;credit&quot;:&quot;&quot;,&quot;camera&quot;:&quot;&quot;,&quot;caption&quot;:&quot;&quot;,&quot;created_timestamp&quot;:&quot;0&quot;,&quot;copyright&quot;:&quot;&quot;,&quot;focal_length&quot;:&quot;0&quot;,&quot;iso&quot;:&quot;0&quot;,&quot;shutter_speed&quot;:&quot;0&quot;,&quot;title&quot;:&quot;&quot;,&quot;orientation&quot;:&quot;0&quot;}\" data-image-title=\"barrio-carlos-jimenez\" data-image-description=\"&lt;p&gt;Barrio, comic de Carlos Jimenez&lt;\/p&gt;\" data-image-caption=\"&lt;p&gt;Barrio, comic de Carlos Jimenez&lt;\/p&gt;\" data-large-file=\"https:\/\/i0.wp.com\/woorons.com\/wp-content\/uploads\/2025\/12\/barrio-carlos-jimenez-1.webp?fit=480%2C650&amp;ssl=1\" src=\"https:\/\/i0.wp.com\/woorons.com\/wp-content\/uploads\/2025\/12\/barrio-carlos-jimenez-1.webp?resize=480%2C650&#038;ssl=1\" alt=\"&quot;Barrio, comic de Carlos Jimenez&quot;\" class=\"wp-image-14604\" style=\"object-fit:cover\" \/><figcaption class=\"wp-element-caption\">Barrio, comic de Carlos Jimenez<\/figcaption><\/figure>\n\n\n\n<p class=\"has-text-align-justify wp-block-paragraph\">Otra serie autobiogr\u00e1fica donde refleja la vida de los barrios humildes, las relaciones humanas, los juegos en la calle y el d\u00eda a d\u00eda de la Espa\u00f1a popular.<br>Su tono es m\u00e1s c\u00e1lido, lleno de humor y nostalgia.<\/p>\n\n\n\n<h3 class=\"wp-block-heading has-large-font-size\"><strong>Espa\u00f1a Una, Grande y Libre<\/strong><\/h3>\n\n\n\n<div style=\"height:20px\" aria-hidden=\"true\" class=\"wp-block-spacer\"><\/div>\n\n\n\n<figure class=\"wp-block-image aligncenter size-full\"><img data-recalc-dims=\"1\" loading=\"lazy\" decoding=\"async\" width=\"459\" height=\"630\" data-attachment-id=\"14572\" data-permalink=\"https:\/\/woorons.com\/fr\/2025\/12\/11\/carlos-gimenez-vida-trayectoria-y-legado-del-gran-dibujante-espanol\/espana-una-grande-libre-carlos-jimenez\/\" data-orig-file=\"https:\/\/i0.wp.com\/woorons.com\/wp-content\/uploads\/2025\/12\/espana-una-grande-libre-carlos-jimenez.webp?fit=459%2C630&amp;ssl=1\" data-orig-size=\"459,630\" data-comments-opened=\"1\" data-image-meta=\"{&quot;aperture&quot;:&quot;0&quot;,&quot;credit&quot;:&quot;&quot;,&quot;camera&quot;:&quot;&quot;,&quot;caption&quot;:&quot;&quot;,&quot;created_timestamp&quot;:&quot;0&quot;,&quot;copyright&quot;:&quot;&quot;,&quot;focal_length&quot;:&quot;0&quot;,&quot;iso&quot;:&quot;0&quot;,&quot;shutter_speed&quot;:&quot;0&quot;,&quot;title&quot;:&quot;&quot;,&quot;orientation&quot;:&quot;0&quot;}\" data-image-title=\"espa\u00f1a-una-grande-libre-carlos-jimenez\" data-image-description=\"&lt;p&gt;Espa\u00f1a una, grande y libre, comic de Carlos Gimenez&lt;\/p&gt;\" data-image-caption=\"&lt;p&gt;Espa\u00f1a una, grande y libre, comic de Carlos Gimenez&lt;\/p&gt;\" data-large-file=\"https:\/\/i0.wp.com\/woorons.com\/wp-content\/uploads\/2025\/12\/espana-una-grande-libre-carlos-jimenez.webp?fit=459%2C630&amp;ssl=1\" src=\"https:\/\/i0.wp.com\/woorons.com\/wp-content\/uploads\/2025\/12\/espana-una-grande-libre-carlos-jimenez.webp?resize=459%2C630&#038;ssl=1\" alt=\"&quot;Espa\u00f1a una, grande y libre, comic de Carlos Gimenez&quot;\" class=\"wp-image-14572\" \/><figcaption class=\"wp-element-caption\">Espa\u00f1a una, grande y libre, comic de Carlos Gimenez<\/figcaption><\/figure>\n\n\n\n<p class=\"has-text-align-justify wp-block-paragraph\">Una cr\u00edtica sat\u00edrica y autobiogr\u00e1fica sobre el final del franquismo y la transici\u00f3n.<br>Se convirti\u00f3 en un cl\u00e1sico de la historieta pol\u00edtica espa\u00f1ola.<\/p>\n\n\n\n<h2 class=\"wp-block-heading\"><strong>Consolidaci\u00f3n internacional (1990\u20132010)<\/strong><\/h2>\n\n\n\n<p class=\"has-text-align-justify wp-block-paragraph\">A estas alturas, Gim\u00e9nez ya era uno de los dibujantes espa\u00f1oles m\u00e1s reconocidos. Sus obras se tradujeron a m\u00faltiples idiomas y comenz\u00f3 a ganar premios internacionales.<\/p>\n\n\n\n<p class=\"has-text-align-justify wp-block-paragraph\">Public\u00f3 series emblem\u00e1ticas como:<\/p>\n\n\n\n<ul class=\"wp-block-list\">\n<li><strong>Los Profesionales<\/strong>: retrato humor\u00edstico del sector del c\u00f3mic.<\/li>\n\n\n\n<li><strong>36-39 Malos Tiempos<\/strong>: sobre la Guerra Civil.<\/li>\n\n\n\n<li><strong>Todo Paracuellos<\/strong>: recopilaci\u00f3n definitiva.<\/li>\n<\/ul>\n\n\n\n<h2 class=\"wp-block-heading\"><strong>\u00daltimos a\u00f1os y legado (2010\u2013Actualidad)<\/strong><\/h2>\n\n\n\n<div style=\"height:20px\" aria-hidden=\"true\" class=\"wp-block-spacer\"><\/div>\n\n\n\n<figure class=\"wp-block-image aligncenter size-full\"><img data-recalc-dims=\"1\" loading=\"lazy\" decoding=\"async\" width=\"459\" height=\"630\" data-attachment-id=\"14576\" data-permalink=\"https:\/\/woorons.com\/fr\/2025\/12\/11\/carlos-gimenez-vida-trayectoria-y-legado-del-gran-dibujante-espanol\/los-profesionales-carlos-jimenez\/\" data-orig-file=\"https:\/\/i0.wp.com\/woorons.com\/wp-content\/uploads\/2025\/12\/los-profesionales-carlos-jimenez.webp?fit=459%2C630&amp;ssl=1\" data-orig-size=\"459,630\" data-comments-opened=\"1\" data-image-meta=\"{&quot;aperture&quot;:&quot;0&quot;,&quot;credit&quot;:&quot;&quot;,&quot;camera&quot;:&quot;&quot;,&quot;caption&quot;:&quot;&quot;,&quot;created_timestamp&quot;:&quot;0&quot;,&quot;copyright&quot;:&quot;&quot;,&quot;focal_length&quot;:&quot;0&quot;,&quot;iso&quot;:&quot;0&quot;,&quot;shutter_speed&quot;:&quot;0&quot;,&quot;title&quot;:&quot;&quot;,&quot;orientation&quot;:&quot;0&quot;}\" data-image-title=\"los-profesionales-carlos-jimenez\" data-image-description=\"&lt;p&gt;Los profesionales, comic de Carlos Gimenez&lt;\/p&gt;\" data-image-caption=\"&lt;p&gt;Los profesionales, comic de Carlos Gimenez&lt;\/p&gt;\" data-large-file=\"https:\/\/i0.wp.com\/woorons.com\/wp-content\/uploads\/2025\/12\/los-profesionales-carlos-jimenez.webp?fit=459%2C630&amp;ssl=1\" src=\"https:\/\/i0.wp.com\/woorons.com\/wp-content\/uploads\/2025\/12\/los-profesionales-carlos-jimenez.webp?resize=459%2C630&#038;ssl=1\" alt=\"&quot;Los profesionales, comic de Carlos Gimenez&quot;\" class=\"wp-image-14576\" \/><figcaption class=\"wp-element-caption\">Los profesionales, comic de Carlos Gimenez<\/figcaption><\/figure>\n\n\n\n<p class=\"has-text-align-justify wp-block-paragraph\">En las \u00faltimas d\u00e9cadas, Carlos Gim\u00e9nez ha mantenido un ritmo regular de publicaciones y reediciones. Su figura es hoy celebrada por especialistas, lectores y artistas de todo el mundo.<\/p>\n\n\n\n<p class=\"has-text-align-justify wp-block-paragraph\">Ha recibido prestigiosos reconocimientos, como:<\/p>\n\n\n\n<ul class=\"wp-block-list\">\n<li>Gran Premio del Sal\u00f3n del C\u00f3mic de Barcelona<\/li>\n\n\n\n<li>Premio Nacional del C\u00f3mic (nombrado aunque rechaz\u00f3 la dotaci\u00f3n econ\u00f3mica)<\/li>\n\n\n\n<li>Medallas y reconocimientos culturales<\/li>\n\n\n\n<li>Traducciones internacionales<\/li>\n<\/ul>\n\n\n\n<p class=\"wp-block-paragraph\">Su legado es incuestionable: es, probablemente, el historietista espa\u00f1ol m\u00e1s influyente del siglo XX y XXI.<\/p>\n\n\n\n<h2 class=\"wp-block-heading\"><strong>Estilo art\u00edstico de Carlos Gim\u00e9nez<\/strong><\/h2>\n\n\n\n<p class=\"has-large-font-size wp-block-paragraph\">Su estilo combina:<\/p>\n\n\n\n<p class=\"has-text-align-justify wp-block-paragraph\"><strong>L\u00ednea clara expresiv<\/strong>a: Limpia, fluida, directa, con figuras muy reconocibles y legibles.<\/p>\n\n\n\n<p class=\"has-text-align-justify wp-block-paragraph\"><strong>Humanismo y direcci\u00f3n de personajes<\/strong>: Sus personajes transmiten emoci\u00f3n con un gesto o una mirada.<\/p>\n\n\n\n<p class=\"has-text-align-justify wp-block-paragraph\"><strong>Narrativa visual cinematogr\u00e1fica<\/strong>: Vi\u00f1etas din\u00e1micas, planos variados, dominio del ritmo.<\/p>\n\n\n\n<p class=\"has-text-align-justify wp-block-paragraph\"><strong>Carga testimonial<\/strong>: M\u00e1s que dibujar, <strong>documenta<\/strong>, <strong>recuerda<\/strong>, <strong>denuncia<\/strong> y <strong>preserva memoria<\/strong>.<\/p>\n\n\n\n<h2 class=\"wp-block-heading\"><strong>Obras esenciales de Carlos Gim\u00e9nez<\/strong><\/h2>\n\n\n\n<ul class=\"wp-block-list\">\n<li><strong>Paracuellos<\/strong><\/li>\n\n\n\n<li><strong>Barrio<\/strong><\/li>\n\n\n\n<li><strong>Los Profesionales<\/strong><\/li>\n\n\n\n<li><strong>Espa\u00f1a Una, Grande y Libre<\/strong><\/li>\n\n\n\n<li><strong>36-39 Malos Tiempos<\/strong><\/li>\n\n\n\n<li><strong>Cris\u00e1lida<\/strong><\/li>\n\n\n\n<li><strong>Koolau el Leproso<\/strong><\/li>\n\n\n\n<li><strong>Dani Futuro<\/strong> (junto a V\u00edctor Mora)<\/li>\n<\/ul>\n\n\n\n<h2 class=\"wp-block-heading\"><strong>Importancia cultural y legado<\/strong><\/h2>\n\n\n\n<p class=\"has-text-align-justify wp-block-paragraph\">Carlos Gim\u00e9nez es mucho m\u00e1s que un dibujante:<br>es un <strong>cronista de la historia<\/strong>, un <strong>testigo generacional<\/strong> y un <strong>puente entre la memoria y el presente<\/strong>.<br>Su obra es utilizada en escuelas, universidades y estudios culturales como referencia clave para entender la posguerra y la evoluci\u00f3n del c\u00f3mic en Espa\u00f1a.<\/p>\n\n\n\n<h2 class=\"wp-block-heading\"><strong>Preguntas frecuentes sobre Carlos Gim\u00e9nez <\/strong><\/h2>\n\n\n\n<h3 class=\"wp-block-heading has-large-font-size\"><strong>\u00bfQui\u00e9n es Carlos Gim\u00e9nez?<\/strong><\/h3>\n\n\n\n<p class=\"wp-block-paragraph\">Uno de los historietistas espa\u00f1oles m\u00e1s importantes, pionero del c\u00f3mic social y autobiogr\u00e1fico.<\/p>\n\n\n\n<h3 class=\"wp-block-heading has-large-font-size\"><strong>\u00bfCu\u00e1l es su obra m\u00e1s famosa?<\/strong><\/h3>\n\n\n\n<p class=\"wp-block-paragraph\"><em>Paracuellos<\/em>, una serie basada en su infancia en los hogares del Auxilio Social.<\/p>\n\n\n\n<h3 class=\"wp-block-heading has-large-font-size\"><strong>\u00bfPor qu\u00e9 es tan relevante?<\/strong><\/h3>\n\n\n\n<p class=\"wp-block-paragraph\">Porque transform\u00f3 el c\u00f3mic espa\u00f1ol, lo llev\u00f3 a la madurez narrativa y preserv\u00f3 la memoria hist\u00f3rica.<\/p>\n\n\n\n<h2 class=\"wp-block-heading\"><strong>\u00bfD\u00f3nde puedo leer sus obras?<\/strong><\/h2>\n\n\n\n<p class=\"wp-block-paragraph\">Est\u00e1n disponibles en editoriales como Reservoir Books, Panini, Astiberri y otras.<\/p>\n\n\n\n<p class=\"has-text-align-justify wp-block-paragraph\"><strong>Carlos Gim\u00e9nez<\/strong> es una figura esencial del c\u00f3mic espa\u00f1ol. Su obra no solo destaca por su calidad gr\u00e1fica, sino por su capacidad para narrar, emocionar, denunciar y preservar la memoria colectiva. Su estilo humanista, su trayectoria y su compromiso lo convierten en un referente imprescindible de la historieta mundial.<\/p>","protected":false},"excerpt":{"rendered":"<p>Biograf\u00eda completa de Carlos Gim\u00e9nez, maestro del c\u00f3mic espa\u00f1ol. Obras, estilo y legado de uno de los autores m\u00e1s influyentes de la historieta.<\/p>","protected":false},"author":21194217,"featured_media":14582,"comment_status":"open","ping_status":"closed","sticky":false,"template":"","format":"standard","meta":{"_coblocks_attr":"","_coblocks_dimensions":"","_coblocks_responsive_height":"","_coblocks_accordion_ie_support":"","_jetpack_newsletter_access":"","_jetpack_dont_email_post_to_subs":false,"_jetpack_newsletter_tier_id":0,"_jetpack_memberships_contains_paywalled_content":false,"_wpcom_ai_launchpad_first_post":false,"_jetpack_feature_clip_id":0,"_jetpack_memberships_contains_paid_content":false,"footnotes":"","jetpack_publicize_message":"","jetpack_publicize_feature_enabled":true,"jetpack_social_post_already_shared":false,"jetpack_social_options":{"image_generator_settings":{"template":"highway","default_image_id":0,"font":"","enabled":false},"version":2},"jetpack_post_was_ever_published":false},"categories":[3468,273,212282,366310,24120],"tags":[62123,240299984,212692,785984658,53382,1183605,789851944,140645224,5555099,35515531,789851925,128192,318243,785984659,1925024,789851968,41786229,386367,785984657,789851938,19668479,4302940,785984663,82134,1602260,6261808,253598543],"class_list":["post-14553","post","type-post","status-publish","format-standard","has-post-thumbnail","hentry","category-arte","category-blog","category-dibujantes","category-historia-del-arte","category-notas","tag-arte-secuencial","tag-autor-de-comic","tag-barrio","tag-biografia-carlos-gimenez","tag-caricatures","tag-carlos-gimenez","tag-cartoon","tag-comic-autobiografico","tag-comic-espanol","tag-comic-social","tag-comic","tag-comic-art","tag-comic-artist","tag-critica-social-en-el-comic","tag-cultura-espanola","tag-dibujantes","tag-dibujantes-espanoles","tag-historia-del-comic","tag-historietista-espanol","tag-ilustracion","tag-ilustradores-espanoles","tag-los-profesionales","tag-maestros-del-comic-europeo","tag-memoria-historica","tag-novelas-graficas","tag-paracuellos","tag-tebeos-espanoles"],"yoast_head":"<!-- This site is optimized with the Yoast SEO plugin v28.4 - https:\/\/yoast.com\/product\/yoast-seo-wordpress\/ -->\n<title>Carlos Gimenez: vida, trayectoria y legado del gran dibujante espa\u00f1ol - WO Orons Art<\/title>\n<meta name=\"robots\" content=\"index, follow, max-snippet:-1, max-image-preview:large, max-video-preview:-1\" \/>\n<link rel=\"canonical\" href=\"https:\/\/woorons.com\/fr\/2025\/12\/11\/carlos-gimenez-vida-trayectoria-y-legado-del-gran-dibujante-espanol\/\" \/>\n<meta property=\"og:locale\" content=\"fr_FR\" \/>\n<meta property=\"og:type\" content=\"article\" \/>\n<meta property=\"og:title\" content=\"Carlos Gimenez: vida, trayectoria y legado del gran dibujante espa\u00f1ol - WO Orons Art\" \/>\n<meta property=\"og:description\" content=\"Biograf\u00eda completa de Carlos Gim\u00e9nez, maestro del c\u00f3mic espa\u00f1ol. Obras, estilo y legado de uno de los autores m\u00e1s influyentes de la historieta.\" \/>\n<meta property=\"og:url\" content=\"https:\/\/woorons.com\/fr\/2025\/12\/11\/carlos-gimenez-vida-trayectoria-y-legado-del-gran-dibujante-espanol\/\" \/>\n<meta property=\"og:site_name\" content=\"WO Orons Art\" \/>\n<meta property=\"article:published_time\" content=\"2025-12-11T16:46:59+00:00\" \/>\n<meta property=\"article:modified_time\" content=\"2025-12-13T12:11:11+00:00\" \/>\n<meta property=\"og:image\" content=\"https:\/\/i0.wp.com\/woorons.com\/wp-content\/uploads\/2025\/12\/carlos-jimenez-comic.jpg?fit=842%2C474&ssl=1\" \/>\n\t<meta property=\"og:image:width\" content=\"842\" \/>\n\t<meta property=\"og:image:height\" content=\"474\" \/>\n\t<meta property=\"og:image:type\" content=\"image\/jpeg\" \/>\n<meta name=\"author\" content=\"Wo Orons\" \/>\n<meta name=\"twitter:card\" content=\"summary_large_image\" \/>\n<meta name=\"twitter:label1\" content=\"\u00c9crit par\" \/>\n\t<meta name=\"twitter:data1\" content=\"Wo Orons\" \/>\n\t<meta name=\"twitter:label2\" content=\"Dur\u00e9e de lecture estim\u00e9e\" \/>\n\t<meta name=\"twitter:data2\" content=\"6 minutes\" \/>\n<script type=\"application\/ld+json\" class=\"yoast-schema-graph\">{\"@context\":\"https:\\\/\\\/schema.org\",\"@graph\":[{\"@type\":\"Article\",\"@id\":\"https:\\\/\\\/woorons.com\\\/2025\\\/12\\\/11\\\/carlos-gimenez-vida-trayectoria-y-legado-del-gran-dibujante-espanol\\\/#article\",\"isPartOf\":{\"@id\":\"https:\\\/\\\/woorons.com\\\/2025\\\/12\\\/11\\\/carlos-gimenez-vida-trayectoria-y-legado-del-gran-dibujante-espanol\\\/\"},\"author\":{\"name\":\"Wo Orons\",\"@id\":\"https:\\\/\\\/woorons.com\\\/#\\\/schema\\\/person\\\/85b4229ce0694a31b5f128dc047161e8\"},\"headline\":\"Carlos Gimenez: vida, trayectoria y legado del gran dibujante espa\u00f1ol\",\"datePublished\":\"2025-12-11T16:46:59+00:00\",\"dateModified\":\"2025-12-13T12:11:11+00:00\",\"mainEntityOfPage\":{\"@id\":\"https:\\\/\\\/woorons.com\\\/2025\\\/12\\\/11\\\/carlos-gimenez-vida-trayectoria-y-legado-del-gran-dibujante-espanol\\\/\"},\"wordCount\":1242,\"commentCount\":0,\"publisher\":{\"@id\":\"https:\\\/\\\/woorons.com\\\/#\\\/schema\\\/person\\\/85b4229ce0694a31b5f128dc047161e8\"},\"image\":{\"@id\":\"https:\\\/\\\/woorons.com\\\/2025\\\/12\\\/11\\\/carlos-gimenez-vida-trayectoria-y-legado-del-gran-dibujante-espanol\\\/#primaryimage\"},\"thumbnailUrl\":\"https:\\\/\\\/i0.wp.com\\\/woorons.com\\\/wp-content\\\/uploads\\\/2025\\\/12\\\/carlos-jimenez-comic.jpg?fit=842%2C474&ssl=1\",\"keywords\":[\"arte secuencial\",\"autor de c\u00f3mic\",\"Barrio\",\"biograf\u00eda Carlos Gim\u00e9nez\",\"Caricatures\",\"Carlos Gim\u00e9nez\",\"Cartoon\",\"c\u00f3mic autobiogr\u00e1fico\",\"c\u00f3mic espa\u00f1ol\",\"c\u00f3mic social\",\"Comic\",\"Comic art\",\"Comic artist\",\"cr\u00edtica social en el c\u00f3mic\",\"cultura espa\u00f1ola\",\"Dibujantes\",\"dibujantes espa\u00f1oles\",\"historia del c\u00f3mic\",\"historietista espa\u00f1ol\",\"Ilustraci\u00f3n\",\"ilustradores espa\u00f1oles\",\"Los Profesionales\",\"maestros del c\u00f3mic europeo\",\"memoria hist\u00f3rica\",\"novelas gr\u00e1ficas\",\"Paracuellos\",\"tebeos espa\u00f1oles\"],\"articleSection\":[\"Arte\",\"Blog\",\"Dibujantes\",\"Historia del Arte\",\"Notas\"],\"inLanguage\":\"fr-FR\",\"potentialAction\":[{\"@type\":\"CommentAction\",\"name\":\"Comment\",\"target\":[\"https:\\\/\\\/woorons.com\\\/2025\\\/12\\\/11\\\/carlos-gimenez-vida-trayectoria-y-legado-del-gran-dibujante-espanol\\\/#respond\"]}]},{\"@type\":\"WebPage\",\"@id\":\"https:\\\/\\\/woorons.com\\\/2025\\\/12\\\/11\\\/carlos-gimenez-vida-trayectoria-y-legado-del-gran-dibujante-espanol\\\/\",\"url\":\"https:\\\/\\\/woorons.com\\\/2025\\\/12\\\/11\\\/carlos-gimenez-vida-trayectoria-y-legado-del-gran-dibujante-espanol\\\/\",\"name\":\"Carlos Gimenez: vida, trayectoria y legado del gran dibujante espa\u00f1ol - WO Orons Art\",\"isPartOf\":{\"@id\":\"https:\\\/\\\/woorons.com\\\/#website\"},\"primaryImageOfPage\":{\"@id\":\"https:\\\/\\\/woorons.com\\\/2025\\\/12\\\/11\\\/carlos-gimenez-vida-trayectoria-y-legado-del-gran-dibujante-espanol\\\/#primaryimage\"},\"image\":{\"@id\":\"https:\\\/\\\/woorons.com\\\/2025\\\/12\\\/11\\\/carlos-gimenez-vida-trayectoria-y-legado-del-gran-dibujante-espanol\\\/#primaryimage\"},\"thumbnailUrl\":\"https:\\\/\\\/i0.wp.com\\\/woorons.com\\\/wp-content\\\/uploads\\\/2025\\\/12\\\/carlos-jimenez-comic.jpg?fit=842%2C474&ssl=1\",\"datePublished\":\"2025-12-11T16:46:59+00:00\",\"dateModified\":\"2025-12-13T12:11:11+00:00\",\"breadcrumb\":{\"@id\":\"https:\\\/\\\/woorons.com\\\/2025\\\/12\\\/11\\\/carlos-gimenez-vida-trayectoria-y-legado-del-gran-dibujante-espanol\\\/#breadcrumb\"},\"inLanguage\":\"fr-FR\",\"potentialAction\":[{\"@type\":\"ReadAction\",\"target\":[\"https:\\\/\\\/woorons.com\\\/2025\\\/12\\\/11\\\/carlos-gimenez-vida-trayectoria-y-legado-del-gran-dibujante-espanol\\\/\"]}]},{\"@type\":\"ImageObject\",\"inLanguage\":\"fr-FR\",\"@id\":\"https:\\\/\\\/woorons.com\\\/2025\\\/12\\\/11\\\/carlos-gimenez-vida-trayectoria-y-legado-del-gran-dibujante-espanol\\\/#primaryimage\",\"url\":\"https:\\\/\\\/i0.wp.com\\\/woorons.com\\\/wp-content\\\/uploads\\\/2025\\\/12\\\/carlos-jimenez-comic.jpg?fit=842%2C474&ssl=1\",\"contentUrl\":\"https:\\\/\\\/i0.wp.com\\\/woorons.com\\\/wp-content\\\/uploads\\\/2025\\\/12\\\/carlos-jimenez-comic.jpg?fit=842%2C474&ssl=1\",\"width\":842,\"height\":474,\"caption\":\"\\\"Portada de Los Profesionales, comic de Carlos Jimenez\\\"\"},{\"@type\":\"BreadcrumbList\",\"@id\":\"https:\\\/\\\/woorons.com\\\/2025\\\/12\\\/11\\\/carlos-gimenez-vida-trayectoria-y-legado-del-gran-dibujante-espanol\\\/#breadcrumb\",\"itemListElement\":[{\"@type\":\"ListItem\",\"position\":1,\"name\":\"Portada\",\"item\":\"https:\\\/\\\/woorons.com\\\/\"},{\"@type\":\"ListItem\",\"position\":2,\"name\":\"Carlos Gimenez: vida, trayectoria y legado del gran dibujante espa\u00f1ol\"}]},{\"@type\":\"WebSite\",\"@id\":\"https:\\\/\\\/woorons.com\\\/#website\",\"url\":\"https:\\\/\\\/woorons.com\\\/\",\"name\":\"WO Orons Art\",\"description\":\"&quot;Caricaturas, Retratos, Fan Art, Ilustraci\u00f3n&quot;\",\"publisher\":{\"@id\":\"https:\\\/\\\/woorons.com\\\/#\\\/schema\\\/person\\\/85b4229ce0694a31b5f128dc047161e8\"},\"potentialAction\":[{\"@type\":\"SearchAction\",\"target\":{\"@type\":\"EntryPoint\",\"urlTemplate\":\"https:\\\/\\\/woorons.com\\\/?s={search_term_string}\"},\"query-input\":{\"@type\":\"PropertyValueSpecification\",\"valueRequired\":true,\"valueName\":\"search_term_string\"}}],\"inLanguage\":\"fr-FR\"},{\"@type\":[\"Person\",\"Organization\"],\"@id\":\"https:\\\/\\\/woorons.com\\\/#\\\/schema\\\/person\\\/85b4229ce0694a31b5f128dc047161e8\",\"name\":\"Wo Orons\",\"image\":{\"@type\":\"ImageObject\",\"inLanguage\":\"fr-FR\",\"@id\":\"https:\\\/\\\/i0.wp.com\\\/woorons.com\\\/wp-content\\\/uploads\\\/2025\\\/03\\\/logotipo-woorons.jpg?fit=595%2C516&ssl=1\",\"url\":\"https:\\\/\\\/i0.wp.com\\\/woorons.com\\\/wp-content\\\/uploads\\\/2025\\\/03\\\/logotipo-woorons.jpg?fit=595%2C516&ssl=1\",\"contentUrl\":\"https:\\\/\\\/i0.wp.com\\\/woorons.com\\\/wp-content\\\/uploads\\\/2025\\\/03\\\/logotipo-woorons.jpg?fit=595%2C516&ssl=1\",\"width\":595,\"height\":516,\"caption\":\"Wo Orons\"},\"logo\":{\"@id\":\"https:\\\/\\\/i0.wp.com\\\/woorons.com\\\/wp-content\\\/uploads\\\/2025\\\/03\\\/logotipo-woorons.jpg?fit=595%2C516&ssl=1\"},\"sameAs\":[\"http:\\\/\\\/orons-art.wordpress.com\"],\"url\":\"https:\\\/\\\/woorons.com\\\/fr\\\/author\\\/orons\\\/\"}]}<\/script>\n<!-- \/ Yoast SEO plugin. -->","yoast_head_json":{"title":"Carlos Gimenez: vida, trayectoria y legado del gran dibujante espa\u00f1ol - WO Orons Art","robots":{"index":"index","follow":"follow","max-snippet":"max-snippet:-1","max-image-preview":"max-image-preview:large","max-video-preview":"max-video-preview:-1"},"canonical":"https:\/\/woorons.com\/fr\/2025\/12\/11\/carlos-gimenez-vida-trayectoria-y-legado-del-gran-dibujante-espanol\/","og_locale":"fr_FR","og_type":"article","og_title":"Carlos Gimenez: vida, trayectoria y legado del gran dibujante espa\u00f1ol - WO Orons Art","og_description":"Biograf\u00eda completa de Carlos Gim\u00e9nez, maestro del c\u00f3mic espa\u00f1ol. Obras, estilo y legado de uno de los autores m\u00e1s influyentes de la historieta.","og_url":"https:\/\/woorons.com\/fr\/2025\/12\/11\/carlos-gimenez-vida-trayectoria-y-legado-del-gran-dibujante-espanol\/","og_site_name":"WO Orons Art","article_published_time":"2025-12-11T16:46:59+00:00","article_modified_time":"2025-12-13T12:11:11+00:00","og_image":[{"width":842,"height":474,"url":"https:\/\/i0.wp.com\/woorons.com\/wp-content\/uploads\/2025\/12\/carlos-jimenez-comic.jpg?fit=842%2C474&ssl=1","type":"image\/jpeg"}],"author":"Wo Orons","twitter_card":"summary_large_image","twitter_misc":{"\u00c9crit par":"Wo Orons","Dur\u00e9e de lecture estim\u00e9e":"6 minutes"},"schema":{"@context":"https:\/\/schema.org","@graph":[{"@type":"Article","@id":"https:\/\/woorons.com\/2025\/12\/11\/carlos-gimenez-vida-trayectoria-y-legado-del-gran-dibujante-espanol\/#article","isPartOf":{"@id":"https:\/\/woorons.com\/2025\/12\/11\/carlos-gimenez-vida-trayectoria-y-legado-del-gran-dibujante-espanol\/"},"author":{"name":"Wo Orons","@id":"https:\/\/woorons.com\/#\/schema\/person\/85b4229ce0694a31b5f128dc047161e8"},"headline":"Carlos Gimenez: vida, trayectoria y legado del gran dibujante espa\u00f1ol","datePublished":"2025-12-11T16:46:59+00:00","dateModified":"2025-12-13T12:11:11+00:00","mainEntityOfPage":{"@id":"https:\/\/woorons.com\/2025\/12\/11\/carlos-gimenez-vida-trayectoria-y-legado-del-gran-dibujante-espanol\/"},"wordCount":1242,"commentCount":0,"publisher":{"@id":"https:\/\/woorons.com\/#\/schema\/person\/85b4229ce0694a31b5f128dc047161e8"},"image":{"@id":"https:\/\/woorons.com\/2025\/12\/11\/carlos-gimenez-vida-trayectoria-y-legado-del-gran-dibujante-espanol\/#primaryimage"},"thumbnailUrl":"https:\/\/i0.wp.com\/woorons.com\/wp-content\/uploads\/2025\/12\/carlos-jimenez-comic.jpg?fit=842%2C474&ssl=1","keywords":["arte secuencial","autor de c\u00f3mic","Barrio","biograf\u00eda Carlos Gim\u00e9nez","Caricatures","Carlos Gim\u00e9nez","Cartoon","c\u00f3mic autobiogr\u00e1fico","c\u00f3mic espa\u00f1ol","c\u00f3mic social","Comic","Comic art","Comic artist","cr\u00edtica social en el c\u00f3mic","cultura espa\u00f1ola","Dibujantes","dibujantes espa\u00f1oles","historia del c\u00f3mic","historietista espa\u00f1ol","Ilustraci\u00f3n","ilustradores espa\u00f1oles","Los Profesionales","maestros del c\u00f3mic europeo","memoria hist\u00f3rica","novelas gr\u00e1ficas","Paracuellos","tebeos espa\u00f1oles"],"articleSection":["Arte","Blog","Dibujantes","Historia del Arte","Notas"],"inLanguage":"fr-FR","potentialAction":[{"@type":"CommentAction","name":"Comment","target":["https:\/\/woorons.com\/2025\/12\/11\/carlos-gimenez-vida-trayectoria-y-legado-del-gran-dibujante-espanol\/#respond"]}]},{"@type":"WebPage","@id":"https:\/\/woorons.com\/2025\/12\/11\/carlos-gimenez-vida-trayectoria-y-legado-del-gran-dibujante-espanol\/","url":"https:\/\/woorons.com\/2025\/12\/11\/carlos-gimenez-vida-trayectoria-y-legado-del-gran-dibujante-espanol\/","name":"Carlos Gimenez: vida, trayectoria y legado del gran dibujante espa\u00f1ol - WO Orons Art","isPartOf":{"@id":"https:\/\/woorons.com\/#website"},"primaryImageOfPage":{"@id":"https:\/\/woorons.com\/2025\/12\/11\/carlos-gimenez-vida-trayectoria-y-legado-del-gran-dibujante-espanol\/#primaryimage"},"image":{"@id":"https:\/\/woorons.com\/2025\/12\/11\/carlos-gimenez-vida-trayectoria-y-legado-del-gran-dibujante-espanol\/#primaryimage"},"thumbnailUrl":"https:\/\/i0.wp.com\/woorons.com\/wp-content\/uploads\/2025\/12\/carlos-jimenez-comic.jpg?fit=842%2C474&ssl=1","datePublished":"2025-12-11T16:46:59+00:00","dateModified":"2025-12-13T12:11:11+00:00","breadcrumb":{"@id":"https:\/\/woorons.com\/2025\/12\/11\/carlos-gimenez-vida-trayectoria-y-legado-del-gran-dibujante-espanol\/#breadcrumb"},"inLanguage":"fr-FR","potentialAction":[{"@type":"ReadAction","target":["https:\/\/woorons.com\/2025\/12\/11\/carlos-gimenez-vida-trayectoria-y-legado-del-gran-dibujante-espanol\/"]}]},{"@type":"ImageObject","inLanguage":"fr-FR","@id":"https:\/\/woorons.com\/2025\/12\/11\/carlos-gimenez-vida-trayectoria-y-legado-del-gran-dibujante-espanol\/#primaryimage","url":"https:\/\/i0.wp.com\/woorons.com\/wp-content\/uploads\/2025\/12\/carlos-jimenez-comic.jpg?fit=842%2C474&ssl=1","contentUrl":"https:\/\/i0.wp.com\/woorons.com\/wp-content\/uploads\/2025\/12\/carlos-jimenez-comic.jpg?fit=842%2C474&ssl=1","width":842,"height":474,"caption":"\"Portada de Los Profesionales, comic de Carlos Jimenez\""},{"@type":"BreadcrumbList","@id":"https:\/\/woorons.com\/2025\/12\/11\/carlos-gimenez-vida-trayectoria-y-legado-del-gran-dibujante-espanol\/#breadcrumb","itemListElement":[{"@type":"ListItem","position":1,"name":"Portada","item":"https:\/\/woorons.com\/"},{"@type":"ListItem","position":2,"name":"Carlos Gimenez: vida, trayectoria y legado del gran dibujante espa\u00f1ol"}]},{"@type":"WebSite","@id":"https:\/\/woorons.com\/#website","url":"https:\/\/woorons.com\/","name":"WO Orons Art","description":"&quot;Caricaturas, Retratos, Fan Art, Ilustraci\u00f3n&quot;","publisher":{"@id":"https:\/\/woorons.com\/#\/schema\/person\/85b4229ce0694a31b5f128dc047161e8"},"potentialAction":[{"@type":"SearchAction","target":{"@type":"EntryPoint","urlTemplate":"https:\/\/woorons.com\/?s={search_term_string}"},"query-input":{"@type":"PropertyValueSpecification","valueRequired":true,"valueName":"search_term_string"}}],"inLanguage":"fr-FR"},{"@type":["Person","Organization"],"@id":"https:\/\/woorons.com\/#\/schema\/person\/85b4229ce0694a31b5f128dc047161e8","name":"Wo Orons","image":{"@type":"ImageObject","inLanguage":"fr-FR","@id":"https:\/\/i0.wp.com\/woorons.com\/wp-content\/uploads\/2025\/03\/logotipo-woorons.jpg?fit=595%2C516&ssl=1","url":"https:\/\/i0.wp.com\/woorons.com\/wp-content\/uploads\/2025\/03\/logotipo-woorons.jpg?fit=595%2C516&ssl=1","contentUrl":"https:\/\/i0.wp.com\/woorons.com\/wp-content\/uploads\/2025\/03\/logotipo-woorons.jpg?fit=595%2C516&ssl=1","width":595,"height":516,"caption":"Wo Orons"},"logo":{"@id":"https:\/\/i0.wp.com\/woorons.com\/wp-content\/uploads\/2025\/03\/logotipo-woorons.jpg?fit=595%2C516&ssl=1"},"sameAs":["http:\/\/orons-art.wordpress.com"],"url":"https:\/\/woorons.com\/fr\/author\/orons\/"}]}},"jetpack_publicize_connections":[],"jetpack_likes_enabled":true,"jetpack_sharing_enabled":true,"jetpack_shortlink":"https:\/\/wp.me\/p43FXj-3MJ","jetpack-related-posts":[],"jetpack_featured_media_url":"https:\/\/i0.wp.com\/woorons.com\/wp-content\/uploads\/2025\/12\/carlos-jimenez-comic.jpg?fit=842%2C474&ssl=1","_links":{"self":[{"href":"https:\/\/woorons.com\/fr\/wp-json\/wp\/v2\/posts\/14553","targetHints":{"allow":["GET"]}}],"collection":[{"href":"https:\/\/woorons.com\/fr\/wp-json\/wp\/v2\/posts"}],"about":[{"href":"https:\/\/woorons.com\/fr\/wp-json\/wp\/v2\/types\/post"}],"author":[{"embeddable":true,"href":"https:\/\/woorons.com\/fr\/wp-json\/wp\/v2\/users\/21194217"}],"replies":[{"embeddable":true,"href":"https:\/\/woorons.com\/fr\/wp-json\/wp\/v2\/comments?post=14553"}],"version-history":[{"count":25,"href":"https:\/\/woorons.com\/fr\/wp-json\/wp\/v2\/posts\/14553\/revisions"}],"predecessor-version":[{"id":14607,"href":"https:\/\/woorons.com\/fr\/wp-json\/wp\/v2\/posts\/14553\/revisions\/14607"}],"wp:featuredmedia":[{"embeddable":true,"href":"https:\/\/woorons.com\/fr\/wp-json\/wp\/v2\/media\/14582"}],"wp:attachment":[{"href":"https:\/\/woorons.com\/fr\/wp-json\/wp\/v2\/media?parent=14553"}],"wp:term":[{"taxonomy":"category","embeddable":true,"href":"https:\/\/woorons.com\/fr\/wp-json\/wp\/v2\/categories?post=14553"},{"taxonomy":"post_tag","embeddable":true,"href":"https:\/\/woorons.com\/fr\/wp-json\/wp\/v2\/tags?post=14553"}],"curies":[{"name":"wp","href":"https:\/\/api.w.org\/{rel}","templated":true}]}}