{"id":1391,"date":"2022-11-26T10:00:00","date_gmt":"2022-11-26T09:00:00","guid":{"rendered":"https:\/\/woorons.com\/?p=1391"},"modified":"2023-02-23T06:23:05","modified_gmt":"2023-02-23T05:23:05","slug":"caricatura-de-amalia-rodriguez","status":"publish","type":"post","link":"https:\/\/woorons.com\/fr\/2022\/11\/26\/caricatura-de-amalia-rodriguez\/","title":{"rendered":"Caricatura de Am\u00e1lia Rodrigues."},"content":{"rendered":"<h2 class=\"wp-block-heading\" id=\"la-reina-del-fado\">La Reina del fado.<\/h2>\n\n\n\n<ol><li><a class=\"wp-block-table-of-contents__entry\" href=\"https:\/\/woorons.com\/fr\/2022\/11\/26\/caricatura-de-amalia-rodriguez\/#la-reina-del-fado\">La Reina del fado.<\/a><\/li><li><a class=\"wp-block-table-of-contents__entry\" href=\"https:\/\/woorons.com\/fr\/2022\/11\/26\/caricatura-de-amalia-rodriguez\/#abandono\">Abandono:<\/a><\/li><li><a class=\"wp-block-table-of-contents__entry\" href=\"https:\/\/woorons.com\/fr\/2022\/11\/26\/caricatura-de-amalia-rodriguez\/#la-ninez-de-amalia-rodriguez\">La ni\u00f1ez de Am\u00e1lia Rodriguez.<\/a><\/li><li><a class=\"wp-block-table-of-contents__entry\" href=\"https:\/\/woorons.com\/fr\/2022\/11\/26\/caricatura-de-amalia-rodriguez\/#el-regreso-de-sus-padres-y-el-camino-al-exito\">El regreso de sus padres y el camino al \u00e9xito:<\/a><\/li><li><a class=\"wp-block-table-of-contents__entry\" href=\"https:\/\/woorons.com\/fr\/2022\/11\/26\/caricatura-de-amalia-rodriguez\/#la-dictadura-o-el-partido-comunista\">La dictadura o el Partido Comunista.<\/a><\/li><\/ol>\n\n\n\n<p class=\"has-text-align-justify wp-block-paragraph\">Hablar de Am\u00e1lia Rodriguez y hablar del fado es lo mismo, porque nos estar\u00edamos refiriendo a una de sus mayores exponentes, ya que grab\u00f3 m\u00e1s de 170 discos a lo largo de su vida.<\/p>\n\n\n\n<p class=\"has-text-align-justify wp-block-paragraph\">Am\u00e1lia Rodrigues naci\u00f3 un 23 de julio en Lisboa y tuvo una carrera profesional en la actuaci\u00f3n y la m\u00fasica de m\u00e1s de 40 a\u00f1os, entre 1950 y 1970, y hay quien la vincula al r\u00e9gimen del dictador <a rel=\"noreferrer noopener\" href=\"https:\/\/es.wikipedia.org\/wiki\/Ant%C3%B3nio_de_Oliveira_Salazar\" target=\"_blank\">Ant\u00f3nio de Oliveira Salazar<\/a> a\u00fan que hay quien asegura, que estuvo vinculada al <a rel=\"noreferrer noopener\" href=\"https:\/\/es.wikipedia.org\/wiki\/Partido_Comunista_Portugu%C3%A9s\" target=\"_blank\">Partido Comunista Portugu\u00e9s<\/a> al que dio dinero en la clandestinidad.<\/p>\n\n\n\n<p class=\"wp-block-paragraph\">Despu\u00e9s de <a href=\"https:\/\/es.wikipedia.org\/wiki\/Revoluci%C3%B3n_de_los_Claveles\" target=\"_blank\" rel=\"noreferrer noopener\">La Revoluci\u00f3n de los Claveles<\/a>, la obligaron a retirarse de los escenarios.<\/p>\n\n\n\n<figure class=\"wp-block-image size-large\"><img data-recalc-dims=\"1\" loading=\"lazy\" decoding=\"async\" width=\"1024\" height=\"576\" data-attachment-id=\"4655\" data-permalink=\"https:\/\/woorons.com\/fr\/2022\/11\/26\/caricatura-de-amalia-rodriguez\/revolucion-de-los-claveles\/\" data-orig-file=\"https:\/\/i0.wp.com\/woorons.com\/wp-content\/uploads\/2022\/11\/revolucion-de-los-claveles.jpg?fit=1024%2C576&amp;ssl=1\" data-orig-size=\"1024,576\" data-comments-opened=\"1\" data-image-meta=\"{&quot;aperture&quot;:&quot;0&quot;,&quot;credit&quot;:&quot;&quot;,&quot;camera&quot;:&quot;&quot;,&quot;caption&quot;:&quot;&quot;,&quot;created_timestamp&quot;:&quot;0&quot;,&quot;copyright&quot;:&quot;&quot;,&quot;focal_length&quot;:&quot;0&quot;,&quot;iso&quot;:&quot;0&quot;,&quot;shutter_speed&quot;:&quot;0&quot;,&quot;title&quot;:&quot;&quot;,&quot;orientation&quot;:&quot;0&quot;}\" data-image-title=\"revolucion-de-los-claveles\" data-image-description=\"&lt;p&gt;Imagen de la Revoluci\u00f3n de los Claveles.&lt;\/p&gt;\" data-image-caption=\"&lt;p&gt;La Revoluci\u00f3n de los Claveles. &lt;\/p&gt;\" data-large-file=\"https:\/\/i0.wp.com\/woorons.com\/wp-content\/uploads\/2022\/11\/revolucion-de-los-claveles.jpg?fit=1024%2C576&amp;ssl=1\" src=\"https:\/\/i0.wp.com\/woorons.com\/wp-content\/uploads\/2022\/11\/revolucion-de-los-claveles.jpg?resize=1024%2C576&#038;ssl=1\" alt=\"La Revoluci\u00f3n de los Claveles.\" class=\"wp-image-4655\" \/><\/figure>\n\n\n\n<p class=\"wp-block-paragraph\">Cien a\u00f1os despu\u00e9s de su nacimiento, se la reconoce como \u00abla voz de Portugal\u00bb<\/p>\n\n\n\n<p class=\"has-text-align-justify wp-block-paragraph\">Dec\u00eda Am\u00e1lia en una entrevista en 1967 &#8211; \u00abNo s\u00e9 si canto bien fado, si soy castiza, si soy artista. Lo que s\u00e9, es que hay una sinceridad que siempre tuve al cantar en mi manera de ser. Siempre di todo lo que pude dar\u00bb<\/p>\n\n\n\n<p class=\"has-text-align-justify wp-block-paragraph\">Fue la quinta de una familia de nueve hijos. Trabaj\u00f3 desde muy peque\u00f1a vendiendo fruta, trabajando en una f\u00e1brica de dulces y cosiendo ropa, hasta que inici\u00f3 su carrera como cantante a los diecinueve a\u00f1os.<\/p>\n\n\n\n<p class=\"has-text-align-justify wp-block-paragraph\">La nota m\u00e1s oscura, o sombr\u00eda, de la carrera de Am\u00e1lia Rodrigues, o quiz\u00e1s la m\u00e1s intrigante, es su relaci\u00f3n con la dictadura portuguesa.<\/p>\n\n\n\n<p class=\"has-text-align-justify wp-block-paragraph\">Se especula con su apoyo al r\u00e9gimen de el dictador Ant\u00f3nio de Oliveira Salazar, de su colaboracionismo, ya que se dice que el r\u00e9gimen dictatorial se asentaba sobre tres efes, el fado, F\u00e1tima, y la familia.<\/p>\n\n\n\n<p class=\"has-text-align-justify wp-block-paragraph\">El periodista Miguel Carvalho, quien realiz\u00f3 una pormenorizada biograf\u00eda sobre ella, sostiene que:<\/p>\n\n\n\n<p class=\"has-text-align-justify wp-block-paragraph\"> \u00abAmalia estaba con dios y con el diablo. Aunque no ten\u00eda compromiso ideol\u00f3gico con los comunistas (era conservadora y cat\u00f3lica), para ella era importante la defensa de la dignidad humana\u00bb<\/p>\n\n\n\n<figure class=\"wp-block-image size-large\"><img data-recalc-dims=\"1\" loading=\"lazy\" decoding=\"async\" width=\"3035\" height=\"698\" data-attachment-id=\"1392\" data-permalink=\"https:\/\/woorons.com\/fr\/2022\/11\/26\/caricatura-de-amalia-rodriguez\/proceso-amalia-rodriguez\/\" data-orig-file=\"https:\/\/i0.wp.com\/woorons.com\/wp-content\/uploads\/2018\/04\/proceso-amalia-rodriguez-e1524430757366.jpg?fit=3035%2C698&amp;ssl=1\" data-orig-size=\"3035,698\" data-comments-opened=\"1\" data-image-meta=\"{&quot;aperture&quot;:&quot;0&quot;,&quot;credit&quot;:&quot;&quot;,&quot;camera&quot;:&quot;&quot;,&quot;caption&quot;:&quot;&quot;,&quot;created_timestamp&quot;:&quot;0&quot;,&quot;copyright&quot;:&quot;&quot;,&quot;focal_length&quot;:&quot;0&quot;,&quot;iso&quot;:&quot;0&quot;,&quot;shutter_speed&quot;:&quot;0&quot;,&quot;title&quot;:&quot;&quot;,&quot;orientation&quot;:&quot;0&quot;}\" data-image-title=\"caricatura-de-amalia-rodriguez-reina-del-fado\" data-image-description=\"&lt;p&gt;Caricatura de Am\u00e1lia Rodrigues, cantante de fado.&lt;\/p&gt;\" data-image-caption=\"&lt;p&gt;Caricatura de Am\u00e1lia Rodrigues,&lt;\/p&gt;\" data-large-file=\"https:\/\/i0.wp.com\/woorons.com\/wp-content\/uploads\/2018\/04\/proceso-amalia-rodriguez-e1524430757366.jpg?fit=1024%2C236&amp;ssl=1\" src=\"https:\/\/i0.wp.com\/woorons.com\/wp-content\/uploads\/2018\/04\/proceso-amalia-rodriguez-e1524430757366.jpg?resize=3035%2C698&#038;ssl=1\" alt=\"Caricatura de Am\u00e1lia Rodrigues, cantante de fado.\" class=\"wp-image-1392\" \/><figcaption class=\"wp-element-caption\">Caricatura de Am\u00e1lia Rodrigues. Proceso creativo.<\/figcaption><\/figure>\n\n\n\n<p class=\"has-text-align-justify wp-block-paragraph\">Carvalho nos cuenta que Am\u00e1lia se cri\u00f3 desde los nueve a\u00f1os en un barrio obrero, Alc\u00e1ntara, que era uno de los focos de resistencia al r\u00e9gimen y que durante su infancia, presenci\u00f3 la persecuci\u00f3n de los enemigos de la dictadura, es decir, la persecuci\u00f3n de sus vecinos, con algunos de los cuales mantuvo relaciones de amistad durante toda su vida.<\/p>\n\n\n\n<p class=\"has-text-align-justify wp-block-paragraph\">A pesar de que su familia era admiradora de Salazar y formaba parte de u sector de la sociedad portuguesa que lo ve\u00eda como un salvador del pa\u00eds ante el caos que sobrevino con la proclamaci\u00f3n de la rep\u00fablica, Am\u00e1lia nunca pudo dar la espalda, ni hacer oidos sordos , a la presencia de los oprimidos y pisoteados por la dictadura.<\/p>\n\n\n\n<p class=\"has-text-align-justify wp-block-paragraph\">Sin duda que ese sentimiento contradictorio, ambiguo, es lo que la lleva a colaborar con el partido Comunista de Portugal. Quiz\u00e1s no existi\u00f3 motivo ideol\u00f3gico alguno, fuera del sentimiento de impotencia, angustia o injusticia, infligida a sus seres queridos.<\/p>\n\n\n\n<p class=\"wp-block-paragraph\">Dice Carvalho que: \u00abSu casa en Lisboa era un centro de conspiraci\u00f3n\u00bb Quiz\u00e1s una interpretaci\u00f3n un tanto exagerada.<\/p>\n\n\n\n<p class=\"has-text-align-justify wp-block-paragraph\">La artista tambi\u00e9n cant\u00f3 canciones de claro contenido pol\u00edtico, de poetas perseguidos, temas que fueron censurados Como la canci\u00f3n <a rel=\"noreferrer noopener\" href=\"https:\/\/www.youtube.com\/watch?v=L2uX4LgfFyo\" target=\"_blank\">Abandono<\/a> de David Mourao-Ferreira.<\/p>\n\n\n\n<h2 class=\"wp-block-heading\" id=\"abandono\">Abandono:<\/h2>\n\n\n\n<p class=\"wp-block-paragraph\">Por teu livre pensamento<br \/>Foram-te longe encerrar<br \/>Por teu livre pensamento<br \/>Foram-te longe encerrar<\/p>\n\n\n\n<p class=\"wp-block-paragraph\">T\u00e3o longe que o meu lamento<br \/>N\u00e3o te consegue alcan\u00e7ar<br \/>E apenas ouves o vento<br \/>E apenas ouves o mar<\/p>\n\n\n\n<p class=\"wp-block-paragraph\">Levaram-te a meio da noite<br \/>A treva tudo cobria<br \/>Levaram-te a meio da noite<br \/>A treva tudo cobria<\/p>\n\n\n\n<p class=\"wp-block-paragraph\">Foi de noite numa noite<br \/>De todas a mais sombria<br \/>Foi de noite, foi de noite<br \/>E nunca mais se fez dia<\/p>\n\n\n\n<p class=\"wp-block-paragraph\">Ai! Dessa noite o veneno<br \/>Persiste em me envenenar<br \/>Ai! Dessa noite o veneno<br \/>Persiste em me envenenar<\/p>\n\n\n\n<p class=\"wp-block-paragraph\">Oi\u00e7o apenas o sil\u00eancio<br \/>Que ficou em teu lugar<br \/>Ao menos ouves o vento<br \/>Ao menos ouves o mar<\/p>\n\n\n\n<p class=\"wp-block-paragraph\">Ao menos ouves o vento<br \/>Ao menos ouves o mar<\/p>\n\n\n\n<p class=\"wp-block-paragraph\">\u00abElla siempre neg\u00f3 en p\u00fablico que la canci\u00f3n tuviera connotaciones pol\u00edticas, pero en privado, s\u00ed lo reconoci\u00f3\u00bb &#8211; Comenta Carvalho.<\/p>\n\n\n\n<figure class=\"wp-block-image size-large is-resized\"><img data-recalc-dims=\"1\" loading=\"lazy\" decoding=\"async\" data-attachment-id=\"4664\" data-permalink=\"https:\/\/woorons.com\/fr\/2022\/11\/26\/caricatura-de-amalia-rodriguez\/amalia-rodriguez-con-su-hermana-celeste\/\" data-orig-file=\"https:\/\/i0.wp.com\/woorons.com\/wp-content\/uploads\/2022\/11\/amalia-rodriguez-con-su-hermana-celeste.jpg?fit=1960%2C2613&amp;ssl=1\" data-orig-size=\"1960,2613\" data-comments-opened=\"1\" data-image-meta=\"{&quot;aperture&quot;:&quot;0&quot;,&quot;credit&quot;:&quot;&quot;,&quot;camera&quot;:&quot;&quot;,&quot;caption&quot;:&quot;&quot;,&quot;created_timestamp&quot;:&quot;0&quot;,&quot;copyright&quot;:&quot;&quot;,&quot;focal_length&quot;:&quot;0&quot;,&quot;iso&quot;:&quot;0&quot;,&quot;shutter_speed&quot;:&quot;0&quot;,&quot;title&quot;:&quot;&quot;,&quot;orientation&quot;:&quot;1&quot;}\" data-image-title=\"amalia-rodriguez-con-su-hermana-celeste\" data-image-description=\"&lt;p&gt;Amlia Rodriguez la Reina del Fado, junto a su hermana, Celeste.&lt;\/p&gt;\" data-image-caption=\"&lt;p&gt;Amlia Rodriguez junto a su hermana, Celeste.&lt;\/p&gt;\" data-large-file=\"https:\/\/i0.wp.com\/woorons.com\/wp-content\/uploads\/2022\/11\/amalia-rodriguez-con-su-hermana-celeste.jpg?fit=768%2C1024&amp;ssl=1\" src=\"https:\/\/i0.wp.com\/woorons.com\/wp-content\/uploads\/2022\/11\/amalia-rodriguez-con-su-hermana-celeste.jpg?resize=576%2C767&#038;ssl=1\" alt=\"Am\u00e1lia Ridrigues junto a su hermana Celeste.\" class=\"wp-image-4664\" width=\"576\" height=\"767\" \/><figcaption class=\"wp-element-caption\">Am\u00e1lia Rodriguez junto a su hermana Celeste.<\/figcaption><\/figure>\n\n\n\n<h2 class=\"wp-block-heading\" id=\"la-ninez-de-amalia-rodriguez\">La ni\u00f1ez de Am\u00e1lia Rodriguez.<\/h2>\n\n\n\n<p class=\"has-text-align-justify wp-block-paragraph\">Hija de Albertino de Jesus Rodrigues y de Lucinda da Piedade Rebord\u00e3o, vivi\u00f3 en una familia pobre y numerosa, originaria de Beira Baixa.<\/p>\n\n\n\n<p class=\"has-text-align-justify wp-block-paragraph\">Su padre era zapatero y tocaba en una banda. Hab\u00edan emigrado a la capital, en busca de trabajo, pero tiempo despu\u00e9s, ante la falta del mismo, regresan al campo y dejan a Am\u00e1lia en Lisboa, con sus abuelos maternos.<\/p>\n\n\n\n<p class=\"has-text-align-justify wp-block-paragraph\">Su abuela, Ana do Ros\u00e1rio, la educ\u00f3 de una manera estricta y la envi\u00f3 a la escuela primaria de Tapada da Ajuda donde cant\u00f3 por primera vez en p\u00fablico con nueve a\u00f1os para la fiesta de la escuela.<\/p>\n\n\n\n<p class=\"wp-block-paragraph\">Fue una ni\u00f1a bastante t\u00edmida, que hasta ese momento, solo cantaba para su abuelo y sus vecinos.<\/p>\n\n\n\n<p class=\"wp-block-paragraph\">Con doce a\u00f1os, dej\u00f3 los estudios y encontr\u00f3 un trabajo bordando, pero al poco tiempo, empez\u00f3 a trabajar en una f\u00e1brica de pasteles.<\/p>\n\n\n\n<p class=\"wp-block-paragraph\">&nbsp;A esa edad, intent\u00f3 suicidarse bebiendo cabezas de cerillas. Tiempo despu\u00e9s declar\u00f3:<\/p>\n\n\n\n<p class=\"has-text-align-justify wp-block-paragraph\">\u00abEran cosas de ni\u00f1os. Una vez com\u00ed cerillas para castigar a mi abuela, que hab\u00eda dicho algo que no me gust\u00f3. Cuando vi&nbsp;La dama de las camelias&nbsp;llor\u00e9, beb\u00ed vinagre para ser como ella&#8230; Me pon\u00eda en la ventana para que me diera el aire, pillar la tuberculosis y morir como ella. No entend\u00eda nada, solo que el padre era muy malo y que se mat\u00f3 por eso. Quer\u00eda morir as\u00ed\u00bb<\/p>\n\n\n\n<h2 class=\"wp-block-heading\" id=\"el-regreso-de-sus-padres-y-el-camino-al-exito\">El regreso de sus padres y el camino al \u00e9xito:<\/h2>\n\n\n\n<p class=\"has-text-align-justify wp-block-paragraph\">Cuando sus padres regresaron a la capital portuguesa, a sus catorce a\u00f1os, decidi\u00f3 irse a vivir con ellos. Su vida cambi\u00f3 completamente, puesto que ahora deb\u00eda ayudar a su madre y aguantar a un hermano mayor bastante autoritario.<\/p>\n\n\n\n<figure class=\"wp-block-image size-full\"><img data-recalc-dims=\"1\" loading=\"lazy\" decoding=\"async\" width=\"990\" height=\"547\" data-attachment-id=\"1400\" data-permalink=\"https:\/\/woorons.com\/fr\/2022\/11\/26\/caricatura-de-amalia-rodriguez\/caricatura-amalia-rodrigues-orons-art-1\/\" data-orig-file=\"https:\/\/i0.wp.com\/woorons.com\/wp-content\/uploads\/2018\/04\/caricatura-amalia-rodrigues-orons-art-1-e1524173241355.jpg?fit=990%2C547&amp;ssl=1\" data-orig-size=\"990,547\" data-comments-opened=\"1\" data-image-meta=\"{&quot;aperture&quot;:&quot;0&quot;,&quot;credit&quot;:&quot;&quot;,&quot;camera&quot;:&quot;&quot;,&quot;caption&quot;:&quot;&quot;,&quot;created_timestamp&quot;:&quot;0&quot;,&quot;copyright&quot;:&quot;&quot;,&quot;focal_length&quot;:&quot;0&quot;,&quot;iso&quot;:&quot;0&quot;,&quot;shutter_speed&quot;:&quot;0&quot;,&quot;title&quot;:&quot;&quot;,&quot;orientation&quot;:&quot;1&quot;}\" data-image-title=\"caricatura-de-amalia-rodrigues\" data-image-description=\"&lt;p&gt;Caricatura de Amalia Rodriguez. Detalle&lt;\/p&gt;\" data-image-caption=\"&lt;p&gt;Caricatura de Amalia Rodriguez. Detalle&lt;\/p&gt;\" data-large-file=\"https:\/\/i0.wp.com\/woorons.com\/wp-content\/uploads\/2018\/04\/caricatura-amalia-rodrigues-orons-art-1-e1524173241355.jpg?fit=990%2C547&amp;ssl=1\" src=\"https:\/\/i0.wp.com\/woorons.com\/wp-content\/uploads\/2018\/04\/caricatura-amalia-rodrigues-orons-art-1-e1524173241355.jpg?resize=990%2C547&#038;ssl=1\" alt=\"Caricatura de Amalia Rodriguez. Detalle\" class=\"wp-image-1400\" \/><figcaption class=\"wp-element-caption\">Caricatura de Amalia Rodriguez. Detalle<\/figcaption><\/figure>\n\n\n\n<p class=\"wp-block-paragraph\">A los quince a\u00f1os, se fue con su hermana peque\u00f1a, Celeste, a vender frutas por la zona del puerto de Lisboa. Fue all\u00ed que gan\u00f3 cierta popularidad y consigui\u00f3 participar en el desfile popular de <a rel=\"noreferrer noopener\" href=\"https:\/\/es.wikipedia.org\/wiki\/Alc%C3%A2ntara_(Lisboa)\" target=\"_blank\">Alc\u00e2ntara<\/a> en 1936.<\/p>\n\n\n\n<p class=\"wp-block-paragraph\">En 1938, el organizador del desfile le insisti\u00f3 para que se inscribiera en el concurso de nuevos talentos donde nombraban a la \u00abReina del Fado de los Barrios\u00bb en representaci\u00f3n de su barrio, Alc\u00e2ntara, pero no lleg\u00f3 a participar, ya que el resto de concursantes se neg\u00f3 a competir contra ella.<\/p>\n\n\n\n<p class=\"wp-block-paragraph\">En este concurso, un espectador la recomend\u00f3 a Jorge Soriano, director de la Casa del Fado. <\/p>\n\n\n\n<p class=\"has-text-align-justify wp-block-paragraph\">Su audici\u00f3n fue un \u00e9xito, pero ante la oposici\u00f3n de la familia, Am\u00e1lia declin\u00f3 la invitaci\u00f3n. Es entonces cuando, por el amor que sent\u00eda hacia el guitarrista y tornero Francisco da Cruz, de 23 a\u00f1os, decidi\u00f3 suicidarse por amor. <\/p>\n\n\n\n<p class=\"wp-block-paragraph\">Dos a\u00f1os m\u00e1s tarde se casaron, pero ese matrimonio solo dur\u00f3 dos a\u00f1os. <\/p>\n\n\n\n<p class=\"wp-block-paragraph\">Francisco da Cruz le pidi\u00f3 el divorcio y Am\u00e1lia decidi\u00f3 quitarse la vida delante de su ventana tom\u00e1ndo veneno para ratas. Fue en esta \u00e9poca cuando realiz\u00f3 su primera actuaci\u00f3n en el extranjero, m\u00e1s concretamente en Madrid en 1943.<\/p>\n\n\n\n<figure class=\"wp-block-image size-large\"><img data-recalc-dims=\"1\" loading=\"lazy\" decoding=\"async\" width=\"3232\" height=\"2937\" data-attachment-id=\"4688\" data-permalink=\"https:\/\/woorons.com\/fr\/2022\/11\/26\/caricatura-de-amalia-rodriguez\/amalia-rodrigues-768x698-1\/\" data-orig-file=\"https:\/\/i0.wp.com\/woorons.com\/wp-content\/uploads\/2022\/11\/amalia-rodrigues-768x698-1.jpg?fit=3232%2C2937&amp;ssl=1\" data-orig-size=\"3232,2937\" data-comments-opened=\"1\" data-image-meta=\"{&quot;aperture&quot;:&quot;0&quot;,&quot;credit&quot;:&quot;&quot;,&quot;camera&quot;:&quot;&quot;,&quot;caption&quot;:&quot;&quot;,&quot;created_timestamp&quot;:&quot;0&quot;,&quot;copyright&quot;:&quot;&quot;,&quot;focal_length&quot;:&quot;0&quot;,&quot;iso&quot;:&quot;0&quot;,&quot;shutter_speed&quot;:&quot;0&quot;,&quot;title&quot;:&quot;&quot;,&quot;orientation&quot;:&quot;1&quot;}\" data-image-title=\"amalia-rodrigues\" data-image-description=\"&lt;p&gt;Fotograf\u00eda de la \u00abReina del Fado\u00bb  Amalia Rodriguez.&lt;\/p&gt;\" data-image-caption=\"&lt;p&gt; Amalia Rodriguez, la \u00abReina del Fado\u00bb&lt;\/p&gt;\" data-large-file=\"https:\/\/i0.wp.com\/woorons.com\/wp-content\/uploads\/2022\/11\/amalia-rodrigues-768x698-1.jpg?fit=1024%2C931&amp;ssl=1\" src=\"https:\/\/i0.wp.com\/woorons.com\/wp-content\/uploads\/2022\/11\/amalia-rodrigues-768x698-1.jpg?resize=3232%2C2937&#038;ssl=1\" alt=\"Am\u00e1lia Rodrigues\" class=\"wp-image-4688\" \/><figcaption class=\"wp-element-caption\">Am\u00e1lia Rodrigues.<\/figcaption><\/figure>\n\n\n\n<p class=\"wp-block-paragraph\">Luego se casr\u00eda por segunda vez, con C\u00e9sar Seabra, un ingeniero brasile\u00f1o.<\/p>\n\n\n\n<p class=\"wp-block-paragraph\">A pesar de tener una buena relaci\u00f3n con el dictador Salazar en la d\u00e9cada de los 1960, este prohibi\u00f3 la venta de su canci\u00f3n \u00abAbandono Fado de Peniche\u00bb, considerada un himno por los presos pol\u00edticos de la <a rel=\"noreferrer noopener\" href=\"https:\/\/es.wikipedia.org\/wiki\/Fortaleza_de_Peniche\" target=\"_blank\">Fortaleza de Peniche<\/a>. El r\u00e9gimen salazarista hab\u00eda encerrado a muchas personalidades pol\u00edticas y forzado a muchos artistas al exilio.<\/p>\n\n\n\n<h2 class=\"wp-block-heading\" id=\"la-dictadura-o-el-partido-comunista\">La dictadura o el Partido Comunista.<\/h2>\n\n\n\n<p class=\"wp-block-paragraph\">D\u00edas despu\u00e9s de la ca\u00edda de la dictadura de Salazar y el restablecimiento de la democracia, Amalia public\u00f3 el <a rel=\"noreferrer noopener\" href=\"https:\/\/es.wikipedia.org\/wiki\/Sencillo\" target=\"_blank\">sencillo<\/a> \u00ab<em>Meu amor \u00e9 marinheiro<\/em>\u00bb <\/p>\n\n\n\n<p class=\"wp-block-paragraph\">A pesar de que la portada de esta canci\u00f3n alud\u00eda a la <a href=\"https:\/\/es.wikipedia.org\/wiki\/Revoluci%C3%B3n_de_los_Claveles\" target=\"_blank\" rel=\"noreferrer noopener\">Revoluci\u00f3n de los Claveles<\/a>, Am\u00e1lia tuvo que retirarse de la vida p\u00fablica, acusada de colaborar con el r\u00e9gimen fascista y no se dej\u00f3 ver hasta algunos meses m\u00e1s tarde, en una gala de UNICEF en  Par\u00eds en 1975.<\/p>\n\n\n\n<p class=\"wp-block-paragraph\"> Las consecuencias de estas acusaciones provocaron un par\u00f3n en su carrera, recibi\u00f3 diversos homenajes, como la condecoraci\u00f3n de la <a href=\"https:\/\/es.wikipedia.org\/wiki\/Orden_del_Infante_Don_Enrique\" target=\"_blank\" rel=\"noreferrer noopener\">Orden del Infante Don Enrique<\/a> por parte del entoncespresidente de la Rep\u00fablica Portuguesa <a rel=\"noreferrer noopener\" href=\"https:\/\/es.wikipedia.org\/wiki\/M%C3%A1rio_Soares\" target=\"_blank\">M\u00e1rio Soares<\/a>.<\/p>\n\n\n\n<p class=\"wp-block-paragraph\">Durante este periodo, atraves\u00f3 problemas econ\u00f3micos que la obligaron a deshacerse de parte de su patrimonio.<\/p>\n\n\n\n<p class=\"wp-block-paragraph\">Am\u00e1lia Rodrigues falleci\u00f3 el 6 de octubre de 1999 a los 79 a\u00f1os, debido a una enfermedad del coraz\u00f3n.<\/p>\n\n\n\n<p class=\"has-text-align-justify wp-block-paragraph\">Aqu\u00ed les dejo mi caricatura de esta mujer, que adem\u00e1s de gran cantante, quiz\u00e1s m\u00e1s humana y poco colaboradora de la dictadura con quien se le conecta. Quiz\u00e1s, fue una manera de sobrevivir, quiz\u00e1s, puede haber muchos quiz\u00e1s, pero lo innegable, ha sido su compromiso con la gente que quer\u00eda, la de su barrio pobre, la de Alc\u00e1ntara y desde luego, esa inmensa voz, que dio vida al fado.<\/p>\n\n\n\n<p class=\"has-text-align-right wp-block-paragraph\">WO Orons<\/p>\n\n\n\n<figure class=\"wp-block-image size-large\"><img data-recalc-dims=\"1\" loading=\"lazy\" decoding=\"async\" width=\"842\" height=\"1191\" data-attachment-id=\"4687\" data-permalink=\"https:\/\/woorons.com\/fr\/2022\/11\/26\/caricatura-de-amalia-rodriguez\/caricatura-de-amalia-rodrigues\/\" data-orig-file=\"https:\/\/i0.wp.com\/woorons.com\/wp-content\/uploads\/2018\/04\/caricatura-de-amalia-rodrigues.jpg?fit=842%2C1191&amp;ssl=1\" data-orig-size=\"842,1191\" data-comments-opened=\"1\" data-image-meta=\"{&quot;aperture&quot;:&quot;0&quot;,&quot;credit&quot;:&quot;&quot;,&quot;camera&quot;:&quot;&quot;,&quot;caption&quot;:&quot;&quot;,&quot;created_timestamp&quot;:&quot;0&quot;,&quot;copyright&quot;:&quot;&quot;,&quot;focal_length&quot;:&quot;0&quot;,&quot;iso&quot;:&quot;0&quot;,&quot;shutter_speed&quot;:&quot;0&quot;,&quot;title&quot;:&quot;&quot;,&quot;orientation&quot;:&quot;0&quot;}\" data-image-title=\"caricatura-de-amalia-rodrigues\" data-image-description=\"&lt;p&gt;Caricatura de Am\u00e1lia Rodrigues&lt;\/p&gt;\" data-image-caption=\"&lt;p&gt;Caricatura digital de Am\u00e1lia Rodrigues&lt;\/p&gt;\" data-large-file=\"https:\/\/i0.wp.com\/woorons.com\/wp-content\/uploads\/2018\/04\/caricatura-de-amalia-rodrigues.jpg?fit=724%2C1024&amp;ssl=1\" src=\"https:\/\/i0.wp.com\/woorons.com\/wp-content\/uploads\/2018\/04\/caricatura-de-amalia-rodrigues.jpg?resize=842%2C1191&#038;ssl=1\" alt=\"Caricatura de Am\u00e1lia Rodrigues\" class=\"wp-image-4687\" \/><figcaption class=\"wp-element-caption\">Caricatura digital de Am\u00e1lia Rodrigues<\/figcaption><\/figure>","protected":false},"excerpt":{"rendered":"<p>La caricatura y la vida de esta excepcional cantante, Am\u00e1lia Rodriguez<\/p>","protected":false},"author":21194217,"featured_media":4691,"comment_status":"open","ping_status":"closed","sticky":false,"template":"","format":"standard","meta":{"_coblocks_attr":"","_coblocks_dimensions":"","_coblocks_responsive_height":"","_coblocks_accordion_ie_support":"","_jetpack_newsletter_access":"","_jetpack_dont_email_post_to_subs":false,"_jetpack_newsletter_tier_id":0,"_jetpack_memberships_contains_paywalled_content":false,"_wpcom_ai_launchpad_first_post":false,"_jetpack_feature_clip_id":0,"_jetpack_memberships_contains_paid_content":false,"footnotes":"","jetpack_publicize_message":"","jetpack_publicize_feature_enabled":true,"jetpack_social_post_already_shared":false,"jetpack_social_options":{"image_generator_settings":{"template":"highway","default_image_id":0,"font":"","enabled":false},"version":2},"jetpack_post_was_ever_published":false},"categories":[115775951],"tags":[789851988,66839324,789852003,789851998,23254668,789851955,53382,789851951],"class_list":["post-1391","post","type-post","status-publish","format-standard","has-post-thumbnail","hentry","category-caricaturas-por-encargo","tag-caricaturas-de-famosos","tag-caricaturas-online","tag-caricaturas-personalizadas-por-foto","tag-caricaturas-por-encargo","tag-caricaturas-por-foto","tag-caricature","tag-caricatures","tag-digital"],"yoast_head":"<!-- This site is optimized with the Yoast SEO plugin v28.4 - https:\/\/yoast.com\/product\/yoast-seo-wordpress\/ -->\n<title>Caricatura de Am\u00e1lia Rodrigues. - WO Orons Art<\/title>\n<meta name=\"robots\" content=\"index, follow, max-snippet:-1, max-image-preview:large, max-video-preview:-1\" \/>\n<link rel=\"canonical\" href=\"https:\/\/woorons.com\/fr\/2022\/11\/26\/caricatura-de-amalia-rodriguez\/\" \/>\n<meta property=\"og:locale\" content=\"fr_FR\" \/>\n<meta property=\"og:type\" content=\"article\" \/>\n<meta property=\"og:title\" content=\"Caricatura de Am\u00e1lia Rodrigues. - WO Orons Art\" \/>\n<meta property=\"og:description\" content=\"La caricatura y la vida de esta excepcional cantante, Am\u00e1lia Rodriguez\" \/>\n<meta property=\"og:url\" content=\"https:\/\/woorons.com\/fr\/2022\/11\/26\/caricatura-de-amalia-rodriguez\/\" \/>\n<meta property=\"og:site_name\" content=\"WO Orons Art\" \/>\n<meta property=\"article:published_time\" content=\"2022-11-26T09:00:00+00:00\" \/>\n<meta property=\"article:modified_time\" content=\"2023-02-23T05:23:05+00:00\" \/>\n<meta property=\"og:image\" content=\"https:\/\/i0.wp.com\/woorons.com\/wp-content\/uploads\/2018\/04\/caricatura-amalia-rodriguez.jpg?fit=1200%2C675&ssl=1\" \/>\n\t<meta property=\"og:image:width\" content=\"1200\" \/>\n\t<meta property=\"og:image:height\" content=\"675\" \/>\n\t<meta property=\"og:image:type\" content=\"image\/jpeg\" \/>\n<meta name=\"author\" content=\"Wo Orons\" \/>\n<meta name=\"twitter:card\" content=\"summary_large_image\" \/>\n<meta name=\"twitter:label1\" content=\"\u00c9crit par\" \/>\n\t<meta name=\"twitter:data1\" content=\"Wo Orons\" \/>\n\t<meta name=\"twitter:label2\" content=\"Dur\u00e9e de lecture estim\u00e9e\" \/>\n\t<meta name=\"twitter:data2\" content=\"8 minutes\" \/>\n<script type=\"application\/ld+json\" class=\"yoast-schema-graph\">{\"@context\":\"https:\\\/\\\/schema.org\",\"@graph\":[{\"@type\":\"Article\",\"@id\":\"https:\\\/\\\/woorons.com\\\/2022\\\/11\\\/26\\\/caricatura-de-amalia-rodriguez\\\/#article\",\"isPartOf\":{\"@id\":\"https:\\\/\\\/woorons.com\\\/2022\\\/11\\\/26\\\/caricatura-de-amalia-rodriguez\\\/\"},\"author\":{\"name\":\"Wo Orons\",\"@id\":\"https:\\\/\\\/woorons.com\\\/#\\\/schema\\\/person\\\/85b4229ce0694a31b5f128dc047161e8\"},\"headline\":\"Caricatura de Am\u00e1lia Rodrigues.\",\"datePublished\":\"2022-11-26T09:00:00+00:00\",\"dateModified\":\"2023-02-23T05:23:05+00:00\",\"mainEntityOfPage\":{\"@id\":\"https:\\\/\\\/woorons.com\\\/2022\\\/11\\\/26\\\/caricatura-de-amalia-rodriguez\\\/\"},\"wordCount\":1581,\"commentCount\":0,\"publisher\":{\"@id\":\"https:\\\/\\\/woorons.com\\\/#\\\/schema\\\/person\\\/85b4229ce0694a31b5f128dc047161e8\"},\"image\":{\"@id\":\"https:\\\/\\\/woorons.com\\\/2022\\\/11\\\/26\\\/caricatura-de-amalia-rodriguez\\\/#primaryimage\"},\"thumbnailUrl\":\"https:\\\/\\\/i0.wp.com\\\/woorons.com\\\/wp-content\\\/uploads\\\/2018\\\/04\\\/caricatura-amalia-rodriguez.jpg?fit=1200%2C675&ssl=1\",\"keywords\":[\"Caricaturas de famosos\",\"Caricaturas online\",\"Caricaturas personalizadas por foto\",\"Caricaturas por encargo\",\"Caricaturas por foto\",\"Caricature\",\"Caricatures\",\"Digital\"],\"articleSection\":[\"Caricaturas por encargo\"],\"inLanguage\":\"fr-FR\",\"potentialAction\":[{\"@type\":\"CommentAction\",\"name\":\"Comment\",\"target\":[\"https:\\\/\\\/woorons.com\\\/2022\\\/11\\\/26\\\/caricatura-de-amalia-rodriguez\\\/#respond\"]}]},{\"@type\":\"WebPage\",\"@id\":\"https:\\\/\\\/woorons.com\\\/2022\\\/11\\\/26\\\/caricatura-de-amalia-rodriguez\\\/\",\"url\":\"https:\\\/\\\/woorons.com\\\/2022\\\/11\\\/26\\\/caricatura-de-amalia-rodriguez\\\/\",\"name\":\"Caricatura de Am\u00e1lia Rodrigues. - WO Orons Art\",\"isPartOf\":{\"@id\":\"https:\\\/\\\/woorons.com\\\/#website\"},\"primaryImageOfPage\":{\"@id\":\"https:\\\/\\\/woorons.com\\\/2022\\\/11\\\/26\\\/caricatura-de-amalia-rodriguez\\\/#primaryimage\"},\"image\":{\"@id\":\"https:\\\/\\\/woorons.com\\\/2022\\\/11\\\/26\\\/caricatura-de-amalia-rodriguez\\\/#primaryimage\"},\"thumbnailUrl\":\"https:\\\/\\\/i0.wp.com\\\/woorons.com\\\/wp-content\\\/uploads\\\/2018\\\/04\\\/caricatura-amalia-rodriguez.jpg?fit=1200%2C675&ssl=1\",\"datePublished\":\"2022-11-26T09:00:00+00:00\",\"dateModified\":\"2023-02-23T05:23:05+00:00\",\"breadcrumb\":{\"@id\":\"https:\\\/\\\/woorons.com\\\/2022\\\/11\\\/26\\\/caricatura-de-amalia-rodriguez\\\/#breadcrumb\"},\"inLanguage\":\"fr-FR\",\"potentialAction\":[{\"@type\":\"ReadAction\",\"target\":[\"https:\\\/\\\/woorons.com\\\/2022\\\/11\\\/26\\\/caricatura-de-amalia-rodriguez\\\/\"]}]},{\"@type\":\"ImageObject\",\"inLanguage\":\"fr-FR\",\"@id\":\"https:\\\/\\\/woorons.com\\\/2022\\\/11\\\/26\\\/caricatura-de-amalia-rodriguez\\\/#primaryimage\",\"url\":\"https:\\\/\\\/i0.wp.com\\\/woorons.com\\\/wp-content\\\/uploads\\\/2018\\\/04\\\/caricatura-amalia-rodriguez.jpg?fit=1200%2C675&ssl=1\",\"contentUrl\":\"https:\\\/\\\/i0.wp.com\\\/woorons.com\\\/wp-content\\\/uploads\\\/2018\\\/04\\\/caricatura-amalia-rodriguez.jpg?fit=1200%2C675&ssl=1\",\"width\":1200,\"height\":675,\"caption\":\"Caricatura de Am\u00e1lia Rodriguez, la \\\"Reina del Fado\\\"\"},{\"@type\":\"BreadcrumbList\",\"@id\":\"https:\\\/\\\/woorons.com\\\/2022\\\/11\\\/26\\\/caricatura-de-amalia-rodriguez\\\/#breadcrumb\",\"itemListElement\":[{\"@type\":\"ListItem\",\"position\":1,\"name\":\"Portada\",\"item\":\"https:\\\/\\\/woorons.com\\\/\"},{\"@type\":\"ListItem\",\"position\":2,\"name\":\"Caricatura de Am\u00e1lia Rodrigues.\"}]},{\"@type\":\"WebSite\",\"@id\":\"https:\\\/\\\/woorons.com\\\/#website\",\"url\":\"https:\\\/\\\/woorons.com\\\/\",\"name\":\"WO Orons Art\",\"description\":\"&quot;Caricaturas, Retratos, Fan Art, Ilustraci\u00f3n&quot;\",\"publisher\":{\"@id\":\"https:\\\/\\\/woorons.com\\\/#\\\/schema\\\/person\\\/85b4229ce0694a31b5f128dc047161e8\"},\"potentialAction\":[{\"@type\":\"SearchAction\",\"target\":{\"@type\":\"EntryPoint\",\"urlTemplate\":\"https:\\\/\\\/woorons.com\\\/?s={search_term_string}\"},\"query-input\":{\"@type\":\"PropertyValueSpecification\",\"valueRequired\":true,\"valueName\":\"search_term_string\"}}],\"inLanguage\":\"fr-FR\"},{\"@type\":[\"Person\",\"Organization\"],\"@id\":\"https:\\\/\\\/woorons.com\\\/#\\\/schema\\\/person\\\/85b4229ce0694a31b5f128dc047161e8\",\"name\":\"Wo Orons\",\"image\":{\"@type\":\"ImageObject\",\"inLanguage\":\"fr-FR\",\"@id\":\"https:\\\/\\\/i0.wp.com\\\/woorons.com\\\/wp-content\\\/uploads\\\/2025\\\/03\\\/logotipo-woorons.jpg?fit=595%2C516&ssl=1\",\"url\":\"https:\\\/\\\/i0.wp.com\\\/woorons.com\\\/wp-content\\\/uploads\\\/2025\\\/03\\\/logotipo-woorons.jpg?fit=595%2C516&ssl=1\",\"contentUrl\":\"https:\\\/\\\/i0.wp.com\\\/woorons.com\\\/wp-content\\\/uploads\\\/2025\\\/03\\\/logotipo-woorons.jpg?fit=595%2C516&ssl=1\",\"width\":595,\"height\":516,\"caption\":\"Wo Orons\"},\"logo\":{\"@id\":\"https:\\\/\\\/i0.wp.com\\\/woorons.com\\\/wp-content\\\/uploads\\\/2025\\\/03\\\/logotipo-woorons.jpg?fit=595%2C516&ssl=1\"},\"sameAs\":[\"http:\\\/\\\/orons-art.wordpress.com\"],\"url\":\"https:\\\/\\\/woorons.com\\\/fr\\\/author\\\/orons\\\/\"}]}<\/script>\n<!-- \/ Yoast SEO plugin. -->","yoast_head_json":{"title":"Caricatura de Am\u00e1lia Rodrigues. - WO Orons Art","robots":{"index":"index","follow":"follow","max-snippet":"max-snippet:-1","max-image-preview":"max-image-preview:large","max-video-preview":"max-video-preview:-1"},"canonical":"https:\/\/woorons.com\/fr\/2022\/11\/26\/caricatura-de-amalia-rodriguez\/","og_locale":"fr_FR","og_type":"article","og_title":"Caricatura de Am\u00e1lia Rodrigues. - WO Orons Art","og_description":"La caricatura y la vida de esta excepcional cantante, Am\u00e1lia Rodriguez","og_url":"https:\/\/woorons.com\/fr\/2022\/11\/26\/caricatura-de-amalia-rodriguez\/","og_site_name":"WO Orons Art","article_published_time":"2022-11-26T09:00:00+00:00","article_modified_time":"2023-02-23T05:23:05+00:00","og_image":[{"width":1200,"height":675,"url":"https:\/\/i0.wp.com\/woorons.com\/wp-content\/uploads\/2018\/04\/caricatura-amalia-rodriguez.jpg?fit=1200%2C675&ssl=1","type":"image\/jpeg"}],"author":"Wo Orons","twitter_card":"summary_large_image","twitter_misc":{"\u00c9crit par":"Wo Orons","Dur\u00e9e de lecture estim\u00e9e":"8 minutes"},"schema":{"@context":"https:\/\/schema.org","@graph":[{"@type":"Article","@id":"https:\/\/woorons.com\/2022\/11\/26\/caricatura-de-amalia-rodriguez\/#article","isPartOf":{"@id":"https:\/\/woorons.com\/2022\/11\/26\/caricatura-de-amalia-rodriguez\/"},"author":{"name":"Wo Orons","@id":"https:\/\/woorons.com\/#\/schema\/person\/85b4229ce0694a31b5f128dc047161e8"},"headline":"Caricatura de Am\u00e1lia Rodrigues.","datePublished":"2022-11-26T09:00:00+00:00","dateModified":"2023-02-23T05:23:05+00:00","mainEntityOfPage":{"@id":"https:\/\/woorons.com\/2022\/11\/26\/caricatura-de-amalia-rodriguez\/"},"wordCount":1581,"commentCount":0,"publisher":{"@id":"https:\/\/woorons.com\/#\/schema\/person\/85b4229ce0694a31b5f128dc047161e8"},"image":{"@id":"https:\/\/woorons.com\/2022\/11\/26\/caricatura-de-amalia-rodriguez\/#primaryimage"},"thumbnailUrl":"https:\/\/i0.wp.com\/woorons.com\/wp-content\/uploads\/2018\/04\/caricatura-amalia-rodriguez.jpg?fit=1200%2C675&ssl=1","keywords":["Caricaturas de famosos","Caricaturas online","Caricaturas personalizadas por foto","Caricaturas por encargo","Caricaturas por foto","Caricature","Caricatures","Digital"],"articleSection":["Caricaturas por encargo"],"inLanguage":"fr-FR","potentialAction":[{"@type":"CommentAction","name":"Comment","target":["https:\/\/woorons.com\/2022\/11\/26\/caricatura-de-amalia-rodriguez\/#respond"]}]},{"@type":"WebPage","@id":"https:\/\/woorons.com\/2022\/11\/26\/caricatura-de-amalia-rodriguez\/","url":"https:\/\/woorons.com\/2022\/11\/26\/caricatura-de-amalia-rodriguez\/","name":"Caricatura de Am\u00e1lia Rodrigues. - WO Orons Art","isPartOf":{"@id":"https:\/\/woorons.com\/#website"},"primaryImageOfPage":{"@id":"https:\/\/woorons.com\/2022\/11\/26\/caricatura-de-amalia-rodriguez\/#primaryimage"},"image":{"@id":"https:\/\/woorons.com\/2022\/11\/26\/caricatura-de-amalia-rodriguez\/#primaryimage"},"thumbnailUrl":"https:\/\/i0.wp.com\/woorons.com\/wp-content\/uploads\/2018\/04\/caricatura-amalia-rodriguez.jpg?fit=1200%2C675&ssl=1","datePublished":"2022-11-26T09:00:00+00:00","dateModified":"2023-02-23T05:23:05+00:00","breadcrumb":{"@id":"https:\/\/woorons.com\/2022\/11\/26\/caricatura-de-amalia-rodriguez\/#breadcrumb"},"inLanguage":"fr-FR","potentialAction":[{"@type":"ReadAction","target":["https:\/\/woorons.com\/2022\/11\/26\/caricatura-de-amalia-rodriguez\/"]}]},{"@type":"ImageObject","inLanguage":"fr-FR","@id":"https:\/\/woorons.com\/2022\/11\/26\/caricatura-de-amalia-rodriguez\/#primaryimage","url":"https:\/\/i0.wp.com\/woorons.com\/wp-content\/uploads\/2018\/04\/caricatura-amalia-rodriguez.jpg?fit=1200%2C675&ssl=1","contentUrl":"https:\/\/i0.wp.com\/woorons.com\/wp-content\/uploads\/2018\/04\/caricatura-amalia-rodriguez.jpg?fit=1200%2C675&ssl=1","width":1200,"height":675,"caption":"Caricatura de Am\u00e1lia Rodriguez, la \"Reina del Fado\""},{"@type":"BreadcrumbList","@id":"https:\/\/woorons.com\/2022\/11\/26\/caricatura-de-amalia-rodriguez\/#breadcrumb","itemListElement":[{"@type":"ListItem","position":1,"name":"Portada","item":"https:\/\/woorons.com\/"},{"@type":"ListItem","position":2,"name":"Caricatura de Am\u00e1lia Rodrigues."}]},{"@type":"WebSite","@id":"https:\/\/woorons.com\/#website","url":"https:\/\/woorons.com\/","name":"WO Orons Art","description":"&quot;Caricaturas, Retratos, Fan Art, Ilustraci\u00f3n&quot;","publisher":{"@id":"https:\/\/woorons.com\/#\/schema\/person\/85b4229ce0694a31b5f128dc047161e8"},"potentialAction":[{"@type":"SearchAction","target":{"@type":"EntryPoint","urlTemplate":"https:\/\/woorons.com\/?s={search_term_string}"},"query-input":{"@type":"PropertyValueSpecification","valueRequired":true,"valueName":"search_term_string"}}],"inLanguage":"fr-FR"},{"@type":["Person","Organization"],"@id":"https:\/\/woorons.com\/#\/schema\/person\/85b4229ce0694a31b5f128dc047161e8","name":"Wo Orons","image":{"@type":"ImageObject","inLanguage":"fr-FR","@id":"https:\/\/i0.wp.com\/woorons.com\/wp-content\/uploads\/2025\/03\/logotipo-woorons.jpg?fit=595%2C516&ssl=1","url":"https:\/\/i0.wp.com\/woorons.com\/wp-content\/uploads\/2025\/03\/logotipo-woorons.jpg?fit=595%2C516&ssl=1","contentUrl":"https:\/\/i0.wp.com\/woorons.com\/wp-content\/uploads\/2025\/03\/logotipo-woorons.jpg?fit=595%2C516&ssl=1","width":595,"height":516,"caption":"Wo Orons"},"logo":{"@id":"https:\/\/i0.wp.com\/woorons.com\/wp-content\/uploads\/2025\/03\/logotipo-woorons.jpg?fit=595%2C516&ssl=1"},"sameAs":["http:\/\/orons-art.wordpress.com"],"url":"https:\/\/woorons.com\/fr\/author\/orons\/"}]}},"jetpack_publicize_connections":[],"jetpack_likes_enabled":true,"jetpack_sharing_enabled":true,"jetpack_shortlink":"https:\/\/wp.me\/p43FXj-mr","jetpack-related-posts":[],"jetpack_featured_media_url":"https:\/\/i0.wp.com\/woorons.com\/wp-content\/uploads\/2018\/04\/caricatura-amalia-rodriguez.jpg?fit=1200%2C675&ssl=1","_links":{"self":[{"href":"https:\/\/woorons.com\/fr\/wp-json\/wp\/v2\/posts\/1391","targetHints":{"allow":["GET"]}}],"collection":[{"href":"https:\/\/woorons.com\/fr\/wp-json\/wp\/v2\/posts"}],"about":[{"href":"https:\/\/woorons.com\/fr\/wp-json\/wp\/v2\/types\/post"}],"author":[{"embeddable":true,"href":"https:\/\/woorons.com\/fr\/wp-json\/wp\/v2\/users\/21194217"}],"replies":[{"embeddable":true,"href":"https:\/\/woorons.com\/fr\/wp-json\/wp\/v2\/comments?post=1391"}],"version-history":[{"count":25,"href":"https:\/\/woorons.com\/fr\/wp-json\/wp\/v2\/posts\/1391\/revisions"}],"predecessor-version":[{"id":4827,"href":"https:\/\/woorons.com\/fr\/wp-json\/wp\/v2\/posts\/1391\/revisions\/4827"}],"wp:featuredmedia":[{"embeddable":true,"href":"https:\/\/woorons.com\/fr\/wp-json\/wp\/v2\/media\/4691"}],"wp:attachment":[{"href":"https:\/\/woorons.com\/fr\/wp-json\/wp\/v2\/media?parent=1391"}],"wp:term":[{"taxonomy":"category","embeddable":true,"href":"https:\/\/woorons.com\/fr\/wp-json\/wp\/v2\/categories?post=1391"},{"taxonomy":"post_tag","embeddable":true,"href":"https:\/\/woorons.com\/fr\/wp-json\/wp\/v2\/tags?post=1391"}],"curies":[{"name":"wp","href":"https:\/\/api.w.org\/{rel}","templated":true}]}}