{"id":9081,"date":"2024-10-11T12:28:19","date_gmt":"2024-10-11T10:28:19","guid":{"rendered":"https:\/\/woorons.com\/?p=9081"},"modified":"2024-10-18T16:54:41","modified_gmt":"2024-10-18T14:54:41","slug":"prohiben-las-caricaturas-en-la-calle","status":"publish","type":"post","link":"https:\/\/woorons.com\/en\/2024\/10\/11\/prohiben-las-caricaturas-en-la-calle\/","title":{"rendered":"Prohiben las caricaturas en la calle"},"content":{"rendered":"<figure class=\"wp-block-image size-large\"><img data-recalc-dims=\"1\" loading=\"lazy\" decoding=\"async\" width=\"1200\" height=\"675\" data-attachment-id=\"9139\" data-permalink=\"https:\/\/woorons.com\/en\/2024\/10\/11\/prohiben-las-caricaturas-en-la-calle\/zaragoza-cultural-caricaturas\/\" data-orig-file=\"https:\/\/i0.wp.com\/woorons.com\/wp-content\/uploads\/2024\/10\/zaragoza-cultural-caricaturas.jpg?fit=1200%2C675&amp;ssl=1\" data-orig-size=\"1200,675\" data-comments-opened=\"1\" data-image-meta=\"{&quot;aperture&quot;:&quot;0&quot;,&quot;credit&quot;:&quot;&quot;,&quot;camera&quot;:&quot;&quot;,&quot;caption&quot;:&quot;&quot;,&quot;created_timestamp&quot;:&quot;0&quot;,&quot;copyright&quot;:&quot;&quot;,&quot;focal_length&quot;:&quot;0&quot;,&quot;iso&quot;:&quot;0&quot;,&quot;shutter_speed&quot;:&quot;0&quot;,&quot;title&quot;:&quot;&quot;,&quot;orientation&quot;:&quot;0&quot;}\" data-image-title=\"zaragoza-cultural-caricaturas\" data-image-description=\"&lt;p&gt;Imagen para ilustrar una nota sobre la prohibici\u00f3n de los dibujantes en Zaragoza&lt;\/p&gt;\" data-image-caption=\"\" data-large-file=\"https:\/\/i0.wp.com\/woorons.com\/wp-content\/uploads\/2024\/10\/zaragoza-cultural-caricaturas.jpg?fit=1024%2C576&amp;ssl=1\" src=\"https:\/\/i0.wp.com\/woorons.com\/wp-content\/uploads\/2024\/10\/zaragoza-cultural-caricaturas.jpg?resize=1200%2C675&#038;ssl=1\" alt=\"Imagen para ilustrar una nota sobre la prohibici\u00f3n de los dibujantes en Zaragoza\" class=\"wp-image-9139\" \/><\/figure>\n\n\n\n<h2 class=\"wp-block-heading has-text-align-center\">El Ayuntamiento de Zaragoza prohibe las caricaturas en la calle para las Fiestas del Pilar 2024.<\/h2>\n\n\n\n<p class=\"has-text-align-justify wp-block-paragraph\">La llamada \u00abSociedad Municipal Zaragoza Cultural, S.A\u00bb retira este a\u00f1o, los permisos de \u00abcaricaturas y pintura\u00bb que tradicionalmente otorgaba para esta fiesta. <\/p>\n\n\n\n<p class=\"has-text-align-left wp-block-paragraph\">La explicaci\u00f3n que me han dado, es que el Ayuntamiento ha decidido suprimirlos.<\/p>\n\n\n\n<p class=\"has-text-align-left wp-block-paragraph\"> La raz\u00f3n: Desconocida. O quiz\u00e1s no.<\/p>\n\n\n\n<hr class=\"wp-block-separator has-alpha-channel-opacity\" \/>\n\n\n\n<h2 class=\"wp-block-heading has-text-align-center\">Pero primero quiero dar las gracias<\/h2>\n\n\n\n<p class=\"has-text-align-justify has-link-color wp-elements-1 wp-block-paragraph\">Deseo agradecer a todos los mensajes de apoyo y de \u00e1nimo recibidos en redes sociales, cuando he comentado esta noticia en mi <a href=\"https:\/\/www.instagram.com\/wo_orons\/\" target=\"_blank\" rel=\"noreferrer noopener\"><strong>Instagram<\/strong><\/a>, en mi p\u00e1gina de <strong><a href=\"https:\/\/www.facebook.com\/wo.orons.art\" target=\"_blank\" rel=\"noreferrer noopener\">Facebook<\/a><\/strong> y en la nota publicada en <strong><a href=\"https:\/\/www.instagram.com\/p\/DA3EWJ0sr1k\/?img_index=1\" target=\"_blank\" rel=\"noreferrer noopener\">EL Heraldo de Arag\u00f3n<\/a><\/strong> y en <strong><a href=\"https:\/\/www.instagram.com\/p\/DA87nOJIoWy\/\" target=\"_blank\" rel=\"noreferrer noopener\">Hoy Arag\u00f3n<\/a><\/strong>.<\/p>\n\n\n\n<p class=\"has-text-align-justify wp-block-paragraph\">Quiero decirles que gracias a ustedes, a sus comentarios, sus \u00abMe gusta\u00bb y a quienes se han hecho nuevos seguidores de mis redes, por eso, de des\u00e1nimo nada, todo lo contrario, me siento profundamente agradecido y amparado, protegido por todos vosotros.<\/p>\n\n\n\n<p class=\"wp-block-paragraph\">Gracias, mil gracias a todos.<\/p>\n\n\n\n<hr class=\"wp-block-separator has-alpha-channel-opacity\" \/>\n\n\n\n<h2 class=\"wp-block-heading has-text-align-center\">La noticia en la prensa<\/h2>\n\n\n\n<p class=\"wp-block-paragraph\">La prensa reflejaba as\u00ed, la noticia de un Paseo Independencia vac\u00edo:<\/p>\n\n\n\n<p class=\"wp-block-paragraph\"><\/p>\n\n\n\n<figure class=\"wp-block-image size-large\"><img data-recalc-dims=\"1\" loading=\"lazy\" decoding=\"async\" width=\"842\" height=\"614\" data-attachment-id=\"9094\" data-permalink=\"https:\/\/woorons.com\/en\/2024\/10\/11\/prohiben-las-caricaturas-en-la-calle\/periodico-el-heraldo-de-aragon\/\" data-orig-file=\"https:\/\/i0.wp.com\/woorons.com\/wp-content\/uploads\/2024\/10\/periodico-el-heraldo-de-aragon.jpg?fit=842%2C614&amp;ssl=1\" data-orig-size=\"842,614\" data-comments-opened=\"1\" data-image-meta=\"{&quot;aperture&quot;:&quot;0&quot;,&quot;credit&quot;:&quot;&quot;,&quot;camera&quot;:&quot;&quot;,&quot;caption&quot;:&quot;&quot;,&quot;created_timestamp&quot;:&quot;0&quot;,&quot;copyright&quot;:&quot;&quot;,&quot;focal_length&quot;:&quot;0&quot;,&quot;iso&quot;:&quot;0&quot;,&quot;shutter_speed&quot;:&quot;0&quot;,&quot;title&quot;:&quot;&quot;,&quot;orientation&quot;:&quot;0&quot;}\" data-image-title=\"peri\u00f3dico-el-heraldo-de-arag\u00f3n\" data-image-description=\"&lt;p&gt;Captura de pantalla de una noticia de El Heraldo de Arag\u00f3n&lt;\/p&gt;\" data-image-caption=\"\" data-large-file=\"https:\/\/i0.wp.com\/woorons.com\/wp-content\/uploads\/2024\/10\/periodico-el-heraldo-de-aragon.jpg?fit=842%2C614&amp;ssl=1\" src=\"https:\/\/i0.wp.com\/woorons.com\/wp-content\/uploads\/2024\/10\/periodico-el-heraldo-de-aragon.jpg?resize=842%2C614&#038;ssl=1\" alt=\"Captura de pantalla de una noticia de El Heraldo de Arag\u00f3n\" class=\"wp-image-9094\" \/><\/figure>\n\n\n\n<p class=\"has-text-align-justify wp-block-paragraph\"><strong>EL HERALDO DE ARAG\u00d3N:<\/strong> \u00ab&#8216;El C\u00f3ndor Pasa&#8217; no se escucha estos d\u00edas festivos en el paseo de la Independencia de&nbsp;<a href=\"https:\/\/www.instagram.com\/explore\/tags\/zaragoza\/\">#Zaragoza<\/a>. Tampoco se ven los puestos de tatuajes de henna o de pulseras de todos los colores. Ni siquiera se puede degustar la gastronom\u00eda t\u00edpica de otras comunidades en las casas regionales de la plaza de&nbsp;<a href=\"https:\/\/www.instagram.com\/explore\/tags\/arag%C3%B3n\/\">#Arag\u00f3n<\/a>.<\/p>\n\n\n\n<p class=\"has-text-align-justify wp-block-paragraph\">\u27a1\ufe0f Estas Fiestas del Pilar, uno de los ejes principales de la capital aragonesa, presenta un aspecto distinto al de otros a\u00f1os. \u00abComo m\u00e1s triste\u00bb, seg\u00fan algunos transe\u00fantes.<\/p>\n\n\n\n<p class=\"wp-block-paragraph\">\u00bfQu\u00e9 te parece a ti c\u00f3mo est\u00e1 el centro de la ciudad?\u00bb<\/p>\n\n\n\n<div style=\"height:50px\" aria-hidden=\"true\" class=\"wp-block-spacer\"><\/div>\n\n\n\n<p class=\"wp-block-paragraph\"><strong>HOY ARAG\u00d3N:<\/strong> \u00abAnte las recientes cr\u00edticas por la supuesta expulsi\u00f3n de artistas callejeros durante las Fiestas del Pilar 2024, el Ayuntamiento de Zaragoza, liderado por Natalia Chueca, ha aclarado que no se ha excluido a los artistas de las calles, sino que se ha buscado una mejor organizaci\u00f3n y distribuci\u00f3n de sus actuaciones por toda la ciudad.<\/p>\n\n\n\n<p class=\"has-text-align-justify wp-block-paragraph\">El consistorio ha informado que este a\u00f1o se han concedido 82 licencias espec\u00edficas para las fiestas, de las cuales 47 corresponden a artistas callejeros y 35 a globeros.\u00bb<\/p>\n\n\n\n<figure class=\"wp-block-image size-large\"><img data-recalc-dims=\"1\" loading=\"lazy\" decoding=\"async\" width=\"842\" height=\"518\" data-attachment-id=\"9098\" data-permalink=\"https:\/\/woorons.com\/en\/2024\/10\/11\/prohiben-las-caricaturas-en-la-calle\/periodico-hoy-aragon\/\" data-orig-file=\"https:\/\/i0.wp.com\/woorons.com\/wp-content\/uploads\/2024\/10\/periodico-hoy-aragon.jpg?fit=842%2C518&amp;ssl=1\" data-orig-size=\"842,518\" data-comments-opened=\"1\" data-image-meta=\"{&quot;aperture&quot;:&quot;0&quot;,&quot;credit&quot;:&quot;&quot;,&quot;camera&quot;:&quot;&quot;,&quot;caption&quot;:&quot;&quot;,&quot;created_timestamp&quot;:&quot;0&quot;,&quot;copyright&quot;:&quot;&quot;,&quot;focal_length&quot;:&quot;0&quot;,&quot;iso&quot;:&quot;0&quot;,&quot;shutter_speed&quot;:&quot;0&quot;,&quot;title&quot;:&quot;&quot;,&quot;orientation&quot;:&quot;0&quot;}\" data-image-title=\"peri\u00f3dico-hoy-arag\u00f3n\" data-image-description=\"\" data-image-caption=\"\" data-large-file=\"https:\/\/i0.wp.com\/woorons.com\/wp-content\/uploads\/2024\/10\/periodico-hoy-aragon.jpg?fit=842%2C518&amp;ssl=1\" src=\"https:\/\/i0.wp.com\/woorons.com\/wp-content\/uploads\/2024\/10\/periodico-hoy-aragon.jpg?resize=842%2C518&#038;ssl=1\" alt=\"Captura de pantalla de una noticia de el peri\u00f3dico Hoy Arag\u00f3n.\" class=\"wp-image-9098\" \/><\/figure>\n\n\n\n<div style=\"height:50px\" aria-hidden=\"true\" class=\"wp-block-spacer\"><\/div>\n\n\n\n<p class=\"has-link-color wp-elements-2 wp-block-paragraph\"><strong>EL PERI\u00d3DICO DE ARAG\u00d3N:<\/strong> \u00abDesaparece el arte callejero en las Fiestas del Pilar: \u00ab\u00bfD\u00f3nde est\u00e1 el ambiente de otros a\u00f1os?\u00bb <\/p>\n\n\n\n<p class=\"has-link-color wp-elements-3 wp-block-paragraph\">Pueden leer la nota completa en este enlace a la nota de <strong><a href=\"https:\/\/www.elperiodicodearagon.com\/fiestas-del-pilar\/2024\/10\/10\/desaparece-arte-callejero-fiestas-pilar-109159972.html\" target=\"_blank\" rel=\"noreferrer noopener\">El Peri\u00f3dico de Arag\u00f3n<\/a><\/strong><\/p>\n\n\n\n<figure class=\"wp-block-image size-large\"><img data-recalc-dims=\"1\" loading=\"lazy\" decoding=\"async\" width=\"842\" height=\"603\" data-attachment-id=\"9103\" data-permalink=\"https:\/\/woorons.com\/en\/2024\/10\/11\/prohiben-las-caricaturas-en-la-calle\/periodico-de-aragon\/\" data-orig-file=\"https:\/\/i0.wp.com\/woorons.com\/wp-content\/uploads\/2024\/10\/periodico-de-aragon.jpg?fit=842%2C603&amp;ssl=1\" data-orig-size=\"842,603\" data-comments-opened=\"1\" data-image-meta=\"{&quot;aperture&quot;:&quot;0&quot;,&quot;credit&quot;:&quot;&quot;,&quot;camera&quot;:&quot;&quot;,&quot;caption&quot;:&quot;&quot;,&quot;created_timestamp&quot;:&quot;0&quot;,&quot;copyright&quot;:&quot;&quot;,&quot;focal_length&quot;:&quot;0&quot;,&quot;iso&quot;:&quot;0&quot;,&quot;shutter_speed&quot;:&quot;0&quot;,&quot;title&quot;:&quot;&quot;,&quot;orientation&quot;:&quot;0&quot;}\" data-image-title=\"peri\u00f3dico-de-arag\u00f3n\" data-image-description=\"&lt;p&gt;Captura de pantalla de una noticia de El Peri\u00f3dico de Arag\u00f3n&lt;\/p&gt;\" data-image-caption=\"\" data-large-file=\"https:\/\/i0.wp.com\/woorons.com\/wp-content\/uploads\/2024\/10\/periodico-de-aragon.jpg?fit=842%2C603&amp;ssl=1\" src=\"https:\/\/i0.wp.com\/woorons.com\/wp-content\/uploads\/2024\/10\/periodico-de-aragon.jpg?resize=842%2C603&#038;ssl=1\" alt=\"Captura de pantalla de una noticia de El Peri\u00f3dico de Arag\u00f3n\" class=\"wp-image-9103\" \/><\/figure>\n\n\n\n<div style=\"height:50px\" aria-hidden=\"true\" class=\"wp-block-spacer\"><\/div>\n\n\n\n<p class=\"has-link-color wp-elements-4 wp-block-paragraph\">Tambi\u00e9n se hacen eco de la noticia <strong><a href=\"https:\/\/www.msn.com\/es-es\/noticias\/otras\/d%C3%B3nde-est%C3%A1n-los-artistas-callejeros-en-estas-fiestas-del-pilar-est%C3%A1n-vaciando-las-calles-de-arte\/ar-AA1s0YeR\" target=\"_blank\" rel=\"noreferrer noopener\">msn.com<\/a><\/strong> y <strong><a href=\"https:\/\/cadenaser.com\/aragon\/2024\/10\/10\/por-que-la-musica-andina-ya-no-suena-en-la-calle-estos-pilares-radio-zaragoza\/\" target=\"_blank\" rel=\"noreferrer noopener\">Cadena Ser<\/a><\/strong><\/p>\n\n\n\n<h2 class=\"wp-block-heading has-text-align-center\">La Cr\u00f3nica de una Muerte Anunciada<\/h2>\n\n\n\n<p class=\"has-text-align-justify wp-block-paragraph\">Cuando comenc\u00e9 a dibujar en Pilares, en 2002 las calles estaban llenas de caricaturistas, pintores, retratistas y hasta un se\u00f1or que vend\u00eda sus propios poemas.<\/p>\n\n\n\n<p class=\"has-text-align-justify wp-block-paragraph\">Pocos a\u00f1os m\u00e1s tarde se hizo una regularizaci\u00f3n y comenzaron a darse permisos para \u00abM\u00fasica\u00bb y para \u00abCaricaturas y Pintura\u00bb<\/p>\n\n\n\n<p class=\"has-text-align-justify wp-block-paragraph\">Todo parec\u00eda que inequ\u00edvocamente quien tuviera esos permisos, ser\u00edan caricaturistas, retratistas, pintores y m\u00fasicos, pero nada m\u00e1s lejos de la realidad.<\/p>\n\n\n\n<p class=\"has-text-align-justify wp-block-paragraph\">Los permisos se entregaban a vendedores de toda clase, por lo que los dibujantes vieron sus espacios restringidos y comenzaron a retirarse. para muchos era imposible el tener que estar discutiendo todos los d\u00edas porque alguien montaba una mesa ocupando su lugar, o estar en un espacio reducido rodeado de mercader\u00edas de toda clase.<\/p>\n\n\n\n<figure class=\"wp-block-image size-large\"><img data-recalc-dims=\"1\" loading=\"lazy\" decoding=\"async\" width=\"842\" height=\"391\" data-attachment-id=\"9106\" data-permalink=\"https:\/\/woorons.com\/en\/2024\/10\/11\/prohiben-las-caricaturas-en-la-calle\/puesttos-de-vendedores-en-la-calle-3\/\" data-orig-file=\"https:\/\/i0.wp.com\/woorons.com\/wp-content\/uploads\/2024\/10\/puesttos-de-vendedores-en-la-calle-3.jpg?fit=842%2C391&amp;ssl=1\" data-orig-size=\"842,391\" data-comments-opened=\"1\" data-image-meta=\"{&quot;aperture&quot;:&quot;0&quot;,&quot;credit&quot;:&quot;&quot;,&quot;camera&quot;:&quot;&quot;,&quot;caption&quot;:&quot;&quot;,&quot;created_timestamp&quot;:&quot;0&quot;,&quot;copyright&quot;:&quot;&quot;,&quot;focal_length&quot;:&quot;0&quot;,&quot;iso&quot;:&quot;0&quot;,&quot;shutter_speed&quot;:&quot;0&quot;,&quot;title&quot;:&quot;&quot;,&quot;orientation&quot;:&quot;0&quot;}\" data-image-title=\"puesttos-de-vendedores-en-la-calle-3\" data-image-description=\"&lt;p&gt;Puesto de venta callejero&lt;\/p&gt;\" data-image-caption=\"\" data-large-file=\"https:\/\/i0.wp.com\/woorons.com\/wp-content\/uploads\/2024\/10\/puesttos-de-vendedores-en-la-calle-3.jpg?fit=842%2C391&amp;ssl=1\" src=\"https:\/\/i0.wp.com\/woorons.com\/wp-content\/uploads\/2024\/10\/puesttos-de-vendedores-en-la-calle-3.jpg?resize=842%2C391&#038;ssl=1\" alt=\"Puesto de venta callejero\" class=\"wp-image-9106\" \/><\/figure>\n\n\n\n<p class=\"has-text-align-center wp-block-paragraph\">Uno de los tantos vendedores con permiso para \u00abcaricaturas y Pintura\u00bb<\/p>\n\n\n\n<p class=\"wp-block-paragraph\"><\/p>\n\n\n\n<p class=\"has-text-align-justify wp-block-paragraph\">Una vez en las oficinas de Zaragoza Cultural, pregunt\u00e9 si hab\u00eda muchos caricaturistas ese a\u00f1o y me mostraron una enorme cantidad de solicitudes, unas 80 o m\u00e1s. Ese a\u00f1o solo eramos dos los dibujantes.<\/p>\n\n\n\n<p class=\"has-text-align-justify has-large-font-size wp-block-paragraph\">\u00bfPor qu\u00e9 han dado permisos de caricaturistas a vendedores ambulantes? Un gran misterio.<\/p>\n\n\n\n<p class=\"has-text-align-justify wp-block-paragraph\">Pues ni idea. Lo que s\u00ed consiguieron fue deshacerse del 90% de los dibujantes y pintores que habitualmente iban al Pilar.<\/p>\n\n\n\n<p class=\"has-text-align-justify wp-block-paragraph\">Adem\u00e1s, dejaron de respetarse nuestros lugares. <\/p>\n\n\n\n<p class=\"has-text-align-justify wp-block-paragraph\">Hace tantos a\u00f1os que voy, que los clientes me buscan siempre en un mismo lugar. Pues a Zaragoza Cultural, les da igual. No es tan complicado, solo somos dos o tres dibujantes que quedamos, pero se les ocurri\u00f3, de que los lugares  fueran a sorteo.<\/p>\n\n\n\n<p class=\"has-text-align-justify wp-block-paragraph\">Lo que nos llev\u00f3 a los dos dibujantes de verdad que hab\u00eda en 2023 a Plaza de los Sitios. Que est\u00e1 bien, va mucha gente, tanta que es imposible trabajar all\u00ed. As\u00ed que termin\u00e9 como se dice en la jerga \u00abpirateando\u00bb en Paseo Independencia como si no hubiera pagado mi permiso, y con la inseguridad de que en cualquier momento la polic\u00eda me quitase de all\u00ed.  <\/p>\n\n\n\n<p class=\"has-text-align-justify wp-block-paragraph\">Vamos, que me sent\u00ed como \u00abun delincuente proscripto\u00bb y todo gracias, a quienes no tienen ganas de hacer las cosas bien o de manera sencilla.<\/p>\n\n\n\n<p class=\"has-text-align-justify wp-block-paragraph\">\u00bfPor qu\u00e9 a vendedores de todo tipo con nuestros permisos, se les da Independencia y a los dos dibujantes que quedan, se les env\u00eda a donde no podr\u00e1n trabajar? Esto seguir\u00e1 siendo un gran e inexplicable misterio.<\/p>\n\n\n\n<figure class=\"wp-block-image size-large\"><img data-recalc-dims=\"1\" loading=\"lazy\" decoding=\"async\" width=\"842\" height=\"379\" data-attachment-id=\"9116\" data-permalink=\"https:\/\/woorons.com\/en\/2024\/10\/11\/prohiben-las-caricaturas-en-la-calle\/puesttos-de-vendedores-en-la-calle-1\/\" data-orig-file=\"https:\/\/i0.wp.com\/woorons.com\/wp-content\/uploads\/2024\/10\/puesttos-de-vendedores-en-la-calle-1.jpg?fit=842%2C379&amp;ssl=1\" data-orig-size=\"842,379\" data-comments-opened=\"1\" data-image-meta=\"{&quot;aperture&quot;:&quot;0&quot;,&quot;credit&quot;:&quot;&quot;,&quot;camera&quot;:&quot;&quot;,&quot;caption&quot;:&quot;&quot;,&quot;created_timestamp&quot;:&quot;0&quot;,&quot;copyright&quot;:&quot;&quot;,&quot;focal_length&quot;:&quot;0&quot;,&quot;iso&quot;:&quot;0&quot;,&quot;shutter_speed&quot;:&quot;0&quot;,&quot;title&quot;:&quot;&quot;,&quot;orientation&quot;:&quot;0&quot;}\" data-image-title=\"puesttos-de-vendedores-en-la-calle-1\" data-image-description=\"&lt;p&gt;Foto de u vendedor ambulante&lt;\/p&gt;\" data-image-caption=\"&lt;p&gt;Otro puesto de CARICATURAS, seg\u00fan Zaragoza \u00abCultural\u00bb&lt;\/p&gt;\" data-large-file=\"https:\/\/i0.wp.com\/woorons.com\/wp-content\/uploads\/2024\/10\/puesttos-de-vendedores-en-la-calle-1.jpg?fit=842%2C379&amp;ssl=1\" src=\"https:\/\/i0.wp.com\/woorons.com\/wp-content\/uploads\/2024\/10\/puesttos-de-vendedores-en-la-calle-1.jpg?resize=842%2C379&#038;ssl=1\" alt=\"Foto de u vendedor ambulante\" class=\"wp-image-9116\" \/><\/figure>\n\n\n\n<p class=\"has-text-align-center wp-block-paragraph\"><strong>Otro puesto de CARICATURAS<\/strong>, <strong>seg\u00fan Zaragoza \u00abCultural\u00bb<\/strong><\/p>\n\n\n\n<h2 class=\"wp-block-heading has-text-align-center\">Desidia, menosprecio y clasismo.<\/h2>\n\n\n\n<p class=\"has-text-align-justify wp-block-paragraph\">Como comento en la nota de mi Facebook:<\/p>\n\n\n\n<p class=\"has-text-align-justify wp-block-paragraph\">\u00abEn realidad, no es de extra\u00f1arse, dada la desidia y el desprecio conque fuimos tratados el a\u00f1o anterior, por una funcionaria a la que, le hizo mucha gracia cuando le dije que era dibujante.\u00bb<\/p>\n\n\n\n<p class=\"wp-block-paragraph\">Pudes escuchar el audio a continuaci\u00f3n:<\/p>\n\n\n\n<figure class=\"wp-block-audio\"><audio controls src=\"https:\/\/woorons.com\/wp-content\/uploads\/2024\/09\/zaragoza-cultural-caricaturistas-1.mp3\"><\/audio><\/figure>\n\n\n\n<p class=\"wp-block-paragraph\">\u00abEn 2023 solo qued\u00e1bamos dos.<\/p>\n\n\n\n<p class=\"has-text-align-justify wp-block-paragraph\">Y este a\u00f1o, no habr\u00e1 ninguno. Al menos con permiso.<\/p>\n\n\n\n<p class=\"has-text-align-justify wp-block-paragraph\">Despu\u00e9s de tantos a\u00f1os hay clientes que me buscar\u00e1n, as\u00ed que este a\u00f1o, o mientras contin\u00fae este gobierno municipal, no creo que podamos vernos en el Pilar.<\/p>\n\n\n\n<p class=\"has-text-align-justify wp-block-paragraph\">No voy a hablar de arte ni nada, no me considero tal, pero dada la actitud y el trato recibido, al parecer todo lo que suponga cultura popular o de la calle, a muchos les viene grande, quiz\u00e1s por eso el desprecio y la desidia.\u00bb<\/p>\n\n\n\n<div style=\"height:20px\" aria-hidden=\"true\" class=\"wp-block-spacer\"><\/div>\n\n\n\n<p class=\"has-text-align-justify wp-block-paragraph\">Cabe aclarar que esto sucedi\u00f3 con una funcionaria, porque siempre hemos sido bien tratados.  Parec\u00eda odiar el trabajo que ten\u00eda asignado. Pens\u00e9 que tendr\u00eda un mal d\u00eda como todos, pero al ir a retirar el permiso me recrimin\u00f3 que tendr\u00eda que haberlo retirado dos d\u00edas antes.<\/p>\n\n\n\n<p class=\"has-text-align-justify wp-block-paragraph\">Hab\u00eda ido un viernes y la fiesta comenzaba el s\u00e1bado. Le dije que no vivo en Zaragoza, que tengo trabajo ( caricaturas y dibujos que me encargan y que debo cumplir ) y que por eso no podr\u00eda ir dos o tres d\u00edas antes.<\/p>\n\n\n\n<p class=\"has-text-align-justify wp-block-paragraph\">Simplemente me respondi\u00f3, que de no asistir, no se me entrgar\u00e1 el permiso.<\/p>\n\n\n\n<h2 class=\"wp-block-heading\">\u00bfY ahora qu\u00e9? \u00bfQu\u00e9 se puede esperar de todo esto?<\/h2>\n\n\n\n<p class=\"has-large-font-size wp-block-paragraph\">Ahora llegar\u00e1 lo que llamo \u00abla enfermedad de la titulitis\u00bb<\/p>\n\n\n\n<p class=\"wp-block-paragraph\">Se le debe pedir t\u00edtulo a un m\u00e9dico, a un arquitecto, a un ingeniero. Pero pedir t\u00edtulos a un m\u00fasico, es de una ignorancia suprema.<\/p>\n\n\n\n<p class=\"has-text-align-justify wp-block-paragraph\">En estos Pilares, la peste de la ignorancia conocida como \u00abtitulitis\u00bb ya ha atacado a la m\u00fasica.<\/p>\n\n\n\n<p class=\"has-text-align-justify wp-block-paragraph\">&nbsp;En cuanto a los m\u00fasicos, la adjudicaci\u00f3n de licencias es demencial. Es decir, grandes artistas de la m\u00fasica rock no podr\u00edan tocar en Pilares. (Adem\u00e1s pueden solicitarlo, con la condici\u00f3n de trabajar GRATIS) <\/p>\n\n\n\n<p class=\"wp-block-paragraph\">\u00bfQu\u00e9 m\u00fasicos no podr\u00edan tocar en Pilares? Aplicando el \u00abcriterio de selecci\u00f3n, es decir: Ni nos molestamos, les pedimos \u00abtitulitos\u00bb y andando.<\/p>\n\n\n\n<p class=\"has-text-align-center has-large-font-size wp-block-paragraph\">No podr\u00edan tocar en Pilares: <\/p>\n\n\n\n<p class=\"wp-block-paragraph\">Eric Clapton, Jimi Hendrix, Keith Moon, David Bowie, Prince, Elton John, Frank Zappa y muchos m\u00e1s, por que que no pasaron por escuela de m\u00fasica.<\/p>\n\n\n\n<h2 class=\"wp-block-heading has-text-align-center has-large-font-size\">El texto de la solicitud, claramente clasista y sectario dice as\u00ed: <\/h2>\n\n\n\n<p class=\"has-text-align-justify wp-block-paragraph\"><strong>\u00abCRITERIOS DE ADJUDICACI\u00d3N:<\/strong><br \/>Presentadas las solicitudes, las mismas ser\u00e1n clasificadas seg\u00fan el tipo de actividad.<br \/>El criterio de adjudicaci\u00f3n de las solicitudes ser\u00e1 en funci\u00f3n de la obtenci\u00f3n de la<br \/>puntuaci\u00f3n m\u00e1s elevada y en orden decreciente. Los criterios que se tendr\u00e1n en cuenta<br \/>son:<br \/>1. FORMACI\u00d3N MUSICAL, ESC\u00c9NICA O ART\u00cdSTICA. Debiendo aportar t\u00edtulos<br \/>oficiales o certificaciones acad\u00e9micas que acrediten tanto la formaci\u00f3n musical<br \/>como art\u00edstica de cada uno de los interesados (de cada una de las personas que<br \/>integran un grupo, en su caso), expedidos por centros que cumplan con lo previsto<br \/>en el Real Decreto 303\/2010, de 15 de marzo, por el que se establecen los<br \/>requisitos m\u00ednimos de los centros que impartan ense\u00f1anzas art\u00edsticas reguladas en<br \/>la Ley Org\u00e1nica 2\/2006, de 3 de mayo, de Educaci\u00f3n. \u00danicamente se valorar\u00e1 la<br \/>titulaci\u00f3n emitida por los centro p\u00fablicos o privados autorizados que cumplan con<br \/>los requisitos exigidos en la normativa (Conservatorios, Escuelas Superiores,<br \/>centros privados de ense\u00f1anzas art\u00edsticas autorizados por las Administraciones<br \/>educativas)<br \/>Se valorar\u00e1n:<br \/>&#8211; Las ense\u00f1anzas elementales de M\u00fasica y de Danza<br \/>&#8211; Las ense\u00f1anzas art\u00edsticas profesionales (ense\u00f1anzas profesionales de M\u00fasica y<br \/>Danza, as\u00ed como los grados medio y superior de Artes Pl\u00e1sticas y Dise\u00f1o)<br \/>&#8211; Las ense\u00f1anzas art\u00edsticas superiores.<br \/>Las puntuaciones otorgadas ser\u00e1n las siguientes:<br \/>&#8211; Grado de ense\u00f1anza elemental: 2 puntos por t\u00edtulo<br \/>&#8211; Grado de ense\u00f1anza profesional: 3 puntos por t\u00edtulo<br \/>&#8211; Grado de ense\u00f1anza superior: 4 puntos por t\u00edtulo<br \/>En los d\u00faos, tr\u00edos, cuartetos, etc., la puntuaci\u00f3n total del grupo ser\u00e1 el resultado de sumar<br \/>la puntuaci\u00f3n correspondiente a los t\u00edtulos aportados. \u00ab<\/p>\n\n\n\n<h2 class=\"wp-block-heading has-text-align-center\">\u00bfY con los dibujantes que hacemos?<\/h2>\n\n\n\n<p class=\"wp-block-paragraph\">Esto est\u00e1 muy claro. Como en todo oficio, solicitar una Licenciatura en Bellas Artes a un caricaturista callejero, es como exigirle un t\u00edtulo en Ciruj\u00eda al carnicero de mi barrio.<\/p>\n\n\n\n<figure class=\"wp-block-image aligncenter size-large is-resized\"><img data-recalc-dims=\"1\" loading=\"lazy\" decoding=\"async\" width=\"1191\" height=\"842\" data-attachment-id=\"8902\" data-permalink=\"https:\/\/woorons.com\/en\/2024\/09\/07\/que-son-las-caricaturas-en-vivo\/caricaturas-en-vivo-woorons-oronsart\/\" data-orig-file=\"https:\/\/i0.wp.com\/woorons.com\/wp-content\/uploads\/2024\/09\/caricaturas-en-vivo-woorons-oronsart.webp?fit=1191%2C842&amp;ssl=1\" data-orig-size=\"1191,842\" data-comments-opened=\"1\" data-image-meta=\"{&quot;aperture&quot;:&quot;0&quot;,&quot;credit&quot;:&quot;&quot;,&quot;camera&quot;:&quot;&quot;,&quot;caption&quot;:&quot;&quot;,&quot;created_timestamp&quot;:&quot;0&quot;,&quot;copyright&quot;:&quot;&quot;,&quot;focal_length&quot;:&quot;0&quot;,&quot;iso&quot;:&quot;0&quot;,&quot;shutter_speed&quot;:&quot;0&quot;,&quot;title&quot;:&quot;&quot;,&quot;orientation&quot;:&quot;0&quot;}\" data-image-title=\"caricaturas-en-vivo-woorons-oronsart\" data-image-description=\"&lt;p&gt;Caricaturas en vivo, de personas.&lt;\/p&gt;\" data-image-caption=\"&lt;p&gt;Caricaturas realizadas en vivo.&lt;\/p&gt;\" data-large-file=\"https:\/\/i0.wp.com\/woorons.com\/wp-content\/uploads\/2024\/09\/caricaturas-en-vivo-woorons-oronsart.webp?fit=1024%2C724&amp;ssl=1\" src=\"https:\/\/i0.wp.com\/woorons.com\/wp-content\/uploads\/2024\/09\/caricaturas-en-vivo-woorons-oronsart.webp?resize=1191%2C842&#038;ssl=1\" alt=\"Caricaturas en vivo, de personas.\" class=\"wp-image-8902\" style=\"width:512px;height:auto\" \/><figcaption class=\"wp-element-caption\">Caricaturas realizadas en vivo.<\/figcaption><\/figure>\n\n\n\n<p class=\"has-text-align-justify wp-block-paragraph\">Son muchos los Ayuntamientos, que por pereza, por ser unos inexplicables vagos, o muy burros, y muy ignorantes, est\u00e1n pidiendo Licenciatura en Bellas Artes, para dibujar monigotes en la calle.<\/p>\n\n\n\n<p class=\"wp-block-paragraph\">Seg\u00fan su est\u00fapida creencia, esto les asegura que el que pide para dibujar caricaturas, es un caricaturista de verdad.<\/p>\n\n\n\n<p class=\"wp-block-paragraph\">Conozco licenciados en Bellas Artes que no podr\u00edan hacer una caricatura en su vida.<\/p>\n\n\n\n<p class=\"wp-block-paragraph\">\u00bfPorqu\u00e9?<\/p>\n\n\n\n<p class=\"has-text-align-justify wp-block-paragraph\">Por la simple raz\u00f3n de que <strong>en Bellas Artes no se ense\u00f1a a hacer caricaturas.<\/strong><\/p>\n\n\n\n<p class=\"wp-block-paragraph\"><\/p>\n\n\n\n<p class=\"has-text-align-justify wp-block-paragraph\">Los caricaturistas hacemos este trabajo porque nos apasiona. Y no, no nacimos con \u00abesto\u00bb Las caricaturas son muchas horas de an\u00e1lisis, estudio y mucha pr\u00e1ctica.<\/p>\n\n\n\n<p class=\"wp-block-paragraph\">En mi caso, provengo de escuela cl\u00e1sica y lo que aprend\u00ed, me lo ense\u00f1\u00f3 mi profesora <strong>Telma Paroli de Aceboni<\/strong>, quien fue alumna de maestros del arte flamenco y nunca fui a Bellas Artes. En resumen, ella no me ense\u00f1\u00f3 a hacer caricaturas, lo que me ense\u00f1\u00f3 es a hacer dibujos como este:<\/p>\n\n\n\n<figure class=\"wp-block-image size-large\"><img data-recalc-dims=\"1\" loading=\"lazy\" decoding=\"async\" width=\"1824\" height=\"1308\" data-attachment-id=\"1912\" data-permalink=\"https:\/\/woorons.com\/en\/celeste-y-gala-final\/\" data-orig-file=\"https:\/\/i0.wp.com\/woorons.com\/wp-content\/uploads\/2020\/07\/celeste-y-gala-final.jpg?fit=1824%2C1308&amp;ssl=1\" data-orig-size=\"1824,1308\" data-comments-opened=\"1\" data-image-meta=\"{&quot;aperture&quot;:&quot;2.4&quot;,&quot;credit&quot;:&quot;&quot;,&quot;camera&quot;:&quot;Lumia 535&quot;,&quot;caption&quot;:&quot;&quot;,&quot;created_timestamp&quot;:&quot;1553767650&quot;,&quot;copyright&quot;:&quot;&quot;,&quot;focal_length&quot;:&quot;0&quot;,&quot;iso&quot;:&quot;400&quot;,&quot;shutter_speed&quot;:&quot;0.02&quot;,&quot;title&quot;:&quot;&quot;,&quot;orientation&quot;:&quot;1&quot;,&quot;latitude&quot;:&quot;38.605058055556&quot;,&quot;longitude&quot;:&quot;-0.049728611111111&quot;}\" data-image-title=\"Celeste y Gala &amp;#8211; Dibujo\" data-image-description=\"&lt;p&gt;\u00abDibujo a l\u00e1piz de grafito de una mujer con un gato\u00bb&lt;\/p&gt;\" data-image-caption=\"&lt;p&gt;Celeste y Gala &amp;#8211; Dibujo&lt;\/p&gt;\" data-large-file=\"https:\/\/i0.wp.com\/woorons.com\/wp-content\/uploads\/2020\/07\/celeste-y-gala-final.jpg?fit=1024%2C734&amp;ssl=1\" src=\"https:\/\/i0.wp.com\/woorons.com\/wp-content\/uploads\/2020\/07\/celeste-y-gala-final.jpg?resize=1824%2C1308&#038;ssl=1\" alt=\"dibujo a l\u00e1piz de grafito\" class=\"wp-image-1912\" \/><figcaption class=\"wp-element-caption\">Celeste y Gala &#8211; Dibujo<\/figcaption><\/figure>\n\n\n\n<h2 class=\"wp-block-heading has-text-align-center\">Desamparo legal, inexistencia jur\u00eddica e invisibilidad<\/h2>\n\n\n\n<p class=\"has-text-align-justify wp-block-paragraph\">No he conocido a muy pocos politicos, que se interesen por un dibujante callejero. Como que me sobran los dedos de una mano para contarlos.<\/p>\n\n\n\n<p class=\"has-text-align-justify wp-block-paragraph\">Es que no damos votos. Se ha difundido la prohibici\u00f3n de Zaragoza gracias a los medios, y a ustedes. \u00bfY la oposici\u00f3n pol\u00edtica que ha hecho? \u00bfHa salido a los medios a dar una explicaci\u00f3n, una opini\u00f3n?<\/p>\n\n\n\n<p class=\"has-text-align-justify wp-block-paragraph\">Quiz\u00e1s ahora, despu\u00e9s de tanto descontento, alguno aparezca a \u00abrasgarse las vestiduras\u00bb<\/p>\n\n\n\n<p class=\"has-text-align-justify wp-block-paragraph\">Lo cierto es que en m\u00e1s de treinta a\u00f1os que llevo dibujando en la calle, me he topado con todo tipo de situaciones. Ning\u00fan Concejal de Cultura, se molestar\u00e1 en ver qu\u00e9 sucede con nosotros. <\/p>\n\n\n\n<p class=\"has-text-align-justify wp-block-paragraph\">Somos minoritarios, no tenemos la trascendencia de una paella popular, para que les hagamos ganar puntos.<\/p>\n\n\n\n<p class=\"has-text-align-justify wp-block-paragraph\"> As\u00ed que \u00abpasan el bulto\u00bb a alg\u00fan funcionario, y por lo visto lo hacen como forma de castigo a ese funcionario.<\/p>\n\n\n\n<p class=\"has-text-align-justify wp-block-paragraph\">He presenciado \u00abconvocatorias\u00bb para dibujantes de la calle totalmente herm\u00e9ticas, sorteos falsos, para otorgar lugares a dedo, he visto c\u00f3mo se inventan leyes y cl\u00e1usulas excluyentes, para beneficiar a unos y perjudicar a otros, he sido sancionado por denunciarlos, amenazado con enviarme abogados, y sustitu\u00eddo por alg\u00fan \u00abdibujante amigo\u00bb <\/p>\n\n\n\n<p class=\"has-text-align-justify wp-block-paragraph\">Y todo esto, pagando. Trabajamos en la calle cumpliendo la legalidad, aun que mucha gente no lo crea o no lo quiera creer. Pagamos espacios, tasas municipales, Seguros de Responabilidad Civil, Aut\u00f3nomos, presentamos Certificado de Delitos Sexuales  y lo que cada Ayuntamiento nos exija.<\/p>\n\n\n\n<p class=\"has-text-align-justify wp-block-paragraph\">Carecemos de una jurisprudencia que nos distinga de la \u00abventa ambulante\u00bb que nos de un amparo, ante los abusos de los funcionarios, una ley que nos permita trabajar en distintos lugares,  que se nos reconozca nuestro derecho al trabajo y que no se nos vea como \u00abvendedores de cualquier cosa\u00bb o \u00abintrusos indocumentados\u00bb <\/p>\n\n\n\n<p class=\"has-text-align-justify wp-block-paragraph\">Un Ayuntamiento pon\u00eda en su reglamentaci\u00f3n para Actividades Art\u00edsticas en la V\u00eda P\u00fablica que \u00abLos permisos podr\u00e1n ser revocados sin  explicaci\u00f3n y sin derecho a reclamaci\u00f3n alguna\u00bb<\/p>\n\n\n\n<h2 class=\"wp-block-heading has-text-align-center\">Gracias otra vez<\/h2>\n\n\n\n<p class=\"wp-block-paragraph\">Dibujar caricaturas en la calle fue mi opci\u00f3n de vida. Pude haberme dedicado a la pintura, a exponer en galer\u00edas, o a hacer mis propias exposiciones. Pero lo que v\u00ed en ese ambiente del \u00abarte\u00bb no me gust\u00f3 nada.<\/p>\n\n\n\n<p class=\"wp-block-paragraph\">Eleg\u00ed la calle, para exponerme cada vez que dibujo, al contacto directo con la gente, a conocer personas y pasar buenos momentos con ellas, y de eso he conocido a seres increibles y he cosechado amistades. <\/p>\n\n\n\n<p class=\"wp-block-paragraph\">Todo el resto que falta y que hubiera ganado siendo \u00abartista\u00bb me sobra.<\/p>\n\n\n\n<p class=\"has-text-align-justify wp-block-paragraph\">Y en este instante,  al momento de escribir esta nota, me siento m\u00e1s fuerte, m\u00e1s acompa\u00f1ado y m\u00e1s convencido, de que eleg\u00ed lo correcto: Llevar el dibujo a la calle. No solo porque sea mi forma de subsistencia, ni una cuesti\u00f3n de econom\u00eda.<\/p>\n\n\n\n<p class=\"has-text-align-justify wp-block-paragraph\"> Las caricaturas son \u00abarte popular\u00bb (Si se me permite definirlas como arte) He trabajado para peri\u00f3dicos y es un \u00abarte molesto\u00bb y por eso muchas veces, despreciado, inc\u00f3modo.<\/p>\n\n\n\n<p class=\"has-text-align-justify wp-block-paragraph\">Son un divertimento, una expresi\u00f3n de la calle, una expresi\u00f3n popular; entonces es ah\u00ed donde deben de estar, entre la gente, y es eso precisamente, lo que a algunos les molesta.<\/p>\n\n\n\n<p class=\"has-text-align-justify has-link-color wp-elements-5 wp-block-paragraph\">Y no me extender\u00e9 m\u00e1s. Gracias por leerme, por los \u00abme gusta\u00bb y por seguirme en redes sociales, y si quer\u00e9is pod\u00e9is <a href=\"https:\/\/woorons.com\/en\/suscripcion-al-boletin-informativo\/\">suscribirse a esta p\u00e1gina<\/a>, que es gratis, y que de vez en cuando publico cosas interesantes.<\/p>\n\n\n\n<p class=\"wp-block-paragraph\">Felices fiestas del Pilar.<\/p>\n\n\n\n<div style=\"height:20px\" aria-hidden=\"true\" class=\"wp-block-spacer\"><\/div>\n\n\n\n\n\n<div style=\"height:100px\" aria-hidden=\"true\" class=\"wp-block-spacer\"><\/div>\n\n\n\n<p class=\"wp-block-paragraph\"><\/p>","protected":false},"excerpt":{"rendered":"<p>El Ayuntamiento de Zaragoza prohibe las caricaturas en la calle para las Fiestas del Pilar 2024.<\/p>","protected":false},"author":21194217,"featured_media":9139,"comment_status":"open","ping_status":"closed","sticky":false,"template":"","format":"standard","meta":{"_coblocks_attr":"","_coblocks_dimensions":"","_coblocks_responsive_height":"","_coblocks_accordion_ie_support":"","_jetpack_newsletter_access":"","_jetpack_dont_email_post_to_subs":false,"_jetpack_newsletter_tier_id":0,"_jetpack_memberships_contains_paywalled_content":false,"_wpcom_ai_launchpad_first_post":false,"_jetpack_feature_clip_id":0,"_jetpack_memberships_contains_paid_content":false,"footnotes":"","jetpack_publicize_message":"","jetpack_publicize_feature_enabled":true,"jetpack_social_post_already_shared":false,"jetpack_social_options":{"image_generator_settings":{"template":"highway","default_image_id":0,"font":"","enabled":false},"version":2},"jetpack_post_was_ever_published":false},"categories":[115775951,24120],"tags":[789851998,789851955,53382,789851944,789851949,789851938],"class_list":["post-9081","post","type-post","status-publish","format-standard","has-post-thumbnail","hentry","category-caricaturas-por-encargo","category-notas","tag-caricaturas-por-encargo","tag-caricature","tag-caricatures","tag-cartoon","tag-dibujos","tag-ilustracion"],"yoast_head":"<!-- This site is optimized with the Yoast SEO plugin v28.4 - https:\/\/yoast.com\/product\/yoast-seo-wordpress\/ -->\n<title>Prohiben las caricaturas en la calle - WO Orons Art<\/title>\n<meta name=\"robots\" content=\"index, follow, max-snippet:-1, max-image-preview:large, max-video-preview:-1\" \/>\n<link rel=\"canonical\" href=\"https:\/\/woorons.com\/en\/2024\/10\/11\/prohiben-las-caricaturas-en-la-calle\/\" \/>\n<meta property=\"og:locale\" content=\"en_GB\" \/>\n<meta property=\"og:type\" content=\"article\" \/>\n<meta property=\"og:title\" content=\"Prohiben las caricaturas en la calle - WO Orons Art\" \/>\n<meta property=\"og:description\" content=\"El Ayuntamiento de Zaragoza prohibe las caricaturas en la calle para las Fiestas del Pilar 2024.\" \/>\n<meta property=\"og:url\" content=\"https:\/\/woorons.com\/en\/2024\/10\/11\/prohiben-las-caricaturas-en-la-calle\/\" \/>\n<meta property=\"og:site_name\" content=\"WO Orons Art\" \/>\n<meta property=\"article:published_time\" content=\"2024-10-11T10:28:19+00:00\" \/>\n<meta property=\"article:modified_time\" content=\"2024-10-18T14:54:41+00:00\" \/>\n<meta property=\"og:image\" content=\"https:\/\/i0.wp.com\/woorons.com\/wp-content\/uploads\/2024\/10\/zaragoza-cultural-caricaturas.jpg?fit=1200%2C675&ssl=1\" \/>\n\t<meta property=\"og:image:width\" content=\"1200\" \/>\n\t<meta property=\"og:image:height\" content=\"675\" \/>\n\t<meta property=\"og:image:type\" content=\"image\/jpeg\" \/>\n<meta name=\"author\" content=\"Wo Orons\" \/>\n<meta name=\"twitter:card\" content=\"summary_large_image\" \/>\n<meta name=\"twitter:label1\" content=\"Written by\" \/>\n\t<meta name=\"twitter:data1\" content=\"Wo Orons\" \/>\n\t<meta name=\"twitter:label2\" content=\"Estimated reading time\" \/>\n\t<meta name=\"twitter:data2\" content=\"12 minutes\" \/>\n<script type=\"application\/ld+json\" class=\"yoast-schema-graph\">{\"@context\":\"https:\\\/\\\/schema.org\",\"@graph\":[{\"@type\":\"Article\",\"@id\":\"https:\\\/\\\/woorons.com\\\/2024\\\/10\\\/11\\\/prohiben-las-caricaturas-en-la-calle\\\/#article\",\"isPartOf\":{\"@id\":\"https:\\\/\\\/woorons.com\\\/2024\\\/10\\\/11\\\/prohiben-las-caricaturas-en-la-calle\\\/\"},\"author\":{\"name\":\"Wo Orons\",\"@id\":\"https:\\\/\\\/woorons.com\\\/#\\\/schema\\\/person\\\/85b4229ce0694a31b5f128dc047161e8\"},\"headline\":\"Prohiben las caricaturas en la calle\",\"datePublished\":\"2024-10-11T10:28:19+00:00\",\"dateModified\":\"2024-10-18T14:54:41+00:00\",\"mainEntityOfPage\":{\"@id\":\"https:\\\/\\\/woorons.com\\\/2024\\\/10\\\/11\\\/prohiben-las-caricaturas-en-la-calle\\\/\"},\"wordCount\":2379,\"commentCount\":0,\"publisher\":{\"@id\":\"https:\\\/\\\/woorons.com\\\/#\\\/schema\\\/person\\\/85b4229ce0694a31b5f128dc047161e8\"},\"image\":{\"@id\":\"https:\\\/\\\/woorons.com\\\/2024\\\/10\\\/11\\\/prohiben-las-caricaturas-en-la-calle\\\/#primaryimage\"},\"thumbnailUrl\":\"https:\\\/\\\/i0.wp.com\\\/woorons.com\\\/wp-content\\\/uploads\\\/2024\\\/10\\\/zaragoza-cultural-caricaturas.jpg?fit=1200%2C675&ssl=1\",\"keywords\":[\"Caricaturas por encargo\",\"Caricature\",\"Caricatures\",\"Cartoon\",\"Dibujos\",\"Ilustraci\u00f3n\"],\"articleSection\":[\"Caricaturas por encargo\",\"Notas\"],\"inLanguage\":\"en-GB\",\"potentialAction\":[{\"@type\":\"CommentAction\",\"name\":\"Comment\",\"target\":[\"https:\\\/\\\/woorons.com\\\/2024\\\/10\\\/11\\\/prohiben-las-caricaturas-en-la-calle\\\/#respond\"]}]},{\"@type\":\"WebPage\",\"@id\":\"https:\\\/\\\/woorons.com\\\/2024\\\/10\\\/11\\\/prohiben-las-caricaturas-en-la-calle\\\/\",\"url\":\"https:\\\/\\\/woorons.com\\\/2024\\\/10\\\/11\\\/prohiben-las-caricaturas-en-la-calle\\\/\",\"name\":\"Prohiben las caricaturas en la calle - WO Orons Art\",\"isPartOf\":{\"@id\":\"https:\\\/\\\/woorons.com\\\/#website\"},\"primaryImageOfPage\":{\"@id\":\"https:\\\/\\\/woorons.com\\\/2024\\\/10\\\/11\\\/prohiben-las-caricaturas-en-la-calle\\\/#primaryimage\"},\"image\":{\"@id\":\"https:\\\/\\\/woorons.com\\\/2024\\\/10\\\/11\\\/prohiben-las-caricaturas-en-la-calle\\\/#primaryimage\"},\"thumbnailUrl\":\"https:\\\/\\\/i0.wp.com\\\/woorons.com\\\/wp-content\\\/uploads\\\/2024\\\/10\\\/zaragoza-cultural-caricaturas.jpg?fit=1200%2C675&ssl=1\",\"datePublished\":\"2024-10-11T10:28:19+00:00\",\"dateModified\":\"2024-10-18T14:54:41+00:00\",\"breadcrumb\":{\"@id\":\"https:\\\/\\\/woorons.com\\\/2024\\\/10\\\/11\\\/prohiben-las-caricaturas-en-la-calle\\\/#breadcrumb\"},\"inLanguage\":\"en-GB\",\"potentialAction\":[{\"@type\":\"ReadAction\",\"target\":[\"https:\\\/\\\/woorons.com\\\/2024\\\/10\\\/11\\\/prohiben-las-caricaturas-en-la-calle\\\/\"]}]},{\"@type\":\"ImageObject\",\"inLanguage\":\"en-GB\",\"@id\":\"https:\\\/\\\/woorons.com\\\/2024\\\/10\\\/11\\\/prohiben-las-caricaturas-en-la-calle\\\/#primaryimage\",\"url\":\"https:\\\/\\\/i0.wp.com\\\/woorons.com\\\/wp-content\\\/uploads\\\/2024\\\/10\\\/zaragoza-cultural-caricaturas.jpg?fit=1200%2C675&ssl=1\",\"contentUrl\":\"https:\\\/\\\/i0.wp.com\\\/woorons.com\\\/wp-content\\\/uploads\\\/2024\\\/10\\\/zaragoza-cultural-caricaturas.jpg?fit=1200%2C675&ssl=1\",\"width\":1200,\"height\":675,\"caption\":\"Imagen para ilustrar una nota sobre la prohibici\u00f3n de los dibujantes en Zaragoza\"},{\"@type\":\"BreadcrumbList\",\"@id\":\"https:\\\/\\\/woorons.com\\\/2024\\\/10\\\/11\\\/prohiben-las-caricaturas-en-la-calle\\\/#breadcrumb\",\"itemListElement\":[{\"@type\":\"ListItem\",\"position\":1,\"name\":\"Portada\",\"item\":\"https:\\\/\\\/woorons.com\\\/\"},{\"@type\":\"ListItem\",\"position\":2,\"name\":\"Prohiben las caricaturas en la calle\"}]},{\"@type\":\"WebSite\",\"@id\":\"https:\\\/\\\/woorons.com\\\/#website\",\"url\":\"https:\\\/\\\/woorons.com\\\/\",\"name\":\"WO Orons Art\",\"description\":\"&quot;Caricaturas, Retratos, Fan Art, Ilustraci\u00f3n&quot;\",\"publisher\":{\"@id\":\"https:\\\/\\\/woorons.com\\\/#\\\/schema\\\/person\\\/85b4229ce0694a31b5f128dc047161e8\"},\"potentialAction\":[{\"@type\":\"SearchAction\",\"target\":{\"@type\":\"EntryPoint\",\"urlTemplate\":\"https:\\\/\\\/woorons.com\\\/?s={search_term_string}\"},\"query-input\":{\"@type\":\"PropertyValueSpecification\",\"valueRequired\":true,\"valueName\":\"search_term_string\"}}],\"inLanguage\":\"en-GB\"},{\"@type\":[\"Person\",\"Organization\"],\"@id\":\"https:\\\/\\\/woorons.com\\\/#\\\/schema\\\/person\\\/85b4229ce0694a31b5f128dc047161e8\",\"name\":\"Wo Orons\",\"image\":{\"@type\":\"ImageObject\",\"inLanguage\":\"en-GB\",\"@id\":\"https:\\\/\\\/i0.wp.com\\\/woorons.com\\\/wp-content\\\/uploads\\\/2025\\\/03\\\/logotipo-woorons.jpg?fit=595%2C516&ssl=1\",\"url\":\"https:\\\/\\\/i0.wp.com\\\/woorons.com\\\/wp-content\\\/uploads\\\/2025\\\/03\\\/logotipo-woorons.jpg?fit=595%2C516&ssl=1\",\"contentUrl\":\"https:\\\/\\\/i0.wp.com\\\/woorons.com\\\/wp-content\\\/uploads\\\/2025\\\/03\\\/logotipo-woorons.jpg?fit=595%2C516&ssl=1\",\"width\":595,\"height\":516,\"caption\":\"Wo Orons\"},\"logo\":{\"@id\":\"https:\\\/\\\/i0.wp.com\\\/woorons.com\\\/wp-content\\\/uploads\\\/2025\\\/03\\\/logotipo-woorons.jpg?fit=595%2C516&ssl=1\"},\"sameAs\":[\"http:\\\/\\\/orons-art.wordpress.com\"],\"url\":\"https:\\\/\\\/woorons.com\\\/en\\\/author\\\/orons\\\/\"}]}<\/script>\n<!-- \/ Yoast SEO plugin. -->","yoast_head_json":{"title":"Prohiben las caricaturas en la calle - WO Orons Art","robots":{"index":"index","follow":"follow","max-snippet":"max-snippet:-1","max-image-preview":"max-image-preview:large","max-video-preview":"max-video-preview:-1"},"canonical":"https:\/\/woorons.com\/en\/2024\/10\/11\/prohiben-las-caricaturas-en-la-calle\/","og_locale":"en_GB","og_type":"article","og_title":"Prohiben las caricaturas en la calle - WO Orons Art","og_description":"El Ayuntamiento de Zaragoza prohibe las caricaturas en la calle para las Fiestas del Pilar 2024.","og_url":"https:\/\/woorons.com\/en\/2024\/10\/11\/prohiben-las-caricaturas-en-la-calle\/","og_site_name":"WO Orons Art","article_published_time":"2024-10-11T10:28:19+00:00","article_modified_time":"2024-10-18T14:54:41+00:00","og_image":[{"width":1200,"height":675,"url":"https:\/\/i0.wp.com\/woorons.com\/wp-content\/uploads\/2024\/10\/zaragoza-cultural-caricaturas.jpg?fit=1200%2C675&ssl=1","type":"image\/jpeg"}],"author":"Wo Orons","twitter_card":"summary_large_image","twitter_misc":{"Written by":"Wo Orons","Estimated reading time":"12 minutes"},"schema":{"@context":"https:\/\/schema.org","@graph":[{"@type":"Article","@id":"https:\/\/woorons.com\/2024\/10\/11\/prohiben-las-caricaturas-en-la-calle\/#article","isPartOf":{"@id":"https:\/\/woorons.com\/2024\/10\/11\/prohiben-las-caricaturas-en-la-calle\/"},"author":{"name":"Wo Orons","@id":"https:\/\/woorons.com\/#\/schema\/person\/85b4229ce0694a31b5f128dc047161e8"},"headline":"Prohiben las caricaturas en la calle","datePublished":"2024-10-11T10:28:19+00:00","dateModified":"2024-10-18T14:54:41+00:00","mainEntityOfPage":{"@id":"https:\/\/woorons.com\/2024\/10\/11\/prohiben-las-caricaturas-en-la-calle\/"},"wordCount":2379,"commentCount":0,"publisher":{"@id":"https:\/\/woorons.com\/#\/schema\/person\/85b4229ce0694a31b5f128dc047161e8"},"image":{"@id":"https:\/\/woorons.com\/2024\/10\/11\/prohiben-las-caricaturas-en-la-calle\/#primaryimage"},"thumbnailUrl":"https:\/\/i0.wp.com\/woorons.com\/wp-content\/uploads\/2024\/10\/zaragoza-cultural-caricaturas.jpg?fit=1200%2C675&ssl=1","keywords":["Caricaturas por encargo","Caricature","Caricatures","Cartoon","Dibujos","Ilustraci\u00f3n"],"articleSection":["Caricaturas por encargo","Notas"],"inLanguage":"en-GB","potentialAction":[{"@type":"CommentAction","name":"Comment","target":["https:\/\/woorons.com\/2024\/10\/11\/prohiben-las-caricaturas-en-la-calle\/#respond"]}]},{"@type":"WebPage","@id":"https:\/\/woorons.com\/2024\/10\/11\/prohiben-las-caricaturas-en-la-calle\/","url":"https:\/\/woorons.com\/2024\/10\/11\/prohiben-las-caricaturas-en-la-calle\/","name":"Prohiben las caricaturas en la calle - WO Orons Art","isPartOf":{"@id":"https:\/\/woorons.com\/#website"},"primaryImageOfPage":{"@id":"https:\/\/woorons.com\/2024\/10\/11\/prohiben-las-caricaturas-en-la-calle\/#primaryimage"},"image":{"@id":"https:\/\/woorons.com\/2024\/10\/11\/prohiben-las-caricaturas-en-la-calle\/#primaryimage"},"thumbnailUrl":"https:\/\/i0.wp.com\/woorons.com\/wp-content\/uploads\/2024\/10\/zaragoza-cultural-caricaturas.jpg?fit=1200%2C675&ssl=1","datePublished":"2024-10-11T10:28:19+00:00","dateModified":"2024-10-18T14:54:41+00:00","breadcrumb":{"@id":"https:\/\/woorons.com\/2024\/10\/11\/prohiben-las-caricaturas-en-la-calle\/#breadcrumb"},"inLanguage":"en-GB","potentialAction":[{"@type":"ReadAction","target":["https:\/\/woorons.com\/2024\/10\/11\/prohiben-las-caricaturas-en-la-calle\/"]}]},{"@type":"ImageObject","inLanguage":"en-GB","@id":"https:\/\/woorons.com\/2024\/10\/11\/prohiben-las-caricaturas-en-la-calle\/#primaryimage","url":"https:\/\/i0.wp.com\/woorons.com\/wp-content\/uploads\/2024\/10\/zaragoza-cultural-caricaturas.jpg?fit=1200%2C675&ssl=1","contentUrl":"https:\/\/i0.wp.com\/woorons.com\/wp-content\/uploads\/2024\/10\/zaragoza-cultural-caricaturas.jpg?fit=1200%2C675&ssl=1","width":1200,"height":675,"caption":"Imagen para ilustrar una nota sobre la prohibici\u00f3n de los dibujantes en Zaragoza"},{"@type":"BreadcrumbList","@id":"https:\/\/woorons.com\/2024\/10\/11\/prohiben-las-caricaturas-en-la-calle\/#breadcrumb","itemListElement":[{"@type":"ListItem","position":1,"name":"Portada","item":"https:\/\/woorons.com\/"},{"@type":"ListItem","position":2,"name":"Prohiben las caricaturas en la calle"}]},{"@type":"WebSite","@id":"https:\/\/woorons.com\/#website","url":"https:\/\/woorons.com\/","name":"WO Orons Art","description":"&quot;Caricaturas, Retratos, Fan Art, Ilustraci\u00f3n&quot;","publisher":{"@id":"https:\/\/woorons.com\/#\/schema\/person\/85b4229ce0694a31b5f128dc047161e8"},"potentialAction":[{"@type":"SearchAction","target":{"@type":"EntryPoint","urlTemplate":"https:\/\/woorons.com\/?s={search_term_string}"},"query-input":{"@type":"PropertyValueSpecification","valueRequired":true,"valueName":"search_term_string"}}],"inLanguage":"en-GB"},{"@type":["Person","Organization"],"@id":"https:\/\/woorons.com\/#\/schema\/person\/85b4229ce0694a31b5f128dc047161e8","name":"Wo Orons","image":{"@type":"ImageObject","inLanguage":"en-GB","@id":"https:\/\/i0.wp.com\/woorons.com\/wp-content\/uploads\/2025\/03\/logotipo-woorons.jpg?fit=595%2C516&ssl=1","url":"https:\/\/i0.wp.com\/woorons.com\/wp-content\/uploads\/2025\/03\/logotipo-woorons.jpg?fit=595%2C516&ssl=1","contentUrl":"https:\/\/i0.wp.com\/woorons.com\/wp-content\/uploads\/2025\/03\/logotipo-woorons.jpg?fit=595%2C516&ssl=1","width":595,"height":516,"caption":"Wo Orons"},"logo":{"@id":"https:\/\/i0.wp.com\/woorons.com\/wp-content\/uploads\/2025\/03\/logotipo-woorons.jpg?fit=595%2C516&ssl=1"},"sameAs":["http:\/\/orons-art.wordpress.com"],"url":"https:\/\/woorons.com\/en\/author\/orons\/"}]}},"jetpack_publicize_connections":[],"jetpack_likes_enabled":true,"jetpack_sharing_enabled":true,"jetpack_shortlink":"https:\/\/wp.me\/p43FXj-2mt","jetpack-related-posts":[],"jetpack_featured_media_url":"https:\/\/i0.wp.com\/woorons.com\/wp-content\/uploads\/2024\/10\/zaragoza-cultural-caricaturas.jpg?fit=1200%2C675&ssl=1","_links":{"self":[{"href":"https:\/\/woorons.com\/en\/wp-json\/wp\/v2\/posts\/9081","targetHints":{"allow":["GET"]}}],"collection":[{"href":"https:\/\/woorons.com\/en\/wp-json\/wp\/v2\/posts"}],"about":[{"href":"https:\/\/woorons.com\/en\/wp-json\/wp\/v2\/types\/post"}],"author":[{"embeddable":true,"href":"https:\/\/woorons.com\/en\/wp-json\/wp\/v2\/users\/21194217"}],"replies":[{"embeddable":true,"href":"https:\/\/woorons.com\/en\/wp-json\/wp\/v2\/comments?post=9081"}],"version-history":[{"count":25,"href":"https:\/\/woorons.com\/en\/wp-json\/wp\/v2\/posts\/9081\/revisions"}],"predecessor-version":[{"id":9159,"href":"https:\/\/woorons.com\/en\/wp-json\/wp\/v2\/posts\/9081\/revisions\/9159"}],"wp:featuredmedia":[{"embeddable":true,"href":"https:\/\/woorons.com\/en\/wp-json\/wp\/v2\/media\/9139"}],"wp:attachment":[{"href":"https:\/\/woorons.com\/en\/wp-json\/wp\/v2\/media?parent=9081"}],"wp:term":[{"taxonomy":"category","embeddable":true,"href":"https:\/\/woorons.com\/en\/wp-json\/wp\/v2\/categories?post=9081"},{"taxonomy":"post_tag","embeddable":true,"href":"https:\/\/woorons.com\/en\/wp-json\/wp\/v2\/tags?post=9081"}],"curies":[{"name":"wp","href":"https:\/\/api.w.org\/{rel}","templated":true}]}}