{"id":3947,"date":"2022-07-15T18:30:50","date_gmt":"2022-07-15T16:30:50","guid":{"rendered":"https:\/\/woorons.com\/?p=3947"},"modified":"2023-11-26T06:10:39","modified_gmt":"2023-11-26T05:10:39","slug":"joaquin-prat-la-caricatura-de-sintesis","status":"publish","type":"post","link":"https:\/\/woorons.com\/en\/2022\/07\/15\/joaquin-prat-la-caricatura-de-sintesis\/","title":{"rendered":"Joaqu\u00edn Prat y su caricatura de s\u00edntesis"},"content":{"rendered":"<h2 class=\"wp-block-heading\">Periodismo o no periodismo.<\/h2>\n\n\n\n<p class=\"has-text-align-justify has-medium-font-size wp-block-paragraph\">Caricatura de s\u00edntesis, este comunicador de Telecinco, Espa\u00f1a. Para algunos periodista, y  para otros solo es un \u00abperiobulista\u00bb \u00bfQue en periodismo hay que contrastar la informaci\u00f3n antes de dar la noticia, ir a la fuente, cercionarse de que lo que se va a decir sea veraz? No. \u00bfPara qu\u00e9?<\/p>\n\n\n\n<p class=\"has-text-align-justify wp-block-paragraph\">Me lo dijeron, me lo contaron, dicen por ah\u00ed&#8230;me dicen que diga esto.<\/p>\n\n\n\n<figure class=\"wp-block-image aligncenter size-large\"><img data-recalc-dims=\"1\" loading=\"lazy\" decoding=\"async\" width=\"595\" height=\"841\" data-attachment-id=\"3951\" data-permalink=\"https:\/\/woorons.com\/en\/2022\/07\/15\/joaquin-prat-la-caricatura-de-sintesis\/caricatura-de-joaquin-prat-por-woorons\/\" data-orig-file=\"https:\/\/i0.wp.com\/woorons.com\/wp-content\/uploads\/2022\/07\/caricatura-de-joaquin-prat-por-woorons.webp?fit=595%2C841&amp;ssl=1\" data-orig-size=\"595,841\" data-comments-opened=\"1\" data-image-meta=\"{&quot;aperture&quot;:&quot;0&quot;,&quot;credit&quot;:&quot;&quot;,&quot;camera&quot;:&quot;&quot;,&quot;caption&quot;:&quot;&quot;,&quot;created_timestamp&quot;:&quot;0&quot;,&quot;copyright&quot;:&quot;&quot;,&quot;focal_length&quot;:&quot;0&quot;,&quot;iso&quot;:&quot;0&quot;,&quot;shutter_speed&quot;:&quot;0&quot;,&quot;title&quot;:&quot;&quot;,&quot;orientation&quot;:&quot;0&quot;}\" data-image-title=\"caricatura-de-joaquin-prat-por-woorons\" data-image-description=\"&lt;p&gt;Caricatura de s\u00edntesis de Joaqu\u00edn Prat. Dibujo de WO Orons&lt;\/p&gt;\" data-image-caption=\"&lt;p&gt;Caricatura de Joaqu\u00edn Prat. Dibujo de WO Orons&lt;\/p&gt;\" data-large-file=\"https:\/\/i0.wp.com\/woorons.com\/wp-content\/uploads\/2022\/07\/caricatura-de-joaquin-prat-por-woorons.webp?fit=595%2C841&amp;ssl=1\" src=\"https:\/\/i0.wp.com\/woorons.com\/wp-content\/uploads\/2022\/07\/caricatura-de-joaquin-prat-por-woorons.webp?resize=595%2C841&#038;ssl=1\" alt=\"Caricatura de Joaqu\u00edn Prat. Por WO Orons\" class=\"wp-image-3951\" title=\"Caricatura\" \/><figcaption class=\"wp-element-caption\">Caricatura de s\u00edntesis de Joaqu\u00edn Prat<\/figcaption><\/figure>\n\n\n\n<div class=\"wp-block-group has-global-padding is-layout-constrained wp-block-group-is-layout-constrained\">\n<div class=\"wp-block-columns is-layout-flex wp-container-core-columns-is-layout-9ba6dbca wp-block-columns-is-layout-flex\">\n<div class=\"wp-block-column is-layout-flow wp-block-column-is-layout-flow\" style=\"flex-basis:100%\">\n<div class=\"wp-block-group is-layout-flow wp-block-group-is-layout-flow\">\n<div class=\"wp-block-buttons has-custom-font-size has-small-font-size is-horizontal is-layout-flex wp-block-buttons-is-layout-flex\">\n<div style=\"--wp--block-button--width: 25;\" class=\"wp-block-button has-custom-width wp-block-button__width wp-block-button__width-25\"><a class=\"wp-block-button__link has-white-color has-text-color has-background has-small-font-size has-custom-font-size wp-element-button\" href=\"https:\/\/woorons.com\/en\/\" style=\"border-radius:0px;background-color:#8c002b\" target=\"_blank\" rel=\"noreferrer noopener\">INICIO<\/a><\/div>\n\n\n\n<div style=\"--wp--block-button--width: 25;\" class=\"wp-block-button has-custom-width wp-block-button__width wp-block-button__width-25\"><a class=\"wp-block-button__link has-white-color has-text-color has-background has-small-font-size has-custom-font-size wp-element-button\" href=\"https:\/\/woorons.com\/en\/tienda-dibujos-originales-hechos-a-mano\/\" style=\"border-radius:0px;background-color:#8c002b\" target=\"_blank\" rel=\"noreferrer noopener\">TIENDA<\/a><\/div>\n\n\n\n<div class=\"wp-block-button is-style-fill\"><a class=\"wp-block-button__link has-white-color has-text-color has-background has-small-font-size has-custom-font-size wp-element-button\" href=\"https:\/\/woorons.com\/en\/blog-dibujo-realista-opinion-cine-comic\/\" style=\"border-radius:0px;background-color:#8c002b\" target=\"_blank\" rel=\"noreferrer noopener\">BLOG<\/a><\/div>\n\n\n\n<div style=\"--wp--block-button--width: 25;\" class=\"wp-block-button is-style-fill has-custom-width wp-block-button__width wp-block-button__width-25\"><a class=\"wp-block-button__link has-white-color has-text-color has-background has-small-font-size has-custom-font-size wp-element-button\" href=\"https:\/\/woorons.com\/en\/portfolio\/\" style=\"border-radius:0px;background-color:#8c002b\" target=\"_blank\" rel=\"noreferrer noopener\">PORTAFOLIOS<\/a><\/div>\n<\/div>\n<\/div>\n<\/div>\n<\/div>\n<\/div>","protected":false},"excerpt":{"rendered":"<p>Caricatura de Joaqu\u00edn Prat<\/p>","protected":false},"author":21194217,"featured_media":3953,"comment_status":"open","ping_status":"closed","sticky":false,"template":"","format":"standard","meta":{"_coblocks_attr":"","_coblocks_dimensions":"","_coblocks_responsive_height":"","_coblocks_accordion_ie_support":"","_jetpack_newsletter_access":"","_jetpack_dont_email_post_to_subs":false,"_jetpack_newsletter_tier_id":0,"_jetpack_memberships_contains_paywalled_content":false,"_wpcom_ai_launchpad_first_post":false,"_jetpack_feature_clip_id":0,"_jetpack_memberships_contains_paid_content":false,"footnotes":"","jetpack_publicize_message":"","jetpack_publicize_feature_enabled":true,"jetpack_social_post_already_shared":false,"jetpack_social_options":{"image_generator_settings":{"template":"highway","default_image_id":0,"font":"","enabled":false},"version":2},"jetpack_post_was_ever_published":false},"categories":[115775951,12712],"tags":[757063945,789851988,789851998,53382,789851944,789851949,789851920,17133,789851958],"class_list":["post-3947","post","type-post","status-publish","format-standard","has-post-thumbnail","hentry","category-caricaturas-por-encargo","category-ilustracion","tag-caricatura-de-sintesis","tag-caricaturas-de-famosos","tag-caricaturas-por-encargo","tag-caricatures","tag-cartoon","tag-dibujos","tag-noticias","tag-periodismo","tag-prensa"],"yoast_head":"<!-- This site is optimized with the Yoast SEO plugin v28.4 - https:\/\/yoast.com\/product\/yoast-seo-wordpress\/ -->\n<title>Joaqu\u00edn Prat y su caricatura de s\u00edntesis - WO Orons Art<\/title>\n<meta name=\"robots\" content=\"index, follow, max-snippet:-1, max-image-preview:large, max-video-preview:-1\" \/>\n<link rel=\"canonical\" href=\"https:\/\/woorons.com\/en\/2022\/07\/15\/joaquin-prat-la-caricatura-de-sintesis\/\" \/>\n<meta property=\"og:locale\" content=\"en_GB\" \/>\n<meta property=\"og:type\" content=\"article\" \/>\n<meta property=\"og:title\" content=\"Joaqu\u00edn Prat y su caricatura de s\u00edntesis - WO Orons Art\" \/>\n<meta property=\"og:description\" content=\"Caricatura de Joaqu\u00edn Prat\" \/>\n<meta property=\"og:url\" content=\"https:\/\/woorons.com\/en\/2022\/07\/15\/joaquin-prat-la-caricatura-de-sintesis\/\" \/>\n<meta property=\"og:site_name\" content=\"WO Orons Art\" \/>\n<meta property=\"article:published_time\" content=\"2022-07-15T16:30:50+00:00\" \/>\n<meta property=\"article:modified_time\" content=\"2023-11-26T05:10:39+00:00\" \/>\n<meta property=\"og:image\" content=\"https:\/\/i0.wp.com\/woorons.com\/wp-content\/uploads\/2022\/07\/caricatura-de-joaquin-prat-por-woorons.jpg?fit=1200%2C675&ssl=1\" \/>\n\t<meta property=\"og:image:width\" content=\"1200\" \/>\n\t<meta property=\"og:image:height\" content=\"675\" \/>\n\t<meta property=\"og:image:type\" content=\"image\/jpeg\" \/>\n<meta name=\"author\" content=\"Wo Orons\" \/>\n<meta name=\"twitter:card\" content=\"summary_large_image\" \/>\n<meta name=\"twitter:label1\" content=\"Written by\" \/>\n\t<meta name=\"twitter:data1\" content=\"Wo Orons\" \/>\n<script type=\"application\/ld+json\" class=\"yoast-schema-graph\">{\"@context\":\"https:\\\/\\\/schema.org\",\"@graph\":[{\"@type\":\"Article\",\"@id\":\"https:\\\/\\\/woorons.com\\\/2022\\\/07\\\/15\\\/joaquin-prat-la-caricatura-de-sintesis\\\/#article\",\"isPartOf\":{\"@id\":\"https:\\\/\\\/woorons.com\\\/2022\\\/07\\\/15\\\/joaquin-prat-la-caricatura-de-sintesis\\\/\"},\"author\":{\"name\":\"Wo Orons\",\"@id\":\"https:\\\/\\\/woorons.com\\\/#\\\/schema\\\/person\\\/85b4229ce0694a31b5f128dc047161e8\"},\"headline\":\"Joaqu\u00edn Prat y su caricatura de s\u00edntesis\",\"datePublished\":\"2022-07-15T16:30:50+00:00\",\"dateModified\":\"2023-11-26T05:10:39+00:00\",\"mainEntityOfPage\":{\"@id\":\"https:\\\/\\\/woorons.com\\\/2022\\\/07\\\/15\\\/joaquin-prat-la-caricatura-de-sintesis\\\/\"},\"wordCount\":87,\"commentCount\":0,\"publisher\":{\"@id\":\"https:\\\/\\\/woorons.com\\\/#\\\/schema\\\/person\\\/85b4229ce0694a31b5f128dc047161e8\"},\"image\":{\"@id\":\"https:\\\/\\\/woorons.com\\\/2022\\\/07\\\/15\\\/joaquin-prat-la-caricatura-de-sintesis\\\/#primaryimage\"},\"thumbnailUrl\":\"https:\\\/\\\/i0.wp.com\\\/woorons.com\\\/wp-content\\\/uploads\\\/2022\\\/07\\\/caricatura-de-joaquin-prat-por-woorons.jpg?fit=1200%2C675&ssl=1\",\"keywords\":[\"Caricatura de sintesis\",\"Caricaturas de famosos\",\"Caricaturas por encargo\",\"Caricatures\",\"Cartoon\",\"Dibujos\",\"Noticias\",\"Periodismo\",\"Prensa\"],\"articleSection\":[\"Caricaturas por encargo\",\"Ilustraci\u00f3n\"],\"inLanguage\":\"en-GB\",\"potentialAction\":[{\"@type\":\"CommentAction\",\"name\":\"Comment\",\"target\":[\"https:\\\/\\\/woorons.com\\\/2022\\\/07\\\/15\\\/joaquin-prat-la-caricatura-de-sintesis\\\/#respond\"]}]},{\"@type\":\"WebPage\",\"@id\":\"https:\\\/\\\/woorons.com\\\/2022\\\/07\\\/15\\\/joaquin-prat-la-caricatura-de-sintesis\\\/\",\"url\":\"https:\\\/\\\/woorons.com\\\/2022\\\/07\\\/15\\\/joaquin-prat-la-caricatura-de-sintesis\\\/\",\"name\":\"Joaqu\u00edn Prat y su caricatura de s\u00edntesis - WO Orons Art\",\"isPartOf\":{\"@id\":\"https:\\\/\\\/woorons.com\\\/#website\"},\"primaryImageOfPage\":{\"@id\":\"https:\\\/\\\/woorons.com\\\/2022\\\/07\\\/15\\\/joaquin-prat-la-caricatura-de-sintesis\\\/#primaryimage\"},\"image\":{\"@id\":\"https:\\\/\\\/woorons.com\\\/2022\\\/07\\\/15\\\/joaquin-prat-la-caricatura-de-sintesis\\\/#primaryimage\"},\"thumbnailUrl\":\"https:\\\/\\\/i0.wp.com\\\/woorons.com\\\/wp-content\\\/uploads\\\/2022\\\/07\\\/caricatura-de-joaquin-prat-por-woorons.jpg?fit=1200%2C675&ssl=1\",\"datePublished\":\"2022-07-15T16:30:50+00:00\",\"dateModified\":\"2023-11-26T05:10:39+00:00\",\"breadcrumb\":{\"@id\":\"https:\\\/\\\/woorons.com\\\/2022\\\/07\\\/15\\\/joaquin-prat-la-caricatura-de-sintesis\\\/#breadcrumb\"},\"inLanguage\":\"en-GB\",\"potentialAction\":[{\"@type\":\"ReadAction\",\"target\":[\"https:\\\/\\\/woorons.com\\\/2022\\\/07\\\/15\\\/joaquin-prat-la-caricatura-de-sintesis\\\/\"]}]},{\"@type\":\"ImageObject\",\"inLanguage\":\"en-GB\",\"@id\":\"https:\\\/\\\/woorons.com\\\/2022\\\/07\\\/15\\\/joaquin-prat-la-caricatura-de-sintesis\\\/#primaryimage\",\"url\":\"https:\\\/\\\/i0.wp.com\\\/woorons.com\\\/wp-content\\\/uploads\\\/2022\\\/07\\\/caricatura-de-joaquin-prat-por-woorons.jpg?fit=1200%2C675&ssl=1\",\"contentUrl\":\"https:\\\/\\\/i0.wp.com\\\/woorons.com\\\/wp-content\\\/uploads\\\/2022\\\/07\\\/caricatura-de-joaquin-prat-por-woorons.jpg?fit=1200%2C675&ssl=1\",\"width\":1200,\"height\":675,\"caption\":\"Caricatura de Joaqu\u00edn Prat. Dibujo de WO Orons\"},{\"@type\":\"BreadcrumbList\",\"@id\":\"https:\\\/\\\/woorons.com\\\/2022\\\/07\\\/15\\\/joaquin-prat-la-caricatura-de-sintesis\\\/#breadcrumb\",\"itemListElement\":[{\"@type\":\"ListItem\",\"position\":1,\"name\":\"Portada\",\"item\":\"https:\\\/\\\/woorons.com\\\/\"},{\"@type\":\"ListItem\",\"position\":2,\"name\":\"Joaqu\u00edn Prat y su caricatura de s\u00edntesis\"}]},{\"@type\":\"WebSite\",\"@id\":\"https:\\\/\\\/woorons.com\\\/#website\",\"url\":\"https:\\\/\\\/woorons.com\\\/\",\"name\":\"WO Orons Art\",\"description\":\"&quot;Caricaturas, Retratos, Fan Art, Ilustraci\u00f3n&quot;\",\"publisher\":{\"@id\":\"https:\\\/\\\/woorons.com\\\/#\\\/schema\\\/person\\\/85b4229ce0694a31b5f128dc047161e8\"},\"potentialAction\":[{\"@type\":\"SearchAction\",\"target\":{\"@type\":\"EntryPoint\",\"urlTemplate\":\"https:\\\/\\\/woorons.com\\\/?s={search_term_string}\"},\"query-input\":{\"@type\":\"PropertyValueSpecification\",\"valueRequired\":true,\"valueName\":\"search_term_string\"}}],\"inLanguage\":\"en-GB\"},{\"@type\":[\"Person\",\"Organization\"],\"@id\":\"https:\\\/\\\/woorons.com\\\/#\\\/schema\\\/person\\\/85b4229ce0694a31b5f128dc047161e8\",\"name\":\"Wo Orons\",\"image\":{\"@type\":\"ImageObject\",\"inLanguage\":\"en-GB\",\"@id\":\"https:\\\/\\\/i0.wp.com\\\/woorons.com\\\/wp-content\\\/uploads\\\/2025\\\/03\\\/logotipo-woorons.jpg?fit=595%2C516&ssl=1\",\"url\":\"https:\\\/\\\/i0.wp.com\\\/woorons.com\\\/wp-content\\\/uploads\\\/2025\\\/03\\\/logotipo-woorons.jpg?fit=595%2C516&ssl=1\",\"contentUrl\":\"https:\\\/\\\/i0.wp.com\\\/woorons.com\\\/wp-content\\\/uploads\\\/2025\\\/03\\\/logotipo-woorons.jpg?fit=595%2C516&ssl=1\",\"width\":595,\"height\":516,\"caption\":\"Wo Orons\"},\"logo\":{\"@id\":\"https:\\\/\\\/i0.wp.com\\\/woorons.com\\\/wp-content\\\/uploads\\\/2025\\\/03\\\/logotipo-woorons.jpg?fit=595%2C516&ssl=1\"},\"sameAs\":[\"http:\\\/\\\/orons-art.wordpress.com\"],\"url\":\"https:\\\/\\\/woorons.com\\\/en\\\/author\\\/orons\\\/\"}]}<\/script>\n<!-- \/ Yoast SEO plugin. -->","yoast_head_json":{"title":"Joaqu\u00edn Prat y su caricatura de s\u00edntesis - WO Orons Art","robots":{"index":"index","follow":"follow","max-snippet":"max-snippet:-1","max-image-preview":"max-image-preview:large","max-video-preview":"max-video-preview:-1"},"canonical":"https:\/\/woorons.com\/en\/2022\/07\/15\/joaquin-prat-la-caricatura-de-sintesis\/","og_locale":"en_GB","og_type":"article","og_title":"Joaqu\u00edn Prat y su caricatura de s\u00edntesis - WO Orons Art","og_description":"Caricatura de Joaqu\u00edn Prat","og_url":"https:\/\/woorons.com\/en\/2022\/07\/15\/joaquin-prat-la-caricatura-de-sintesis\/","og_site_name":"WO Orons Art","article_published_time":"2022-07-15T16:30:50+00:00","article_modified_time":"2023-11-26T05:10:39+00:00","og_image":[{"width":1200,"height":675,"url":"https:\/\/i0.wp.com\/woorons.com\/wp-content\/uploads\/2022\/07\/caricatura-de-joaquin-prat-por-woorons.jpg?fit=1200%2C675&ssl=1","type":"image\/jpeg"}],"author":"Wo Orons","twitter_card":"summary_large_image","twitter_misc":{"Written by":"Wo Orons"},"schema":{"@context":"https:\/\/schema.org","@graph":[{"@type":"Article","@id":"https:\/\/woorons.com\/2022\/07\/15\/joaquin-prat-la-caricatura-de-sintesis\/#article","isPartOf":{"@id":"https:\/\/woorons.com\/2022\/07\/15\/joaquin-prat-la-caricatura-de-sintesis\/"},"author":{"name":"Wo Orons","@id":"https:\/\/woorons.com\/#\/schema\/person\/85b4229ce0694a31b5f128dc047161e8"},"headline":"Joaqu\u00edn Prat y su caricatura de s\u00edntesis","datePublished":"2022-07-15T16:30:50+00:00","dateModified":"2023-11-26T05:10:39+00:00","mainEntityOfPage":{"@id":"https:\/\/woorons.com\/2022\/07\/15\/joaquin-prat-la-caricatura-de-sintesis\/"},"wordCount":87,"commentCount":0,"publisher":{"@id":"https:\/\/woorons.com\/#\/schema\/person\/85b4229ce0694a31b5f128dc047161e8"},"image":{"@id":"https:\/\/woorons.com\/2022\/07\/15\/joaquin-prat-la-caricatura-de-sintesis\/#primaryimage"},"thumbnailUrl":"https:\/\/i0.wp.com\/woorons.com\/wp-content\/uploads\/2022\/07\/caricatura-de-joaquin-prat-por-woorons.jpg?fit=1200%2C675&ssl=1","keywords":["Caricatura de sintesis","Caricaturas de famosos","Caricaturas por encargo","Caricatures","Cartoon","Dibujos","Noticias","Periodismo","Prensa"],"articleSection":["Caricaturas por encargo","Ilustraci\u00f3n"],"inLanguage":"en-GB","potentialAction":[{"@type":"CommentAction","name":"Comment","target":["https:\/\/woorons.com\/2022\/07\/15\/joaquin-prat-la-caricatura-de-sintesis\/#respond"]}]},{"@type":"WebPage","@id":"https:\/\/woorons.com\/2022\/07\/15\/joaquin-prat-la-caricatura-de-sintesis\/","url":"https:\/\/woorons.com\/2022\/07\/15\/joaquin-prat-la-caricatura-de-sintesis\/","name":"Joaqu\u00edn Prat y su caricatura de s\u00edntesis - WO Orons Art","isPartOf":{"@id":"https:\/\/woorons.com\/#website"},"primaryImageOfPage":{"@id":"https:\/\/woorons.com\/2022\/07\/15\/joaquin-prat-la-caricatura-de-sintesis\/#primaryimage"},"image":{"@id":"https:\/\/woorons.com\/2022\/07\/15\/joaquin-prat-la-caricatura-de-sintesis\/#primaryimage"},"thumbnailUrl":"https:\/\/i0.wp.com\/woorons.com\/wp-content\/uploads\/2022\/07\/caricatura-de-joaquin-prat-por-woorons.jpg?fit=1200%2C675&ssl=1","datePublished":"2022-07-15T16:30:50+00:00","dateModified":"2023-11-26T05:10:39+00:00","breadcrumb":{"@id":"https:\/\/woorons.com\/2022\/07\/15\/joaquin-prat-la-caricatura-de-sintesis\/#breadcrumb"},"inLanguage":"en-GB","potentialAction":[{"@type":"ReadAction","target":["https:\/\/woorons.com\/2022\/07\/15\/joaquin-prat-la-caricatura-de-sintesis\/"]}]},{"@type":"ImageObject","inLanguage":"en-GB","@id":"https:\/\/woorons.com\/2022\/07\/15\/joaquin-prat-la-caricatura-de-sintesis\/#primaryimage","url":"https:\/\/i0.wp.com\/woorons.com\/wp-content\/uploads\/2022\/07\/caricatura-de-joaquin-prat-por-woorons.jpg?fit=1200%2C675&ssl=1","contentUrl":"https:\/\/i0.wp.com\/woorons.com\/wp-content\/uploads\/2022\/07\/caricatura-de-joaquin-prat-por-woorons.jpg?fit=1200%2C675&ssl=1","width":1200,"height":675,"caption":"Caricatura de Joaqu\u00edn Prat. Dibujo de WO Orons"},{"@type":"BreadcrumbList","@id":"https:\/\/woorons.com\/2022\/07\/15\/joaquin-prat-la-caricatura-de-sintesis\/#breadcrumb","itemListElement":[{"@type":"ListItem","position":1,"name":"Portada","item":"https:\/\/woorons.com\/"},{"@type":"ListItem","position":2,"name":"Joaqu\u00edn Prat y su caricatura de s\u00edntesis"}]},{"@type":"WebSite","@id":"https:\/\/woorons.com\/#website","url":"https:\/\/woorons.com\/","name":"WO Orons Art","description":"&quot;Caricaturas, Retratos, Fan Art, Ilustraci\u00f3n&quot;","publisher":{"@id":"https:\/\/woorons.com\/#\/schema\/person\/85b4229ce0694a31b5f128dc047161e8"},"potentialAction":[{"@type":"SearchAction","target":{"@type":"EntryPoint","urlTemplate":"https:\/\/woorons.com\/?s={search_term_string}"},"query-input":{"@type":"PropertyValueSpecification","valueRequired":true,"valueName":"search_term_string"}}],"inLanguage":"en-GB"},{"@type":["Person","Organization"],"@id":"https:\/\/woorons.com\/#\/schema\/person\/85b4229ce0694a31b5f128dc047161e8","name":"Wo Orons","image":{"@type":"ImageObject","inLanguage":"en-GB","@id":"https:\/\/i0.wp.com\/woorons.com\/wp-content\/uploads\/2025\/03\/logotipo-woorons.jpg?fit=595%2C516&ssl=1","url":"https:\/\/i0.wp.com\/woorons.com\/wp-content\/uploads\/2025\/03\/logotipo-woorons.jpg?fit=595%2C516&ssl=1","contentUrl":"https:\/\/i0.wp.com\/woorons.com\/wp-content\/uploads\/2025\/03\/logotipo-woorons.jpg?fit=595%2C516&ssl=1","width":595,"height":516,"caption":"Wo Orons"},"logo":{"@id":"https:\/\/i0.wp.com\/woorons.com\/wp-content\/uploads\/2025\/03\/logotipo-woorons.jpg?fit=595%2C516&ssl=1"},"sameAs":["http:\/\/orons-art.wordpress.com"],"url":"https:\/\/woorons.com\/en\/author\/orons\/"}]}},"jetpack_publicize_connections":[],"jetpack_likes_enabled":true,"jetpack_sharing_enabled":true,"jetpack_shortlink":"https:\/\/wp.me\/p43FXj-11F","jetpack-related-posts":[],"jetpack_featured_media_url":"https:\/\/i0.wp.com\/woorons.com\/wp-content\/uploads\/2022\/07\/caricatura-de-joaquin-prat-por-woorons.jpg?fit=1200%2C675&ssl=1","_links":{"self":[{"href":"https:\/\/woorons.com\/en\/wp-json\/wp\/v2\/posts\/3947","targetHints":{"allow":["GET"]}}],"collection":[{"href":"https:\/\/woorons.com\/en\/wp-json\/wp\/v2\/posts"}],"about":[{"href":"https:\/\/woorons.com\/en\/wp-json\/wp\/v2\/types\/post"}],"author":[{"embeddable":true,"href":"https:\/\/woorons.com\/en\/wp-json\/wp\/v2\/users\/21194217"}],"replies":[{"embeddable":true,"href":"https:\/\/woorons.com\/en\/wp-json\/wp\/v2\/comments?post=3947"}],"version-history":[{"count":12,"href":"https:\/\/woorons.com\/en\/wp-json\/wp\/v2\/posts\/3947\/revisions"}],"predecessor-version":[{"id":5860,"href":"https:\/\/woorons.com\/en\/wp-json\/wp\/v2\/posts\/3947\/revisions\/5860"}],"wp:featuredmedia":[{"embeddable":true,"href":"https:\/\/woorons.com\/en\/wp-json\/wp\/v2\/media\/3953"}],"wp:attachment":[{"href":"https:\/\/woorons.com\/en\/wp-json\/wp\/v2\/media?parent=3947"}],"wp:term":[{"taxonomy":"category","embeddable":true,"href":"https:\/\/woorons.com\/en\/wp-json\/wp\/v2\/categories?post=3947"},{"taxonomy":"post_tag","embeddable":true,"href":"https:\/\/woorons.com\/en\/wp-json\/wp\/v2\/tags?post=3947"}],"curies":[{"name":"wp","href":"https:\/\/api.w.org\/{rel}","templated":true}]}}