{"id":2116,"date":"2021-01-12T13:03:26","date_gmt":"2021-01-12T12:03:26","guid":{"rendered":"https:\/\/woorons.com\/?p=2116"},"modified":"2021-01-16T08:07:09","modified_gmt":"2021-01-16T07:07:09","slug":"jair-bolsonaro-caricatura","status":"publish","type":"post","link":"https:\/\/woorons.com\/en\/2021\/01\/12\/jair-bolsonaro-caricatura\/","title":{"rendered":"Jair Bolsonaro &#8211; caricatura"},"content":{"rendered":"<p class=\"wp-block-paragraph\">El presidente de <strong>Brasil<\/strong>, ya nos tiene acostumbrados a \u00abincendiar\u00bb todo lo que toca, con sus<em> pol\u00e9micas declaraciones, trato a los medios y con su aptitud \u00abchulesca\u00bb, de mat\u00f3n de barrio.<\/em><\/p>\n\n\n\n<p class=\"wp-block-paragraph\">Una de esas caricaturas pol\u00edticas que se hacen muy f\u00e1ciles de hacer, porque el personaje da mucho juego. Es que en las <strong>caricaturas<\/strong> pasa lo mismo que con los <strong>comics<\/strong>. Los de mayor \u00e9xito, no son presisamente por tener a un superheroe muy bueno. Triunfan por tener un malo muy malo. Es decir: Cuanto m\u00e1s malo sea el malo, mayor inter\u00e9s despertar\u00e1 el comic.<\/p>\n\n\n\n<p class=\"wp-block-paragraph\">Con los personajes pol\u00edticos sucede otro tanto. <strong>Cuantas m\u00e1s barbaridades diga o haga el pol\u00edtico de turno<\/strong>, mejor pueden ser las <strong>caricaturas<\/strong> que se saquen de ellos.<\/p>\n\n\n\n<p class=\"wp-block-paragraph\">En este caso, por sus declaraciones.<em> Su negacionismo de la pandemia, su maltrato a la prensa, su homofobia y racismo&#8230;En fin, que no le falta absolutamente de nada.<\/em><\/p>\n\n\n\n<p class=\"wp-block-paragraph\">Esta caricatura fue hecha, con motivo de los incendios que devastaron el <strong>Amazonas en 2019<\/strong>, pero a\u00fan hoy, mantiene lamentablemente, toda su vigencia.<\/p>\n\n\n\n<figure class=\"wp-block-image size-large\"><img data-recalc-dims=\"1\" loading=\"lazy\" decoding=\"async\" width=\"761\" height=\"1076\" data-attachment-id=\"2115\" data-permalink=\"https:\/\/woorons.com\/en\/caricatura-bolsonaro-jair-woorons-orons\/\" data-orig-file=\"https:\/\/i0.wp.com\/woorons.com\/wp-content\/uploads\/2021\/01\/caricatura-bolsonaro-jair-woorons-orons.jpg?fit=761%2C1076&amp;ssl=1\" data-orig-size=\"761,1076\" data-comments-opened=\"1\" data-image-meta=\"{&quot;aperture&quot;:&quot;0&quot;,&quot;credit&quot;:&quot;&quot;,&quot;camera&quot;:&quot;&quot;,&quot;caption&quot;:&quot;&quot;,&quot;created_timestamp&quot;:&quot;0&quot;,&quot;copyright&quot;:&quot;&quot;,&quot;focal_length&quot;:&quot;0&quot;,&quot;iso&quot;:&quot;0&quot;,&quot;shutter_speed&quot;:&quot;0&quot;,&quot;title&quot;:&quot;&quot;,&quot;orientation&quot;:&quot;1&quot;}\" data-image-title=\"Caricatura de Jair Bolsonaro\" data-image-description=\"&lt;p&gt;Caricatura del presidente de Brasil Jair Bolsonaro, Bol\u00edgrafos de colores.&lt;\/p&gt;\" data-image-caption=\"&lt;p&gt;Caricatura de Jair Bolsonaro&lt;\/p&gt;\" data-large-file=\"https:\/\/i0.wp.com\/woorons.com\/wp-content\/uploads\/2021\/01\/caricatura-bolsonaro-jair-woorons-orons.jpg?fit=724%2C1024&amp;ssl=1\" src=\"https:\/\/i0.wp.com\/woorons.com\/wp-content\/uploads\/2021\/01\/caricatura-bolsonaro-jair-woorons-orons.jpg?resize=761%2C1076&#038;ssl=1\" alt=\"Caricatura de Jair Bolsonaro\" class=\"wp-image-2115\" \/><figcaption>Caricatura de Jair Bolsonaro<\/figcaption><\/figure>\n\n\n<div class=\"wp-block-jetpack-rating-star\" style=\"text-align:left\" itemprop=\"reviewRating\" itemscope itemtype=\"http:\/\/schema.org\/Rating\"><p><span aria-hidden=\"true\">\u2b50<\/span><\/p><span style=\"display: none;\" itemprop=\"worstRating\" content=\"0.5\"><span>\n<svg xmlns=\"http:\/\/www.w3.org\/2000\/svg\" width=\"24\" height=\"24\" viewbox=\"0 0 24 24\">\n\t<path class=\"\" fill=\"currentColor\" stroke=\"currentColor\" d=\"M12,17.3l6.2,3.7l-1.6-7L22,9.2l-7.2-0.6L12,2L9.2,8.6L2,9.2L7.5,14l-1.6,7L12,17.3z\" \/>\n<\/svg>\n<\/span>\n<span>\n<svg xmlns=\"http:\/\/www.w3.org\/2000\/svg\" width=\"24\" height=\"24\" viewbox=\"0 0 24 24\">\n\t<path class=\"\" fill=\"currentColor\" stroke=\"currentColor\" d=\"M12,17.3l6.2,3.7l-1.6-7L22,9.2l-7.2-0.6L12,2L9.2,8.6L2,9.2L7.5,14l-1.6,7L12,17.3z\" \/>\n<\/svg>\n<\/span><\/span><span style=\"display: none;\" ><span>\n<svg xmlns=\"http:\/\/www.w3.org\/2000\/svg\" width=\"24\" height=\"24\" viewbox=\"0 0 24 24\">\n\t<path class=\"is-rating-unfilled\" fill=\"currentColor\" stroke=\"currentColor\" d=\"M12,17.3l6.2,3.7l-1.6-7L22,9.2l-7.2-0.6L12,2L9.2,8.6L2,9.2L7.5,14l-1.6,7L12,17.3z\" \/>\n<\/svg>\n<\/span>\n<span>\n<svg xmlns=\"http:\/\/www.w3.org\/2000\/svg\" width=\"24\" height=\"24\" viewbox=\"0 0 24 24\">\n\t<path class=\"is-rating-unfilled\" fill=\"currentColor\" stroke=\"currentColor\" d=\"M12,17.3l6.2,3.7l-1.6-7L22,9.2l-7.2-0.6L12,2L9.2,8.6L2,9.2L7.5,14l-1.6,7L12,17.3z\" \/>\n<\/svg>\n<\/span><\/span><span style=\"display: none;\" ><span>\n<svg xmlns=\"http:\/\/www.w3.org\/2000\/svg\" width=\"24\" height=\"24\" viewbox=\"0 0 24 24\">\n\t<path class=\"is-rating-unfilled\" fill=\"currentColor\" stroke=\"currentColor\" d=\"M12,17.3l6.2,3.7l-1.6-7L22,9.2l-7.2-0.6L12,2L9.2,8.6L2,9.2L7.5,14l-1.6,7L12,17.3z\" \/>\n<\/svg>\n<\/span>\n<span>\n<svg xmlns=\"http:\/\/www.w3.org\/2000\/svg\" width=\"24\" height=\"24\" viewbox=\"0 0 24 24\">\n\t<path class=\"is-rating-unfilled\" fill=\"currentColor\" stroke=\"currentColor\" d=\"M12,17.3l6.2,3.7l-1.6-7L22,9.2l-7.2-0.6L12,2L9.2,8.6L2,9.2L7.5,14l-1.6,7L12,17.3z\" \/>\n<\/svg>\n<\/span><\/span><span style=\"display: none;\" ><span>\n<svg xmlns=\"http:\/\/www.w3.org\/2000\/svg\" width=\"24\" height=\"24\" viewbox=\"0 0 24 24\">\n\t<path class=\"is-rating-unfilled\" fill=\"currentColor\" stroke=\"currentColor\" d=\"M12,17.3l6.2,3.7l-1.6-7L22,9.2l-7.2-0.6L12,2L9.2,8.6L2,9.2L7.5,14l-1.6,7L12,17.3z\" \/>\n<\/svg>\n<\/span>\n<span>\n<svg xmlns=\"http:\/\/www.w3.org\/2000\/svg\" width=\"24\" height=\"24\" viewbox=\"0 0 24 24\">\n\t<path class=\"is-rating-unfilled\" fill=\"currentColor\" stroke=\"currentColor\" d=\"M12,17.3l6.2,3.7l-1.6-7L22,9.2l-7.2-0.6L12,2L9.2,8.6L2,9.2L7.5,14l-1.6,7L12,17.3z\" \/>\n<\/svg>\n<\/span><\/span><span style=\"display: none;\" itemprop=\"bestRating\" content=\"5\"><span>\n<svg xmlns=\"http:\/\/www.w3.org\/2000\/svg\" width=\"24\" height=\"24\" viewbox=\"0 0 24 24\">\n\t<path class=\"is-rating-unfilled\" fill=\"currentColor\" stroke=\"currentColor\" d=\"M12,17.3l6.2,3.7l-1.6-7L22,9.2l-7.2-0.6L12,2L9.2,8.6L2,9.2L7.5,14l-1.6,7L12,17.3z\" \/>\n<\/svg>\n<\/span>\n<span>\n<svg xmlns=\"http:\/\/www.w3.org\/2000\/svg\" width=\"24\" height=\"24\" viewbox=\"0 0 24 24\">\n\t<path class=\"is-rating-unfilled\" fill=\"currentColor\" stroke=\"currentColor\" d=\"M12,17.3l6.2,3.7l-1.6-7L22,9.2l-7.2-0.6L12,2L9.2,8.6L2,9.2L7.5,14l-1.6,7L12,17.3z\" \/>\n<\/svg>\n<\/span><\/span><span itemprop=\"ratingValue\" class=\"screen-reader-text\" content=\"1\">Rating: 1 out of 5.<\/span><\/div>","protected":false},"excerpt":{"rendered":"<p>El presidente de Brasil, ya nos tiene acostumbrados a \u00abincendiar\u00bb todo lo que toca.<\/p>","protected":false},"author":21194217,"featured_media":2114,"comment_status":"open","ping_status":"open","sticky":false,"template":"","format":"standard","meta":{"_coblocks_attr":"","_coblocks_dimensions":"","_coblocks_responsive_height":"","_coblocks_accordion_ie_support":"","_jetpack_newsletter_access":"","_jetpack_dont_email_post_to_subs":false,"_jetpack_newsletter_tier_id":0,"_jetpack_memberships_contains_paywalled_content":false,"_wpcom_ai_launchpad_first_post":false,"_jetpack_feature_clip_id":0,"_jetpack_memberships_contains_paid_content":false,"footnotes":"","jetpack_publicize_message":"","jetpack_publicize_feature_enabled":true,"jetpack_social_post_already_shared":false,"jetpack_social_options":{"image_generator_settings":{"template":"highway","default_image_id":0,"font":"","enabled":false},"version":2},"jetpack_post_was_ever_published":false},"categories":[115775951],"tags":[789851998,789851955,789851921,7559947],"class_list":["post-2116","post","type-post","status-publish","format-standard","has-post-thumbnail","hentry","category-caricaturas-por-encargo","tag-caricaturas-por-encargo","tag-caricature","tag-politica","tag-politicainternacional"],"yoast_head":"<!-- This site is optimized with the Yoast SEO plugin v28.4 - https:\/\/yoast.com\/product\/yoast-seo-wordpress\/ -->\n<title>Jair Bolsonaro - caricatura - WO Orons Art<\/title>\n<meta name=\"robots\" content=\"index, follow, max-snippet:-1, max-image-preview:large, max-video-preview:-1\" \/>\n<link rel=\"canonical\" href=\"https:\/\/woorons.com\/en\/2021\/01\/12\/jair-bolsonaro-caricatura\/\" \/>\n<meta property=\"og:locale\" content=\"en_GB\" \/>\n<meta property=\"og:type\" content=\"article\" \/>\n<meta property=\"og:title\" content=\"Jair Bolsonaro - caricatura - WO Orons Art\" \/>\n<meta property=\"og:description\" content=\"El presidente de Brasil, ya nos tiene acostumbrados a &quot;incendiar&quot; todo lo que toca.\" \/>\n<meta property=\"og:url\" content=\"https:\/\/woorons.com\/en\/2021\/01\/12\/jair-bolsonaro-caricatura\/\" \/>\n<meta property=\"og:site_name\" content=\"WO Orons Art\" \/>\n<meta property=\"article:published_time\" content=\"2021-01-12T12:03:26+00:00\" \/>\n<meta property=\"article:modified_time\" content=\"2021-01-16T07:07:09+00:00\" \/>\n<meta property=\"og:image\" content=\"https:\/\/i0.wp.com\/woorons.com\/wp-content\/uploads\/2021\/01\/bolsonar-caricaturas-politica-politicos-woorons.jpg?fit=1200%2C675&ssl=1\" \/>\n\t<meta property=\"og:image:width\" content=\"1200\" \/>\n\t<meta property=\"og:image:height\" content=\"675\" \/>\n\t<meta property=\"og:image:type\" content=\"image\/jpeg\" \/>\n<meta name=\"author\" content=\"Wo Orons\" \/>\n<meta name=\"twitter:card\" content=\"summary_large_image\" \/>\n<meta name=\"twitter:label1\" content=\"Written by\" \/>\n\t<meta name=\"twitter:data1\" content=\"Wo Orons\" \/>\n\t<meta name=\"twitter:label2\" content=\"Estimated reading time\" \/>\n\t<meta name=\"twitter:data2\" content=\"1 minute\" \/>\n<script type=\"application\/ld+json\" class=\"yoast-schema-graph\">{\"@context\":\"https:\\\/\\\/schema.org\",\"@graph\":[{\"@type\":\"Article\",\"@id\":\"https:\\\/\\\/woorons.com\\\/2021\\\/01\\\/12\\\/jair-bolsonaro-caricatura\\\/#article\",\"isPartOf\":{\"@id\":\"https:\\\/\\\/woorons.com\\\/2021\\\/01\\\/12\\\/jair-bolsonaro-caricatura\\\/\"},\"author\":{\"name\":\"Wo Orons\",\"@id\":\"https:\\\/\\\/woorons.com\\\/#\\\/schema\\\/person\\\/85b4229ce0694a31b5f128dc047161e8\"},\"headline\":\"Jair Bolsonaro &#8211; caricatura\",\"datePublished\":\"2021-01-12T12:03:26+00:00\",\"dateModified\":\"2021-01-16T07:07:09+00:00\",\"mainEntityOfPage\":{\"@id\":\"https:\\\/\\\/woorons.com\\\/2021\\\/01\\\/12\\\/jair-bolsonaro-caricatura\\\/\"},\"wordCount\":191,\"commentCount\":0,\"publisher\":{\"@id\":\"https:\\\/\\\/woorons.com\\\/#\\\/schema\\\/person\\\/85b4229ce0694a31b5f128dc047161e8\"},\"image\":{\"@id\":\"https:\\\/\\\/woorons.com\\\/2021\\\/01\\\/12\\\/jair-bolsonaro-caricatura\\\/#primaryimage\"},\"thumbnailUrl\":\"https:\\\/\\\/i0.wp.com\\\/woorons.com\\\/wp-content\\\/uploads\\\/2021\\\/01\\\/bolsonar-caricaturas-politica-politicos-woorons.jpg?fit=1200%2C675&ssl=1\",\"keywords\":[\"Caricaturas por encargo\",\"Caricature\",\"Politica\",\"PoliticaInternacional\"],\"articleSection\":[\"Caricaturas por encargo\"],\"inLanguage\":\"en-GB\",\"potentialAction\":[{\"@type\":\"CommentAction\",\"name\":\"Comment\",\"target\":[\"https:\\\/\\\/woorons.com\\\/2021\\\/01\\\/12\\\/jair-bolsonaro-caricatura\\\/#respond\"]}]},{\"@type\":\"WebPage\",\"@id\":\"https:\\\/\\\/woorons.com\\\/2021\\\/01\\\/12\\\/jair-bolsonaro-caricatura\\\/\",\"url\":\"https:\\\/\\\/woorons.com\\\/2021\\\/01\\\/12\\\/jair-bolsonaro-caricatura\\\/\",\"name\":\"Jair Bolsonaro - caricatura - WO Orons Art\",\"isPartOf\":{\"@id\":\"https:\\\/\\\/woorons.com\\\/#website\"},\"primaryImageOfPage\":{\"@id\":\"https:\\\/\\\/woorons.com\\\/2021\\\/01\\\/12\\\/jair-bolsonaro-caricatura\\\/#primaryimage\"},\"image\":{\"@id\":\"https:\\\/\\\/woorons.com\\\/2021\\\/01\\\/12\\\/jair-bolsonaro-caricatura\\\/#primaryimage\"},\"thumbnailUrl\":\"https:\\\/\\\/i0.wp.com\\\/woorons.com\\\/wp-content\\\/uploads\\\/2021\\\/01\\\/bolsonar-caricaturas-politica-politicos-woorons.jpg?fit=1200%2C675&ssl=1\",\"datePublished\":\"2021-01-12T12:03:26+00:00\",\"dateModified\":\"2021-01-16T07:07:09+00:00\",\"breadcrumb\":{\"@id\":\"https:\\\/\\\/woorons.com\\\/2021\\\/01\\\/12\\\/jair-bolsonaro-caricatura\\\/#breadcrumb\"},\"inLanguage\":\"en-GB\",\"potentialAction\":[{\"@type\":\"ReadAction\",\"target\":[\"https:\\\/\\\/woorons.com\\\/2021\\\/01\\\/12\\\/jair-bolsonaro-caricatura\\\/\"]}]},{\"@type\":\"ImageObject\",\"inLanguage\":\"en-GB\",\"@id\":\"https:\\\/\\\/woorons.com\\\/2021\\\/01\\\/12\\\/jair-bolsonaro-caricatura\\\/#primaryimage\",\"url\":\"https:\\\/\\\/i0.wp.com\\\/woorons.com\\\/wp-content\\\/uploads\\\/2021\\\/01\\\/bolsonar-caricaturas-politica-politicos-woorons.jpg?fit=1200%2C675&ssl=1\",\"contentUrl\":\"https:\\\/\\\/i0.wp.com\\\/woorons.com\\\/wp-content\\\/uploads\\\/2021\\\/01\\\/bolsonar-caricaturas-politica-politicos-woorons.jpg?fit=1200%2C675&ssl=1\",\"width\":1200,\"height\":675,\"caption\":\"Caricatura de Jair Bolsonaro\"},{\"@type\":\"BreadcrumbList\",\"@id\":\"https:\\\/\\\/woorons.com\\\/2021\\\/01\\\/12\\\/jair-bolsonaro-caricatura\\\/#breadcrumb\",\"itemListElement\":[{\"@type\":\"ListItem\",\"position\":1,\"name\":\"Portada\",\"item\":\"https:\\\/\\\/woorons.com\\\/\"},{\"@type\":\"ListItem\",\"position\":2,\"name\":\"Jair Bolsonaro &#8211; caricatura\"}]},{\"@type\":\"WebSite\",\"@id\":\"https:\\\/\\\/woorons.com\\\/#website\",\"url\":\"https:\\\/\\\/woorons.com\\\/\",\"name\":\"WO Orons Art\",\"description\":\"&quot;Caricaturas, Retratos, Fan Art, Ilustraci\u00f3n&quot;\",\"publisher\":{\"@id\":\"https:\\\/\\\/woorons.com\\\/#\\\/schema\\\/person\\\/85b4229ce0694a31b5f128dc047161e8\"},\"potentialAction\":[{\"@type\":\"SearchAction\",\"target\":{\"@type\":\"EntryPoint\",\"urlTemplate\":\"https:\\\/\\\/woorons.com\\\/?s={search_term_string}\"},\"query-input\":{\"@type\":\"PropertyValueSpecification\",\"valueRequired\":true,\"valueName\":\"search_term_string\"}}],\"inLanguage\":\"en-GB\"},{\"@type\":[\"Person\",\"Organization\"],\"@id\":\"https:\\\/\\\/woorons.com\\\/#\\\/schema\\\/person\\\/85b4229ce0694a31b5f128dc047161e8\",\"name\":\"Wo Orons\",\"image\":{\"@type\":\"ImageObject\",\"inLanguage\":\"en-GB\",\"@id\":\"https:\\\/\\\/i0.wp.com\\\/woorons.com\\\/wp-content\\\/uploads\\\/2025\\\/03\\\/logotipo-woorons.jpg?fit=595%2C516&ssl=1\",\"url\":\"https:\\\/\\\/i0.wp.com\\\/woorons.com\\\/wp-content\\\/uploads\\\/2025\\\/03\\\/logotipo-woorons.jpg?fit=595%2C516&ssl=1\",\"contentUrl\":\"https:\\\/\\\/i0.wp.com\\\/woorons.com\\\/wp-content\\\/uploads\\\/2025\\\/03\\\/logotipo-woorons.jpg?fit=595%2C516&ssl=1\",\"width\":595,\"height\":516,\"caption\":\"Wo Orons\"},\"logo\":{\"@id\":\"https:\\\/\\\/i0.wp.com\\\/woorons.com\\\/wp-content\\\/uploads\\\/2025\\\/03\\\/logotipo-woorons.jpg?fit=595%2C516&ssl=1\"},\"sameAs\":[\"http:\\\/\\\/orons-art.wordpress.com\"],\"url\":\"https:\\\/\\\/woorons.com\\\/en\\\/author\\\/orons\\\/\"}]}<\/script>\n<!-- \/ Yoast SEO plugin. -->","yoast_head_json":{"title":"Jair Bolsonaro - caricatura - WO Orons Art","robots":{"index":"index","follow":"follow","max-snippet":"max-snippet:-1","max-image-preview":"max-image-preview:large","max-video-preview":"max-video-preview:-1"},"canonical":"https:\/\/woorons.com\/en\/2021\/01\/12\/jair-bolsonaro-caricatura\/","og_locale":"en_GB","og_type":"article","og_title":"Jair Bolsonaro - caricatura - WO Orons Art","og_description":"El presidente de Brasil, ya nos tiene acostumbrados a \"incendiar\" todo lo que toca.","og_url":"https:\/\/woorons.com\/en\/2021\/01\/12\/jair-bolsonaro-caricatura\/","og_site_name":"WO Orons Art","article_published_time":"2021-01-12T12:03:26+00:00","article_modified_time":"2021-01-16T07:07:09+00:00","og_image":[{"width":1200,"height":675,"url":"https:\/\/i0.wp.com\/woorons.com\/wp-content\/uploads\/2021\/01\/bolsonar-caricaturas-politica-politicos-woorons.jpg?fit=1200%2C675&ssl=1","type":"image\/jpeg"}],"author":"Wo Orons","twitter_card":"summary_large_image","twitter_misc":{"Written by":"Wo Orons","Estimated reading time":"1 minute"},"schema":{"@context":"https:\/\/schema.org","@graph":[{"@type":"Article","@id":"https:\/\/woorons.com\/2021\/01\/12\/jair-bolsonaro-caricatura\/#article","isPartOf":{"@id":"https:\/\/woorons.com\/2021\/01\/12\/jair-bolsonaro-caricatura\/"},"author":{"name":"Wo Orons","@id":"https:\/\/woorons.com\/#\/schema\/person\/85b4229ce0694a31b5f128dc047161e8"},"headline":"Jair Bolsonaro &#8211; caricatura","datePublished":"2021-01-12T12:03:26+00:00","dateModified":"2021-01-16T07:07:09+00:00","mainEntityOfPage":{"@id":"https:\/\/woorons.com\/2021\/01\/12\/jair-bolsonaro-caricatura\/"},"wordCount":191,"commentCount":0,"publisher":{"@id":"https:\/\/woorons.com\/#\/schema\/person\/85b4229ce0694a31b5f128dc047161e8"},"image":{"@id":"https:\/\/woorons.com\/2021\/01\/12\/jair-bolsonaro-caricatura\/#primaryimage"},"thumbnailUrl":"https:\/\/i0.wp.com\/woorons.com\/wp-content\/uploads\/2021\/01\/bolsonar-caricaturas-politica-politicos-woorons.jpg?fit=1200%2C675&ssl=1","keywords":["Caricaturas por encargo","Caricature","Politica","PoliticaInternacional"],"articleSection":["Caricaturas por encargo"],"inLanguage":"en-GB","potentialAction":[{"@type":"CommentAction","name":"Comment","target":["https:\/\/woorons.com\/2021\/01\/12\/jair-bolsonaro-caricatura\/#respond"]}]},{"@type":"WebPage","@id":"https:\/\/woorons.com\/2021\/01\/12\/jair-bolsonaro-caricatura\/","url":"https:\/\/woorons.com\/2021\/01\/12\/jair-bolsonaro-caricatura\/","name":"Jair Bolsonaro - caricatura - WO Orons Art","isPartOf":{"@id":"https:\/\/woorons.com\/#website"},"primaryImageOfPage":{"@id":"https:\/\/woorons.com\/2021\/01\/12\/jair-bolsonaro-caricatura\/#primaryimage"},"image":{"@id":"https:\/\/woorons.com\/2021\/01\/12\/jair-bolsonaro-caricatura\/#primaryimage"},"thumbnailUrl":"https:\/\/i0.wp.com\/woorons.com\/wp-content\/uploads\/2021\/01\/bolsonar-caricaturas-politica-politicos-woorons.jpg?fit=1200%2C675&ssl=1","datePublished":"2021-01-12T12:03:26+00:00","dateModified":"2021-01-16T07:07:09+00:00","breadcrumb":{"@id":"https:\/\/woorons.com\/2021\/01\/12\/jair-bolsonaro-caricatura\/#breadcrumb"},"inLanguage":"en-GB","potentialAction":[{"@type":"ReadAction","target":["https:\/\/woorons.com\/2021\/01\/12\/jair-bolsonaro-caricatura\/"]}]},{"@type":"ImageObject","inLanguage":"en-GB","@id":"https:\/\/woorons.com\/2021\/01\/12\/jair-bolsonaro-caricatura\/#primaryimage","url":"https:\/\/i0.wp.com\/woorons.com\/wp-content\/uploads\/2021\/01\/bolsonar-caricaturas-politica-politicos-woorons.jpg?fit=1200%2C675&ssl=1","contentUrl":"https:\/\/i0.wp.com\/woorons.com\/wp-content\/uploads\/2021\/01\/bolsonar-caricaturas-politica-politicos-woorons.jpg?fit=1200%2C675&ssl=1","width":1200,"height":675,"caption":"Caricatura de Jair Bolsonaro"},{"@type":"BreadcrumbList","@id":"https:\/\/woorons.com\/2021\/01\/12\/jair-bolsonaro-caricatura\/#breadcrumb","itemListElement":[{"@type":"ListItem","position":1,"name":"Portada","item":"https:\/\/woorons.com\/"},{"@type":"ListItem","position":2,"name":"Jair Bolsonaro &#8211; caricatura"}]},{"@type":"WebSite","@id":"https:\/\/woorons.com\/#website","url":"https:\/\/woorons.com\/","name":"WO Orons Art","description":"&quot;Caricaturas, Retratos, Fan Art, Ilustraci\u00f3n&quot;","publisher":{"@id":"https:\/\/woorons.com\/#\/schema\/person\/85b4229ce0694a31b5f128dc047161e8"},"potentialAction":[{"@type":"SearchAction","target":{"@type":"EntryPoint","urlTemplate":"https:\/\/woorons.com\/?s={search_term_string}"},"query-input":{"@type":"PropertyValueSpecification","valueRequired":true,"valueName":"search_term_string"}}],"inLanguage":"en-GB"},{"@type":["Person","Organization"],"@id":"https:\/\/woorons.com\/#\/schema\/person\/85b4229ce0694a31b5f128dc047161e8","name":"Wo Orons","image":{"@type":"ImageObject","inLanguage":"en-GB","@id":"https:\/\/i0.wp.com\/woorons.com\/wp-content\/uploads\/2025\/03\/logotipo-woorons.jpg?fit=595%2C516&ssl=1","url":"https:\/\/i0.wp.com\/woorons.com\/wp-content\/uploads\/2025\/03\/logotipo-woorons.jpg?fit=595%2C516&ssl=1","contentUrl":"https:\/\/i0.wp.com\/woorons.com\/wp-content\/uploads\/2025\/03\/logotipo-woorons.jpg?fit=595%2C516&ssl=1","width":595,"height":516,"caption":"Wo Orons"},"logo":{"@id":"https:\/\/i0.wp.com\/woorons.com\/wp-content\/uploads\/2025\/03\/logotipo-woorons.jpg?fit=595%2C516&ssl=1"},"sameAs":["http:\/\/orons-art.wordpress.com"],"url":"https:\/\/woorons.com\/en\/author\/orons\/"}]}},"jetpack_publicize_connections":[],"jetpack_likes_enabled":true,"jetpack_sharing_enabled":true,"jetpack_shortlink":"https:\/\/wp.me\/p43FXj-y8","jetpack-related-posts":[],"jetpack_featured_media_url":"https:\/\/i0.wp.com\/woorons.com\/wp-content\/uploads\/2021\/01\/bolsonar-caricaturas-politica-politicos-woorons.jpg?fit=1200%2C675&ssl=1","_links":{"self":[{"href":"https:\/\/woorons.com\/en\/wp-json\/wp\/v2\/posts\/2116","targetHints":{"allow":["GET"]}}],"collection":[{"href":"https:\/\/woorons.com\/en\/wp-json\/wp\/v2\/posts"}],"about":[{"href":"https:\/\/woorons.com\/en\/wp-json\/wp\/v2\/types\/post"}],"author":[{"embeddable":true,"href":"https:\/\/woorons.com\/en\/wp-json\/wp\/v2\/users\/21194217"}],"replies":[{"embeddable":true,"href":"https:\/\/woorons.com\/en\/wp-json\/wp\/v2\/comments?post=2116"}],"version-history":[{"count":7,"href":"https:\/\/woorons.com\/en\/wp-json\/wp\/v2\/posts\/2116\/revisions"}],"predecessor-version":[{"id":2154,"href":"https:\/\/woorons.com\/en\/wp-json\/wp\/v2\/posts\/2116\/revisions\/2154"}],"wp:featuredmedia":[{"embeddable":true,"href":"https:\/\/woorons.com\/en\/wp-json\/wp\/v2\/media\/2114"}],"wp:attachment":[{"href":"https:\/\/woorons.com\/en\/wp-json\/wp\/v2\/media?parent=2116"}],"wp:term":[{"taxonomy":"category","embeddable":true,"href":"https:\/\/woorons.com\/en\/wp-json\/wp\/v2\/categories?post=2116"},{"taxonomy":"post_tag","embeddable":true,"href":"https:\/\/woorons.com\/en\/wp-json\/wp\/v2\/tags?post=2116"}],"curies":[{"name":"wp","href":"https:\/\/api.w.org\/{rel}","templated":true}]}}