{"id":8647,"date":"2025-09-06T20:52:29","date_gmt":"2025-09-06T18:52:29","guid":{"rendered":"https:\/\/woorons.com\/?p=8647"},"modified":"2025-09-07T11:21:22","modified_gmt":"2025-09-07T09:21:22","slug":"quien-fue-la-joven-de-la-perla","status":"publish","type":"post","link":"https:\/\/woorons.com\/de\/2025\/09\/06\/quien-fue-la-joven-de-la-perla\/","title":{"rendered":"\u00bfQui\u00e9n fue La Joven de la Perla?"},"content":{"rendered":"<figure class=\"wp-block-audio\"><audio controls src=\"https:\/\/woorons.com\/wp-content\/uploads\/2025\/02\/aria-sulla-quarta-corda-bach.mp3\" autoplay><\/audio><\/figure>\n\n\n\n<h2 class=\"wp-block-heading\">Johannes Vermeer &#8211;  1632 &#8211; 1675)<\/h2>\n\n\n\n<p class=\"has-text-align-justify wp-block-paragraph\">Cada obra de <em>Johannes Vermeer<\/em>, es un placer a la vista. En ella se ve y se percibe la sensibilidad, la delicadeza, y un manejo de la luz maravilloso, atrayente, magistral, que nos deja embelesados, asombrados y que nos sumerge en la escena, que nos hace vivirla y que nos conmueve, sencillamente nos enamora.<\/p>\n\n\n\n<p class=\"has-text-align-justify wp-block-paragraph\">Su gran maestr\u00eda, su despliegue t\u00e9cnico, lo hace, de entre todos los pintores de a historia, incomparable. <\/p>\n\n\n\n<p class=\"has-text-align-justify wp-block-paragraph\">Vermeer es perfecto y cada uno de sus cuadros se considera una gran obra de arte, y lo es.<\/p>\n\n\n\n<p class=\"has-text-align-justify wp-block-paragraph\">Uno de ellos, en especial, es el mundialmente conocido como: <em>\u00abLa joven de la perla\u00bb<\/em><\/p>\n\n\n\n<p class=\"wp-block-paragraph\">Una enigm\u00e1tica joven que nos observa desde la oscuridad de un lienzo.<\/p>\n\n\n\n<p class=\"has-text-align-justify wp-block-paragraph\">A\u00fan hoy se especula y se discute, qui\u00e9n era esa joven, de mirada tan dulce a la vez que potente, de rostro que para algunos resulta inquietante, y para otros, angelical y que transmite una inmensa sensaci\u00f3n de paz, a la vez que incomparable, por la dulzura e inocencia de su gesto.<\/p>\n\n\n\n<div style=\"height:20px\" aria-hidden=\"true\" class=\"wp-block-spacer\"><\/div>\n\n\n\n<div class=\"wp-block-media-text is-stacked-on-mobile\" style=\"grid-template-columns:36% auto\"><figure class=\"wp-block-media-text__media\"><img data-recalc-dims=\"1\" loading=\"lazy\" decoding=\"async\" width=\"768\" height=\"1099\" data-attachment-id=\"12777\" data-permalink=\"https:\/\/woorons.com\/de\/2025\/09\/06\/quien-fue-la-joven-de-la-perla\/vermeer-la-joven-de-la-perla\/\" data-orig-file=\"https:\/\/i0.wp.com\/woorons.com\/wp-content\/uploads\/2025\/02\/vermeer-la-joven-de-la-perla.jpg?fit=768%2C1099&amp;ssl=1\" data-orig-size=\"768,1099\" data-comments-opened=\"1\" data-image-meta=\"{&quot;aperture&quot;:&quot;0&quot;,&quot;credit&quot;:&quot;&quot;,&quot;camera&quot;:&quot;&quot;,&quot;caption&quot;:&quot;&quot;,&quot;created_timestamp&quot;:&quot;0&quot;,&quot;copyright&quot;:&quot;&quot;,&quot;focal_length&quot;:&quot;0&quot;,&quot;iso&quot;:&quot;0&quot;,&quot;shutter_speed&quot;:&quot;0&quot;,&quot;title&quot;:&quot;&quot;,&quot;orientation&quot;:&quot;1&quot;}\" data-image-title=\"vermeer-la-joven-de-la-perla\" data-image-description=\"&lt;p&gt;\u00abCuadro de Johannes Vermeer: La joven de la perla\u00bb&lt;\/p&gt;\" data-image-caption=\"&lt;p&gt; Johannes Vermeer: La joven de la perla&lt;\/p&gt;\" data-large-file=\"https:\/\/i0.wp.com\/woorons.com\/wp-content\/uploads\/2025\/02\/vermeer-la-joven-de-la-perla.jpg?fit=716%2C1024&amp;ssl=1\" src=\"https:\/\/i0.wp.com\/woorons.com\/wp-content\/uploads\/2025\/02\/vermeer-la-joven-de-la-perla.jpg?resize=768%2C1099&#038;ssl=1\" alt=\"&quot;Cuadro de Johannes Vermeer: La joven de la perla&quot;\" class=\"wp-image-12777 size-full\" \/><\/figure><div class=\"wp-block-media-text__content\">\n<p class=\"has-xxx-large-font-size wp-block-paragraph\">El misterio de La Joven de la Perla.<\/p>\n<\/div><\/div>\n\n\n\n<div style=\"height:20px\" aria-hidden=\"true\" class=\"wp-block-spacer\"><\/div>\n\n\n\n<p class=\"has-text-align-justify wp-block-paragraph\"><strong>T\u00edtulo original:<\/strong>&nbsp;<em>Meisje met de parel<\/em>&nbsp;(Muchacha con perla).<\/p>\n\n\n\n<p class=\"has-text-align-justify wp-block-paragraph\"><strong>Fecha:<\/strong>&nbsp;Aproximadamente&nbsp;<strong>1665<\/strong>.<\/p>\n\n\n\n<p class=\"has-text-align-justify wp-block-paragraph\"><strong>T\u00e9cnica:<\/strong>&nbsp;\u00d3leo sobre lienzo.<\/p>\n\n\n\n<p class=\"has-text-align-justify wp-block-paragraph\"><strong>Tama\u00f1o:<\/strong>&nbsp;Es bastante peque\u00f1o, mide solo 44,5 x 39 cm.<\/p>\n\n\n\n<p class=\"has-text-align-justify wp-block-paragraph\"><strong>D\u00f3nde est\u00e1:<\/strong>&nbsp;Actualmente, se exhibe en el&nbsp;<strong>Mauritshuis<\/strong>&nbsp;de La Haya, Pa\u00edses Bajos.<\/p>\n\n\n\n<div style=\"height:20px\" aria-hidden=\"true\" class=\"wp-block-spacer\"><\/div>\n\n\n\n<h2 class=\"wp-block-heading has-text-align-center\">La joven inmortalizada es un misterio.<\/h2>\n\n\n\n<p class=\"has-text-align-justify wp-block-paragraph\">Representa una de las inc\u00f3gnitas, m\u00e1s importantes, de la historia del arte.<\/p>\n\n\n\n<p class=\"has-text-align-justify wp-block-paragraph\">Hay varias teor\u00edas, muchas especulaciones pero nada comprobado<\/p>\n\n\n\n<p class=\"has-text-align-justify wp-block-paragraph\">&nbsp;<strong>La joven de la perla<\/strong>&nbsp;es, sin duda, una de las figuras m\u00e1s enigm\u00e1ticas, m\u00e1s fant\u00e1sticas y famosas, de la historia del arte, pero su identidad&nbsp;<strong>es un misterio que nunca ha sido resuelto<\/strong>.<\/p>\n\n\n\n<div style=\"height:50px\" aria-hidden=\"true\" class=\"wp-block-spacer\"><\/div>\n\n\n\n<p class=\"has-text-align-justify has-large-font-size wp-block-paragraph\">\u00bfQui\u00e9n era ella? Las teor\u00edas principales:<\/p>\n\n\n\n<div style=\"height:50px\" aria-hidden=\"true\" class=\"wp-block-spacer\"><\/div>\n\n\n\n<p class=\"has-text-align-justify wp-block-paragraph\">Dado que no hay documentos que confirmen su identidad (como encargos o registros de modelos de la \u00e9poca), los expertos manejan varias hip\u00f3tesis:<\/p>\n\n\n\n<div style=\"height:20px\" aria-hidden=\"true\" class=\"wp-block-spacer\"><\/div>\n\n\n\n<p class=\"has-text-align-justify wp-block-paragraph\">1 &#8211; <strong>Una modelo an\u00f3nima:<\/strong>&nbsp;La teor\u00eda m\u00e1s aceptada es que no se trata del retrato de una persona concreta, sino de un&nbsp;<strong>\u00abtronie\u00bb<\/strong>&nbsp;(palabra holandesa para designar una \u00abcabeza\u00bb o un \u00abrostro\u00bb). <\/p>\n\n\n\n<p class=\"has-text-align-justify wp-block-paragraph\">Los \u00abtronies\u00bb eran estudios de car\u00e1cter que los pintores realizaban para demostrar su habilidad para capturar expresiones, rasgos ex\u00f3ticos o juegos de luz y sombra. <\/p>\n\n\n\n<p class=\"has-text-align-justify wp-block-paragraph\">Se vend\u00edan como obras de arte por s\u00ed mismas, pero no eran retratos conmemorativos de un cliente.<\/p>\n\n\n\n<div style=\"height:20px\" aria-hidden=\"true\" class=\"wp-block-spacer\"><\/div>\n\n\n\n<p class=\"has-text-align-justify wp-block-paragraph\">2 &#8211; <strong>Maria, la hija de Vermeer:<\/strong>\u00a0Vermeer tuvo 15 hijos, y su hija mayor,\u00a0<strong>Maria<\/strong>, habr\u00eda tenido la edad adecuada (unos 16-17 a\u00f1os) alrededor de 1665, fecha en la que se cree que se pint\u00f3 la obra. Es plausible que usara a su propia hija como modelo, como hicieron muchos otros pintores.<\/p>\n\n\n\n<div style=\"height:20px\" aria-hidden=\"true\" class=\"wp-block-spacer\"><\/div>\n\n\n\n<p class=\"has-text-align-justify wp-block-paragraph\">3 &#8211; <strong>La hija de su mecenas, Pieter van Ruijven:<\/strong>&nbsp;Este hombre era el principal patrocinador de Vermeer y pose\u00eda muchas de sus obras.<\/p>\n\n\n\n<p class=\"has-text-align-justify wp-block-paragraph\"> Es posible que la joven fuera su hija, <em>Magdalena<\/em>, pero no hay pruebas que lo corroboren.<\/p>\n\n\n\n<div style=\"height:20px\" aria-hidden=\"true\" class=\"wp-block-spacer\"><\/div>\n\n\n\n<p class=\"has-text-align-justify wp-block-paragraph\">4 &#8211; <strong>La criada:<\/strong>&nbsp;La novela&nbsp;\u00ab<em>La joven de la perla<\/em>\u00bb&nbsp;de Tracy Chevalier (y la posterior pel\u00edcula) populariz\u00f3 la rom\u00e1ntica idea de que la modelo era&nbsp;<strong>Griet<\/strong>, una sirvienta de la casa de Vermeer. <\/p>\n\n\n\n<p class=\"has-text-align-justify wp-block-paragraph\">Si bien es una teor\u00eda fascinante, es puramente ficticia y no est\u00e1 respaldada por ninguna evidencia hist\u00f3rica.<\/p>\n\n\n\n<h2 class=\"wp-block-heading has-text-align-center\">\u00bfPor qu\u00e9 es tan famosa y especial esta pintura?<\/h2>\n\n\n\n<div style=\"height:20px\" aria-hidden=\"true\" class=\"wp-block-spacer\"><\/div>\n\n\n\n<figure class=\"wp-block-image size-large\"><img data-recalc-dims=\"1\" loading=\"lazy\" decoding=\"async\" width=\"2287\" height=\"718\" data-attachment-id=\"12857\" data-permalink=\"https:\/\/woorons.com\/de\/2025\/09\/06\/quien-fue-la-joven-de-la-perla\/la-joven-de-la-perla-johannes-vermeer-woorons-oronsart-1\/\" data-orig-file=\"https:\/\/i0.wp.com\/woorons.com\/wp-content\/uploads\/2025\/09\/la-joven-de-la-perla-johannes-vermeer-woorons-oronsart-1.jpg?fit=2287%2C718&amp;ssl=1\" data-orig-size=\"2287,718\" data-comments-opened=\"1\" data-image-meta=\"{&quot;aperture&quot;:&quot;0&quot;,&quot;credit&quot;:&quot;&quot;,&quot;camera&quot;:&quot;&quot;,&quot;caption&quot;:&quot;&quot;,&quot;created_timestamp&quot;:&quot;0&quot;,&quot;copyright&quot;:&quot;&quot;,&quot;focal_length&quot;:&quot;0&quot;,&quot;iso&quot;:&quot;0&quot;,&quot;shutter_speed&quot;:&quot;0&quot;,&quot;title&quot;:&quot;&quot;,&quot;orientation&quot;:&quot;0&quot;}\" data-image-title=\"la-joven-de-la-perla-johannes-vermeer-woorons-oronsart-1\" data-image-description=\"&lt;p&gt;\u00abFragmento del cuadro La joven de la perla, de Johannes Vermeer\u00bb&lt;\/p&gt;\" data-image-caption=\"\" data-large-file=\"https:\/\/i0.wp.com\/woorons.com\/wp-content\/uploads\/2025\/09\/la-joven-de-la-perla-johannes-vermeer-woorons-oronsart-1.jpg?fit=1024%2C321&amp;ssl=1\" src=\"https:\/\/i0.wp.com\/woorons.com\/wp-content\/uploads\/2025\/09\/la-joven-de-la-perla-johannes-vermeer-woorons-oronsart-1.jpg?resize=2287%2C718&#038;ssl=1\" alt=\"&quot;Fragmento del cuadro La joven de la perla, de Johannes Vermeer&quot;\" class=\"wp-image-12857\" \/><\/figure>\n\n\n\n<div style=\"height:50px\" aria-hidden=\"true\" class=\"wp-block-spacer\"><\/div>\n\n\n\n<p class=\"has-text-align-justify wp-block-paragraph\"><strong>La mirada:<\/strong>&nbsp;Su mirada es intensa y directa, casi sobrecogedora. Parece girarse hacia el espectador en un momento \u00edntimo y fugaz, creando una conexi\u00f3n inmediata.<\/p>\n\n\n\n<div style=\"height:20px\" aria-hidden=\"true\" class=\"wp-block-spacer\"><\/div>\n\n\n\n<p class=\"has-text-align-justify wp-block-paragraph\"><strong>La luz:<\/strong>&nbsp;Vermeer es el maestro de la luz. La iluminaci\u00f3n suave que acaricia su rostro, resalta los labios h\u00famedos y crea destellos en la perla, es simplemente sublime.<\/p>\n\n\n\n<div style=\"height:20px\" aria-hidden=\"true\" class=\"wp-block-spacer\"><\/div>\n\n\n\n<p class=\"has-text-align-justify wp-block-paragraph\"><strong>Los colores:<\/strong>&nbsp;La combinaci\u00f3n de los turbantes azul y amarillo sobre el fondo oscuro y neutro hace que su figura destaque con una fuerza incre\u00edble.<\/p>\n\n\n\n<div style=\"height:20px\" aria-hidden=\"true\" class=\"wp-block-spacer\"><\/div>\n\n\n\n<p class=\"has-text-align-justify wp-block-paragraph\"><strong>La perla:<\/strong>&nbsp;No es una perla real. Es demasiado grande y su reflejo no es f\u00edsicamente preciso. Es m\u00e1s bien una&nbsp;<strong>ilusi\u00f3n \u00f3ptica<\/strong>&nbsp;magistralmente lograda con solo unas pinceladas de pintura blanca. Es el punto focal que atrae inmediatamente la mirada.<\/p>\n\n\n\n<div style=\"height:20px\" aria-hidden=\"true\" class=\"wp-block-spacer\"><\/div>\n\n\n\n<p class=\"has-text-align-justify wp-block-paragraph\"><strong>La sensualidad inocente:<\/strong>&nbsp;La boca entreabierta (un detalle muy inusual para la \u00e9poca) y la perla (s\u00edmbolo de pureza, pero tambi\u00e9n de vanidad y riqueza) crean una ambig\u00fcedad entre la inocencia y una velada sensualidad que la hace tremendamente intrigante.<\/p>\n\n\n\n<div style=\"height:20px\" aria-hidden=\"true\" class=\"wp-block-spacer\"><\/div>\n\n\n\n<p class=\"has-text-align-justify wp-block-paragraph\">&nbsp;<strong>La joven de la perla no tiene nombre<\/strong>. Su identidad se perdi\u00f3 en la historia, pero su poderosa presencia, capturada por el genio de Vermeer, la ha convertido en un icono eterno, en la \u00abMona Lisa del Norte\u00bb que nos mira desde el pasado con un secreto que nunca revelar\u00e1.<\/p>\n\n\n\n<div style=\"height:20px\" aria-hidden=\"true\" class=\"wp-block-spacer\"><\/div>\n\n\n\n<p class=\"has-text-align-justify wp-block-paragraph\">En la parte que me toca, puedo decir que ser\u00e9 un eterno enamorado de esta fant\u00e1stica obra de una ejecuci\u00f3n t\u00e9cnica, perfecta.  y de esta joven, que por momentos parece que algo me vaya a decir, pero que su indecisi\u00f3n y timidez, no se lo permite.<\/p>\n\n\n\n<div style=\"height:20px\" aria-hidden=\"true\" class=\"wp-block-spacer\"><\/div>\n\n\n\n<h2 class=\"wp-block-heading has-text-align-center has-x-large-font-size\">Vermeer y la \u00abC\u00e1mara oscura\u00bb<\/h2>\n\n\n\n<div style=\"height:20px\" aria-hidden=\"true\" class=\"wp-block-spacer\"><\/div>\n\n\n\n<figure class=\"wp-block-image aligncenter size-large\"><img data-recalc-dims=\"1\" loading=\"lazy\" decoding=\"async\" width=\"1208\" height=\"720\" data-attachment-id=\"12861\" data-permalink=\"https:\/\/woorons.com\/de\/2025\/09\/06\/quien-fue-la-joven-de-la-perla\/principio-de-la-camara-oscura\/\" data-orig-file=\"https:\/\/i0.wp.com\/woorons.com\/wp-content\/uploads\/2025\/09\/principio-de-la-camara-oscura-e1757234874813.jpeg?fit=1208%2C720&amp;ssl=1\" data-orig-size=\"1208,720\" data-comments-opened=\"1\" data-image-meta=\"{&quot;aperture&quot;:&quot;0&quot;,&quot;credit&quot;:&quot;&quot;,&quot;camera&quot;:&quot;&quot;,&quot;caption&quot;:&quot;&quot;,&quot;created_timestamp&quot;:&quot;0&quot;,&quot;copyright&quot;:&quot;&quot;,&quot;focal_length&quot;:&quot;0&quot;,&quot;iso&quot;:&quot;0&quot;,&quot;shutter_speed&quot;:&quot;0&quot;,&quot;title&quot;:&quot;&quot;,&quot;orientation&quot;:&quot;0&quot;}\" data-image-title=\"principio-de-la-camara-oscura\" data-image-description=\"&lt;p&gt;C\u00e1mara oscura.&lt;\/p&gt;\" data-image-caption=\"\" data-large-file=\"https:\/\/i0.wp.com\/woorons.com\/wp-content\/uploads\/2025\/09\/principio-de-la-camara-oscura-e1757234874813.jpeg?fit=1024%2C610&amp;ssl=1\" src=\"https:\/\/i0.wp.com\/woorons.com\/wp-content\/uploads\/2025\/09\/principio-de-la-camara-oscura-e1757234874813.jpeg?resize=1208%2C720&#038;ssl=1\" alt=\"C\u00e1mara oscura.\" class=\"wp-image-12861\" \/><\/figure>\n\n\n\n<div style=\"height:20px\" aria-hidden=\"true\" class=\"wp-block-spacer\"><\/div>\n\n\n\n<p class=\"has-text-align-justify wp-block-paragraph\"> Johannes Vermeer, que es uno, de los dos o tres pintores que admiro.<\/p>\n\n\n\n<div style=\"height:20px\" aria-hidden=\"true\" class=\"wp-block-spacer\"><\/div>\n\n\n\n<p class=\"has-text-align-justify wp-block-paragraph\">Me vi obligado a detenerme en varias etapas de la pintura de Vermeer y en determinadas partes, para intentar discernir, c\u00f3mo hab\u00eda conseguido el color y c\u00f3mo  habr\u00eda logrado esa transparencia y luz, para obtener una piel perfecta; conozco la t\u00e9cnica de color que empleaba, pero dudaba sobre si la c\u00e1mara oscura, intervendr\u00eda, es decir si alterar\u00eda, el resultado final del color.<\/p>\n\n\n\n<div style=\"height:20px\" aria-hidden=\"true\" class=\"wp-block-spacer\"><\/div>\n\n\n\n<p class=\"has-text-align-justify wp-block-paragraph\">La&nbsp;<strong>c\u00e1mara oscura<\/strong>&nbsp;(del lat\u00edn&nbsp;<em>camera obscura<\/em>, \u00abhabitaci\u00f3n oscura\u00bb) era un dispositivo \u00f3ptico precursor de la c\u00e1mara fotogr\u00e1fica, y es fundamental para entender la t\u00e9cnica y el estilo de pintores como Johannes Vermeer.<\/p>\n\n\n\n<p class=\"has-text-align-justify wp-block-paragraph\">Vermeer comenzaba sus cuadros con un&nbsp;<strong>dibujo preciso<\/strong>&nbsp;(posiblemente con ayuda de una&nbsp;<em>camera obscura<\/em>).<\/p>\n\n\n\n<h3 class=\"wp-block-heading has-large-font-size\">\u00bfQu\u00e9 es y c\u00f3mo funciona?<\/h3>\n\n\n\n<p class=\"wp-block-paragraph\">En esencia, es un principio f\u00edsico muy simple que proyecta una imagen del mundo exterior en una superficie interior.<\/p>\n\n\n\n<ol start=\"1\" class=\"wp-block-list\">\n<li><strong>Concepto b\u00e1sico:<\/strong>&nbsp;Se toma una caja o una habitaci\u00f3n completamente cerrada a la luz.<\/li>\n\n\n\n<li><strong>Un peque\u00f1o orificio:<\/strong>&nbsp;En una de sus paredes se hace un agujero muy peque\u00f1o (estenopo).<\/li>\n\n\n\n<li><strong>Formaci\u00f3n de la imagen:<\/strong>&nbsp;Los rayos de luz que reflejan los objetos exteriores pasan a trav\u00e9s de ese orificio y se proyectan en la pared opuesta.<\/li>\n\n\n\n<li><strong>Caracter\u00edsticas de la imagen proyectada:<\/strong>\n<ul class=\"wp-block-list\">\n<li>La imagen aparece&nbsp;<strong>invertida<\/strong>&nbsp;(de cabeza) y&nbsp;<strong>revertida<\/strong>&nbsp;(izquierda-derecha).<\/li>\n\n\n\n<li>Es una imagen&nbsp;<strong>n\u00edtida<\/strong>&nbsp;pero poco iluminada.<\/li>\n\n\n\n<li>Tiene una&nbsp;<strong>profundidad de campo<\/strong>&nbsp;infinita (todo est\u00e1 enfocado).<\/li>\n\n\n\n<li>Muestra un&nbsp;<strong>efecto de desenfoque<\/strong>&nbsp;(<em>bokeh<\/em>&nbsp;primitivo) en las \u00e1reas muy brillantes.<\/li>\n<\/ul>\n<\/li>\n<\/ol>\n\n\n\n<p class=\"wp-block-paragraph\">Para hacerla usable, a menudo se colocaba un lente en el orificio para conseguir una imagen m\u00e1s brillante y n\u00edtida, y un espejo para proyectar la imagen right-side-up sobre una superficie horizontal, como una mesa, donde el artista pod\u00eda calcar o estudiar la proyecci\u00f3n.<\/p>\n\n\n\n<div style=\"height:20px\" aria-hidden=\"true\" class=\"wp-block-spacer\"><\/div>\n\n\n\n<figure class=\"wp-block-image aligncenter size-full is-resized\"><img data-recalc-dims=\"1\" decoding=\"async\" data-attachment-id=\"12822\" data-permalink=\"https:\/\/woorons.com\/de\/2025\/09\/06\/quien-fue-la-joven-de-la-perla\/camara-oscura\/\" data-orig-file=\"https:\/\/i0.wp.com\/woorons.com\/wp-content\/uploads\/2025\/02\/camara-oscura-e1757179482995.jpg?fit=654%2C450&amp;ssl=1\" data-orig-size=\"654,450\" data-comments-opened=\"1\" data-image-meta=\"{&quot;aperture&quot;:&quot;0&quot;,&quot;credit&quot;:&quot;&quot;,&quot;camera&quot;:&quot;&quot;,&quot;caption&quot;:&quot;&quot;,&quot;created_timestamp&quot;:&quot;0&quot;,&quot;copyright&quot;:&quot;&quot;,&quot;focal_length&quot;:&quot;0&quot;,&quot;iso&quot;:&quot;0&quot;,&quot;shutter_speed&quot;:&quot;0&quot;,&quot;title&quot;:&quot;&quot;,&quot;orientation&quot;:&quot;0&quot;}\" data-image-title=\"camara-oscura\" data-image-description=\"&lt;p&gt;La C\u00e1mara oscura. Antecesor de la fotograf\u00eda.&lt;\/p&gt;\" data-image-caption=\"&lt;p&gt;C\u00e1mara Oscura&lt;\/p&gt;\" data-large-file=\"https:\/\/i0.wp.com\/woorons.com\/wp-content\/uploads\/2025\/02\/camara-oscura-e1757179482995.jpg?fit=654%2C450&amp;ssl=1\" src=\"https:\/\/i0.wp.com\/woorons.com\/wp-content\/uploads\/2025\/02\/camara-oscura.jpg?ssl=1\" alt=\"C\u00e1mara Oscura\" class=\"wp-image-12822\" style=\"aspect-ratio:1.454461874389473;width:576px;height:auto\" \/><figcaption class=\"wp-element-caption\">C\u00e1mara Oscura<\/figcaption><\/figure>\n\n\n\n<div style=\"height:20px\" aria-hidden=\"true\" class=\"wp-block-spacer\"><\/div>\n\n\n\n<p class=\"has-large-font-size wp-block-paragraph\">\u00bfPor qu\u00e9 se asocia tanto con Vermeer?<\/p>\n\n\n\n<div style=\"height:20px\" aria-hidden=\"true\" class=\"wp-block-spacer\"><\/div>\n\n\n\n<p class=\"has-text-align-justify wp-block-paragraph\">Aunque no hay evidencia documental irrefutable (como una c\u00e1mara oscura en su inventario), la mayor\u00eda de los expertos est\u00e1n convencidos de que Vermeer la conoc\u00eda y utiliz\u00f3 por varias razones evidentes en sus cuadros:<\/p>\n\n\n\n<div style=\"height:20px\" aria-hidden=\"true\" class=\"wp-block-spacer\"><\/div>\n\n\n\n<p class=\"has-text-align-justify wp-block-paragraph\"><strong>Calidad Lum\u00ednica Excepcional:<\/strong>&nbsp;Sus pinturas capturan la luz con una fidelidad y un realismo que recuerdan mucho a una fotograf\u00eda. La c\u00e1mara oscura exagera los contrastes entre luz y sombra, un efecto muy marcado en sus obras.<\/p>\n\n\n\n<div style=\"height:20px\" aria-hidden=\"true\" class=\"wp-block-spacer\"><\/div>\n\n\n\n<p class=\"has-text-align-justify wp-block-paragraph\"><strong>Puntos de Luz Brillantes (\u00abDiscos de Confusi\u00f3n\u00bb):<\/strong>&nbsp;Este es el argumento m\u00e1s convincente. En sus cuadros, las \u00e1reas de luz intensa (como los reflejos en los ojos, en una jarra de cer\u00e1mica o en una perla) no se pintan como formas definidas, sino como&nbsp;<strong>peque\u00f1os c\u00edrculos o manchas difusas de luz<\/strong>. Este es exactamente el efecto \u00f3ptico (\u00ab<em>bokeh<\/em>\u00ab) que produce una lente primitiva fuera de foco en una c\u00e1mara oscura. El ojo humano no ve as\u00ed; una c\u00e1mara s\u00ed.<\/p>\n\n\n\n<div style=\"height:20px\" aria-hidden=\"true\" class=\"wp-block-spacer\"><\/div>\n\n\n\n<p class=\"has-text-align-justify wp-block-paragraph\"><strong>Composici\u00f3n y Perspectiva:<\/strong>&nbsp;Las poses de sus figuras a veces parecen \u00abinstant\u00e1neas\u00bb, con personajes en medio de un movimiento, como si estuviera capturando un momento congelado. La perspectiva arquitect\u00f3nica en sus interiores es geom\u00e9tricamente perfecta, algo que la c\u00e1mara oscura ayuda a trazar con precisi\u00f3n.<\/p>\n\n\n\n<div style=\"height:20px\" aria-hidden=\"true\" class=\"wp-block-spacer\"><\/div>\n\n\n\n<p class=\"has-text-align-justify wp-block-paragraph\"><strong>Saturaci\u00f3n y Suavidad del Color:<\/strong>&nbsp;La imagen de la c\u00e1mara oscura tiende a suavizar los contornos y a simplificar los detalles complejos, lo que coincide con la manera en que Vermeer simplificaba las formas y aplicaba el color en planos de luz.<\/p>\n\n\n\n<div style=\"height:20px\" aria-hidden=\"true\" class=\"wp-block-spacer\"><\/div>\n\n\n\n<p class=\"has-text-align-justify wp-block-paragraph\">La c\u00e1mara oscura no era un \u00absecreto\u00bb ni se consideraba hacer trampa. Era una&nbsp;<strong>herramienta de estudio<\/strong>&nbsp;muy conocida entre artistas y cient\u00edficos desde el Renacimiento.<\/p>\n\n\n\n<div style=\"height:20px\" aria-hidden=\"true\" class=\"wp-block-spacer\"><\/div>\n\n\n\n<p class=\"wp-block-paragraph\"><strong>Leonardo da Vinci<\/strong>&nbsp;ya hab\u00eda descrito su funcionamiento a principios del siglo XVI.<\/p>\n\n\n\n<p class=\"has-text-align-justify wp-block-paragraph\"><strong>Artistas como Canaletto<\/strong>&nbsp;la usaron de forma documentada para trazar las vistas arquitect\u00f3nicas precisas de Venecia.<\/p>\n\n\n\n<div style=\"height:20px\" aria-hidden=\"true\" class=\"wp-block-spacer\"><\/div>\n\n\n\n<p class=\"has-text-align-justify wp-block-paragraph\">Para Vermeer, no era una m\u00e1quina que pintara por \u00e9l, sino un&nbsp;<strong>\u00abojo mec\u00e1nico\u00bb<\/strong>&nbsp;que le daba la posibilidad de:<\/p>\n\n\n\n<p class=\"has-text-align-justify wp-block-paragraph\"><strong>Estudiar<\/strong>&nbsp;los efectos de la luz y la composici\u00f3n de una manera nueva.<\/p>\n\n\n\n<p class=\"has-text-align-justify wp-block-paragraph\"><strong>Transferir<\/strong>&nbsp;la composici\u00f3n b\u00e1sica y la perspectiva al lienzo con gran exactitud.<\/p>\n\n\n\n<p class=\"has-text-align-justify wp-block-paragraph\"><strong>Analizar<\/strong>&nbsp;c\u00f3mo ve\u00eda la luz el propio instrumento \u00f3ptico, para luego traducirlo con su incre\u00edble talento y paciencia en pintura.<\/p>\n\n\n\n<div style=\"height:20px\" aria-hidden=\"true\" class=\"wp-block-spacer\"><\/div>\n\n\n\n<p class=\"has-text-align-justify wp-block-paragraph\">La&nbsp;<strong>c\u00e1mara oscura era un dispositivo \u00f3ptico que proyectaba una imagen real del mundo en una superficie interior<\/strong>. Para Vermeer, fue muy probablemente una herramienta crucial que le ayud\u00f3 a lograr su estilo \u00fanico, hiperrealista y lleno de luz, pero fue su genialidad art\u00edstica la que transform\u00f3 esa proyecci\u00f3n mec\u00e1nica en obras de arte de una belleza y sensibilidad incomparables.<\/p>\n\n\n\n<div style=\"height:50px\" aria-hidden=\"true\" class=\"wp-block-spacer\"><\/div>\n\n\n\n<h2 class=\"wp-block-heading has-text-align-center has-xx-large-font-size\">La t\u00e9cnica pict\u00f3rica de La Joven de la Perla<\/h2>\n\n\n\n<figure class=\"wp-block-image size-large\"><img data-recalc-dims=\"1\" loading=\"lazy\" decoding=\"async\" width=\"2893\" height=\"955\" data-attachment-id=\"12858\" data-permalink=\"https:\/\/woorons.com\/de\/2025\/09\/06\/quien-fue-la-joven-de-la-perla\/la-joven-de-la-perla-johannes-vermeer-woorons-oronsart-2\/\" data-orig-file=\"https:\/\/i0.wp.com\/woorons.com\/wp-content\/uploads\/2025\/09\/la-joven-de-la-perla-johannes-vermeer-woorons-oronsart-2.jpg?fit=2893%2C955&amp;ssl=1\" data-orig-size=\"2893,955\" data-comments-opened=\"1\" data-image-meta=\"{&quot;aperture&quot;:&quot;0&quot;,&quot;credit&quot;:&quot;&quot;,&quot;camera&quot;:&quot;&quot;,&quot;caption&quot;:&quot;&quot;,&quot;created_timestamp&quot;:&quot;0&quot;,&quot;copyright&quot;:&quot;&quot;,&quot;focal_length&quot;:&quot;0&quot;,&quot;iso&quot;:&quot;0&quot;,&quot;shutter_speed&quot;:&quot;0&quot;,&quot;title&quot;:&quot;&quot;,&quot;orientation&quot;:&quot;0&quot;}\" data-image-title=\"la-joven-de-la-perla-johannes-vermeer-woorons-oronsart-2\" data-image-description=\"&lt;p&gt;\u00abFragmento de La Joven de la perla de Johannes Vermeer\u00bb&lt;\/p&gt;\" data-image-caption=\"\" data-large-file=\"https:\/\/i0.wp.com\/woorons.com\/wp-content\/uploads\/2025\/09\/la-joven-de-la-perla-johannes-vermeer-woorons-oronsart-2.jpg?fit=1024%2C338&amp;ssl=1\" src=\"https:\/\/i0.wp.com\/woorons.com\/wp-content\/uploads\/2025\/09\/la-joven-de-la-perla-johannes-vermeer-woorons-oronsart-2.jpg?resize=2893%2C955&#038;ssl=1\" alt=\"&quot;Fragmento de La Joven de la perla de Johannes Vermeer&quot;\" class=\"wp-image-12858\" \/><\/figure>\n\n\n\n<div style=\"height:50px\" aria-hidden=\"true\" class=\"wp-block-spacer\"><\/div>\n\n\n\n<p class=\"wp-block-paragraph\">Como dec\u00eda m\u00e1s arriba, conozco la t\u00e9cnica de color que empleaba Johannes, pero ten\u00eda una enorme duda: \u00bfUsar\u00eda Grisalla o Verdaccio?  \u00bfO ninguna de las dos?<\/p>\n\n\n\n<p class=\"wp-block-paragraph\">La evidencia sugiere que&nbsp;Vermeer muy probablemente utiliz\u00f3 una forma de<strong>&nbsp;<em>verdaccio<\/em><\/strong>&nbsp;o una imprimaci\u00f3n tonal, m\u00e1s que una grisalla al estilo italiano cl\u00e1sico.<\/p>\n\n\n\n<h3 class=\"wp-block-heading has-large-font-size\">1. Grisalla (Grisaille)<\/h3>\n\n\n\n<ul class=\"wp-block-list\">\n<li><strong>Qu\u00e9 es:<\/strong>\u00a0Una t\u00e9cnica monocrom\u00e1tica que utiliza\u00a0<em>solo tonos de gris<\/em>, negro y blanco para modelar las formas y el claroscuro. A menudo se usaba como una etapa inferior (<em>pintura base<\/em>) sobre la que luego se aplicaban veladuras de color. Es caracter\u00edstica de la pintura flamenca y del primer Renacimiento italiano.<\/li>\n\n\n\n<li><strong>\u00bfLa usaba Vermeer?<\/strong>&nbsp;<strong>No hay evidencia s\u00f3lida de que Vermeer usara una grisalla estricta (solo grises)<\/strong>&nbsp;en sus obras. Su enfoque era m\u00e1s tonal y color\u00edstico desde la base.<\/li>\n<\/ul>\n\n\n\n<h3 class=\"wp-block-heading has-large-font-size\">2. Verdaccio<\/h3>\n\n\n\n<p class=\"wp-block-paragraph\"><strong>Qu\u00e9 es:<\/strong>&nbsp;Un t\u00e9rmino italiano para una pintura base&nbsp;monocrom\u00e1tica, realizada con tonos&nbsp;<em>verdes, gris-verdosos o marrones terrosos<\/em>. Era muy com\u00fan en la pintura al fresco del Renacimiento para las carnes, ya que el color verde creaba una base perfecta para neutralizar y dar profundidad a los tonos rosados y c\u00e1lidos de la piel que se aplicar\u00edan despu\u00e9s en veladuras.<\/p>\n\n\n\n<div style=\"height:20px\" aria-hidden=\"true\" class=\"wp-block-spacer\"><\/div>\n\n\n\n<p class=\"wp-block-paragraph\"><strong>\u00bfLa usaba Vermeer?<\/strong>&nbsp;<strong>Es la teor\u00eda m\u00e1s aceptada entre los expertos.<\/strong>&nbsp;Los an\u00e1lisis t\u00e9cnicos (con rayos X y fotograf\u00edas con macro-infrarrojos) de sus pinturas revelan lo siguiente:<\/p>\n\n\n\n<h3 class=\"wp-block-heading has-text-align-center has-large-font-size\">La Evidencia: El M\u00e9todo de Vermeer<\/h3>\n\n\n\n<p class=\"has-text-align-justify wp-block-paragraph\">Los estudios de sus obras, como&nbsp;<em>La lechera<\/em>&nbsp;o&nbsp;<em>Dama escribiendo una carta con su criada<\/em>, muestran que Vermeer comenzaba sus cuadros con un&nbsp;<strong>dibujo preciso<\/strong>&nbsp;(posiblemente con ayuda de una&nbsp;<em>camera obscura<\/em>).<\/p>\n\n\n\n<p class=\"wp-block-paragraph\">Luego, aplicaba una&nbsp;<strong>capa de base o&nbsp;<em>underpainting<\/em><\/strong>&nbsp;con las siguientes caracter\u00edsticas:<\/p>\n\n\n\n<p class=\"has-text-align-justify wp-block-paragraph\"><strong>No era gris, sino tonal:<\/strong>&nbsp;Utilizaba&nbsp;<strong>tonos neutros, pero con color<\/strong>. Mezclaba negro, tierra tostada (<em>umber<\/em>) y blanco para crear una gama de colores c\u00e1lidos, gris\u00e1ceos y terrosos. En algunas \u00e1reas de sombra, se detectan toques de verde o marr\u00f3n.<\/p>\n\n\n\n<p class=\"has-text-align-justify wp-block-paragraph\"><strong>Funci\u00f3n estructural:<\/strong>&nbsp;Con esta base, Vermeer defin\u00eda meticulosamente la composici\u00f3n, las formas y, lo m\u00e1s importante, el&nbsp;<strong>mapa de luz y sombra<\/strong>&nbsp;(el claroscuro). Esta etapa era tan detallada que casi era una pintura completa en valor tonal.<\/p>\n\n\n\n<p class=\"has-text-align-justify wp-block-paragraph\"><strong>Base para veladuras:<\/strong>&nbsp;Sobre esta base seca, aplicaba capas delgadas y semitransparentes de color (veladuras). La base tonal subyacente interactuaba con estos colores, dando una profundidad y una luminosidad incre\u00edbles. Por ejemplo, un \u00e1rea iluminada en la base con blanco, al recibir una veladura azul, se volv\u00eda un azul mucho m\u00e1s luminoso.<\/p>\n\n\n\n<p class=\"has-text-align-justify wp-block-paragraph\">Mientras que la&nbsp;<strong>grisalla<\/strong>&nbsp;es estrictamente acrom\u00e1tica (sin color) y el&nbsp;<em><strong>verdaccio<\/strong><\/em>&nbsp;es espec\u00edficamente verde,&nbsp;<strong>Vermeer emple\u00f3 una t\u00e9cnica mixta o una variaci\u00f3n personal.<\/strong><\/p>\n\n\n\n<p class=\"has-text-align-justify wp-block-paragraph\">Podemos decir que su m\u00e9todo se asemeja m\u00e1s al concepto del&nbsp;<em><strong>verdaccio<\/strong><\/em>&nbsp;(un&nbsp;<em>underpainting<\/em>&nbsp;coloreado y no neutro) que al de la&nbsp;<em>grisalla<\/em>. Sin embargo, su paleta de base era m\u00e1s amplia, utilizando una gama de&nbsp;<strong>grises, marrones y tierras neutras<\/strong>&nbsp;para sentar las bases de la luz.<\/p>\n\n\n\n<p class=\"has-text-align-justify wp-block-paragraph\"><strong>Vermeer no trabajaba con una grisalla pura. <\/strong><em>Utilizaba un&nbsp;underpainting&nbsp;tonal y coloreado (con elementos que recuerdan al&nbsp;verdaccio&nbsp;pero no exclusivamente verde) para construir la estructura de luz y sombra de sus obras, sobre la cual aplicaba sus famosas y luminosas veladuras de color.<\/em>&nbsp;<\/p>\n\n\n\n<p class=\"has-text-align-justify wp-block-paragraph\">Esta t\u00e9cnica minuciosa es una de las razones clave por las que su obra es tan reducida y brillante.<\/p>\n\n\n\n<div style=\"height:50px\" aria-hidden=\"true\" class=\"wp-block-spacer\"><\/div>\n\n\n\n<h2 class=\"wp-block-heading has-text-align-center has-xx-large-font-size\">Por siempre Vermeer<\/h2>\n\n\n\n<div style=\"height:20px\" aria-hidden=\"true\" class=\"wp-block-spacer\"><\/div>\n\n\n\n<p class=\"has-text-align-justify wp-block-paragraph\">Espero que mi nota sobre este pintor haya sido de vuestro agrado, y quiz\u00e1s, tambi\u00e9n exista la posibilidad, que esta les despierte la curiosidad, de buscar, de conocer m\u00e1s sobre este pintor, que tan solo hizo unas 36 pinturas a lo largo de su vida.<\/p>\n\n\n\n<p class=\"wp-block-paragraph\">Desde luego, que seguir\u00e9 escribiendo, e investigando sobre \u00e9l, con la esperanza, de que algun d\u00eda pueda descubrirse alg\u00fan indicio, alguna peque\u00f1a pista o se\u00f1al, de: <strong>\u00bfQui\u00e9n fue, La Joven de la Perla?<\/strong><\/p>\n\n\n\n<p class=\"wp-block-paragraph\">Mientras tanto, continuar\u00e9 aprendiendo de estos grandes maestros, e intentando desvelar sus secretos, en lo que estrictamente, a la pintura se refiere.<\/p>\n\n\n\n<p class=\"wp-block-paragraph\">Espero que os haya gustado. Lucem Ferre.<\/p>\n\n\n\n<div style=\"height:20px\" aria-hidden=\"true\" class=\"wp-block-spacer\"><\/div>\n\n\n\n<figure class=\"wp-block-image aligncenter size-full\"><img data-recalc-dims=\"1\" loading=\"lazy\" decoding=\"async\" width=\"768\" height=\"1099\" data-attachment-id=\"12777\" data-permalink=\"https:\/\/woorons.com\/de\/2025\/09\/06\/quien-fue-la-joven-de-la-perla\/vermeer-la-joven-de-la-perla\/\" data-orig-file=\"https:\/\/i0.wp.com\/woorons.com\/wp-content\/uploads\/2025\/02\/vermeer-la-joven-de-la-perla.jpg?fit=768%2C1099&amp;ssl=1\" data-orig-size=\"768,1099\" data-comments-opened=\"1\" data-image-meta=\"{&quot;aperture&quot;:&quot;0&quot;,&quot;credit&quot;:&quot;&quot;,&quot;camera&quot;:&quot;&quot;,&quot;caption&quot;:&quot;&quot;,&quot;created_timestamp&quot;:&quot;0&quot;,&quot;copyright&quot;:&quot;&quot;,&quot;focal_length&quot;:&quot;0&quot;,&quot;iso&quot;:&quot;0&quot;,&quot;shutter_speed&quot;:&quot;0&quot;,&quot;title&quot;:&quot;&quot;,&quot;orientation&quot;:&quot;1&quot;}\" data-image-title=\"vermeer-la-joven-de-la-perla\" data-image-description=\"&lt;p&gt;\u00abCuadro de Johannes Vermeer: La joven de la perla\u00bb&lt;\/p&gt;\" data-image-caption=\"&lt;p&gt; Johannes Vermeer: La joven de la perla&lt;\/p&gt;\" data-large-file=\"https:\/\/i0.wp.com\/woorons.com\/wp-content\/uploads\/2025\/02\/vermeer-la-joven-de-la-perla.jpg?fit=716%2C1024&amp;ssl=1\" src=\"https:\/\/i0.wp.com\/woorons.com\/wp-content\/uploads\/2025\/02\/vermeer-la-joven-de-la-perla.jpg?resize=768%2C1099&#038;ssl=1\" alt=\"&quot;Cuadro de Johannes Vermeer: La joven de la perla&quot;\" class=\"wp-image-12777\" \/><figcaption class=\"wp-element-caption\"> Johannes Vermeer: La joven de la perla<\/figcaption><\/figure>\n\n\n\n<div style=\"height:100px\" aria-hidden=\"true\" class=\"wp-block-spacer\"><\/div>\n\n\n\n\n\n<div style=\"height:100px\" aria-hidden=\"true\" class=\"wp-block-spacer\"><\/div>","protected":false},"excerpt":{"rendered":"<p>\u00bfQui\u00e9n fue La joven de la perla? El gran misterio que se esconde en esta obra maestra de Johannes Vermeer.  \u00bfC\u00f3mo pintaba?\u00bfC\u00f3mo consegu\u00ed esos tonos de piel y esa luz? Todo, en esta nota.<\/p>","protected":false},"author":21194217,"featured_media":12843,"comment_status":"open","ping_status":"closed","sticky":false,"template":"","format":"standard","meta":{"_coblocks_attr":"","_coblocks_dimensions":"","_coblocks_responsive_height":"","_coblocks_accordion_ie_support":"","_jetpack_newsletter_access":"","_jetpack_dont_email_post_to_subs":false,"_jetpack_newsletter_tier_id":0,"_jetpack_memberships_contains_paywalled_content":false,"_wpcom_ai_launchpad_first_post":false,"_jetpack_feature_clip_id":0,"_jetpack_memberships_contains_paid_content":false,"footnotes":"","jetpack_publicize_message":"","jetpack_publicize_feature_enabled":true,"jetpack_social_post_already_shared":false,"jetpack_social_options":{"image_generator_settings":{"template":"highway","default_image_id":0,"font":"","enabled":false},"version":2},"jetpack_post_was_ever_published":false},"categories":[3468,366310,381075],"tags":[789851913,789851929,517622,53382,789851944,789851949,789851951,789851974,789851938,789851986,7527400,681476478,789851935,712126033],"class_list":["post-8647","post","type-post","status-publish","format-standard","has-post-thumbnail","hentry","category-arte","category-historia-del-arte","category-pintores","tag-art","tag-arte","tag-caricatura","tag-caricatures","tag-cartoon","tag-dibujos","tag-digital","tag-historia-del-arte","tag-ilustracion","tag-johannes-vermeer","tag-la-joven-de-la-perla","tag-oronsart","tag-painting","tag-woorons"],"yoast_head":"<!-- This site is optimized with the Yoast SEO plugin v28.4 - https:\/\/yoast.com\/product\/yoast-seo-wordpress\/ -->\n<title>\u00bfQui\u00e9n fue La Joven de la Perla? - WO Orons Art<\/title>\n<meta name=\"robots\" content=\"index, follow, max-snippet:-1, max-image-preview:large, max-video-preview:-1\" \/>\n<link rel=\"canonical\" href=\"https:\/\/woorons.com\/de\/2025\/09\/06\/quien-fue-la-joven-de-la-perla\/\" \/>\n<meta property=\"og:locale\" content=\"de_DE\" \/>\n<meta property=\"og:type\" content=\"article\" \/>\n<meta property=\"og:title\" content=\"\u00bfQui\u00e9n fue La Joven de la Perla? - WO Orons Art\" \/>\n<meta property=\"og:description\" content=\"\u00bfQui\u00e9n fue La joven de la perla? El gran misterio que se esconde en esta obra maestra de Johannes Vermeer. \u00bfC\u00f3mo pintaba?\u00bfC\u00f3mo consegu\u00ed esos tonos de piel y esa luz? Todo, en esta nota.\" \/>\n<meta property=\"og:url\" content=\"https:\/\/woorons.com\/de\/2025\/09\/06\/quien-fue-la-joven-de-la-perla\/\" \/>\n<meta property=\"og:site_name\" content=\"WO Orons Art\" \/>\n<meta property=\"article:published_time\" content=\"2025-09-06T18:52:29+00:00\" \/>\n<meta property=\"article:modified_time\" content=\"2025-09-07T09:21:22+00:00\" \/>\n<meta property=\"og:image\" content=\"https:\/\/i0.wp.com\/woorons.com\/wp-content\/uploads\/2025\/02\/la-joven-de-la-perla-vermeer-caricatura-cartoon-caricature-woorons-oronsart-2.jpg?fit=842%2C474&ssl=1\" \/>\n\t<meta property=\"og:image:width\" content=\"842\" \/>\n\t<meta property=\"og:image:height\" content=\"474\" \/>\n\t<meta property=\"og:image:type\" content=\"image\/jpeg\" \/>\n<meta name=\"author\" content=\"Wo Orons\" \/>\n<meta name=\"twitter:card\" content=\"summary_large_image\" \/>\n<meta name=\"twitter:label1\" content=\"Geschrieben von\" \/>\n\t<meta name=\"twitter:data1\" content=\"Wo Orons\" \/>\n\t<meta name=\"twitter:label2\" content=\"Gesch\u00e4tzte Lesezeit\" \/>\n\t<meta name=\"twitter:data2\" content=\"12\u00a0Minuten\" \/>\n<script type=\"application\/ld+json\" class=\"yoast-schema-graph\">{\"@context\":\"https:\\\/\\\/schema.org\",\"@graph\":[{\"@type\":\"Article\",\"@id\":\"https:\\\/\\\/woorons.com\\\/2025\\\/09\\\/06\\\/quien-fue-la-joven-de-la-perla\\\/#article\",\"isPartOf\":{\"@id\":\"https:\\\/\\\/woorons.com\\\/2025\\\/09\\\/06\\\/quien-fue-la-joven-de-la-perla\\\/\"},\"author\":{\"name\":\"Wo Orons\",\"@id\":\"https:\\\/\\\/woorons.com\\\/#\\\/schema\\\/person\\\/85b4229ce0694a31b5f128dc047161e8\"},\"headline\":\"\u00bfQui\u00e9n fue La Joven de la Perla?\",\"datePublished\":\"2025-09-06T18:52:29+00:00\",\"dateModified\":\"2025-09-07T09:21:22+00:00\",\"mainEntityOfPage\":{\"@id\":\"https:\\\/\\\/woorons.com\\\/2025\\\/09\\\/06\\\/quien-fue-la-joven-de-la-perla\\\/\"},\"wordCount\":2452,\"commentCount\":0,\"publisher\":{\"@id\":\"https:\\\/\\\/woorons.com\\\/#\\\/schema\\\/person\\\/85b4229ce0694a31b5f128dc047161e8\"},\"image\":{\"@id\":\"https:\\\/\\\/woorons.com\\\/2025\\\/09\\\/06\\\/quien-fue-la-joven-de-la-perla\\\/#primaryimage\"},\"thumbnailUrl\":\"https:\\\/\\\/i0.wp.com\\\/woorons.com\\\/wp-content\\\/uploads\\\/2025\\\/02\\\/la-joven-de-la-perla-vermeer-caricatura-cartoon-caricature-woorons-oronsart-2.jpg?fit=842%2C474&ssl=1\",\"keywords\":[\"Art\",\"Arte\",\"Caricatura\",\"Caricatures\",\"Cartoon\",\"Dibujos\",\"Digital\",\"Historia del Arte\",\"Ilustraci\u00f3n\",\"Johannes Vermeer\",\"La joven de la perla\",\"OronsArt\",\"Painting\",\"WOOrons\"],\"articleSection\":[\"Arte\",\"Historia del Arte\",\"Pintores\"],\"inLanguage\":\"de\",\"potentialAction\":[{\"@type\":\"CommentAction\",\"name\":\"Comment\",\"target\":[\"https:\\\/\\\/woorons.com\\\/2025\\\/09\\\/06\\\/quien-fue-la-joven-de-la-perla\\\/#respond\"]}]},{\"@type\":\"WebPage\",\"@id\":\"https:\\\/\\\/woorons.com\\\/2025\\\/09\\\/06\\\/quien-fue-la-joven-de-la-perla\\\/\",\"url\":\"https:\\\/\\\/woorons.com\\\/2025\\\/09\\\/06\\\/quien-fue-la-joven-de-la-perla\\\/\",\"name\":\"\u00bfQui\u00e9n fue La Joven de la Perla? - WO Orons Art\",\"isPartOf\":{\"@id\":\"https:\\\/\\\/woorons.com\\\/#website\"},\"primaryImageOfPage\":{\"@id\":\"https:\\\/\\\/woorons.com\\\/2025\\\/09\\\/06\\\/quien-fue-la-joven-de-la-perla\\\/#primaryimage\"},\"image\":{\"@id\":\"https:\\\/\\\/woorons.com\\\/2025\\\/09\\\/06\\\/quien-fue-la-joven-de-la-perla\\\/#primaryimage\"},\"thumbnailUrl\":\"https:\\\/\\\/i0.wp.com\\\/woorons.com\\\/wp-content\\\/uploads\\\/2025\\\/02\\\/la-joven-de-la-perla-vermeer-caricatura-cartoon-caricature-woorons-oronsart-2.jpg?fit=842%2C474&ssl=1\",\"datePublished\":\"2025-09-06T18:52:29+00:00\",\"dateModified\":\"2025-09-07T09:21:22+00:00\",\"breadcrumb\":{\"@id\":\"https:\\\/\\\/woorons.com\\\/2025\\\/09\\\/06\\\/quien-fue-la-joven-de-la-perla\\\/#breadcrumb\"},\"inLanguage\":\"de\",\"potentialAction\":[{\"@type\":\"ReadAction\",\"target\":[\"https:\\\/\\\/woorons.com\\\/2025\\\/09\\\/06\\\/quien-fue-la-joven-de-la-perla\\\/\"]}]},{\"@type\":\"ImageObject\",\"inLanguage\":\"de\",\"@id\":\"https:\\\/\\\/woorons.com\\\/2025\\\/09\\\/06\\\/quien-fue-la-joven-de-la-perla\\\/#primaryimage\",\"url\":\"https:\\\/\\\/i0.wp.com\\\/woorons.com\\\/wp-content\\\/uploads\\\/2025\\\/02\\\/la-joven-de-la-perla-vermeer-caricatura-cartoon-caricature-woorons-oronsart-2.jpg?fit=842%2C474&ssl=1\",\"contentUrl\":\"https:\\\/\\\/i0.wp.com\\\/woorons.com\\\/wp-content\\\/uploads\\\/2025\\\/02\\\/la-joven-de-la-perla-vermeer-caricatura-cartoon-caricature-woorons-oronsart-2.jpg?fit=842%2C474&ssl=1\",\"width\":842,\"height\":474,\"caption\":\"\\\"La Joven de la Perla de Johannes Vermeer\\\"\"},{\"@type\":\"BreadcrumbList\",\"@id\":\"https:\\\/\\\/woorons.com\\\/2025\\\/09\\\/06\\\/quien-fue-la-joven-de-la-perla\\\/#breadcrumb\",\"itemListElement\":[{\"@type\":\"ListItem\",\"position\":1,\"name\":\"Portada\",\"item\":\"https:\\\/\\\/woorons.com\\\/\"},{\"@type\":\"ListItem\",\"position\":2,\"name\":\"\u00bfQui\u00e9n fue La Joven de la Perla?\"}]},{\"@type\":\"WebSite\",\"@id\":\"https:\\\/\\\/woorons.com\\\/#website\",\"url\":\"https:\\\/\\\/woorons.com\\\/\",\"name\":\"WO Orons Art\",\"description\":\"&quot;Caricaturas, Retratos, Fan Art, Ilustraci\u00f3n&quot;\",\"publisher\":{\"@id\":\"https:\\\/\\\/woorons.com\\\/#\\\/schema\\\/person\\\/85b4229ce0694a31b5f128dc047161e8\"},\"potentialAction\":[{\"@type\":\"SearchAction\",\"target\":{\"@type\":\"EntryPoint\",\"urlTemplate\":\"https:\\\/\\\/woorons.com\\\/?s={search_term_string}\"},\"query-input\":{\"@type\":\"PropertyValueSpecification\",\"valueRequired\":true,\"valueName\":\"search_term_string\"}}],\"inLanguage\":\"de\"},{\"@type\":[\"Person\",\"Organization\"],\"@id\":\"https:\\\/\\\/woorons.com\\\/#\\\/schema\\\/person\\\/85b4229ce0694a31b5f128dc047161e8\",\"name\":\"Wo Orons\",\"image\":{\"@type\":\"ImageObject\",\"inLanguage\":\"de\",\"@id\":\"https:\\\/\\\/i0.wp.com\\\/woorons.com\\\/wp-content\\\/uploads\\\/2025\\\/03\\\/logotipo-woorons.jpg?fit=595%2C516&ssl=1\",\"url\":\"https:\\\/\\\/i0.wp.com\\\/woorons.com\\\/wp-content\\\/uploads\\\/2025\\\/03\\\/logotipo-woorons.jpg?fit=595%2C516&ssl=1\",\"contentUrl\":\"https:\\\/\\\/i0.wp.com\\\/woorons.com\\\/wp-content\\\/uploads\\\/2025\\\/03\\\/logotipo-woorons.jpg?fit=595%2C516&ssl=1\",\"width\":595,\"height\":516,\"caption\":\"Wo Orons\"},\"logo\":{\"@id\":\"https:\\\/\\\/i0.wp.com\\\/woorons.com\\\/wp-content\\\/uploads\\\/2025\\\/03\\\/logotipo-woorons.jpg?fit=595%2C516&ssl=1\"},\"sameAs\":[\"http:\\\/\\\/orons-art.wordpress.com\"],\"url\":\"https:\\\/\\\/woorons.com\\\/de\\\/author\\\/orons\\\/\"}]}<\/script>\n<!-- \/ Yoast SEO plugin. -->","yoast_head_json":{"title":"\u00bfQui\u00e9n fue La Joven de la Perla? - WO Orons Art","robots":{"index":"index","follow":"follow","max-snippet":"max-snippet:-1","max-image-preview":"max-image-preview:large","max-video-preview":"max-video-preview:-1"},"canonical":"https:\/\/woorons.com\/de\/2025\/09\/06\/quien-fue-la-joven-de-la-perla\/","og_locale":"de_DE","og_type":"article","og_title":"\u00bfQui\u00e9n fue La Joven de la Perla? - WO Orons Art","og_description":"\u00bfQui\u00e9n fue La joven de la perla? El gran misterio que se esconde en esta obra maestra de Johannes Vermeer. \u00bfC\u00f3mo pintaba?\u00bfC\u00f3mo consegu\u00ed esos tonos de piel y esa luz? Todo, en esta nota.","og_url":"https:\/\/woorons.com\/de\/2025\/09\/06\/quien-fue-la-joven-de-la-perla\/","og_site_name":"WO Orons Art","article_published_time":"2025-09-06T18:52:29+00:00","article_modified_time":"2025-09-07T09:21:22+00:00","og_image":[{"width":842,"height":474,"url":"https:\/\/i0.wp.com\/woorons.com\/wp-content\/uploads\/2025\/02\/la-joven-de-la-perla-vermeer-caricatura-cartoon-caricature-woorons-oronsart-2.jpg?fit=842%2C474&ssl=1","type":"image\/jpeg"}],"author":"Wo Orons","twitter_card":"summary_large_image","twitter_misc":{"Geschrieben von":"Wo Orons","Gesch\u00e4tzte Lesezeit":"12\u00a0Minuten"},"schema":{"@context":"https:\/\/schema.org","@graph":[{"@type":"Article","@id":"https:\/\/woorons.com\/2025\/09\/06\/quien-fue-la-joven-de-la-perla\/#article","isPartOf":{"@id":"https:\/\/woorons.com\/2025\/09\/06\/quien-fue-la-joven-de-la-perla\/"},"author":{"name":"Wo Orons","@id":"https:\/\/woorons.com\/#\/schema\/person\/85b4229ce0694a31b5f128dc047161e8"},"headline":"\u00bfQui\u00e9n fue La Joven de la Perla?","datePublished":"2025-09-06T18:52:29+00:00","dateModified":"2025-09-07T09:21:22+00:00","mainEntityOfPage":{"@id":"https:\/\/woorons.com\/2025\/09\/06\/quien-fue-la-joven-de-la-perla\/"},"wordCount":2452,"commentCount":0,"publisher":{"@id":"https:\/\/woorons.com\/#\/schema\/person\/85b4229ce0694a31b5f128dc047161e8"},"image":{"@id":"https:\/\/woorons.com\/2025\/09\/06\/quien-fue-la-joven-de-la-perla\/#primaryimage"},"thumbnailUrl":"https:\/\/i0.wp.com\/woorons.com\/wp-content\/uploads\/2025\/02\/la-joven-de-la-perla-vermeer-caricatura-cartoon-caricature-woorons-oronsart-2.jpg?fit=842%2C474&ssl=1","keywords":["Art","Arte","Caricatura","Caricatures","Cartoon","Dibujos","Digital","Historia del Arte","Ilustraci\u00f3n","Johannes Vermeer","La joven de la perla","OronsArt","Painting","WOOrons"],"articleSection":["Arte","Historia del Arte","Pintores"],"inLanguage":"de","potentialAction":[{"@type":"CommentAction","name":"Comment","target":["https:\/\/woorons.com\/2025\/09\/06\/quien-fue-la-joven-de-la-perla\/#respond"]}]},{"@type":"WebPage","@id":"https:\/\/woorons.com\/2025\/09\/06\/quien-fue-la-joven-de-la-perla\/","url":"https:\/\/woorons.com\/2025\/09\/06\/quien-fue-la-joven-de-la-perla\/","name":"\u00bfQui\u00e9n fue La Joven de la Perla? - WO Orons Art","isPartOf":{"@id":"https:\/\/woorons.com\/#website"},"primaryImageOfPage":{"@id":"https:\/\/woorons.com\/2025\/09\/06\/quien-fue-la-joven-de-la-perla\/#primaryimage"},"image":{"@id":"https:\/\/woorons.com\/2025\/09\/06\/quien-fue-la-joven-de-la-perla\/#primaryimage"},"thumbnailUrl":"https:\/\/i0.wp.com\/woorons.com\/wp-content\/uploads\/2025\/02\/la-joven-de-la-perla-vermeer-caricatura-cartoon-caricature-woorons-oronsart-2.jpg?fit=842%2C474&ssl=1","datePublished":"2025-09-06T18:52:29+00:00","dateModified":"2025-09-07T09:21:22+00:00","breadcrumb":{"@id":"https:\/\/woorons.com\/2025\/09\/06\/quien-fue-la-joven-de-la-perla\/#breadcrumb"},"inLanguage":"de","potentialAction":[{"@type":"ReadAction","target":["https:\/\/woorons.com\/2025\/09\/06\/quien-fue-la-joven-de-la-perla\/"]}]},{"@type":"ImageObject","inLanguage":"de","@id":"https:\/\/woorons.com\/2025\/09\/06\/quien-fue-la-joven-de-la-perla\/#primaryimage","url":"https:\/\/i0.wp.com\/woorons.com\/wp-content\/uploads\/2025\/02\/la-joven-de-la-perla-vermeer-caricatura-cartoon-caricature-woorons-oronsart-2.jpg?fit=842%2C474&ssl=1","contentUrl":"https:\/\/i0.wp.com\/woorons.com\/wp-content\/uploads\/2025\/02\/la-joven-de-la-perla-vermeer-caricatura-cartoon-caricature-woorons-oronsart-2.jpg?fit=842%2C474&ssl=1","width":842,"height":474,"caption":"\"La Joven de la Perla de Johannes Vermeer\""},{"@type":"BreadcrumbList","@id":"https:\/\/woorons.com\/2025\/09\/06\/quien-fue-la-joven-de-la-perla\/#breadcrumb","itemListElement":[{"@type":"ListItem","position":1,"name":"Portada","item":"https:\/\/woorons.com\/"},{"@type":"ListItem","position":2,"name":"\u00bfQui\u00e9n fue La Joven de la Perla?"}]},{"@type":"WebSite","@id":"https:\/\/woorons.com\/#website","url":"https:\/\/woorons.com\/","name":"WO Orons Art","description":"&quot;Caricaturas, Retratos, Fan Art, Ilustraci\u00f3n&quot;","publisher":{"@id":"https:\/\/woorons.com\/#\/schema\/person\/85b4229ce0694a31b5f128dc047161e8"},"potentialAction":[{"@type":"SearchAction","target":{"@type":"EntryPoint","urlTemplate":"https:\/\/woorons.com\/?s={search_term_string}"},"query-input":{"@type":"PropertyValueSpecification","valueRequired":true,"valueName":"search_term_string"}}],"inLanguage":"de"},{"@type":["Person","Organization"],"@id":"https:\/\/woorons.com\/#\/schema\/person\/85b4229ce0694a31b5f128dc047161e8","name":"Wo Orons","image":{"@type":"ImageObject","inLanguage":"de","@id":"https:\/\/i0.wp.com\/woorons.com\/wp-content\/uploads\/2025\/03\/logotipo-woorons.jpg?fit=595%2C516&ssl=1","url":"https:\/\/i0.wp.com\/woorons.com\/wp-content\/uploads\/2025\/03\/logotipo-woorons.jpg?fit=595%2C516&ssl=1","contentUrl":"https:\/\/i0.wp.com\/woorons.com\/wp-content\/uploads\/2025\/03\/logotipo-woorons.jpg?fit=595%2C516&ssl=1","width":595,"height":516,"caption":"Wo Orons"},"logo":{"@id":"https:\/\/i0.wp.com\/woorons.com\/wp-content\/uploads\/2025\/03\/logotipo-woorons.jpg?fit=595%2C516&ssl=1"},"sameAs":["http:\/\/orons-art.wordpress.com"],"url":"https:\/\/woorons.com\/de\/author\/orons\/"}]}},"jetpack_publicize_connections":[],"jetpack_likes_enabled":true,"jetpack_sharing_enabled":true,"jetpack_shortlink":"https:\/\/wp.me\/p43FXj-2ft","jetpack-related-posts":[],"jetpack_featured_media_url":"https:\/\/i0.wp.com\/woorons.com\/wp-content\/uploads\/2025\/02\/la-joven-de-la-perla-vermeer-caricatura-cartoon-caricature-woorons-oronsart-2.jpg?fit=842%2C474&ssl=1","_links":{"self":[{"href":"https:\/\/woorons.com\/de\/wp-json\/wp\/v2\/posts\/8647","targetHints":{"allow":["GET"]}}],"collection":[{"href":"https:\/\/woorons.com\/de\/wp-json\/wp\/v2\/posts"}],"about":[{"href":"https:\/\/woorons.com\/de\/wp-json\/wp\/v2\/types\/post"}],"author":[{"embeddable":true,"href":"https:\/\/woorons.com\/de\/wp-json\/wp\/v2\/users\/21194217"}],"replies":[{"embeddable":true,"href":"https:\/\/woorons.com\/de\/wp-json\/wp\/v2\/comments?post=8647"}],"version-history":[{"count":25,"href":"https:\/\/woorons.com\/de\/wp-json\/wp\/v2\/posts\/8647\/revisions"}],"predecessor-version":[{"id":12869,"href":"https:\/\/woorons.com\/de\/wp-json\/wp\/v2\/posts\/8647\/revisions\/12869"}],"wp:featuredmedia":[{"embeddable":true,"href":"https:\/\/woorons.com\/de\/wp-json\/wp\/v2\/media\/12843"}],"wp:attachment":[{"href":"https:\/\/woorons.com\/de\/wp-json\/wp\/v2\/media?parent=8647"}],"wp:term":[{"taxonomy":"category","embeddable":true,"href":"https:\/\/woorons.com\/de\/wp-json\/wp\/v2\/categories?post=8647"},{"taxonomy":"post_tag","embeddable":true,"href":"https:\/\/woorons.com\/de\/wp-json\/wp\/v2\/tags?post=8647"}],"curies":[{"name":"wp","href":"https:\/\/api.w.org\/{rel}","templated":true}]}}