{"id":4696,"date":"2022-11-25T11:03:29","date_gmt":"2022-11-25T10:03:29","guid":{"rendered":"https:\/\/woorons.com\/?p=4696"},"modified":"2023-02-06T07:27:36","modified_gmt":"2023-02-06T06:27:36","slug":"mi-dibujo-del-black-friday","status":"publish","type":"post","link":"https:\/\/woorons.com\/de\/2022\/11\/25\/mi-dibujo-del-black-friday\/","title":{"rendered":"Mi dibujo del Black Friday"},"content":{"rendered":"<h2 class=\"wp-block-heading\" id=\"el-humor-gafico-y-las-caricaturas-lo-agradecen\"><strong>El humor g\u00e1fico y las caricaturas lo agradecen.<\/strong><\/h2>\n\n\n\n<ol><li><a class=\"wp-block-table-of-contents__entry\" href=\"https:\/\/woorons.com\/de\/2022\/11\/25\/mi-dibujo-del-black-friday\/#el-humor-gafico-y-las-caricaturas-lo-agradecen\">El humor g\u00e1fico y las caricaturas lo agradecen.<\/a><\/li><li><a class=\"wp-block-table-of-contents__entry\" href=\"https:\/\/woorons.com\/de\/2022\/11\/25\/mi-dibujo-del-black-friday\/#agradecimientos\">Agradecimientos.<\/a><\/li><li><a class=\"wp-block-table-of-contents__entry\" href=\"https:\/\/woorons.com\/de\/2022\/11\/25\/mi-dibujo-del-black-friday\/#tirado-de-precio\">\u00bfTirado de precio?<\/a><\/li><li><a class=\"wp-block-table-of-contents__entry\" href=\"https:\/\/woorons.com\/de\/2022\/11\/25\/mi-dibujo-del-black-friday\/#por-que-hice-este-dibujo-sobre-el-black-friday\">Por qu\u00e9 hice este dibujo sobre el Black Friday.<\/a><\/li><li><a class=\"wp-block-table-of-contents__entry\" href=\"https:\/\/woorons.com\/de\/2022\/11\/25\/mi-dibujo-del-black-friday\/#el-origen-del-black-friday\">El origen del Black Friday.<\/a><\/li><li><a class=\"wp-block-table-of-contents__entry\" href=\"https:\/\/woorons.com\/de\/2022\/11\/25\/mi-dibujo-del-black-friday\/#las-teorias-del-origen-del-black-friday\">Las teor\u00edas del origen del Black Friday.<\/a><\/li><\/ol>\n\n\n\n<p class=\"wp-block-paragraph\">Quienes nos dedicamos al humor gr\u00e1fico y las caricaturas, debemos de estar m\u00e1s que agradecidos a este maravilloso d\u00eda.<\/p>\n\n\n\n<p class=\"wp-block-paragraph\">No es porque tengamos grandes y maravillosas ventas.<\/p>\n\n\n\n<p class=\"wp-block-paragraph\">Personalmente nunca he vendido nada este d\u00eda.<\/p>\n\n\n\n<p class=\"has-text-align-justify wp-block-paragraph\">Pero como todos los mortales, ca\u00ed en la estupidez de pasarme horas y horas, buscando algo que no necesitaba, ni quer\u00eda, ni me serv\u00eda para nada, por el simple hecho de decir: &#8211; \u201cM\u00edra lo que me he comprado en el Black Friday\u201d<\/p>\n\n\n\n<p class=\"wp-block-paragraph\">Seguido del imprescindible y muy necesario: -\u201dY tirado de precio\u201d<\/p>\n\n\n\n<p class=\"wp-block-paragraph\">Que se trataba de presumir de \u201cgran cazador de ofertas\u201d de este d\u00eda.<\/p>\n\n\n\n<h2 class=\"wp-block-heading\" id=\"agradecimientos\"><strong>Agradecimientos.<\/strong><\/h2>\n\n\n\n<p class=\"wp-block-paragraph\">\u00a1Compra que se acaba el mundo!<\/p>\n\n\n\n<p class=\"has-text-align-justify wp-block-paragraph\">Colas kilom\u00e9tricas, interminables, nerviosismo, gente pele\u00e1ndose por su lugar, gritos golpes empujones, y todo esto, cuando la tienda a\u00fan no ha abierto sus puertas.<\/p>\n\n\n\n<p class=\"wp-block-paragraph\">A minutos de abrir, comienzan las peleas que hacen peligrar los cristales de la puerta, a los segundos, la presi\u00f3n sobre los marcos es tan fuerte que parecen que se van a romper.<\/p>\n\n\n\n<p class=\"has-text-align-justify wp-block-paragraph\">Se abre el corral, es decir la puerta, pero en este d\u00eda, todo funciona al rev\u00e9s. No se empujan por salir, todo sea v\u00e1lido por entrar.<\/p>\n\n\n\n<p class=\"wp-block-paragraph\">Los primeros suelen caer de bruces contra el suelo, los que le siguen los pisotean, tropiezan y tambi\u00e9n caen.<\/p>\n\n\n\n<p class=\"has-text-align-justify wp-block-paragraph\">As\u00ed uno tras otro, como un castillo de naipes, van cayendo hasta formar una rampa, amorfa, m\u00f3vil y pisoteable, para que los \u00faltimos, sean los primeros.<\/p>\n\n\n\n<p class=\"wp-block-paragraph\">Y estas cosas para un dibujante, son oro.<\/p>\n\n\n\n<p class=\"wp-block-paragraph\">Este es nuestro Black Friday!<\/p>\n\n\n\n<h2 class=\"wp-block-heading\" id=\"tirado-de-precio\"><strong>\u00bfTirado de precio?<\/strong><\/h2>\n\n\n\n<p class=\"wp-block-paragraph\">Eso de gangas, super ofertas, oportunidades incre\u00edbles&#8230;como que a esta altura, ya pocos se lo creen.<\/p>\n\n\n\n<p class=\"has-text-align-justify wp-block-paragraph\">Pero aun que no lo creamos, aun que dudemos, sospechemos, no confiemos lo suficiente, todo indica a que los \u201chumanos\u201d, a los homo erectus, nos gusta ser estafados.<\/p>\n\n\n\n<h2 class=\"wp-block-heading\" id=\"por-que-hice-este-dibujo-sobre-el-black-friday\"><strong>Por qu\u00e9 hice este dibujo sobre el Black Friday.<\/strong><\/h2>\n\n\n\n<figure class=\"wp-block-image size-large is-resized\"><img data-recalc-dims=\"1\" loading=\"lazy\" decoding=\"async\" data-attachment-id=\"4703\" data-permalink=\"https:\/\/woorons.com\/de\/2022\/11\/25\/mi-dibujo-del-black-friday\/black-friday-humor-grafico-woorons\/\" data-orig-file=\"https:\/\/i0.wp.com\/woorons.com\/wp-content\/uploads\/2022\/11\/black-friday-humor-grafico-woorons.jpg?fit=842%2C842&amp;ssl=1\" data-orig-size=\"842,842\" data-comments-opened=\"1\" data-image-meta=\"{&quot;aperture&quot;:&quot;0&quot;,&quot;credit&quot;:&quot;&quot;,&quot;camera&quot;:&quot;&quot;,&quot;caption&quot;:&quot;&quot;,&quot;created_timestamp&quot;:&quot;0&quot;,&quot;copyright&quot;:&quot;&quot;,&quot;focal_length&quot;:&quot;0&quot;,&quot;iso&quot;:&quot;0&quot;,&quot;shutter_speed&quot;:&quot;0&quot;,&quot;title&quot;:&quot;&quot;,&quot;orientation&quot;:&quot;0&quot;}\" data-image-title=\"black-friday-humor-grafico-woorons\" data-image-description=\"&lt;p&gt;Caricatura, humor gr\u00e1fico dibujo de un inflador y un globo en el que se lee Black Friday, Viernes  Negro&lt;\/p&gt;\" data-image-caption=\"&lt;p&gt;Caricatura, humor gr\u00e1fico  sobre el Black Friday, Viernes  Negro&lt;\/p&gt;\" data-large-file=\"https:\/\/i0.wp.com\/woorons.com\/wp-content\/uploads\/2022\/11\/black-friday-humor-grafico-woorons.jpg?fit=842%2C842&amp;ssl=1\" src=\"https:\/\/i0.wp.com\/woorons.com\/wp-content\/uploads\/2022\/11\/black-friday-humor-grafico-woorons.jpg?resize=632%2C632&#038;ssl=1\" alt=\"Humor gr\u00e1fico. Dibujo de un inflador y un globo donde se lee Black Friday.\" class=\"wp-image-4703\" width=\"632\" height=\"632\" \/><\/figure>\n\n\n\n<p class=\"has-text-align-justify wp-block-paragraph\">Hace unos meses, compr\u00e9 una tablet de dibujo. Tiempo despu\u00e9s vi quE el precio hab\u00eda subido como un 40%, as\u00ed que pense\u00b4: -\u00bfSer\u00e1 por las minas de tablets de dibujo que tiene <a href=\"https:\/\/es.wikipedia.org\/wiki\/Vlad%C3%ADmir_Putin\" target=\"_blank\" rel=\"noreferrer noopener\">Putin<\/a> en <a href=\"https:\/\/es.wikipedia.org\/wiki\/Siberia\" target=\"_blank\" rel=\"noreferrer noopener\">Siberia<\/a>?<\/p>\n\n\n\n<p class=\"has-text-align-justify wp-block-paragraph\">Ahora, hace dos d\u00edas, me env\u00edaron un correo, ofreci\u00e9ndome la misma tablet, el mismo modelo, en el Black Friday, al mismo precio que hab\u00eda pagado hace meses atr\u00e1s y que hab\u00eda subido de precio.<\/p>\n\n\n\n<p class=\"wp-block-paragraph\">Ser\u00e1 el \u00abarchiconocido\u00bb caso misterioso de la tablet, que aumente su precio por si misma, en fechas pre establecidas?<\/p>\n\n\n\n<p class=\"wp-block-paragraph\">Atento <a href=\"https:\/\/www.cuatro.com\/cuarto-milenio\/\" target=\"_blank\" rel=\"noreferrer noopener\">Cuarto Milenio<\/a> (programa de misterios, fantasmas y esas cosas) \u00abEl caso de la tablet viviente\u00bb<\/p>\n\n\n\n<p class=\"wp-block-paragraph\">Ser\u00e1 Putin el inflador de precios de tablets para dibujo, extraidas de las minas de tablets siberianas?<\/p>\n\n\n\n<p class=\"wp-block-paragraph\">Cuidado, con el Black Friday. \u00abMenos calentarum, m\u00e1s largo vivirum\u00bb<\/p>\n\n\n\n<h2 class=\"wp-block-heading\" id=\"el-origen-del-black-friday\"><strong>El origen del Black Friday.<\/strong><\/h2>\n\n\n\n<p class=\"wp-block-paragraph\">El d\u00eda que nada tiene que ver con comprar.<\/p>\n\n\n\n<p class=\"has-text-align-justify wp-block-paragraph\">El cuarto jueves de noviembre, que es el viernes despu\u00e9s del <a href=\"https:\/\/es.wikipedia.org\/wiki\/D%C3%ADa_de_Acci%C3%B3n_de_Gracias\" target=\"_blank\" rel=\"noreferrer noopener\">d\u00eda de Acci\u00f3n de Gracias<\/a>, se celebra en Estados Unidos, y ahora pr\u00e1cticamente en medio mundo, el d\u00eda<strong> <\/strong>donde el consumismo se convierte en el protagonista.<\/p>\n\n\n\n<p class=\"has-text-align-justify wp-block-paragraph\">Millones de personas se conectar\u00e1n a internet, en p\u00e1ginas que se colapsan y baten r\u00e9cords de ventas. Llenar\u00e1n las tiendas, los centros comerciales, que supuestamente, ofrecen enormes descuentos para atraer clientes<\/p>\n\n\n\n<p class=\"has-text-align-justify wp-block-paragraph\">Estamos hablando del Black friday o \u00abviernes negro\u00bb (seg\u00fan su traducci\u00f3n en castellano) un ritual consumista exacervado que se repite cada a\u00f1o.<\/p>\n\n\n\n<p class=\"has-text-align-justify wp-block-paragraph\">Todo comenz\u00f3 en Estados Unidos, Y sin embargo muy poca gente conoce la historia de esta jornada, de este t\u00e9rmino, Black Friday, y de c\u00f3mo acab\u00f3 convirti\u00e9ndose en una tradici\u00f3n a nivel mundial y en un excelente negocio, al menos, para unos pocos.<\/p>\n\n\n\n<p class=\"has-text-align-justify wp-block-paragraph\">Actualmente este d\u00eda de compras se ha extendido a pr\u00e1cticamente todo el mundo. \u00bfSab\u00edas que su origen no tiene nada que ver con comprar?<\/p>\n\n\n\n<h2 class=\"wp-block-heading\" id=\"las-teorias-del-origen-del-black-friday\">Las teor\u00edas del origen del Black Friday.<\/h2>\n\n\n\n<p class=\"wp-block-paragraph\">Una de las primeras teor\u00edas sobre el origen de esta moda o tradici\u00f3n de compras es aquella que afirma que este d\u00eda tiene un origen <a href=\"https:\/\/es.wikipedia.org\/wiki\/Esclavitud_en_los_Estados_Unidos\" target=\"_blank\" rel=\"noreferrer noopener\">esclavista.<\/a><\/p>\n\n\n\n<p class=\"has-text-align-justify wp-block-paragraph\">No existe ning\u00fan dato ni documento que confirme esta hip\u00f3tesis. Pero al parecer era el d\u00eda en que los traficantes de esclavos negros bajaban justo sus precios el d\u00eda de Acci\u00f3n de gracias de cara a la temporada de invierno.<\/p>\n\n\n\n<figure class=\"wp-block-image size-large is-resized\"><img data-recalc-dims=\"1\" loading=\"lazy\" decoding=\"async\" data-attachment-id=\"4710\" data-permalink=\"https:\/\/woorons.com\/de\/2022\/11\/25\/mi-dibujo-del-black-friday\/black-friday-humor-grafico-black-woorons\/\" data-orig-file=\"https:\/\/i0.wp.com\/woorons.com\/wp-content\/uploads\/2022\/11\/black-friday-humor-grafico-black-woorons.jpg?fit=973%2C833&amp;ssl=1\" data-orig-size=\"973,833\" data-comments-opened=\"1\" data-image-meta=\"{&quot;aperture&quot;:&quot;0&quot;,&quot;credit&quot;:&quot;&quot;,&quot;camera&quot;:&quot;&quot;,&quot;caption&quot;:&quot;&quot;,&quot;created_timestamp&quot;:&quot;0&quot;,&quot;copyright&quot;:&quot;&quot;,&quot;focal_length&quot;:&quot;0&quot;,&quot;iso&quot;:&quot;0&quot;,&quot;shutter_speed&quot;:&quot;0&quot;,&quot;title&quot;:&quot;&quot;,&quot;orientation&quot;:&quot;0&quot;}\" data-image-title=\"black-friday-humor-grafico-black-woorons\" data-image-description=\"&lt;p&gt;Caricatura, humor gr\u00e1fico sobre la subida de precios en el Black Friday, Viernes  Negro&lt;\/p&gt;\" data-image-caption=\"&lt;p&gt;Caricatura, humor gr\u00e1fico, Black Friday, Viernes  Negro&lt;\/p&gt;\" data-large-file=\"https:\/\/i0.wp.com\/woorons.com\/wp-content\/uploads\/2022\/11\/black-friday-humor-grafico-black-woorons.jpg?fit=973%2C833&amp;ssl=1\" src=\"https:\/\/i0.wp.com\/woorons.com\/wp-content\/uploads\/2022\/11\/black-friday-humor-grafico-black-woorons.jpg?resize=730%2C625&#038;ssl=1\" alt=\"Caricatura, humor gr\u00e1fico sobre el Black Friday y la subida de precios.\" class=\"wp-image-4710\" width=\"730\" height=\"625\" \/><\/figure>\n\n\n\n<p class=\"has-text-align-justify wp-block-paragraph\">Segunda teor\u00eda; El viernes 24 de septiembre de 1869, dos agentes de bolsa de Wall Street (<a href=\"https:\/\/es.wikipedia.org\/wiki\/Jay_Gould\" target=\"_blank\" rel=\"noreferrer noopener\">Jay Gould<\/a> y <a href=\"https:\/\/es.wikipedia.org\/wiki\/James_Fisk\" target=\"_blank\" rel=\"noreferrer noopener\">Jim Fisk<\/a>) intentaron \u201cmonopolizar\u201d el mercado del oro<strong> <\/strong>ali\u00e1ndose con un famoso pol\u00edtico de Nueva York, <a href=\"https:\/\/es.wikipedia.org\/wiki\/William_M._Tweed\" target=\"_blank\" rel=\"noreferrer noopener\">Boss Tweed<\/a>.<\/p>\n\n\n\n<p class=\"wp-block-paragraph\">Aunque fracasaron en el intento. Los tres intentaron sobornar a varios personajes importantes, incluidos algunos jueces.<\/p>\n\n\n\n<p class=\"has-text-align-justify wp-block-paragraph\">Pero el plan fall\u00f3, ya que el precio del oro se desplom\u00f3 en cuesti\u00f3n de minutos. Muchos inversores se arruinaron, con lo que la jornada pasar\u00eda a ser conocida como \u00abViernes Negro\u00bb<\/p>\n\n\n\n<p class=\"has-text-align-justify wp-block-paragraph\">Tercera teor\u00eda: Seg\u00fan recoge el peri\u00f3dico Telegraph, el s\u00e1bado despu\u00e9s de la festividad iba a tener lugar un partido de f\u00fatbol americano entre el ej\u00e9rcito y la marina.<\/p>\n\n\n\n<p class=\"has-text-align-justify wp-block-paragraph\">La ciudad de Filadelfia se colaps\u00f3 el viernes ante la avalancha de personas que llegaron para hacer sus compras de Navidad y asistir al d\u00eda siguiente al encuentro.<\/p>\n\n\n\n<p class=\"has-text-align-justify wp-block-paragraph\">Ante el inmenso caos, ning\u00fan polic\u00eda pudo tomarse el d\u00eda libre en la v\u00edspera del partido y los agentes tuvieron que trabajar jornadas extraordinarias, de doce horas para controlar a las multitudes que abarrotaban una ciudad totalmente colapsada, por lo que bautizaron ese d\u00eda con el nombre de \u00abViernes Negro\u00bb<\/p>\n\n\n\n<p class=\"has-text-align-justify wp-block-paragraph\">La iniciativa tuvo gran \u00e9xito y pronto los comerciantes de Filadelfia comenzaron a usar ese t\u00e9rmino para describir a las hordas de personas que se daban cita en las tiendas de la ciudad el d\u00eda despu\u00e9s de Acci\u00f3n de Gracias.<\/p>\n\n\n\n<p class=\"has-text-align-justify wp-block-paragraph\">A\u00fan as\u00ed, la expresi\u00f3n Black Friday se us\u00f3 casi un siglo m\u00e1s tarde, una jornada despu\u00e9s de Acci\u00f3n de Gracias, a mediados de la d\u00e9cada de 1950.<\/p>\n\n\n\n<p class=\"wp-block-paragraph\">Pero el Black Friday no se extendi\u00f3 y populariz\u00f3 hasta varios a\u00f1os despu\u00e9s.<\/p>\n\n\n\n<p class=\"wp-block-paragraph\">Exactamente esto ocurri\u00f3 en 1966, cuando apareci\u00f3 impreso por primera vez en la revista <em>The American Philatelist.<\/em><\/p>\n\n\n\n<p class=\"wp-block-paragraph\">Pero la que podr\u00eda llamarse la inauguraci\u00f3n oficial, lleg\u00f3 de la mano del prestigioso peri\u00f3dico <em>The New York Times,<\/em>el cual us\u00f3 esta misma expresi\u00f3n el 19 de noviembre de 1975.<\/p>\n\n\n\n<p class=\"has-text-align-justify wp-block-paragraph\">Su intenci\u00f3n era referirse al problema de tr\u00e1fico que se gener\u00f3 en la ciudad norteamericana a ra\u00edz de los descuentos del d\u00eda posterior a Acci\u00f3n de Gracias, pero realmente lo que supuso fue volver a traer a la actualidad el t\u00e9rmino Black Friday.<\/p>\n\n\n\n<p class=\"has-text-align-justify wp-block-paragraph\"><\/p>","protected":false},"excerpt":{"rendered":"<p>Caricatura, humor gr\u00e1fico del Black friday y su origen su historia.<\/p>","protected":false},"author":21194217,"featured_media":4720,"comment_status":"open","ping_status":"closed","sticky":false,"template":"","format":"standard","meta":{"_coblocks_attr":"","_coblocks_dimensions":"","_coblocks_responsive_height":"","_coblocks_accordion_ie_support":"","_jetpack_newsletter_access":"","_jetpack_dont_email_post_to_subs":false,"_jetpack_newsletter_tier_id":0,"_jetpack_memberships_contains_paywalled_content":false,"_wpcom_ai_launchpad_first_post":false,"_jetpack_feature_clip_id":0,"_jetpack_memberships_contains_paid_content":false,"footnotes":"","jetpack_publicize_message":"","jetpack_publicize_feature_enabled":true,"jetpack_social_post_already_shared":false,"jetpack_social_options":{"image_generator_settings":{"template":"highway","default_image_id":0,"font":"","enabled":false},"version":2},"jetpack_post_was_ever_published":false},"categories":[24120],"tags":[383371,517622,789851998,53382,789851944,789851949,1808665,789851917,26544650,789851962,789851938,789851969,789851976,1462,789851920,789851958],"class_list":["post-4696","post","type-post","status-publish","format-standard","has-post-thumbnail","hentry","category-notas","tag-black-friday","tag-caricatura","tag-caricaturas-por-encargo","tag-caricatures","tag-cartoon","tag-dibujos","tag-hand-drawing","tag-humor","tag-humor-editorial","tag-humor-grafico","tag-ilustracion","tag-ilustracion-editorial","tag-medios-de-prensa","tag-meme","tag-noticias","tag-prensa"],"yoast_head":"<!-- This site is optimized with the Yoast SEO plugin v28.4 - https:\/\/yoast.com\/product\/yoast-seo-wordpress\/ -->\n<title>Mi dibujo del Black Friday - WO Orons Art<\/title>\n<meta name=\"robots\" content=\"index, follow, max-snippet:-1, max-image-preview:large, max-video-preview:-1\" \/>\n<link rel=\"canonical\" href=\"https:\/\/woorons.com\/de\/2022\/11\/25\/mi-dibujo-del-black-friday\/\" \/>\n<meta property=\"og:locale\" content=\"de_DE\" \/>\n<meta property=\"og:type\" content=\"article\" \/>\n<meta property=\"og:title\" content=\"Mi dibujo del Black Friday - WO Orons Art\" \/>\n<meta property=\"og:description\" content=\"Caricatura, humor gr\u00e1fico del Black friday y su origen su historia.\" \/>\n<meta property=\"og:url\" content=\"https:\/\/woorons.com\/de\/2022\/11\/25\/mi-dibujo-del-black-friday\/\" \/>\n<meta property=\"og:site_name\" content=\"WO Orons Art\" \/>\n<meta property=\"article:published_time\" content=\"2022-11-25T10:03:29+00:00\" \/>\n<meta property=\"article:modified_time\" content=\"2023-02-06T06:27:36+00:00\" \/>\n<meta property=\"og:image\" content=\"https:\/\/i0.wp.com\/woorons.com\/wp-content\/uploads\/2022\/11\/mi-dibujo-del-black-friday-1.jpg?fit=1200%2C675&ssl=1\" \/>\n\t<meta property=\"og:image:width\" content=\"1200\" \/>\n\t<meta property=\"og:image:height\" content=\"675\" \/>\n\t<meta property=\"og:image:type\" content=\"image\/jpeg\" \/>\n<meta name=\"author\" content=\"Wo Orons\" \/>\n<meta name=\"twitter:card\" content=\"summary_large_image\" \/>\n<meta name=\"twitter:label1\" content=\"Geschrieben von\" \/>\n\t<meta name=\"twitter:data1\" content=\"Wo Orons\" \/>\n\t<meta name=\"twitter:label2\" content=\"Gesch\u00e4tzte Lesezeit\" \/>\n\t<meta name=\"twitter:data2\" content=\"6\u00a0Minuten\" \/>\n<script type=\"application\/ld+json\" class=\"yoast-schema-graph\">{\"@context\":\"https:\\\/\\\/schema.org\",\"@graph\":[{\"@type\":\"Article\",\"@id\":\"https:\\\/\\\/woorons.com\\\/2022\\\/11\\\/25\\\/mi-dibujo-del-black-friday\\\/#article\",\"isPartOf\":{\"@id\":\"https:\\\/\\\/woorons.com\\\/2022\\\/11\\\/25\\\/mi-dibujo-del-black-friday\\\/\"},\"author\":{\"name\":\"Wo Orons\",\"@id\":\"https:\\\/\\\/woorons.com\\\/#\\\/schema\\\/person\\\/85b4229ce0694a31b5f128dc047161e8\"},\"headline\":\"Mi dibujo del Black Friday\",\"datePublished\":\"2022-11-25T10:03:29+00:00\",\"dateModified\":\"2023-02-06T06:27:36+00:00\",\"mainEntityOfPage\":{\"@id\":\"https:\\\/\\\/woorons.com\\\/2022\\\/11\\\/25\\\/mi-dibujo-del-black-friday\\\/\"},\"wordCount\":1182,\"commentCount\":0,\"publisher\":{\"@id\":\"https:\\\/\\\/woorons.com\\\/#\\\/schema\\\/person\\\/85b4229ce0694a31b5f128dc047161e8\"},\"image\":{\"@id\":\"https:\\\/\\\/woorons.com\\\/2022\\\/11\\\/25\\\/mi-dibujo-del-black-friday\\\/#primaryimage\"},\"thumbnailUrl\":\"https:\\\/\\\/i0.wp.com\\\/woorons.com\\\/wp-content\\\/uploads\\\/2022\\\/11\\\/mi-dibujo-del-black-friday-1.jpg?fit=1200%2C675&ssl=1\",\"keywords\":[\"Black Friday\",\"Caricatura\",\"Caricaturas por encargo\",\"Caricatures\",\"Cartoon\",\"Dibujos\",\"Hand drawing\",\"Humor\",\"Humor editorial\",\"Humor grafico\",\"Ilustraci\u00f3n\",\"Ilustraci\u00f3n editorial\",\"Medios de prensa\",\"Meme\",\"Noticias\",\"Prensa\"],\"articleSection\":[\"Notas\"],\"inLanguage\":\"de\",\"potentialAction\":[{\"@type\":\"CommentAction\",\"name\":\"Comment\",\"target\":[\"https:\\\/\\\/woorons.com\\\/2022\\\/11\\\/25\\\/mi-dibujo-del-black-friday\\\/#respond\"]}]},{\"@type\":\"WebPage\",\"@id\":\"https:\\\/\\\/woorons.com\\\/2022\\\/11\\\/25\\\/mi-dibujo-del-black-friday\\\/\",\"url\":\"https:\\\/\\\/woorons.com\\\/2022\\\/11\\\/25\\\/mi-dibujo-del-black-friday\\\/\",\"name\":\"Mi dibujo del Black Friday - WO Orons Art\",\"isPartOf\":{\"@id\":\"https:\\\/\\\/woorons.com\\\/#website\"},\"primaryImageOfPage\":{\"@id\":\"https:\\\/\\\/woorons.com\\\/2022\\\/11\\\/25\\\/mi-dibujo-del-black-friday\\\/#primaryimage\"},\"image\":{\"@id\":\"https:\\\/\\\/woorons.com\\\/2022\\\/11\\\/25\\\/mi-dibujo-del-black-friday\\\/#primaryimage\"},\"thumbnailUrl\":\"https:\\\/\\\/i0.wp.com\\\/woorons.com\\\/wp-content\\\/uploads\\\/2022\\\/11\\\/mi-dibujo-del-black-friday-1.jpg?fit=1200%2C675&ssl=1\",\"datePublished\":\"2022-11-25T10:03:29+00:00\",\"dateModified\":\"2023-02-06T06:27:36+00:00\",\"breadcrumb\":{\"@id\":\"https:\\\/\\\/woorons.com\\\/2022\\\/11\\\/25\\\/mi-dibujo-del-black-friday\\\/#breadcrumb\"},\"inLanguage\":\"de\",\"potentialAction\":[{\"@type\":\"ReadAction\",\"target\":[\"https:\\\/\\\/woorons.com\\\/2022\\\/11\\\/25\\\/mi-dibujo-del-black-friday\\\/\"]}]},{\"@type\":\"ImageObject\",\"inLanguage\":\"de\",\"@id\":\"https:\\\/\\\/woorons.com\\\/2022\\\/11\\\/25\\\/mi-dibujo-del-black-friday\\\/#primaryimage\",\"url\":\"https:\\\/\\\/i0.wp.com\\\/woorons.com\\\/wp-content\\\/uploads\\\/2022\\\/11\\\/mi-dibujo-del-black-friday-1.jpg?fit=1200%2C675&ssl=1\",\"contentUrl\":\"https:\\\/\\\/i0.wp.com\\\/woorons.com\\\/wp-content\\\/uploads\\\/2022\\\/11\\\/mi-dibujo-del-black-friday-1.jpg?fit=1200%2C675&ssl=1\",\"width\":1200,\"height\":675,\"caption\":\"Caricatura, humor gr\u00e1fico sobre el Black Friday, Viernes Negro\"},{\"@type\":\"BreadcrumbList\",\"@id\":\"https:\\\/\\\/woorons.com\\\/2022\\\/11\\\/25\\\/mi-dibujo-del-black-friday\\\/#breadcrumb\",\"itemListElement\":[{\"@type\":\"ListItem\",\"position\":1,\"name\":\"Portada\",\"item\":\"https:\\\/\\\/woorons.com\\\/\"},{\"@type\":\"ListItem\",\"position\":2,\"name\":\"Mi dibujo del Black Friday\"}]},{\"@type\":\"WebSite\",\"@id\":\"https:\\\/\\\/woorons.com\\\/#website\",\"url\":\"https:\\\/\\\/woorons.com\\\/\",\"name\":\"WO Orons Art\",\"description\":\"&quot;Caricaturas, Retratos, Fan Art, Ilustraci\u00f3n&quot;\",\"publisher\":{\"@id\":\"https:\\\/\\\/woorons.com\\\/#\\\/schema\\\/person\\\/85b4229ce0694a31b5f128dc047161e8\"},\"potentialAction\":[{\"@type\":\"SearchAction\",\"target\":{\"@type\":\"EntryPoint\",\"urlTemplate\":\"https:\\\/\\\/woorons.com\\\/?s={search_term_string}\"},\"query-input\":{\"@type\":\"PropertyValueSpecification\",\"valueRequired\":true,\"valueName\":\"search_term_string\"}}],\"inLanguage\":\"de\"},{\"@type\":[\"Person\",\"Organization\"],\"@id\":\"https:\\\/\\\/woorons.com\\\/#\\\/schema\\\/person\\\/85b4229ce0694a31b5f128dc047161e8\",\"name\":\"Wo Orons\",\"image\":{\"@type\":\"ImageObject\",\"inLanguage\":\"de\",\"@id\":\"https:\\\/\\\/i0.wp.com\\\/woorons.com\\\/wp-content\\\/uploads\\\/2025\\\/03\\\/logotipo-woorons.jpg?fit=595%2C516&ssl=1\",\"url\":\"https:\\\/\\\/i0.wp.com\\\/woorons.com\\\/wp-content\\\/uploads\\\/2025\\\/03\\\/logotipo-woorons.jpg?fit=595%2C516&ssl=1\",\"contentUrl\":\"https:\\\/\\\/i0.wp.com\\\/woorons.com\\\/wp-content\\\/uploads\\\/2025\\\/03\\\/logotipo-woorons.jpg?fit=595%2C516&ssl=1\",\"width\":595,\"height\":516,\"caption\":\"Wo Orons\"},\"logo\":{\"@id\":\"https:\\\/\\\/i0.wp.com\\\/woorons.com\\\/wp-content\\\/uploads\\\/2025\\\/03\\\/logotipo-woorons.jpg?fit=595%2C516&ssl=1\"},\"sameAs\":[\"http:\\\/\\\/orons-art.wordpress.com\"],\"url\":\"https:\\\/\\\/woorons.com\\\/de\\\/author\\\/orons\\\/\"}]}<\/script>\n<!-- \/ Yoast SEO plugin. -->","yoast_head_json":{"title":"Mi dibujo del Black Friday - WO Orons Art","robots":{"index":"index","follow":"follow","max-snippet":"max-snippet:-1","max-image-preview":"max-image-preview:large","max-video-preview":"max-video-preview:-1"},"canonical":"https:\/\/woorons.com\/de\/2022\/11\/25\/mi-dibujo-del-black-friday\/","og_locale":"de_DE","og_type":"article","og_title":"Mi dibujo del Black Friday - WO Orons Art","og_description":"Caricatura, humor gr\u00e1fico del Black friday y su origen su historia.","og_url":"https:\/\/woorons.com\/de\/2022\/11\/25\/mi-dibujo-del-black-friday\/","og_site_name":"WO Orons Art","article_published_time":"2022-11-25T10:03:29+00:00","article_modified_time":"2023-02-06T06:27:36+00:00","og_image":[{"width":1200,"height":675,"url":"https:\/\/i0.wp.com\/woorons.com\/wp-content\/uploads\/2022\/11\/mi-dibujo-del-black-friday-1.jpg?fit=1200%2C675&ssl=1","type":"image\/jpeg"}],"author":"Wo Orons","twitter_card":"summary_large_image","twitter_misc":{"Geschrieben von":"Wo Orons","Gesch\u00e4tzte Lesezeit":"6\u00a0Minuten"},"schema":{"@context":"https:\/\/schema.org","@graph":[{"@type":"Article","@id":"https:\/\/woorons.com\/2022\/11\/25\/mi-dibujo-del-black-friday\/#article","isPartOf":{"@id":"https:\/\/woorons.com\/2022\/11\/25\/mi-dibujo-del-black-friday\/"},"author":{"name":"Wo Orons","@id":"https:\/\/woorons.com\/#\/schema\/person\/85b4229ce0694a31b5f128dc047161e8"},"headline":"Mi dibujo del Black Friday","datePublished":"2022-11-25T10:03:29+00:00","dateModified":"2023-02-06T06:27:36+00:00","mainEntityOfPage":{"@id":"https:\/\/woorons.com\/2022\/11\/25\/mi-dibujo-del-black-friday\/"},"wordCount":1182,"commentCount":0,"publisher":{"@id":"https:\/\/woorons.com\/#\/schema\/person\/85b4229ce0694a31b5f128dc047161e8"},"image":{"@id":"https:\/\/woorons.com\/2022\/11\/25\/mi-dibujo-del-black-friday\/#primaryimage"},"thumbnailUrl":"https:\/\/i0.wp.com\/woorons.com\/wp-content\/uploads\/2022\/11\/mi-dibujo-del-black-friday-1.jpg?fit=1200%2C675&ssl=1","keywords":["Black Friday","Caricatura","Caricaturas por encargo","Caricatures","Cartoon","Dibujos","Hand drawing","Humor","Humor editorial","Humor grafico","Ilustraci\u00f3n","Ilustraci\u00f3n editorial","Medios de prensa","Meme","Noticias","Prensa"],"articleSection":["Notas"],"inLanguage":"de","potentialAction":[{"@type":"CommentAction","name":"Comment","target":["https:\/\/woorons.com\/2022\/11\/25\/mi-dibujo-del-black-friday\/#respond"]}]},{"@type":"WebPage","@id":"https:\/\/woorons.com\/2022\/11\/25\/mi-dibujo-del-black-friday\/","url":"https:\/\/woorons.com\/2022\/11\/25\/mi-dibujo-del-black-friday\/","name":"Mi dibujo del Black Friday - WO Orons Art","isPartOf":{"@id":"https:\/\/woorons.com\/#website"},"primaryImageOfPage":{"@id":"https:\/\/woorons.com\/2022\/11\/25\/mi-dibujo-del-black-friday\/#primaryimage"},"image":{"@id":"https:\/\/woorons.com\/2022\/11\/25\/mi-dibujo-del-black-friday\/#primaryimage"},"thumbnailUrl":"https:\/\/i0.wp.com\/woorons.com\/wp-content\/uploads\/2022\/11\/mi-dibujo-del-black-friday-1.jpg?fit=1200%2C675&ssl=1","datePublished":"2022-11-25T10:03:29+00:00","dateModified":"2023-02-06T06:27:36+00:00","breadcrumb":{"@id":"https:\/\/woorons.com\/2022\/11\/25\/mi-dibujo-del-black-friday\/#breadcrumb"},"inLanguage":"de","potentialAction":[{"@type":"ReadAction","target":["https:\/\/woorons.com\/2022\/11\/25\/mi-dibujo-del-black-friday\/"]}]},{"@type":"ImageObject","inLanguage":"de","@id":"https:\/\/woorons.com\/2022\/11\/25\/mi-dibujo-del-black-friday\/#primaryimage","url":"https:\/\/i0.wp.com\/woorons.com\/wp-content\/uploads\/2022\/11\/mi-dibujo-del-black-friday-1.jpg?fit=1200%2C675&ssl=1","contentUrl":"https:\/\/i0.wp.com\/woorons.com\/wp-content\/uploads\/2022\/11\/mi-dibujo-del-black-friday-1.jpg?fit=1200%2C675&ssl=1","width":1200,"height":675,"caption":"Caricatura, humor gr\u00e1fico sobre el Black Friday, Viernes Negro"},{"@type":"BreadcrumbList","@id":"https:\/\/woorons.com\/2022\/11\/25\/mi-dibujo-del-black-friday\/#breadcrumb","itemListElement":[{"@type":"ListItem","position":1,"name":"Portada","item":"https:\/\/woorons.com\/"},{"@type":"ListItem","position":2,"name":"Mi dibujo del Black Friday"}]},{"@type":"WebSite","@id":"https:\/\/woorons.com\/#website","url":"https:\/\/woorons.com\/","name":"WO Orons Art","description":"&quot;Caricaturas, Retratos, Fan Art, Ilustraci\u00f3n&quot;","publisher":{"@id":"https:\/\/woorons.com\/#\/schema\/person\/85b4229ce0694a31b5f128dc047161e8"},"potentialAction":[{"@type":"SearchAction","target":{"@type":"EntryPoint","urlTemplate":"https:\/\/woorons.com\/?s={search_term_string}"},"query-input":{"@type":"PropertyValueSpecification","valueRequired":true,"valueName":"search_term_string"}}],"inLanguage":"de"},{"@type":["Person","Organization"],"@id":"https:\/\/woorons.com\/#\/schema\/person\/85b4229ce0694a31b5f128dc047161e8","name":"Wo Orons","image":{"@type":"ImageObject","inLanguage":"de","@id":"https:\/\/i0.wp.com\/woorons.com\/wp-content\/uploads\/2025\/03\/logotipo-woorons.jpg?fit=595%2C516&ssl=1","url":"https:\/\/i0.wp.com\/woorons.com\/wp-content\/uploads\/2025\/03\/logotipo-woorons.jpg?fit=595%2C516&ssl=1","contentUrl":"https:\/\/i0.wp.com\/woorons.com\/wp-content\/uploads\/2025\/03\/logotipo-woorons.jpg?fit=595%2C516&ssl=1","width":595,"height":516,"caption":"Wo Orons"},"logo":{"@id":"https:\/\/i0.wp.com\/woorons.com\/wp-content\/uploads\/2025\/03\/logotipo-woorons.jpg?fit=595%2C516&ssl=1"},"sameAs":["http:\/\/orons-art.wordpress.com"],"url":"https:\/\/woorons.com\/de\/author\/orons\/"}]}},"jetpack_publicize_connections":[],"jetpack_likes_enabled":true,"jetpack_sharing_enabled":true,"jetpack_shortlink":"https:\/\/wp.me\/p43FXj-1dK","jetpack-related-posts":[],"jetpack_featured_media_url":"https:\/\/i0.wp.com\/woorons.com\/wp-content\/uploads\/2022\/11\/mi-dibujo-del-black-friday-1.jpg?fit=1200%2C675&ssl=1","_links":{"self":[{"href":"https:\/\/woorons.com\/de\/wp-json\/wp\/v2\/posts\/4696","targetHints":{"allow":["GET"]}}],"collection":[{"href":"https:\/\/woorons.com\/de\/wp-json\/wp\/v2\/posts"}],"about":[{"href":"https:\/\/woorons.com\/de\/wp-json\/wp\/v2\/types\/post"}],"author":[{"embeddable":true,"href":"https:\/\/woorons.com\/de\/wp-json\/wp\/v2\/users\/21194217"}],"replies":[{"embeddable":true,"href":"https:\/\/woorons.com\/de\/wp-json\/wp\/v2\/comments?post=4696"}],"version-history":[{"count":23,"href":"https:\/\/woorons.com\/de\/wp-json\/wp\/v2\/posts\/4696\/revisions"}],"predecessor-version":[{"id":4824,"href":"https:\/\/woorons.com\/de\/wp-json\/wp\/v2\/posts\/4696\/revisions\/4824"}],"wp:featuredmedia":[{"embeddable":true,"href":"https:\/\/woorons.com\/de\/wp-json\/wp\/v2\/media\/4720"}],"wp:attachment":[{"href":"https:\/\/woorons.com\/de\/wp-json\/wp\/v2\/media?parent=4696"}],"wp:term":[{"taxonomy":"category","embeddable":true,"href":"https:\/\/woorons.com\/de\/wp-json\/wp\/v2\/categories?post=4696"},{"taxonomy":"post_tag","embeddable":true,"href":"https:\/\/woorons.com\/de\/wp-json\/wp\/v2\/tags?post=4696"}],"curies":[{"name":"wp","href":"https:\/\/api.w.org\/{rel}","templated":true}]}}